{"id":4055,"date":"2023-12-02T23:26:12","date_gmt":"2023-12-02T22:26:12","guid":{"rendered":"https:\/\/recherche-action.fr\/hugues-bazin\/?p=4055"},"modified":"2023-12-03T16:20:50","modified_gmt":"2023-12-03T15:20:50","slug":"conclusion-a-la-journee-politique-de-lalliance-des-tables-libres-et-vivantes","status":"publish","type":"post","link":"https:\/\/recherche-action.fr\/hugues-bazin\/2023\/12\/02\/conclusion-a-la-journee-politique-de-lalliance-des-tables-libres-et-vivantes\/","title":{"rendered":"Conclusion \u00e0 la journ\u00e9e politique de \u00ab\u00a0l&rsquo;alliance des tables libres et vivantes\u00a0\u00bb"},"content":{"rendered":"\n<p>Intervention conclusive \u00e0 la <a href=\"https:\/\/recherche-action.fr\/hugues-bazin\/2023\/07\/25\/enjeux-politiques-dune-cuisine-sociale-et-ecologique\/\" target=\"_blank\" rel=\"noreferrer noopener\">journ\u00e9e d\u2019\u00e9change et tables rondes le 16 septembre 2023<\/a> \u00e0 Gennevilliers organis\u00e9e par l\u2019<a href=\"https:\/\/alliancetlv.org\/\" target=\"_blank\" rel=\"noreferrer noopener\">Alliance des tables libres et vivantes.<\/a> (voir l&rsquo;<a href=\"https:\/\/www.youtube.com\/@Alliancetlv\" target=\"_blank\" rel=\"noreferrer noopener\">ensemble des captations<\/a>).<\/p>\n\n\n\n<p>A l&rsquo;occasion de cette journ\u00e9e, qui \u00ab\u00a0appelle \u00e0 reprendre la parole pour notre m\u00e9tier\u00a0\u00bb, j&rsquo;indique comment un laboratoire social peut y r\u00e9pondre au sein d&rsquo;un r\u00e9seau professionnel en termes d&rsquo;enjeux sociopolitiques d&rsquo;un espace autonome de la pens\u00e9e et de l&rsquo;action.<\/p>\n\n\n\n<figure class=\"wp-block-embed is-type-video is-provider-youtube wp-block-embed-youtube wp-embed-aspect-16-9 wp-has-aspect-ratio\"><div class=\"wp-block-embed__wrapper\">\n<span class=\"embed-youtube\" style=\"text-align:center; display: block;\"><iframe class=\"youtube-player\" width=\"1200\" height=\"675\" src=\"https:\/\/www.youtube.com\/embed\/Qb-of2kM6yM?version=3&#038;rel=1&#038;showsearch=0&#038;showinfo=1&#038;iv_load_policy=1&#038;fs=1&#038;hl=fr-FR&#038;autohide=2&#038;wmode=transparent\" allowfullscreen=\"true\" style=\"border:0;\" sandbox=\"allow-scripts allow-same-origin allow-popups allow-presentation allow-popups-to-escape-sandbox\"><\/iframe><\/span>\n<\/div><\/figure>\n","protected":false},"excerpt":{"rendered":"<p>Intervention conclusive \u00e0 la journ\u00e9e d\u2019\u00e9change et tables rondes le 16 septembre 2023 \u00e0 Gennevilliers organis\u00e9e par l\u2019Alliance des tables libres et vivantes. (voir l&rsquo;ensemble des captations). A l&rsquo;occasion de cette journ\u00e9e, qui \u00ab\u00a0appelle \u00e0 reprendre la parole pour notre m\u00e9tier\u00a0\u00bb, j&rsquo;indique comment un laboratoire social peut y r\u00e9pondre au sein &hellip; <\/p>\n","protected":false},"author":1,"featured_media":4056,"comment_status":"open","ping_status":"open","sticky":false,"template":"","format":"standard","meta":{"h5ap_radio_sources":[],"jetpack_post_was_ever_published":false,"_jetpack_newsletter_access":"","_jetpack_dont_email_post_to_subs":false,"_jetpack_newsletter_tier_id":0,"_jetpack_memberships_contains_paywalled_content":false,"_jetpack_memberships_contains_paid_content":false,"footnotes":"","jetpack_publicize_message":"","jetpack_publicize_feature_enabled":false,"jetpack_social_post_already_shared":false,"jetpack_social_options":{"image_generator_settings":{"template":"highway","default_image_id":0,"font":"","enabled":false},"version":2},"_links_to":"","_links_to_target":""},"categories":[4],"tags":[136,39,57,90],"class_list":["post-4055","post","type-post","status-publish","format-standard","has-post-thumbnail","hentry","category-interview","tag-alimentation","tag-education-populaire","tag-laboratoire-social","tag-tiers-espace"],"jetpack_publicize_connections":[],"jetpack_featured_media_url":"https:\/\/recherche-action.fr\/hugues-bazin\/wp-content\/uploads\/sites\/2\/2023\/12\/Capture-decran-2023-12-02-231430-scaled.jpg","jetpack_sharing_enabled":true,"jetpack_shortlink":"https:\/\/wp.me\/p2QGRI-13p","post_mailing_queue_ids":[],"_links":{"self":[{"href":"https:\/\/recherche-action.fr\/hugues-bazin\/wp-json\/wp\/v2\/posts\/4055","targetHints":{"allow":["GET"]}}],"collection":[{"href":"https:\/\/recherche-action.fr\/hugues-bazin\/wp-json\/wp\/v2\/posts"}],"about":[{"href":"https:\/\/recherche-action.fr\/hugues-bazin\/wp-json\/wp\/v2\/types\/post"}],"author":[{"embeddable":true,"href":"https:\/\/recherche-action.fr\/hugues-bazin\/wp-json\/wp\/v2\/users\/1"}],"replies":[{"embeddable":true,"href":"https:\/\/recherche-action.fr\/hugues-bazin\/wp-json\/wp\/v2\/comments?post=4055"}],"version-history":[{"count":4,"href":"https:\/\/recherche-action.fr\/hugues-bazin\/wp-json\/wp\/v2\/posts\/4055\/revisions"}],"predecessor-version":[{"id":4064,"href":"https:\/\/recherche-action.fr\/hugues-bazin\/wp-json\/wp\/v2\/posts\/4055\/revisions\/4064"}],"wp:featuredmedia":[{"embeddable":true,"href":"https:\/\/recherche-action.fr\/hugues-bazin\/wp-json\/wp\/v2\/media\/4056"}],"wp:attachment":[{"href":"https:\/\/recherche-action.fr\/hugues-bazin\/wp-json\/wp\/v2\/media?parent=4055"}],"wp:term":[{"taxonomy":"category","embeddable":true,"href":"https:\/\/recherche-action.fr\/hugues-bazin\/wp-json\/wp\/v2\/categories?post=4055"},{"taxonomy":"post_tag","embeddable":true,"href":"https:\/\/recherche-action.fr\/hugues-bazin\/wp-json\/wp\/v2\/tags?post=4055"}],"curies":[{"name":"wp","href":"https:\/\/api.w.org\/{rel}","templated":true}]}}