{"id":4147,"date":"2024-03-18T12:25:27","date_gmt":"2024-03-18T11:25:27","guid":{"rendered":"https:\/\/recherche-action.fr\/hugues-bazin\/?p=4147"},"modified":"2024-03-19T00:13:13","modified_gmt":"2024-03-18T23:13:13","slug":"conference-sur-le-corps-politique","status":"publish","type":"post","link":"https:\/\/recherche-action.fr\/hugues-bazin\/2024\/03\/18\/conference-sur-le-corps-politique\/","title":{"rendered":"Conf\u00e9rence sur le corps politique"},"content":{"rendered":"\n<p>La captation vid\u00e9o de ma conf\u00e9rence du 15\/03\/24 \u00e0 l&rsquo;<a href=\"https:\/\/sites.google.com\/site\/universitepopulairedamiens\/\" data-type=\"link\" data-id=\"https:\/\/sites.google.com\/site\/universitepopulairedamiens\/\" target=\"_blank\" rel=\"noreferrer noopener\">universit\u00e9 populaire d&rsquo;Amiens<\/a> :<\/p>\n\n\n\n<figure class=\"wp-block-embed is-type-video is-provider-youtube wp-block-embed-youtube wp-embed-aspect-16-9 wp-has-aspect-ratio\"><div class=\"wp-block-embed__wrapper\">\n<span class=\"embed-youtube\" style=\"text-align:center; display: block;\"><iframe class=\"youtube-player\" width=\"1200\" height=\"675\" src=\"https:\/\/www.youtube.com\/embed\/7GfC2xYVPGs?version=3&#038;rel=1&#038;showsearch=0&#038;showinfo=1&#038;iv_load_policy=1&#038;fs=1&#038;hl=fr-FR&#038;autohide=2&#038;wmode=transparent\" allowfullscreen=\"true\" style=\"border:0;\" sandbox=\"allow-scripts allow-same-origin allow-popups allow-presentation allow-popups-to-escape-sandbox\"><\/iframe><\/span>\n<\/div><\/figure>\n\n\n\n<p>Articles de l&rsquo;auteur en relation (autres articles <a href=\"https:\/\/recherche-action.fr\/hugues-bazin\/publication\/rapports-de-recherche\/\" target=\"_blank\" rel=\"noreferrer noopener\">ici<\/a>)<\/p>\n\n\n\n<ul class=\"wp-block-list\">\n<li>\u00ab <a href=\"https:\/\/recherche-action.fr\/hugues-bazin\/download\/espaces%20et%20territoires\/2022_Labo-des-Tiers-lieux-Entre-education-populaire-et-tiers-lieux.pdf\">Entre \u00e9ducation populaire et tiers lieux. Pour une pens\u00e9e alternative des tiers espaces<\/a>\u00bb In Le Lab des tiers lieux, https:\/\/tierslieux.anct.gouv.fr\/, 2023.<\/li>\n\n\n\n<li>\u00ab <a href=\"https:\/\/recherche-action.fr\/hugues-bazin\/download\/art%20graffiti\/2018_Graffiti-hip-hop-enjeu-dun-art-dans-lespace-public.pdf\" target=\"_blank\" rel=\"noreferrer noopener\">Graffiti hip-hop, enjeu d\u2019un art dans l\u2019espace public<\/a> \u00bb in M\u00e9dias et Contre-cultures, L\u2019Harmattan, 2018, pp. 201-212.<\/li>\n\n\n\n<li>\u00ab <a href=\"https:\/\/recherche-action.fr\/hugues-bazin\/download\/danse\/Corps-brut.pdf\" target=\"_blank\" rel=\"noreferrer noopener\">Corps brut, art brut<\/a> \u00bb, in Nouvelles de danses No 71,\u00a0 Ed Contredanse, 2018, p.14<\/li>\n\n\n\n<li>\u00ab <a href=\"https:\/\/recherche-action.fr\/hugues-bazin\/download\/espaces%20et%20territoires\/2016_Le%20mobilier%20urbain%20anti-pauvres.pdf\">Mobilier urbain anti-pauvres<\/a> \u00bb, Arpentage2, n\u00b02016, Ed Fosse aux ours, 2016, pp.151-158.<\/li>\n\n\n\n<li><a href=\"https:\/\/recherche-action.fr\/hugues-bazin\/download\/danse\/2014_En-jeu-enjeu-ou-la-scene-comme-etat-du-mouvement.pdf\" target=\"_blank\" rel=\"noreferrer noopener\">En jeu \u2014 Enjeu ou la sc\u00e8ne comme \u00e9tat du mouvement,<\/a> La Rochelle : CCN \/ CESMD, 2014, pp.38-42<\/li>\n\n\n\n<li><a href=\"https:\/\/recherche-action.fr\/hugues-bazin\/download\/art%20social\/2013_Art-du-bricolage.pdf\" target=\"_blank\" rel=\"noreferrer noopener\">Art du bricolage, bricoleurs d\u2019art<\/a> in <em>Les cahiers d\u2019Artes\u00a0 \u00ab L&rsquo;art \u00e0 l&rsquo;\u00e9preuve du social \u00bb,<\/em> Presses Universitaires de Bordeaux, 2013, pp 95-113.<\/li>\n\n\n\n<li>\u00ab <a href=\"https:\/\/recherche-action.fr\/hugues-bazin\/download\/cultures%20urbaines\/2010_Quels-enjeux-pour-un-art-et-une-culture-populaires-en-France_.pdf\" target=\"_blank\" rel=\"noreferrer noopener\">Quels enjeux pour un art et une culture populaire en France ?<\/a> \u00bb, in Cahiers de Recherche Sociologique No49, Universit\u00e9 du Qu\u00e9bec, Ath\u00e9na \u00c9dition, pp. 123-146.<\/li>\n<\/ul>\n","protected":false},"excerpt":{"rendered":"<p>La captation vid\u00e9o de ma conf\u00e9rence du 15\/03\/24 \u00e0 l&rsquo;universit\u00e9 populaire d&rsquo;Amiens : Articles de l&rsquo;auteur en relation (autres articles ici)<\/p>\n","protected":false},"author":1,"featured_media":4149,"comment_status":"open","ping_status":"open","sticky":false,"template":"","format":"standard","meta":{"h5ap_radio_sources":[],"jetpack_post_was_ever_published":false,"_jetpack_newsletter_access":"","_jetpack_dont_email_post_to_subs":false,"_jetpack_newsletter_tier_id":0,"_jetpack_memberships_contains_paywalled_content":false,"_jetpack_memberships_contains_paid_content":false,"footnotes":"","jetpack_publicize_message":"","jetpack_publicize_feature_enabled":false,"jetpack_social_post_already_shared":false,"jetpack_social_options":{"image_generator_settings":{"template":"highway","default_image_id":0,"font":"","enabled":false},"version":2},"_links_to":"","_links_to_target":""},"categories":[4],"tags":[5,28,29,39,41,50,124],"class_list":["post-4147","post","type-post","status-publish","format-standard","has-post-thumbnail","hentry","category-interview","tag-action-culturelle","tag-culture-populaire","tag-cultures-urbaines","tag-education-populaire","tag-espace-public","tag-hip-hop","tag-minorites-actives"],"jetpack_publicize_connections":[],"jetpack_featured_media_url":"https:\/\/recherche-action.fr\/hugues-bazin\/wp-content\/uploads\/sites\/2\/2024\/03\/Capture-decran-2024-03-18-120333.jpg","jetpack_sharing_enabled":true,"jetpack_shortlink":"https:\/\/wp.me\/p2QGRI-14T","post_mailing_queue_ids":[],"_links":{"self":[{"href":"https:\/\/recherche-action.fr\/hugues-bazin\/wp-json\/wp\/v2\/posts\/4147","targetHints":{"allow":["GET"]}}],"collection":[{"href":"https:\/\/recherche-action.fr\/hugues-bazin\/wp-json\/wp\/v2\/posts"}],"about":[{"href":"https:\/\/recherche-action.fr\/hugues-bazin\/wp-json\/wp\/v2\/types\/post"}],"author":[{"embeddable":true,"href":"https:\/\/recherche-action.fr\/hugues-bazin\/wp-json\/wp\/v2\/users\/1"}],"replies":[{"embeddable":true,"href":"https:\/\/recherche-action.fr\/hugues-bazin\/wp-json\/wp\/v2\/comments?post=4147"}],"version-history":[{"count":3,"href":"https:\/\/recherche-action.fr\/hugues-bazin\/wp-json\/wp\/v2\/posts\/4147\/revisions"}],"predecessor-version":[{"id":4157,"href":"https:\/\/recherche-action.fr\/hugues-bazin\/wp-json\/wp\/v2\/posts\/4147\/revisions\/4157"}],"wp:featuredmedia":[{"embeddable":true,"href":"https:\/\/recherche-action.fr\/hugues-bazin\/wp-json\/wp\/v2\/media\/4149"}],"wp:attachment":[{"href":"https:\/\/recherche-action.fr\/hugues-bazin\/wp-json\/wp\/v2\/media?parent=4147"}],"wp:term":[{"taxonomy":"category","embeddable":true,"href":"https:\/\/recherche-action.fr\/hugues-bazin\/wp-json\/wp\/v2\/categories?post=4147"},{"taxonomy":"post_tag","embeddable":true,"href":"https:\/\/recherche-action.fr\/hugues-bazin\/wp-json\/wp\/v2\/tags?post=4147"}],"curies":[{"name":"wp","href":"https:\/\/api.w.org\/{rel}","templated":true}]}}