{"id":47,"date":"2009-07-22T06:03:17","date_gmt":"1999-11-29T23:00:00","guid":{"rendered":"http:\/\/recherche-action.fr\/hugues-bazin\/2009\/07\/22\/exil-culture-identite-avignon\/"},"modified":"2009-07-22T06:03:17","modified_gmt":"1999-11-29T23:00:00","slug":"exil-culture-identite-avignon","status":"publish","type":"post","link":"https:\/\/recherche-action.fr\/hugues-bazin\/2009\/07\/22\/exil-culture-identite-avignon\/","title":{"rendered":"Exil, culture, identit\u00e9 (Avignon)"},"content":{"rendered":"<p>Pour la deuxi\u00e8me ann\u00e9e cons\u00e9cutive, le Secours populaire fran\u00e7ais (SPF) organise une Table ronde en partenariat avec le Festival d\u2019Avignon.<br \/>\nLe th\u00e8me choisi s\u2019est impos\u00e9 naturellement\u00a0 au regard de l\u2019\u0153uvre de Wajdi Mouawad, artiste associ\u00e9 du Festival.<\/p>\n<p>Le Secours populaire fran\u00e7ais tente, par le biais des activit\u00e9s d\u2019acc\u00e8s \u00e0 la culture, (ateliers de pratiques artistiques, activit\u00e9s \u00e9ducatives, acc\u00e8s aux institutions et sorties culturelles, etc.), de permettre \u00e0 son public de trouver sa place dans une soci\u00e9t\u00e9 de plus en plus hostile, et d\u2019affirmer son identit\u00e9 propre.<\/p>\n<p>Participants :<br \/>\n&#8211;\u00a0\u00a0\u00a0 Wajdi MOUAWAD, metteur en sc\u00e8ne, auteur et com\u00e9dien \u2013 Artiste associ\u00e9 du Festival d\u2019Avignon 2009<br \/>\n&#8211;\u00a0\u00a0\u00a0 Julien LAUPRETRE, Pr\u00e9sident du Secours populaire fran\u00e7ais<br \/>\n&#8211;\u00a0\u00a0\u00a0 Aziz CHOUAKI, dramaturge, romancier et musicien<br \/>\n&#8211;\u00a0\u00a0\u00a0 Denis VERDIER-MAGNEAU, secr\u00e9taire national en charge des activit\u00e9s culturelles au Secours populaire fran\u00e7ais<br \/>\n&#8211;\u00a0\u00a0\u00a0 Hugues BAZIN, sociologue et coordinateur scientifique du Laboratoire d\u2019Innovation Sociale par la Recherche-Action<br \/>\n&#8211;\u00a0\u00a0\u00a0 Hadj\u00a0 KHELIL, chef de l\u2019entreprise\u00a0 Bionoor (\u00e0 confirmer)<br \/>\n&#8211;\u00a0\u00a0\u00a0 Laurent VACHER, metteur en sc\u00e8ne &#8211; Compagnie du Bredin<br \/>\n&#8211;\u00a0\u00a0\u00a0 Pierre LEMARCHAND \u2013 Secr\u00e9taire national du SPF en charge de l\u2019animation des actions \u00ab Le dire pour agir \u00bb et secr\u00e9taire g\u00e9n\u00e9ral du Secours populaire fran\u00e7ais de Seine Maritime<\/p>\n<p>Mod\u00e9rateur : Eliane CONTINI, auteur et journaliste sp\u00e9cialis\u00e9e dans le domaine des sciences humaines et socioculturelles. Productrice d\u2019\u00e9mission \u00e0 France culture pendant 15 ans.<\/p>\n<p>Ce moment interactif sera entrecoup\u00e9 de courtes lectures par les com\u00e9diens de l\u2019atelier th\u00e9\u00e2tre du SPF de Meurthe-et-Moselle anim\u00e9 par Laurent Vacher.<\/p>\n","protected":false},"excerpt":{"rendered":"<p>Pour la deuxi\u00e8me ann\u00e9e cons\u00e9cutive, le Secours populaire fran\u00e7ais (SPF) organise une Table ronde en partenariat avec le Festival d\u2019Avignon. Le th\u00e8me choisi s\u2019est impos\u00e9 naturellement\u00a0 au regard de l\u2019\u0153uvre de Wajdi Mouawad, artiste associ\u00e9 du Festival. Le Secours populaire fran\u00e7ais tente, par le biais des activit\u00e9s d\u2019acc\u00e8s \u00e0 la culture, (ateliers de pratiques artistiques, [&#8230;]<\/p>\n","protected":false},"author":1,"featured_media":0,"comment_status":"open","ping_status":"open","sticky":false,"template":"","format":"standard","meta":{"h5ap_radio_sources":[],"jetpack_post_was_ever_published":false,"_jetpack_newsletter_access":"","_jetpack_dont_email_post_to_subs":false,"_jetpack_newsletter_tier_id":0,"_jetpack_memberships_contains_paywalled_content":false,"_jetpack_memberships_contains_paid_content":false,"footnotes":"","jetpack_publicize_message":"","jetpack_publicize_feature_enabled":true,"jetpack_social_post_already_shared":false,"jetpack_social_options":{"image_generator_settings":{"template":"highway","default_image_id":0,"font":"","enabled":false},"version":2},"_links_to":"","_links_to_target":""},"categories":[3],"tags":[53,88],"class_list":["post-47","post","type-post","status-publish","format-standard","hentry","category-intervention","tag-innovation-sociale","tag-theatre"],"jetpack_publicize_connections":[],"jetpack_featured_media_url":"","jetpack_sharing_enabled":true,"jetpack_shortlink":"https:\/\/wp.me\/p2QGRI-L","post_mailing_queue_ids":[],"_links":{"self":[{"href":"https:\/\/recherche-action.fr\/hugues-bazin\/wp-json\/wp\/v2\/posts\/47","targetHints":{"allow":["GET"]}}],"collection":[{"href":"https:\/\/recherche-action.fr\/hugues-bazin\/wp-json\/wp\/v2\/posts"}],"about":[{"href":"https:\/\/recherche-action.fr\/hugues-bazin\/wp-json\/wp\/v2\/types\/post"}],"author":[{"embeddable":true,"href":"https:\/\/recherche-action.fr\/hugues-bazin\/wp-json\/wp\/v2\/users\/1"}],"replies":[{"embeddable":true,"href":"https:\/\/recherche-action.fr\/hugues-bazin\/wp-json\/wp\/v2\/comments?post=47"}],"version-history":[{"count":0,"href":"https:\/\/recherche-action.fr\/hugues-bazin\/wp-json\/wp\/v2\/posts\/47\/revisions"}],"wp:attachment":[{"href":"https:\/\/recherche-action.fr\/hugues-bazin\/wp-json\/wp\/v2\/media?parent=47"}],"wp:term":[{"taxonomy":"category","embeddable":true,"href":"https:\/\/recherche-action.fr\/hugues-bazin\/wp-json\/wp\/v2\/categories?post=47"},{"taxonomy":"post_tag","embeddable":true,"href":"https:\/\/recherche-action.fr\/hugues-bazin\/wp-json\/wp\/v2\/tags?post=47"}],"curies":[{"name":"wp","href":"https:\/\/api.w.org\/{rel}","templated":true}]}}