{"id":4773,"date":"2026-02-26T18:16:39","date_gmt":"2026-02-26T17:16:39","guid":{"rendered":"https:\/\/recherche-action.fr\/hugues-bazin\/?p=4773"},"modified":"2026-02-26T18:16:41","modified_gmt":"2026-02-26T17:16:41","slug":"acteurs-des-biens-communs-et-des-communs","status":"publish","type":"post","link":"https:\/\/recherche-action.fr\/hugues-bazin\/2026\/02\/26\/acteurs-des-biens-communs-et-des-communs\/","title":{"rendered":"Acteurs des biens communs et des communs"},"content":{"rendered":"\n<p>Notre laboratoire social (LISRA) participera \u00e0 la rencontre \u00a0organis\u00e9e par l&rsquo;Universit\u00e9 du Bien Commun (UBC) \u00e0 l&rsquo;Acad\u00e9mie du Climat.<\/p>\n\n\n\n<p>Elle r\u00e9unira quelques structures et personnalit\u00e9s \u0153uvrant dans les champs de la d\u00e9fense des biens communs et des communs.<\/p>\n\n\n\n<p>\u00ab&nbsp;Biens communs et communs sont deux faces distinctes et compl\u00e9mentaires d&rsquo;une m\u00eame ambition de transformation profonde de nos soci\u00e9t\u00e9s et de l\u2019imaginaire social, plus que jamais n\u00e9cessaire \u00e0 la pr\u00e9servation de la nature et de la culture.<\/p>\n\n\n\n<p>L\u2019engagement de multiples collectifs, associatifs, institutionnels ou informels, dans le monde entier, en faveur des biens communs et des communs prend de plus en plus d\u2019ampleur, mettant en lumi\u00e8re les enjeux politiques, sociaux et \u00e9cologiques qu&rsquo;ils sous-tendent.<\/p>\n\n\n\n<p>Hors du clivage public\/priv\u00e9, les initiatives qui en d\u00e9coulent op\u00e8rent \u00e0 des \u00e9chelles diverses : locale, municipale,&nbsp; (notamment avec les communs urbains et p\u00e9ri-urbains) r\u00e9gionale, nationale et pour les biens communs naturels et les biens communs publics mondiaux tels la connaissance ou la sant\u00e9 mondiale.<\/p>\n\n\n\n<p>Sous l\u2019impulsion d\u2019un nombre grandissant de mouvements citoyens, le sujet s\u2019impose progressivement dans une nouvelle fa\u00e7on de penser l\u2019int\u00e9r\u00eat g\u00e9n\u00e9ral, compl\u00e9mentaire de celle de l\u2019\u00c9tat et du march\u00e9.<\/p>\n\n\n\n<p><a href=\"https:\/\/framaforms.org\/universite-du-bien-commun-paris-rencontre-des-acteurs-des-biens-communs-1771586866?info=republished\" target=\"_blank\" rel=\"noreferrer noopener\">Inscription<\/a><\/p>\n\n\n\n<p><a href=\"https:\/\/www.universitebiencommun.org\/wp-content\/uploads\/2026\/02\/UBC-20260312_-Acteurs-des-biens-communs-et-des-communs_annonceV2-3.pdf\" target=\"_blank\" rel=\"noreferrer noopener\">Programme complet et la liste des structures pr\u00e9sentes<\/a><\/p>\n","protected":false},"excerpt":{"rendered":"<p>Notre laboratoire social (LISRA) participera \u00e0 la rencontre \u00a0organis\u00e9e par l&rsquo;Universit\u00e9 du Bien Commun (UBC) \u00e0 l&rsquo;Acad\u00e9mie du Climat. Elle r\u00e9unira quelques structures et personnalit\u00e9s \u0153uvrant dans les champs de la d\u00e9fense des biens communs et des communs. \u00ab&nbsp;Biens communs et communs sont deux faces distinctes et compl\u00e9mentaires d&rsquo;une m\u00eame ambition &hellip; <\/p>\n","protected":false},"author":1,"featured_media":4774,"comment_status":"open","ping_status":"open","sticky":false,"template":"","format":"standard","meta":{"h5ap_radio_sources":[],"jetpack_post_was_ever_published":false,"_jetpack_newsletter_access":"","_jetpack_dont_email_post_to_subs":false,"_jetpack_newsletter_tier_id":0,"_jetpack_memberships_contains_paywalled_content":false,"_jetpack_memberships_contains_paid_content":false,"footnotes":"","jetpack_publicize_message":"","jetpack_publicize_feature_enabled":false,"jetpack_social_post_already_shared":false,"jetpack_social_options":{"image_generator_settings":{"template":"highway","default_image_id":0,"font":"","enabled":false},"version":2},"_links_to":"","_links_to_target":""},"categories":[3],"tags":[126,35,39,43,57,90],"class_list":["post-4773","post","type-post","status-publish","format-standard","has-post-thumbnail","hentry","category-intervention","tag-biens-communs","tag-ecologie","tag-education-populaire","tag-experimenation-sociale","tag-laboratoire-social","tag-tiers-espace"],"jetpack_publicize_connections":[],"jetpack_featured_media_url":"https:\/\/recherche-action.fr\/hugues-bazin\/wp-content\/uploads\/sites\/2\/2026\/02\/508467429_10161630576756295_6858954548124910522_n.jpg","jetpack_sharing_enabled":true,"jetpack_shortlink":"https:\/\/wp.me\/p2QGRI-1eZ","post_mailing_queue_ids":[],"_links":{"self":[{"href":"https:\/\/recherche-action.fr\/hugues-bazin\/wp-json\/wp\/v2\/posts\/4773","targetHints":{"allow":["GET"]}}],"collection":[{"href":"https:\/\/recherche-action.fr\/hugues-bazin\/wp-json\/wp\/v2\/posts"}],"about":[{"href":"https:\/\/recherche-action.fr\/hugues-bazin\/wp-json\/wp\/v2\/types\/post"}],"author":[{"embeddable":true,"href":"https:\/\/recherche-action.fr\/hugues-bazin\/wp-json\/wp\/v2\/users\/1"}],"replies":[{"embeddable":true,"href":"https:\/\/recherche-action.fr\/hugues-bazin\/wp-json\/wp\/v2\/comments?post=4773"}],"version-history":[{"count":4,"href":"https:\/\/recherche-action.fr\/hugues-bazin\/wp-json\/wp\/v2\/posts\/4773\/revisions"}],"predecessor-version":[{"id":4780,"href":"https:\/\/recherche-action.fr\/hugues-bazin\/wp-json\/wp\/v2\/posts\/4773\/revisions\/4780"}],"wp:featuredmedia":[{"embeddable":true,"href":"https:\/\/recherche-action.fr\/hugues-bazin\/wp-json\/wp\/v2\/media\/4774"}],"wp:attachment":[{"href":"https:\/\/recherche-action.fr\/hugues-bazin\/wp-json\/wp\/v2\/media?parent=4773"}],"wp:term":[{"taxonomy":"category","embeddable":true,"href":"https:\/\/recherche-action.fr\/hugues-bazin\/wp-json\/wp\/v2\/categories?post=4773"},{"taxonomy":"post_tag","embeddable":true,"href":"https:\/\/recherche-action.fr\/hugues-bazin\/wp-json\/wp\/v2\/tags?post=4773"}],"curies":[{"name":"wp","href":"https:\/\/api.w.org\/{rel}","templated":true}]}}