{"id":512,"date":"2013-10-30T15:15:37","date_gmt":"2013-10-30T14:15:37","guid":{"rendered":"http:\/\/recherche-action.fr\/hugues-bazin\/?p=512"},"modified":"2013-10-30T15:15:37","modified_gmt":"2013-10-30T14:15:37","slug":"assises-professionnelles-du-dialogue-culturel-social","status":"publish","type":"post","link":"https:\/\/recherche-action.fr\/hugues-bazin\/2013\/10\/30\/assises-professionnelles-du-dialogue-culturel-social\/","title":{"rendered":"Assises professionnelles du dialogue culturel et social (Marseille &#8211; 13)"},"content":{"rendered":"<div id=\"ez-toc-container\" class=\"ez-toc-v2_0_82_2 counter-hierarchy ez-toc-counter ez-toc-transparent ez-toc-container-direction\">\n<div class=\"ez-toc-title-container\">\n<p class=\"ez-toc-title\" style=\"cursor:inherit\">Sommaire<\/p>\n<span class=\"ez-toc-title-toggle\"><\/span><\/div>\n<nav><ul class='ez-toc-list ez-toc-list-level-1 ' ><li class='ez-toc-page-1 ez-toc-heading-level-2'><a class=\"ez-toc-link ez-toc-heading-1\" href=\"https:\/\/recherche-action.fr\/hugues-bazin\/2013\/10\/30\/assises-professionnelles-du-dialogue-culturel-social\/#OBJECTIFS_DE_LA_JOURNEE\" >OBJECTIFS DE LA JOURNEE<\/a><\/li><li class='ez-toc-page-1 ez-toc-heading-level-2'><a class=\"ez-toc-link ez-toc-heading-2\" href=\"https:\/\/recherche-action.fr\/hugues-bazin\/2013\/10\/30\/assises-professionnelles-du-dialogue-culturel-social\/#PROGRAMME\" >PROGRAMME<\/a><\/li><li class='ez-toc-page-1 ez-toc-heading-level-2'><a class=\"ez-toc-link ez-toc-heading-3\" href=\"https:\/\/recherche-action.fr\/hugues-bazin\/2013\/10\/30\/assises-professionnelles-du-dialogue-culturel-social\/#CHOIX_DE_THEMES_PAR_ATELIER_PAR_INTERVENANT\" >CHOIX DE THEMES PAR ATELIER &amp; PAR INTERVENANT<\/a><\/li><li class='ez-toc-page-1 ez-toc-heading-level-2'><a class=\"ez-toc-link ez-toc-heading-4\" href=\"https:\/\/recherche-action.fr\/hugues-bazin\/2013\/10\/30\/assises-professionnelles-du-dialogue-culturel-social\/#SUGGESTIONS_DE_LECTURES_PAR_THEME_ET_INTERVENANT\" >SUGGESTIONS DE LECTURES PAR THEME ET INTERVENANT<\/a><\/li><\/ul><\/nav><\/div>\n<p><a href=\"https:\/\/recherche-action.fr\/hugues-bazin\/files\/2013\/10\/Capture.jpg\"><img fetchpriority=\"high\" decoding=\"async\" class=\"alignright size-full wp-image-513\" src=\"https:\/\/recherche-action.fr\/hugues-bazin\/files\/2013\/10\/Capture.jpg\" alt=\"Capture\" width=\"213\" height=\"262\" \/><\/a>Journ\u00e9e d\u2019\u00e9changes et de rencontres entre partenaires sociaux, culturels et institutionnels de l\u2019Union R\u00e9gionale Cultures du C\u0153ur Provence-Alpes-C\u00f4te d\u2019Azur,jeudi 14 novembre 2013 &#8211; Lieu : Conseil R\u00e9gional Provence-Alpes-C\u00f4te d&rsquo;Azur \/ H\u00f4tel de R\u00e9gion &#8211; Place Jules Guesde\u00a0 13002 Marseille<\/p>\n<p>La crise que nous vivons est une crise de civilisation. C\u2019est pour Edgar Morin : \u00ab le socle m\u00eame de ses valeurs et croyances qui vacille sur ses fondations. Car l\u2019Occident a trop longtemps voulu s\u00e9parer, compartimenter et diviser les sciences et les disciplines comme les probl\u00e8mes \u00e9conomiques et sociaux. Seule une pens\u00e9e politique capable de relier, de \u00ab\u00a0tisser ensemble ce qui est s\u00e9par\u00e9\u00a0\u00bb, sera capable d\u2019\u00eatre \u00e0 la hauteur de l\u2019\u00e8re plan\u00e9taire \u00bb.<br \/>\nAujourd\u2019hui, la grande majorit\u00e9 de la population r\u00e9gionale vit en ville et les\u00a0 personnes les plus en marge de la soci\u00e9t\u00e9 sont peu impliqu\u00e9es dans la vie d\u00e9mocratique. Parall\u00e8lement, les territoires sont devenus de v\u00e9ritables laboratoires culturels et de d\u00e9veloppement durable, mais les repr\u00e9sentants politiques doivent lier les politiques culturelles et sociales, afin de freiner la croissance des in\u00e9galit\u00e9s, encourager la convivialit\u00e9 et favoriser la diversit\u00e9 des expressions culturelles et le dialogue interculturel.<br \/>\nPour r\u00e9pondre de mani\u00e8re adapt\u00e9e aux besoins ressentis par les professionnels, &#8211; besoin de co-construction entre les partenaires culturels et sociaux en prise\u00a0 avec diff\u00e9rentes formes de pr\u00e9carit\u00e9 morale, sociale et \u00e9conomique au quotidien -, les dispositifs et outils d\u2019acc\u00e8s \u00e0 la culture pour le plus grand nombre doivent prendre des formes novatrices.<br \/>\nAussi, la 3\u00e8me \u00e9dition des Assises r\u00e9gionales du Dialogue Culturel et Social place les deux termes de \u00ab d\u00e9cloisonnement \u00bb et de \u00ab travail collaboratif \u00bb au c\u0153ur de cette journ\u00e9e de r\u00e9flexion 2013. Enfin, \u00e0 l\u2019issue de cette derni\u00e8re \u00e9dition, l\u2019Union r\u00e9gionale Cultures du C\u0153ur PACA souhaite que diff\u00e9rents groupes de travail\u00a0 se constituent pour proc\u00e9der \u00e0 la mise en \u0153uvre concr\u00e8te des outils en 2014.<br \/>\nIl s\u2019agit de penser ensemble et non plus de penser pour les autres et comme l\u2019exprime Pierre Sauvageot, directeur de Lieux Publics de : \u00ab m\u00ealer vivre l&rsquo;art ensemble et l&rsquo;art de vivre ensemble \u00bb.<br \/>\nEdith Chouraqui,<br \/>\nPr\u00e9sidente Culture du C\u0153ur 13, Membre du conseil d\u2019administration de l\u2019Union r\u00e9gionale Cultures du C\u0153ur PACA.<\/p>\n<h2 align=\"center\"><span class=\"ez-toc-section\" id=\"OBJECTIFS_DE_LA_JOURNEE\"><\/span><b>OBJECTIFS DE LA JOURNEE<\/b><span class=\"ez-toc-section-end\"><\/span><\/h2>\n<p><b>La s\u00e9ance pl\u00e9ni\u00e8re<\/b> anim\u00e9e par le chercheur en Sciences Sociales\u00a0<b>Hugues Bazin<\/b> propose d\u2019impulser un premier niveau de r\u00e9flexion sur les relations qu\u2019entretiennent acteurs culturels, sociaux et institutionnels au service des personnes fragilis\u00e9es.<\/p>\n<p><b>Les ateliers<\/b> <b>de travail<\/b> permettront quant \u00e0 eux, une r\u00e9flexion collective autour de la\u00a0 construction d\u2019outils et\/ou de dispositifs \u00e0 imaginer ensemble. Les trois th\u00e8mes suivants sont abord\u00e9s chacun par deux intervenants diff\u00e9rents :<\/p>\n<ul>\n<li><b>Travail collaboratif \/ travail en r\u00e9seaux\u00a0:<\/b><b>St\u00e9phane Delahaye<\/b> <b><span style=\"text-decoration: underline\">ou<\/span><\/b> <b>Julie Moreira-Miguel<\/b><\/li>\n<\/ul>\n<ul>\n<li><b>Quelle formation pour quels acteurs\u00a0<\/b><b>? <\/b><b>Christophe Apprill <span style=\"text-decoration: underline\">ou<\/span> Edina Soldo<\/b><\/li>\n<\/ul>\n<ul>\n<li><b>Elargissement et d\u00e9cloisonnement de l\u2019offre culturelle &#8211; <\/b><b>Sam Khebizi <span style=\"text-decoration: underline\">ou<\/span> Emmanuel Verg\u00e8s<\/b><\/li>\n<\/ul>\n<p><b>Les ateliers<\/b> se d\u00e9roulent en deux phases (le <b>matin<\/b> puis <b>l\u2019apr\u00e8s-midi<\/b>). Ils permettent de d\u00e9terminer puis de d\u00e9velopper des outils et\/ou dispositifs concrets qui facilitent la co-construction de projets culturels en profitant naturellement aux personnes en situation de pr\u00e9carit\u00e9. L\u2019animation de chaque atelier est confi\u00e9e \u00e0 un sp\u00e9cialiste.<\/p>\n<p><b>Journ\u00e9e anim\u00e9e par Laurent Marsault, association Outils-R\u00e9seaux Montpellier.<\/b><\/p>\n<h2 align=\"center\"><span class=\"ez-toc-section\" id=\"PROGRAMME\"><\/span><b>PROGRAMME<\/b><span class=\"ez-toc-section-end\"><\/span><\/h2>\n<p><b>08h45\u00a0: <\/b><b>Accueil <\/b>des participants autour d\u2019un caf\u00e9.<\/p>\n<p><b>09h00\u00a0:<\/b> <b>Ouverture des Assises<\/b> par la R\u00e9gion,\u00a0 l\u2019Etat, MP2013 et par Edith Chouraqui, Pr\u00e9sidente de Cultures du C\u0153ur 13, membre du CA de l\u2019Union r\u00e9gionale &#8211; <b>h\u00e9micycle.<\/b><\/p>\n<p><b>9h30\u00a0:<\/b> \u00a0\u00a0<b>Intervention \u00a0d\u2019Hugues Bazin<\/b>, sociologue et chercheur. Comment permettre aux acteurs culturels et sociaux de mieux travailler ensemble &#8211; Pr\u00e9sentation d\u2019une <i>plateforme de travail coop\u00e9ratif et de mutualisation d\u2019outils<\/i> (\u00abLaboratoire d\u2019Innovation Sociale par la\u00a0Recherche-Action\u00a0\u00bb &#8211; LISRA) &#8211;<i> <\/i><b>\u00a0h\u00e9micycle.<\/b><b><\/b><\/p>\n<p><b>10h30 &#8211; 11h\u00a0:<\/b><b> Pause<\/b><b><\/b><\/p>\n<p><b>11h00 &#8211; 12h30\u00a0<\/b><b>: 6 ateliers &#8211; 6 intervenants &#8211; 6 salles. <\/b>A partir des id\u00e9es des participants,<b> <\/b>concevoir et choisir deux dispositifs et\/ou outils \u00e0 mettre en \u0153uvre d\u00e8s 2014.<\/p>\n<p><b>12h30\u00a0: <\/b><b>Buffet \u2013 Espace de restauration \u00e0 proximit\u00e9 de l\u2019h\u00e9micycle.<\/b><\/p>\n<p><b>14h00 &#8211; 15h30\u00a0<\/b><b>: 6 ateliers &#8211; 6 intervenants &#8211; 6 salles\u00a0: <\/b>concr\u00e9tisation et construction des\u00a0\u00a0\u00a0\u00a0\u00a0\u00a0 dispositifs et\/ou outils.<\/p>\n<p><b>15h30 &#8211; 16h00\u00a0:<\/b><b> <\/b><b>Pause<\/b><\/p>\n<p><b>16h &#8211; 17h30\u00a0:<\/b><b> Partage des projets retenus et mise en d\u00e9bat<\/b><\/p>\n<p><b>Perspectives et commentaires Laurent Marsault<\/b> &#8211; Association<b> <\/b>Outils-R\u00e9seaux, Montpellier<i> &#8211;<\/i><b> h\u00e9micycle<\/b>.<\/p>\n<h2 align=\"center\"><span class=\"ez-toc-section\" id=\"CHOIX_DE_THEMES_PAR_ATELIER_PAR_INTERVENANT\"><\/span><b>CHOIX DE THEMES PAR ATELIER &amp; PAR INTERVENANT<\/b><span class=\"ez-toc-section-end\"><\/span><\/h2>\n<ul>\n<li><b>Th\u00e8me 1\u00a0: Travail coop\u00e9ratif \u2013 travail en r\u00e9seaux<\/b><\/li>\n<\/ul>\n<p>Quels outils ou quels dispositifs peut-on imaginer pour favoriser une d\u00e9multiplication des opportunit\u00e9s de travail en commun et des contacts entre op\u00e9rateurs de diff\u00e9rents secteurs, social &#8211; culturel \u2013 institutionnel, y compris via les outils num\u00e9riques collaboratifs.<\/p>\n<p>Quelles sont les conditions de mise en \u0153uvre pour que tous ces acteurs puissent investir les outils ou dispositifs qui am\u00e9liorent la communication entre acteurs mais \u00e9galement une communication de l\u2019offre culturelle et une incitation \u00e0 participer en direction des personnes fragilis\u00e9es.<\/p>\n<p><b>St\u00e9phane Delahaye,<\/b> d\u00e9l\u00e9gu\u00e9 r\u00e9gional de l\u2019association Arsenic (Espaces num\u00e9riques en Paca), est impliqu\u00e9 dans des projets culturels et citoyens \u00e0 partir de l\u2019outil num\u00e9rique. Il aborde ce th\u00e8me dans son aspect participatif avec la notion d\u2019ouverture et d\u2019\u00e9galit\u00e9 que ces outils offrent. Il souligne leur caract\u00e8re facilitateur dans l\u2019acc\u00e8s \u00e0 la culture et dans la cr\u00e9ation de liens sociaux.<\/p>\n<p><b>Julie Moreira-Miguel,<\/b> sociologue charg\u00e9e d\u2019\u00e9tudes et de d\u00e9veloppement culturel \u00e0 Marseille a notamment travaill\u00e9 pour l\u2019OPPIC (cabinet de recherche sociologique) dans le cadre d\u2019une \u00e9tude command\u00e9e par la Politique de la Ville de Marseille sur le territoire CUCS (Contrat urbain de coh\u00e9sion sociale) de la Vall\u00e9e de l\u2019Huveaune. Elle est aujourd\u2019hui Charg\u00e9e des relations avec les publics du champ social et du handicap au Festival de Danse et des Arts multiples \u00e0 Marseille. Elle conna\u00eet bien les acteurs du secteur culturel comme ceux du secteur social, notamment \u00e0 Marseille.<\/p>\n<ul>\n<li><b>Th\u00e8me 2\u00a0: Quelles formations pour quels acteurs\u00a0? <\/b><\/li>\n<\/ul>\n<p>Aborder la question de la formation des acteurs sociaux, culturels et institutionnels impliqu\u00e9s dans l\u2019accompagnement des personnes fragilis\u00e9es n\u00e9cessite de d\u00e9velopper une posture r\u00e9flexive sur les m\u00e9tiers et les repr\u00e9sentations. Il s\u2019agit non seulement d&rsquo;identifier les besoins de chacun, mais \u00e9galement d\u2019envisager la compl\u00e9mentarit\u00e9 des temps de co-construction et de co-formation entre acteurs du champ social, du champ culturel et du monde\u00a0 institutionnel pour trouver des espaces interstitiels novateurs.<\/p>\n<p><b>Christophe Apprill, <\/b>sociologue de la culture, chercheur en sciences sociales \u00e0 l\u2019EHESS, cofondateur de l\u2019OPPIC (cabinet de recherche sociologique), est impliqu\u00e9 dans les formations de Cultures du C\u0153ur 13 depuis 2010. Au-del\u00e0 de la m\u00e9thodologie et du contenu, Christophe Apprill rappelle l\u2019importance du questionnement du sens de l\u2019action. Au cours de l\u2019animation de cet atelier, il met en exergue les notions d\u2019humanisme de la culture et son inscription dans le discours politique.<\/p>\n<p><b>Edina Soldo<\/b>, ma\u00eetre de Conf\u00e9rences en sciences de gestion \u00e0 l&rsquo;Institut de Management Public et de Gouvernance Territoriale d\u2019Aix-Marseille Universit\u00e9, responsable du Master 2 \u00ab\u00a0Management des Organisations et des Manifestations Culturelles\u00a0\u00bb &#8211; gestion de projets. Elle intervient \u00e0 l&rsquo;INET &#8211; p\u00f4le de comp\u00e9tences \u201cmanagement strat\u00e9gique de l\u2019action publique territoriale\u201d et en formation des directeurs de biblioth\u00e8ques &#8211; CNFPT. Ancr\u00e9e dans une approche \u00ab\u00a0par les pratiques\u00a0\u00bb et mobilisant des m\u00e9thodes qualitatives et participatives, elle est sp\u00e9cialis\u00e9e dans les domaines de l\u2019\u00e9valuation des impacts sociaux et citoyens au sein des actions culturelles men\u00e9es en\u00a0 M\u00e9diterran\u00e9e. Elle dirige des recherche-action qui aident les acteurs publics et associatifs du secteur culturel.<\/p>\n<ul>\n<li><b>Th\u00e8me 3\u00a0: Une offre artistique et culturelle \u00e9largie pour profiter au plus grand nombre.\u00a0 <\/b><\/li>\n<\/ul>\n<p>Il est aujourd\u2019hui n\u00e9cessaire de penser l\u2019offre culturelle diff\u00e9remment que dans les seules familles disciplinaires pour\u00a0 envisager le transdisciplinaire. Pour cela, il faut aujourd\u2019hui favoriser la reconnaissance d\u2019une s\u00e9rie de composantes du patrimoine &#8211; diff\u00e9rents\u00a0 syst\u00e8mes de savoirs \u2013 pratiques culturelles \u2013 paysages naturels \u2013 patrimoines industriels, etc. Cela implique aussi d\u2019identifier des lieux et des moyens pour les r\u00e9v\u00e9ler et y associer toutes les g\u00e9n\u00e9rations. L\u2019\u00e9mergence d\u2019une pens\u00e9e d\u2019\u00e9conomie sociale et solidaire et de pratiques collaboratives notamment via les outils num\u00e9riques, semble favoriser le d\u00e9cloisonnement des genres culturels.<\/p>\n<p><b>Sam Khebizi<\/b><b>,<\/b> directeur et fondateur de l\u2019association \u00a0Les T\u00eates de l\u2019Art\u00a0 \u00e0 Marseille, consid\u00e8re l\u2019offre artistique et culturelle par le prisme de la relation culture &#8211; \u00e9conomie sociale et solidaire. Issu de la formation\u00a0\u00ab\u00a0manageur d\u2019organismes \u00e0 vocation sociale et culturelle\u00a0\u00bb, il aborde les concepts de d\u00e9cloisonnement et d\u2019\u00e9largissement par les nombreuses exp\u00e9riences participatives men\u00e9es par son association.<\/p>\n<p align=\"left\"><b>Emmanuel Verg\u00e8s,<\/b> ing\u00e9nieur culturel et docteur en information\/communication, a \u00e9t\u00e9 directeur de ZINC \u00e0 la Friche Belle de Mai pendant 14 ans. Gr\u00e2ce \u00e0 l\u2019Office, agence d&rsquo;interm\u00e9diation, il accompagne aujourd&rsquo;hui des collectivit\u00e9s, des structures, des usagers, des entreprises pour \u00a0construire des projets \u00ab\u00a0en r\u00e9gime num\u00e9rique\u00a0\u00bb sur leurs territoires.<\/p>\n<h2 align=\"left\"><span class=\"ez-toc-section\" id=\"SUGGESTIONS_DE_LECTURES_PAR_THEME_ET_INTERVENANT\"><\/span><b>SUGGESTIONS DE LECTURES PAR THEME ET INTERVENANT<\/b><span class=\"ez-toc-section-end\"><\/span><\/h2>\n<ul>\n<li><b>Ouverture et conclusion des Assises\u00a0:\u00a0recherche-action &amp;\u00a0travail collaboratif<\/b><\/li>\n<\/ul>\n<p><b>Hugues Bazin :<\/b><\/p>\n<p><b>&#8211; <\/b>H. Bazin<b>. <\/b><i>Espaces populaires de cr\u00e9ation culturelle, enjeux d&rsquo;une recherche-action situationnelle<\/i>. \u00c9d.\u00a0: Institut national de la jeunesse et de l&rsquo;\u00e9ducation populaire (INJEP).<\/p>\n<p><b>Laurent Marsault\u00a0:<\/b><\/p>\n<p align=\"left\">&#8211;\u00a0 http:\/\/outils-reseaux.org<\/p>\n<p align=\"center\"><b>\u00a0<\/b><\/p>\n<ul>\n<li><b>Th\u00e8me 1\u00a0: Travail coop\u00e9ratif \u2013 travail en r\u00e9seaux\u00a0 <\/b><\/li>\n<\/ul>\n<p><b>Julie Moreira-Miguel remplace Christine Breton <\/b><b><i>(r\u00e9f\u00e9rences de lecture en attente de confirmation)<\/i><\/b><\/p>\n<p>&#8211; C. Breton et H. Paraponaris. 2011. R\u00e9cits d\u2019hospitalit\u00e9 d\u2019H\u00f4tel du Nord. Ed\u00a0: Editions Commune. Sept livrets\u00a0<i>: R\u00e9cit N\u00b01 Au ravin de la visite, R\u00e9cit N\u00b02 La ville perch\u00e9e, R\u00e9cit N\u00b03 Imagine un desert\u00a0!, R\u00e9cit N\u00b04 Sous l\u2019\u00e9toile, R\u00e9cit N\u00b05 Portes sublimes et jardins po\u00e8mes, R\u00e9cit N\u00b06 Zone arri\u00e8re portuaire, Faux bourg, R\u00e9cit N\u00b07 HS Histoire d\u2019un ruisseau.<\/i><\/p>\n<p>&#8211; C. Breton\u00a0: Coordination et diffusion des textes de la Convention-cadre sur le Patrimoine Culturel, sign\u00e9e \u00e0 Faro, au Portugal en octobre 2005.<i> Le Conseil de l&rsquo;Europe via la Convention de Faro promeut une d\u00e9mocratie participative renforc\u00e9e, un dialogue interculturel \u00e0 tous les niveaux et une am\u00e9lioration des conditions de vie des citoyens, \u00e0 travers la consolidation de leur sentiment d\u2019appartenance \u00e0 leur propre territoire.<\/i><\/p>\n<p align=\"left\"><span style=\"text-decoration: underline\">Texte de\u00a0 la convention de Faro : <\/span><a href=\"http:\/\/conventions.coe.int\/Treaty\/FR\/Treaties\/Html\/199.htm\">http:\/\/conventions.coe.int\/Treaty\/FR\/Treaties\/Html\/199.htm<\/a><\/p>\n<p><b>St\u00e9phane Delahaye :<\/b><\/p>\n<p align=\"left\">&#8211; M. Serre<a href=\"http:\/\/www.amazon.fr\/Michel-Serres\/e\/B001HD2ZLG\/ref=ntt_athr_dp_pel_1\">s<\/a>. 2012. <i>Petite Poucette<\/i>. Ed\u00a0: Manifestes Le Pommier.<\/p>\n<p align=\"left\">&#8211; J. Rifkin. 2012. <i>La troisi\u00e8me r\u00e9volution industrielle<\/i>. Ed\u00a0: Les liens qui lib\u00e8rent.<\/p>\n<ul>\n<li><b>Th\u00e8me 2\u00a0: Quelles formations pour quels acteurs\u00a0? <\/b><\/li>\n<\/ul>\n<p><b>Christophe Apprill :<\/b><\/p>\n<p>&#8211; F. Lepage. 2012. <i>L\u2019\u00e9ducation populaire. Une utopie d\u2019avenir<\/i>. Paris\u00a0: Les Liens qui lib\u00e8rent.<\/p>\n<p>&#8211; F. Richard. 2011. <i>L\u2019actuel malaise dans la culture<\/i>. Paris\u00a0: Editions de l\u2019Olivier.<\/p>\n<p>&#8211; A. Badiou. 2013. <i>Pornographie du temps pr\u00e9sent<\/i>. Paris\u00a0: Fayard.<\/p>\n<p><b>Edina Soldo\u00a0: <\/b><\/p>\n<p align=\"left\">&#8211; C. Patriat, I. Mathieu. 2012. <i>L&rsquo;Universit\u00e9 et les formations aux m\u00e9tiers de la culture, la diagonale du flou<\/i> &#8211; Ed\u00a0: Universitaires de Dijon.<\/p>\n<p>&#8211; E. Soldo, O. Keramidas, C. Arnaud. 2012. <i>Les impacts durables de la mise en \u0153uvre d\u2019un \u00e9v\u00e9nement culturel pour le territoire et ses parties prenantes. Le cas de la saison culturelle \u00ab Picasso-Aix 2009 \u00bb sur le territoire de la Communaut\u00e9 du Pays d\u2019Aix<\/i>, in Y.Lazerri, Moustier E. (Dir). Vuln\u00e9rabilit\u00e9, \u00e9quit\u00e9 et cr\u00e9ativit\u00e9 en M\u00e9diterran\u00e9e, pp. 149-165. Ed\u00a0: Presses Universitaires de Provence et Presses Universitaires d\u2019Aix-Marseille.<\/p>\n<p>&#8211; E. Soldo. 2010. <i>\u00ab Partie 2, Chapitre 1 : \u00ab Le management culturel public : un levier performant de la strat\u00e9gie d\u2019attractivit\u00e9 durable des territoires \u00bb<\/i>, dans C. Berneman et B. Meyronin (dir<i>.), Culture et attractivit\u00e9 des territoires : enjeux et pratiques<\/i>, pp. 95-121. Paris\u00a0: l\u2019Harmattan.<\/p>\n<ul>\n<li><b>Th\u00e8me 3\u00a0: Penser une offre artistique et culturelle \u00e9largie\u00a0en d\u00e9cloisonnant les genres et en diversifiant les approches <\/b><\/li>\n<\/ul>\n<p><b>Emmanuel Verg\u00e8s\u00a0:<\/b><\/p>\n<p align=\"left\">&#8211; W. Gibson. 2003. Pattern Recognition (titre fran\u00e7ais\u00a0: Identification des sch\u00e9mas). Ed. : Livre de poche<\/p>\n<p align=\"left\">&#8211;\u00a0 Texte d&rsquo;Olivier Donnat sur la fin de la d\u00e9mocratisation culturelle : http:\/\/owni.fr\/2011\/04\/24\/democratisation-culture\/<br \/>\n&#8211; D\u00e9claration de Fribourg : http:\/\/reseauculture21.fr\/droitsculturels\/2012\/06\/20\/la-declaration-de-fribourg\/ &#8211; le texte sur la diversit\u00e9 culturelle de l&rsquo;UNESCO : <a href=\"http:\/\/www.unesco.org\/new\/fr\/culture\/resources\/report\/the-unesco-world-report-on-cultural-diversity\">http:\/\/www.unesco.org\/new\/fr\/culture\/resources\/report\/the-unesco-world-report-on-cultural-diversity<\/a><b><i> <\/i><\/b><\/p>\n<p><b>Sam Khebizi\u00a0: <\/b><\/p>\n<p align=\"left\">&#8211; B. Colin, A. Gautier. 2008. <i>Pour une autre \u00e9conomie de l&rsquo;art et de la culture<\/i>. Ed\u00a0: ERES.<\/p>\n<p align=\"left\">Union R\u00e9gionale Cultures du Coeur en Provence-Alpes-C\u00f4te d\u2019Azur<br \/>\n20, rue Armand de Pontmartin &#8211; 84000 Avignon &#8211; T\u00e9l : 04 90 25 95 47<br \/>\nEmail : cdc84@bbox.fr<\/p>\n","protected":false},"excerpt":{"rendered":"<p>Journ\u00e9e d\u2019\u00e9changes et de rencontres entre partenaires sociaux, culturels et institutionnels de l\u2019Union R\u00e9gionale Cultures du C\u0153ur Provence-Alpes-C\u00f4te d\u2019Azur,jeudi 14 novembre 2013 &#8211; Lieu : Conseil R\u00e9gional Provence-Alpes-C\u00f4te d&rsquo;Azur \/ H\u00f4tel de R\u00e9gion &#8211; Place Jules Guesde\u00a0 13002 Marseille La crise que nous vivons est une crise de civilisation. C\u2019est pour &hellip; <\/p>\n","protected":false},"author":1,"featured_media":513,"comment_status":"open","ping_status":"open","sticky":false,"template":"","format":"standard","meta":{"h5ap_radio_sources":[],"jetpack_post_was_ever_published":false,"_jetpack_newsletter_access":"","_jetpack_dont_email_post_to_subs":false,"_jetpack_newsletter_tier_id":0,"_jetpack_memberships_contains_paywalled_content":false,"_jetpack_memberships_contains_paid_content":false,"footnotes":"","jetpack_publicize_message":"","jetpack_publicize_feature_enabled":true,"jetpack_social_post_already_shared":true,"jetpack_social_options":{"image_generator_settings":{"template":"highway","default_image_id":0,"font":"","enabled":false},"version":2},"_links_to":"","_links_to_target":""},"categories":[3],"tags":[5,27,28,33,39,53,56,69,74],"class_list":["post-512","post","type-post","status-publish","format-standard","has-post-thumbnail","hentry","category-intervention","tag-action-culturelle","tag-culture-numerique","tag-culture-populaire","tag-diversite-culturelle","tag-education-populaire","tag-innovation-sociale","tag-jeunesse","tag-patrimoine","tag-provence-alpes-cote-dazur"],"jetpack_publicize_connections":[],"jetpack_featured_media_url":"","jetpack_sharing_enabled":true,"jetpack_shortlink":"https:\/\/wp.me\/p2QGRI-8g","post_mailing_queue_ids":[],"_links":{"self":[{"href":"https:\/\/recherche-action.fr\/hugues-bazin\/wp-json\/wp\/v2\/posts\/512","targetHints":{"allow":["GET"]}}],"collection":[{"href":"https:\/\/recherche-action.fr\/hugues-bazin\/wp-json\/wp\/v2\/posts"}],"about":[{"href":"https:\/\/recherche-action.fr\/hugues-bazin\/wp-json\/wp\/v2\/types\/post"}],"author":[{"embeddable":true,"href":"https:\/\/recherche-action.fr\/hugues-bazin\/wp-json\/wp\/v2\/users\/1"}],"replies":[{"embeddable":true,"href":"https:\/\/recherche-action.fr\/hugues-bazin\/wp-json\/wp\/v2\/comments?post=512"}],"version-history":[{"count":0,"href":"https:\/\/recherche-action.fr\/hugues-bazin\/wp-json\/wp\/v2\/posts\/512\/revisions"}],"wp:featuredmedia":[{"embeddable":true,"href":"https:\/\/recherche-action.fr\/hugues-bazin\/wp-json\/"}],"wp:attachment":[{"href":"https:\/\/recherche-action.fr\/hugues-bazin\/wp-json\/wp\/v2\/media?parent=512"}],"wp:term":[{"taxonomy":"category","embeddable":true,"href":"https:\/\/recherche-action.fr\/hugues-bazin\/wp-json\/wp\/v2\/categories?post=512"},{"taxonomy":"post_tag","embeddable":true,"href":"https:\/\/recherche-action.fr\/hugues-bazin\/wp-json\/wp\/v2\/tags?post=512"}],"curies":[{"name":"wp","href":"https:\/\/api.w.org\/{rel}","templated":true}]}}