{"id":52,"date":"2009-04-29T06:19:36","date_gmt":"1999-11-29T23:00:00","guid":{"rendered":"http:\/\/recherche-action.fr\/hugues-bazin\/2009\/04\/29\/conference-laboratoire-social-culture-et-territoire-poitiers\/"},"modified":"2009-04-29T06:19:36","modified_gmt":"1999-11-29T23:00:00","slug":"conference-laboratoire-social-culture-et-territoire-poitiers","status":"publish","type":"post","link":"https:\/\/recherche-action.fr\/hugues-bazin\/2009\/04\/29\/conference-laboratoire-social-culture-et-territoire-poitiers\/","title":{"rendered":"Conf\u00e9rence Laboratoire social, culture et territoire (Poitiers)"},"content":{"rendered":"<p>Dans le cadre de son programme \u00ab Science, Innovation et Territoires \u00bb, l\u2019<a href=\"http:\/\/maison-des-sciences.org\" target=\"_blank\">Espace Mend\u00e8s France<\/a> propose, le 29 avril \u00e0 partir de 10h \u00e0 l\u2019EMF et en partenariat avec l\u2019Institut Atlantique d\u2019Am\u00e9nagement des Territoires, une conf\u00e9rence de Hugues Bazin, chercheur au laboratoire d\u2019innovation sociale par la recherche-action, sur le th\u00e8me \u00ab Laboratoire social, culture et territoire \u00bb.<\/p>\n<p>La conf\u00e9rence sera anim\u00e9e par Jacky Denieul, Institut Atlantique d\u2019Am\u00e9nagement des Territoires et Christian Lemaignan, Espace Mend\u00e8s-France.<\/p>\n<p>Contact : Jean-Pierre MICHEL, Jp.michel@emf.ccsti.eu<br \/>\n Secr\u00e9taire G\u00e9n\u00e9ral P\u00f4le Recherche &#8211; D\u00e9veloppement Science, Innovation et Territoires (SIT)<\/p>\n","protected":false},"excerpt":{"rendered":"<p>Dans le cadre de son programme \u00ab Science, Innovation et Territoires \u00bb, l\u2019Espace Mend\u00e8s France propose, le 29 avril \u00e0 partir de 10h \u00e0 l\u2019EMF et en partenariat avec l\u2019Institut Atlantique d\u2019Am\u00e9nagement des Territoires, une conf\u00e9rence de Hugues Bazin, chercheur au laboratoire d\u2019innovation sociale par la recherche-action, sur le th\u00e8me \u00ab Laboratoire social, culture et [&#8230;]<\/p>\n","protected":false},"author":1,"featured_media":0,"comment_status":"open","ping_status":"open","sticky":false,"template":"","format":"standard","meta":{"h5ap_radio_sources":[],"jetpack_post_was_ever_published":false,"_jetpack_newsletter_access":"","_jetpack_dont_email_post_to_subs":false,"_jetpack_newsletter_tier_id":0,"_jetpack_memberships_contains_paywalled_content":false,"_jetpack_memberships_contains_paid_content":false,"footnotes":"","jetpack_publicize_message":"","jetpack_publicize_feature_enabled":true,"jetpack_social_post_already_shared":false,"jetpack_social_options":{"image_generator_settings":{"template":"highway","default_image_id":0,"font":"","enabled":false},"version":2},"_links_to":"","_links_to_target":""},"categories":[3],"tags":[53,57,87],"class_list":["post-52","post","type-post","status-publish","format-standard","hentry","category-intervention","tag-innovation-sociale","tag-laboratoire-social","tag-territoire"],"jetpack_publicize_connections":[],"jetpack_featured_media_url":"","jetpack_sharing_enabled":true,"jetpack_shortlink":"https:\/\/wp.me\/p2QGRI-Q","post_mailing_queue_ids":[],"_links":{"self":[{"href":"https:\/\/recherche-action.fr\/hugues-bazin\/wp-json\/wp\/v2\/posts\/52","targetHints":{"allow":["GET"]}}],"collection":[{"href":"https:\/\/recherche-action.fr\/hugues-bazin\/wp-json\/wp\/v2\/posts"}],"about":[{"href":"https:\/\/recherche-action.fr\/hugues-bazin\/wp-json\/wp\/v2\/types\/post"}],"author":[{"embeddable":true,"href":"https:\/\/recherche-action.fr\/hugues-bazin\/wp-json\/wp\/v2\/users\/1"}],"replies":[{"embeddable":true,"href":"https:\/\/recherche-action.fr\/hugues-bazin\/wp-json\/wp\/v2\/comments?post=52"}],"version-history":[{"count":0,"href":"https:\/\/recherche-action.fr\/hugues-bazin\/wp-json\/wp\/v2\/posts\/52\/revisions"}],"wp:attachment":[{"href":"https:\/\/recherche-action.fr\/hugues-bazin\/wp-json\/wp\/v2\/media?parent=52"}],"wp:term":[{"taxonomy":"category","embeddable":true,"href":"https:\/\/recherche-action.fr\/hugues-bazin\/wp-json\/wp\/v2\/categories?post=52"},{"taxonomy":"post_tag","embeddable":true,"href":"https:\/\/recherche-action.fr\/hugues-bazin\/wp-json\/wp\/v2\/tags?post=52"}],"curies":[{"name":"wp","href":"https:\/\/api.w.org\/{rel}","templated":true}]}}