{"id":54,"date":"2009-04-12T14:34:05","date_gmt":"1999-11-29T23:00:00","guid":{"rendered":"http:\/\/recherche-action.fr\/hugues-bazin\/2009\/04\/12\/journee-interstice-des-intiatives-artistiques-besancon\/"},"modified":"2009-04-12T14:34:05","modified_gmt":"1999-11-29T23:00:00","slug":"journee-interstice-des-intiatives-artistiques-besancon","status":"publish","type":"post","link":"https:\/\/recherche-action.fr\/hugues-bazin\/2009\/04\/12\/journee-interstice-des-intiatives-artistiques-besancon\/","title":{"rendered":"Journ\u00e9e Interstice des intiatives artistiques (Besan\u00e7on)"},"content":{"rendered":"<div id=\"ez-toc-container\" class=\"ez-toc-v2_0_82_2 counter-hierarchy ez-toc-counter ez-toc-transparent ez-toc-container-direction\">\n<div class=\"ez-toc-title-container\">\n<p class=\"ez-toc-title\" style=\"cursor:inherit\">Sommaire<\/p>\n<span class=\"ez-toc-title-toggle\"><\/span><\/div>\n<nav><ul class='ez-toc-list ez-toc-list-level-1 ' ><li class='ez-toc-page-1 ez-toc-heading-level-2'><a class=\"ez-toc-link ez-toc-heading-1\" href=\"https:\/\/recherche-action.fr\/hugues-bazin\/2009\/04\/12\/journee-interstice-des-intiatives-artistiques-besancon\/#14H\" >14H :<\/a><\/li><li class='ez-toc-page-1 ez-toc-heading-level-2'><a class=\"ez-toc-link ez-toc-heading-2\" href=\"https:\/\/recherche-action.fr\/hugues-bazin\/2009\/04\/12\/journee-interstice-des-intiatives-artistiques-besancon\/#De_15_a_19H\" >De 15 \u00e0 19H :<\/a><\/li><li class='ez-toc-page-1 ez-toc-heading-level-2'><a class=\"ez-toc-link ez-toc-heading-3\" href=\"https:\/\/recherche-action.fr\/hugues-bazin\/2009\/04\/12\/journee-interstice-des-intiatives-artistiques-besancon\/#19_H\" >19 H :<\/a><\/li><\/ul><\/nav><\/div>\n<p>DES 14H AU KURSAAL,  PLACE DU THEATRE, 25000 BESANCON, GRATUIT  <\/p>\n<div class='embed-vimeo' style='text-align:center'><\/div>\n<p>  Les journ\u00e9es Interstice, lanc\u00e9es l\u2019an dernier \u00e0 Besan\u00e7on lors du F.E.U (avril 2008), se sont renouvel\u00e9es depuis \u00e0 Paris et Tulle. Le principe reste le m\u00eame : Sortir des logiques \u00e9v\u00e9nementielles traditionnelles qui instaurent un rapport sc\u00e8ne- public, et favoriser plut\u00f4t un espace alliant l\u2019\u00e9change, l\u2019artistique et la rencontre de divers parcours d\u2019exp\u00e9riences. On constate en effet qu\u2019\u00e0 des fins consum\u00e9ristes la culture est parfois d\u00e9tourn\u00e9e de sa fibre cr\u00e9ative. Dans notre Interstice, le public est invit\u00e9 \u00e0 quitter son traditionnel \u00ab fauteuil \u00bbde spectateur, les intervenants-artistes ne sont pas en \u00ab repr\u00e9sentation \u00bb. Le positionnement se veut plus naturel. Ici pas de posture ni de \u00ab casquette \u00bb. Chacun arrive, au m\u00eame titre, avec ses bagages constitu\u00e9s d\u2019intuitions, de recherches, de r\u00e9flexions, d\u2019exp\u00e9riences, de pratiques\u2026  N&#8217;hesitez pas \u00e0 me <a href=\"mailto:attil25@hotmail.com\">contacter<\/a> pour de plus amples informations : Jos\u00e9 SHUNGU, coop\u00e9rateur du LISRA, Franche Comt\u00e9 &#8211;<a href=\" www.echanges-urbains.info\" target=\"_blank\">www.echanges-urbains.info <\/a> Programme du jour :<\/p>\n<h2><span class=\"ez-toc-section\" id=\"14H\"><\/span>14H :<span class=\"ez-toc-section-end\"><\/span><\/h2>\n<ul>\n<li>Pr\u00e9sentation de la journ\u00e9e par les acteurs du r\u00e9seau espace populaire (http:\/\/recherche-action.fr ). Ce r\u00e9seau interr\u00e9gional travaille depuis plusieurs ann\u00e9es sur la question des \u00e9mergences issues des formes populaires (sociales, culturelles, artistiques, \u00e9conomiques).<\/li>\n<li>Pr\u00e9sentation du  LISRA : il s\u2019agit d\u2019une plate-forme de travail coop\u00e9ratif et de mutualisation d\u2019outils mis \u00e0 la disposition des personnes d\u00e9sirant d\u00e9velopper une d\u00e9marche par la recherche-action (http:\/\/labo.recherche-action.fr\/lisra\/ ).<\/li>\n<li>Pr\u00e9sentation de la prospection effectu\u00e9e en Franche Comt\u00e9 d\u2019octobre 2007 \u00e0 juin 2008 sur les \u00ab nouvelles professionnalit\u00e9s des acteurs populaires associatifs et les espaces interm\u00e9diaires d\u2019innovation sociale \u00bb<\/li>\n<li>Avec Hugues Bazin ( chercheur en sciences sociales, coop\u00e9rateur du LISRA, Paris), J\u00e9r\u00e9mie Cordonnier(coop\u00e9rateur du LISRA, Ile de France), Jos\u00e9 Shungu (coop\u00e9rateur du LISRA, Franche Comt\u00e9), Na\u00efm Bornaz (coop\u00e9rateur du LISRA, Paca), le Crafc (collectif recherche-action Franche Comt\u00e9).<\/li>\n<\/ul>\n<h2><span class=\"ez-toc-section\" id=\"De_15_a_19H\"><\/span>De 15 \u00e0 19H :<span class=\"ez-toc-section-end\"><\/span><\/h2>\n<p>Chaque intervention ou performance (parl\u00e9e, musicale, picturale, visuelle\u2026) sera suivie du t\u00e9moignage des intervenants sur leur propre exp\u00e9rience d\u2019espaces de cr\u00e9ation culturelle,  et provoquera les \u00e9changes  avec l\u2019assembl\u00e9e sur les th\u00e8mes suivants :<\/p>\n<ol>\n<li>L&#8217;interstice comme mode de repositionnement de son engagement socioprofessionnel<\/li>\n<li>L&#8217;interstice comme espace de libert\u00e9 o\u00f9 chacun peut exprimer sa recherche<\/li>\n<li>L&#8217;interstice comme exp\u00e9rimentation d&#8217;un autre espace esth\u00e9tique<\/li>\n<\/ol>\n<p>Les diverses pratiques seront ouvertes aux participants \u00e0 la journ\u00e9e, le tout prendra la forme d\u2019une visite guid\u00e9e \u00e0 travers le Kursaal\u2026.  Avec les interventions de :<\/p>\n<h3>SILEX ( Besan\u00e7on) :<\/h3>\n<p>Silex est n\u00e9 des retrouvailles avec la po\u00e9sie. Couleurs afro , mais urbaines, empreintes de tumultes, de nuages de poussi\u00e8re. Invitation au voyage, \u00e0 l&#8217;aventure int\u00e9rieure, sans mystique, sans slogan, sensible. Formation Slam, guitare, contrebasse, saxophone, percussions www.myspace.com\/blmsilex<\/p>\n<h3>ELECTRONS LIBRES ( Besan\u00e7on):<\/h3>\n<p>Munis de micros et de leur mpc, les 2 mc-beatmakers bisontins (Zo et Miqi Holidey) nous d\u00e9voileront notamment leurs quelques secrets de fabrication\u2026 http:\/\/www.myspace.com\/elibres<\/p>\n<h3>STINK BOMB KREW (Besan\u00e7on)<\/h3>\n<p>Stink bomb krew est un collectif d&#8217;artistes ind\u00e9pendants (graffeurs, graphistes, illustrateurs\u2026) qui a pour membres(sans jeu de mot douteux)ton humble serviteur Mick aka Stinkboy aka Bo-Mahley , Wil aka Will-one aka Ofusk , Kool-Karlos aka kooly aka Nooddle , et enfin de DJ Naze aka Nano http:\/\/www.myspace.com\/stinkbombkrew<\/p>\n<h3>KASLARYM (Dijon)<\/h3>\n<p>Collectif slam compos\u00e9 de : Kader&#8230;=Slam, Th\u00e9atre, Rap, Impro, Collectif 6, Tronches de vies&#8230;  * Slamy&#8230;=Th\u00e9atre, Slam, Impro, Soul, Funk, crooner&#8230;  * Dr Larry&#8230;=URBAN&#8230;., Impro, Rap, Slam, HipHop, selecta-vinyls, Beat-Box, bi\u00e8res! http:\/\/www.myspace.com\/kaslarym<\/p>\n<h3>COMPAGNIE KEICHAD (Besan\u00e7on)<\/h3>\n<p>La compagnie KEICHAD est n\u00e9e en 2003. Elle se veut une passerelle entre culture classique et culture urbaine. Forte de nombreuses cr\u00e9ations, elle \u00e9volue sur des terrains de jeu tels que le corps,  les mots, leur musique et leur force. http:\/\/www.myspace.com\/keichad<\/p>\n<h3>NAIM BORNAZ (Martigues )<\/h3>\n<p>Na\u00efm BORNAZ, alias L&#8217;1consolable (son nom de sc\u00e8ne), est pratiquant du parkour (ou art du d\u00e9placement) depuis 2005, discipline artistique et sportive qui fait du corps un outil de d\u00e9placement aussi efficient que possible, et de l&#8217;environnement (naturel ou urbain) son terrain de jeu.Il est par ailleurs rappeur et beatmaker (compositeur musical) depuis plus de 10 ans.Il retrouve dans ces deux disciplines (le parkour, comme le rap) la possibilit\u00e9 de questionner la notion d&#8217;espace public, de la creuser en situation, sans d\u00e9lai et sans concessions. http:\/\/tr.youtube.com\/user\/l1consolable<\/p>\n<h3>VOUS-MEME !!!<\/h3>\n<p>Vos points de vue, recherches, mat\u00e9riaux, pratiques\u2026seront soumises \u00e0 contribution !<\/p>\n<h2><span class=\"ez-toc-section\" id=\"19_H\"><\/span>19 H :<span class=\"ez-toc-section-end\"><\/span><\/h2>\n<p>Un temps d\u2019\u00e9valuation \u00e0 chaud sera pr\u00e9vu en fin de journ\u00e9e, le but de cette exp\u00e9rimentation \u00e9tant de produire de la connaissance sur les enjeux port\u00e9s par  cette nouvelle g\u00e9n\u00e9ration d\u2019acteurs-chercheurs, artistes laboureurs, artisans sociaux de la culture, habitants cr\u00e9ateurs d\u2019espaces. Petite restauration, buvette et b\u0153uf interdisciplinaire permettront de poursuivre le d\u00e9but de soir\u00e9e dans un cadre convivial<\/p>\n","protected":false},"excerpt":{"rendered":"<p>DES 14H AU KURSAAL, PLACE DU THEATRE, 25000 BESANCON, GRATUIT Les journ\u00e9es Interstice, lanc\u00e9es l\u2019an dernier \u00e0 Besan\u00e7on lors du F.E.U (avril 2008), se sont renouvel\u00e9es depuis \u00e0 Paris et Tulle. Le principe reste le m\u00eame : Sortir des logiques \u00e9v\u00e9nementielles traditionnelles qui instaurent un rapport sc\u00e8ne- public, et favoriser plut\u00f4t un espace alliant l\u2019\u00e9change, [&#8230;]<\/p>\n","protected":false},"author":1,"featured_media":0,"comment_status":"open","ping_status":"open","sticky":false,"template":"","format":"standard","meta":{"h5ap_radio_sources":[],"jetpack_post_was_ever_published":false,"_jetpack_newsletter_access":"","_jetpack_dont_email_post_to_subs":false,"_jetpack_newsletter_tier_id":0,"_jetpack_memberships_contains_paywalled_content":false,"_jetpack_memberships_contains_paid_content":false,"footnotes":"","jetpack_publicize_message":"","jetpack_publicize_feature_enabled":true,"jetpack_social_post_already_shared":false,"jetpack_social_options":{"image_generator_settings":{"template":"highway","default_image_id":0,"font":"","enabled":false},"version":2},"_links_to":"","_links_to_target":""},"categories":[3],"tags":[41,53,84],"class_list":["post-54","post","type-post","status-publish","format-standard","hentry","category-intervention","tag-espace-public","tag-innovation-sociale","tag-sciences-sociales"],"jetpack_publicize_connections":[],"jetpack_featured_media_url":"","jetpack_sharing_enabled":true,"jetpack_shortlink":"https:\/\/wp.me\/p2QGRI-S","post_mailing_queue_ids":[],"_links":{"self":[{"href":"https:\/\/recherche-action.fr\/hugues-bazin\/wp-json\/wp\/v2\/posts\/54","targetHints":{"allow":["GET"]}}],"collection":[{"href":"https:\/\/recherche-action.fr\/hugues-bazin\/wp-json\/wp\/v2\/posts"}],"about":[{"href":"https:\/\/recherche-action.fr\/hugues-bazin\/wp-json\/wp\/v2\/types\/post"}],"author":[{"embeddable":true,"href":"https:\/\/recherche-action.fr\/hugues-bazin\/wp-json\/wp\/v2\/users\/1"}],"replies":[{"embeddable":true,"href":"https:\/\/recherche-action.fr\/hugues-bazin\/wp-json\/wp\/v2\/comments?post=54"}],"version-history":[{"count":0,"href":"https:\/\/recherche-action.fr\/hugues-bazin\/wp-json\/wp\/v2\/posts\/54\/revisions"}],"wp:attachment":[{"href":"https:\/\/recherche-action.fr\/hugues-bazin\/wp-json\/wp\/v2\/media?parent=54"}],"wp:term":[{"taxonomy":"category","embeddable":true,"href":"https:\/\/recherche-action.fr\/hugues-bazin\/wp-json\/wp\/v2\/categories?post=54"},{"taxonomy":"post_tag","embeddable":true,"href":"https:\/\/recherche-action.fr\/hugues-bazin\/wp-json\/wp\/v2\/tags?post=54"}],"curies":[{"name":"wp","href":"https:\/\/api.w.org\/{rel}","templated":true}]}}