{"id":648,"date":"2014-02-18T00:28:04","date_gmt":"2014-02-17T23:28:04","guid":{"rendered":"http:\/\/recherche-action.fr\/hugues-bazin\/?p=648"},"modified":"2014-02-18T00:28:04","modified_gmt":"2014-02-17T23:28:04","slug":"la-fabrique-de-la-ville-a-lepreuve-des-projets-partages-aubervilliers-93","status":"publish","type":"post","link":"https:\/\/recherche-action.fr\/hugues-bazin\/2014\/02\/18\/la-fabrique-de-la-ville-a-lepreuve-des-projets-partages-aubervilliers-93\/","title":{"rendered":"La fabrique de la ville \u00e0 l&rsquo;\u00e9preuve des projets partag\u00e9s (Aubervilliers-93)"},"content":{"rendered":"<p><a href=\"https:\/\/recherche-action.fr\/hugues-bazin\/files\/2014\/02\/1932384_604716349603492_1390402685_n.jpg\"><img fetchpriority=\"high\" decoding=\"async\" class=\"alignright size-medium wp-image-649\" alt=\"1932384_604716349603492_1390402685_n\" src=\"https:\/\/recherche-action.fr\/hugues-bazin\/files\/2014\/02\/1932384_604716349603492_1390402685_n-300x214.jpg\" width=\"300\" height=\"214\" \/><\/a>Rencontre D\u00e9bat<strong> le vendredi 7 mars \u00e0 18h, \u00e0 l&rsquo;Association Fr\u00e8re Poussi\u00e8re, 6 rue des Noyers, Aubervilliers (93)<\/strong><\/p>\n<p>Le master Projets Culturels dans l&rsquo;Espace Public vous convie \u00e0 la 6\u00e8me et avant derni\u00e8re rencontre du <a href=\"http:\/\/masterpcep.over-blog.com\/article-cycle-art-espace-public-2014-122305174.html\" target=\"_blank\">cycle annuel art [espace] public<\/a>.<\/p>\n<p>Au programme ? Une discussion autour de l&rsquo;implication des citoyens dans le processus de fabrication de leur m\u00e9tropole parisienne en compagnie de:<\/p>\n<ul>\n<li>Hugues Bazin, sociologue<\/li>\n<li>Yvan Detraz architecte et directeur du collectif Bruit du Frigo<\/li>\n<li>Anne-Claire Garcia directrice de la d\u00e9marche quartier de la ville de Saint Denis<\/li>\n<li>Marie-Sophie Amasse, responsable de l&rsquo;action culturelle territorialis\u00e9e de la ville de Saint Denis<\/li>\n<\/ul>\n<p>La fabrique de la ville est au carrefour entre trois dynamiques compl\u00e9mentaires : l\u2019am\u00e9nagement urbain, la construction d\u2019une identit\u00e9 territoriale et les synergies qui relient les acteurs d\u2019un territoire. La m\u00e9tropole se confronte \u00e0 l\u2019\u00e9chelle locale dans cette construction. Concertation, interaction, participation, implication\u2026 ces termes r\u00e9v\u00e8lent ce qu\u2019on appelle d\u00e9sormais la gouvernance, entendue comme la volont\u00e9 d\u2019associer au processus de d\u00e9cision tous les acteurs d\u2019un territoire. Par leur d\u00e9marche, les artistes peuvent amener \u00e0 repenser la d\u00e9mocratie locale en favorisant l\u2019implication des habitants, des associations et d\u2019autres acteurs d\u2019un territoire. Dans la fabrique de la ville, la sollicitation des habitants prend une place importante au sein de d\u00e9marches sociales, artistiques ou urbanistiques qui cherchent \u00e0 r\u00e9v\u00e9ler les potentiels pour transformer la ville \u00e0 partir des ressources locales. En effet, qui est susceptible de d\u00e9tenir davantage de connaissances sur un quartier que ses habitants ? Mais alors, quelle d\u00e9marche, quel processus mettre en oeuvre pour une r\u00e9elle efficience de la participation ? En quoi la sollicitation des habitants et des acteurs locaux par les artistes contribue-t-elle \u00e0 faire exister une autre m\u00e9tropole, v\u00e9cue non comme territoire politique, mais comme espace sensible, subjectif et v\u00e9cu ? Dans quelle mesure le fait d\u2019impliquer les habitants sur des projets culturels permet-il de contribuer \u00e0 la fabrique de la ville ? Quelle est la port\u00e9e de cette implication ? En quoi celle-ci peut-elle enrichir un processus ? Comment mettre en place et p\u00e9renniser les dispositifs imagin\u00e9s ? Conf\u00e9rence organis\u00e9e par Justine Dumotier, Romain Arditi et Diaty Diallo. Pour aller plus loin:<\/p>\n<ul>\n<li><a href=\"http:\/\/www.bruitdufrigo.com\/\" target=\"_blank\">http:\/\/www.bruitdufrigo.com\/<\/a><\/li>\n<li><a href=\"https:\/\/recherche-action.fr\/hugues-bazin\/\" target=\"_blank\">https:\/\/recherche-action.fr\/hugues-bazin\/<\/a><\/li>\n<li><a href=\"http:\/\/ville-saint-denis.fr\/jcms\/jcms\/w_6025\/culture\" target=\"_blank\">http:\/\/ville-saint-denis.fr\/jcms\/jcms\/w_6025\/culture<\/a><\/li>\n<\/ul>\n","protected":false},"excerpt":{"rendered":"<p>Rencontre D\u00e9bat le vendredi 7 mars \u00e0 18h, \u00e0 l&rsquo;Association Fr\u00e8re Poussi\u00e8re, 6 rue des Noyers, Aubervilliers (93) Le master Projets Culturels dans l&rsquo;Espace Public vous convie \u00e0 la 6\u00e8me et avant derni\u00e8re rencontre du cycle annuel art [espace] public. Au programme ? Une discussion autour de l&rsquo;implication des citoyens dans &hellip; <\/p>\n","protected":false},"author":1,"featured_media":649,"comment_status":"open","ping_status":"open","sticky":false,"template":"","format":"standard","meta":{"h5ap_radio_sources":[],"jetpack_post_was_ever_published":false,"_jetpack_newsletter_access":"","_jetpack_dont_email_post_to_subs":false,"_jetpack_newsletter_tier_id":0,"_jetpack_memberships_contains_paywalled_content":false,"_jetpack_memberships_contains_paid_content":false,"footnotes":"","jetpack_publicize_message":"","jetpack_publicize_feature_enabled":true,"jetpack_social_post_already_shared":true,"jetpack_social_options":{"image_generator_settings":{"template":"highway","default_image_id":0,"font":"","enabled":false},"version":2},"_links_to":"","_links_to_target":""},"categories":[3],"tags":[5,10,13,25,41,47,52,75,81,87,94,95],"class_list":["post-648","post","type-post","status-publish","format-standard","has-post-thumbnail","hentry","category-intervention","tag-action-culturelle","tag-architecture","tag-atelier-artistique","tag-citoyennete","tag-espace-public","tag-gouvernace","tag-ile-de-france","tag-quartier","tag-rue","tag-territoire","tag-urbanisme","tag-ville"],"jetpack_publicize_connections":[],"jetpack_featured_media_url":"","jetpack_sharing_enabled":true,"jetpack_shortlink":"https:\/\/wp.me\/p2QGRI-as","post_mailing_queue_ids":[],"_links":{"self":[{"href":"https:\/\/recherche-action.fr\/hugues-bazin\/wp-json\/wp\/v2\/posts\/648","targetHints":{"allow":["GET"]}}],"collection":[{"href":"https:\/\/recherche-action.fr\/hugues-bazin\/wp-json\/wp\/v2\/posts"}],"about":[{"href":"https:\/\/recherche-action.fr\/hugues-bazin\/wp-json\/wp\/v2\/types\/post"}],"author":[{"embeddable":true,"href":"https:\/\/recherche-action.fr\/hugues-bazin\/wp-json\/wp\/v2\/users\/1"}],"replies":[{"embeddable":true,"href":"https:\/\/recherche-action.fr\/hugues-bazin\/wp-json\/wp\/v2\/comments?post=648"}],"version-history":[{"count":0,"href":"https:\/\/recherche-action.fr\/hugues-bazin\/wp-json\/wp\/v2\/posts\/648\/revisions"}],"wp:featuredmedia":[{"embeddable":true,"href":"https:\/\/recherche-action.fr\/hugues-bazin\/wp-json\/"}],"wp:attachment":[{"href":"https:\/\/recherche-action.fr\/hugues-bazin\/wp-json\/wp\/v2\/media?parent=648"}],"wp:term":[{"taxonomy":"category","embeddable":true,"href":"https:\/\/recherche-action.fr\/hugues-bazin\/wp-json\/wp\/v2\/categories?post=648"},{"taxonomy":"post_tag","embeddable":true,"href":"https:\/\/recherche-action.fr\/hugues-bazin\/wp-json\/wp\/v2\/tags?post=648"}],"curies":[{"name":"wp","href":"https:\/\/api.w.org\/{rel}","templated":true}]}}