{"id":69,"date":"2008-06-30T00:33:06","date_gmt":"1999-11-29T23:00:00","guid":{"rendered":"http:\/\/recherche-action.fr\/hugues-bazin\/2008\/06\/30\/recherche-action-et-dynamique-de-formation-strasbourg\/"},"modified":"2008-06-30T00:33:06","modified_gmt":"1999-11-29T23:00:00","slug":"recherche-action-et-dynamique-de-formation-strasbourg","status":"publish","type":"post","link":"https:\/\/recherche-action.fr\/hugues-bazin\/2008\/06\/30\/recherche-action-et-dynamique-de-formation-strasbourg\/","title":{"rendered":"Recherche \u2013 Action et dynamique de Formation (Strasbourg)"},"content":{"rendered":"<div id=\"ez-toc-container\" class=\"ez-toc-v2_0_82_2 counter-hierarchy ez-toc-counter ez-toc-transparent ez-toc-container-direction\">\n<div class=\"ez-toc-title-container\">\n<p class=\"ez-toc-title\" style=\"cursor:inherit\">Sommaire<\/p>\n<span class=\"ez-toc-title-toggle\"><\/span><\/div>\n<nav><ul class='ez-toc-list ez-toc-list-level-1 ' ><ul class='ez-toc-list-level-2' ><li class='ez-toc-heading-level-2'><a class=\"ez-toc-link ez-toc-heading-1\" href=\"https:\/\/recherche-action.fr\/hugues-bazin\/2008\/06\/30\/recherche-action-et-dynamique-de-formation-strasbourg\/#Intentions\" >Intentions :<\/a><\/li><\/ul><\/li><li class='ez-toc-page-1 ez-toc-heading-level-1'><a class=\"ez-toc-link ez-toc-heading-2\" href=\"https:\/\/recherche-action.fr\/hugues-bazin\/2008\/06\/30\/recherche-action-et-dynamique-de-formation-strasbourg\/#Participants\" >Participants :<\/a><\/li><li class='ez-toc-page-1 ez-toc-heading-level-1'><a class=\"ez-toc-link ez-toc-heading-3\" href=\"https:\/\/recherche-action.fr\/hugues-bazin\/2008\/06\/30\/recherche-action-et-dynamique-de-formation-strasbourg\/#Organisation\" >Organisation :<\/a><\/li><\/ul><\/nav><\/div>\n<p style=\"text-align:center;font-family:Arial, Helvetica, sans-serif\">Colloque organis\u00e9 Du 30 juin au 01 juillet 2008, \u00e0 Strasbourg,<br \/>\n Dans la Maison Interuniversitaire des Sciences de l\u2019Homme \u2013 Alsace (MISHA),<br \/>\n 5, all\u00e9e du G\u00e9n\u00e9ral Rouvillois, Strasbourg<br \/>\n par Le CEDREA\u00a0 et Le LISEC \/Alsace<\/p>\n<p style=\"text-align:right\"><span style=\"font-size:x-small\">Strasbourg, le 30 juin et le 1er juillet 2008<\/span><\/p>\n<p><span style=\"font-size:x-small\"> <\/span> <span style=\"font-size:large\"><span style=\"color:#cc0000\">Recherche &#8211; Action et dynamique de Formation :<\/span><br \/>\n <span style=\"color:#cc0000\">Espaces, processus et M\u00e9thodes<\/span><\/span><span style=\"font-size:small\"> <\/span><\/p>\n<h2 style=\"font-family:Arial, Helvetica, sans-serif\"><span class=\"ez-toc-section\" id=\"Intentions\"><\/span>Intentions :<span class=\"ez-toc-section-end\"><\/span><\/h2>\n<ol>\n<li><span style=\"font-size:small\"><span style=\"font-weight:bold\"> <\/span>S\u2019interroger sur la nature, la m\u00e9thodologie et la place occup\u00e9e par la Recherche-action dans le champ de la recherche en Sciences Humaines et Sociales :<\/span><span style=\"font-size:small\"> Quels en sont les possibles, peut-on en rep\u00e9rer les faiblesses, mettre en \u00e9vidence une sp\u00e9cificit\u00e9\u2026 mais \u00e9galement en mesurer les effets, l\u2019impact sur les dynamiques de formation, \u00e9valuer les types d\u2019outils utilis\u00e9s.<\/span><span style=\"font-size:small\"><span style=\"font-weight:bold\"> <\/span><\/span><\/li>\n<li><span style=\"font-size:small\"><span style=\"font-weight:bold\"> <\/span>Il s\u2019agit donc de se donner les moyens de partager des connaissances issues <strong>de<\/strong> recherches-actions et <strong>sur<\/strong> la recherche-action, dans le domaine de l\u2019\u00e9ducation et de la formation, en prenant en compte les dynamiques d\u2019\u00e9changes et d\u2019exp\u00e9riences, pour construire des synergies, et cr\u00e9er des liens entre chercheurs-acteurs dans les diff\u00e9rents champs de leur expertise et de leur mobilisation.<\/span><span style=\"font-size:small\"><span style=\"font-weight:bold\"> <\/span><\/span><\/li>\n<li><span style=\"font-size:small\"><span style=\"font-weight:bold\"> <\/span>Mettre en \u00e9vidence l\u2019int\u00e9r\u00eat et l\u2019importance de la Recherche\u2013action comme posture sp\u00e9cifique dans et pour la recherche, ordonn\u00e9e et comprise comme participante de changements [sociaux, culturels] et d\u2019innovations.<\/span><\/li>\n<\/ol>\n<p style=\"font-family:Arial, Helvetica, sans-serif\"><span style=\"font-size:small\"> <\/span><\/p>\n<p style=\"font-family:Arial, Helvetica, sans-serif\"><span style=\"font-size:small\"> <\/span><\/p>\n<p><span style=\"font-family:Arial, Helvetica, sans-serif\"> <\/span><\/p>\n<h1 style=\"font-family:Arial, Helvetica, sans-serif;color:#009900\"><span class=\"ez-toc-section\" id=\"Participants\"><\/span><span style=\"font-size:small\">Participants :<\/span><span class=\"ez-toc-section-end\"><\/span><\/h1>\n<p style=\"font-family:Arial, Helvetica, sans-serif\"><span style=\"font-size:small\"> Ce colloque rassemblera des auteurs de Recherche \u2013 action et quelques personnes invit\u00e9es pour leur comp\u00e9tence et leur int\u00e9r\u00eat pour cet espace de recherche.<\/span><\/p>\n<h1 style=\"font-family:Arial, Helvetica, sans-serif;color:#009900\"><span class=\"ez-toc-section\" id=\"Organisation\"><\/span><span style=\"font-size:small\">Organisation :<\/span><span class=\"ez-toc-section-end\"><\/span><\/h1>\n<p>Nous travaillerons essentiellement en atelier et selon deux configurations :<\/p>\n<ul>\n<li> ateliers de pr\u00e9sentation de recherches-actions :  explicitation et contextualisation, conceptualisation, probl\u00e9matique, m\u00e9thodologie, r\u00e9sultats<\/li>\n<li> ateliers portant sur des th\u00e9matiques transversales :  formation : action, r\u00e9alit\u00e9 per\u00e7ue et changements, socialisation : r\u00f4le des acteurs et des r\u00e9seaux,  accompagnement : \u00e9thique, distance et investissement,  \u00e9ducation : rencontres et confrontations, temporalit\u00e9s : certitudes et incertitudes.<\/li>\n<\/ul>\n","protected":false},"excerpt":{"rendered":"<p>Colloque organis\u00e9 Du 30 juin au 01 juillet 2008, \u00e0 Strasbourg, Dans la Maison Interuniversitaire des Sciences de l\u2019Homme \u2013 Alsace (MISHA), 5, all\u00e9e du G\u00e9n\u00e9ral Rouvillois, Strasbourg par Le CEDREA\u00a0 et Le LISEC \/Alsace Strasbourg, le 30 juin et le 1er juillet 2008 Recherche &#8211; Action et dynamique de Formation : Espaces, processus et [&#8230;]<\/p>\n","protected":false},"author":1,"featured_media":0,"comment_status":"open","ping_status":"open","sticky":false,"template":"","format":"standard","meta":{"h5ap_radio_sources":[],"jetpack_post_was_ever_published":false,"_jetpack_newsletter_access":"","_jetpack_dont_email_post_to_subs":false,"_jetpack_newsletter_tier_id":0,"_jetpack_memberships_contains_paywalled_content":false,"_jetpack_memberships_contains_paid_content":false,"footnotes":"","jetpack_publicize_message":"","jetpack_publicize_feature_enabled":true,"jetpack_social_post_already_shared":false,"jetpack_social_options":{"image_generator_settings":{"template":"highway","default_image_id":0,"font":"","enabled":false},"version":2},"_links_to":"","_links_to_target":""},"categories":[3],"tags":[7],"class_list":["post-69","post","type-post","status-publish","format-standard","hentry","category-intervention","tag-alsace"],"jetpack_publicize_connections":[],"jetpack_featured_media_url":"","jetpack_sharing_enabled":true,"jetpack_shortlink":"https:\/\/wp.me\/p2QGRI-17","post_mailing_queue_ids":[],"_links":{"self":[{"href":"https:\/\/recherche-action.fr\/hugues-bazin\/wp-json\/wp\/v2\/posts\/69","targetHints":{"allow":["GET"]}}],"collection":[{"href":"https:\/\/recherche-action.fr\/hugues-bazin\/wp-json\/wp\/v2\/posts"}],"about":[{"href":"https:\/\/recherche-action.fr\/hugues-bazin\/wp-json\/wp\/v2\/types\/post"}],"author":[{"embeddable":true,"href":"https:\/\/recherche-action.fr\/hugues-bazin\/wp-json\/wp\/v2\/users\/1"}],"replies":[{"embeddable":true,"href":"https:\/\/recherche-action.fr\/hugues-bazin\/wp-json\/wp\/v2\/comments?post=69"}],"version-history":[{"count":0,"href":"https:\/\/recherche-action.fr\/hugues-bazin\/wp-json\/wp\/v2\/posts\/69\/revisions"}],"wp:attachment":[{"href":"https:\/\/recherche-action.fr\/hugues-bazin\/wp-json\/wp\/v2\/media?parent=69"}],"wp:term":[{"taxonomy":"category","embeddable":true,"href":"https:\/\/recherche-action.fr\/hugues-bazin\/wp-json\/wp\/v2\/categories?post=69"},{"taxonomy":"post_tag","embeddable":true,"href":"https:\/\/recherche-action.fr\/hugues-bazin\/wp-json\/wp\/v2\/tags?post=69"}],"curies":[{"name":"wp","href":"https:\/\/api.w.org\/{rel}","templated":true}]}}