{"id":717,"date":"2014-04-11T17:47:14","date_gmt":"2014-04-11T16:47:14","guid":{"rendered":"http:\/\/recherche-action.fr\/hugues-bazin\/?p=717"},"modified":"2014-04-11T17:47:14","modified_gmt":"2014-04-11T16:47:14","slug":"ecritures-collaboratives-en-recherche-action-emergence-dun-chercheur-collectif","status":"publish","type":"post","link":"https:\/\/recherche-action.fr\/hugues-bazin\/2014\/04\/11\/ecritures-collaboratives-en-recherche-action-emergence-dun-chercheur-collectif\/","title":{"rendered":"\u00c9critures collaboratives en recherche-action, \u00e9mergence d\u2019un chercheur collectif"},"content":{"rendered":"<p style=\"text-align: left\">\u00c9crit \u00e0 l&rsquo;occasion d&rsquo;une intervention dans un s\u00e9minaire sur \u00ab \u00c9crire la recherche en travail sanitaire et social \u00bb, ce texte est issu d\u2019un travail collaboratif avec un groupe de travailleurs sociaux du Limousin qui se nomme \u00ab Groupe d\u2019Action Collective \u00bb et qui est engag\u00e9 dans une d\u00e9marche en recherche-action dans le cadre du <a href=\"http:\/\/www.prefass-limousin.fr\/\" target=\"_blank\">PREFASS <\/a>Limousin (P\u00f4le Resource \u00c9tude Formation en Action Sanitaire et Sociale du Limousin ). Il puise \u00e0 la fois dans les contributions des participants et dans l\u2019histoire originale qui assista \u00e0 la cr\u00e9ation du Laboratoire d&rsquo;Innovation Sociale par la Recherche-Action (LISRA).<br \/>\n<a href=\"https:\/\/recherche-action.fr\/hugues-bazin\/files\/2014\/04\/ecriture-TS.jpg\"><img fetchpriority=\"high\" decoding=\"async\" class=\"size-large wp-image-719 aligncenter\" src=\"https:\/\/recherche-action.fr\/hugues-bazin\/files\/2014\/04\/ecriture-TS.jpg\" alt=\"ecriture TS\" width=\"600\" height=\"329\" \/><\/a><\/p>\n<p>Il existe un lien entre \u00e9criture collaborative et \u00e9mergence d\u2019un chercheur collectif. Il n\u2019y a pas en soi d\u2019\u00e9criture \u00ab facile \u00bb ou \u00ab libre \u00bb, mais des \u00e9critures qui facilitent et qui lib\u00e8rent. Le chercheur collectif est un groupe-sujet de recherche d\u00e9passant l\u2019addition des postures socioprofessionnelles pour construire une position collective n\u00e9goci\u00e9e. Le dispositif privil\u00e9gi\u00e9 est l\u2019atelier de recherche-action. C\u2019est en cela que nous construisons une intelligence sociale qui se traduit par la capacit\u00e9 \u00e0 cr\u00e9er des liens in\u00e9dits entre parcours d\u2019exp\u00e9rience et comp\u00e9tences afin de comprendre une situation et r\u00e9soudre des probl\u00e8mes.<\/p>\n<p>Sommaire :<\/p>\n<p>La dimension r\u00e9flexive<br \/>\nLa dimension instituante<br \/>\nLa dimension collaborative<br \/>\nPR\u00c9FASS Limousin<\/p>\n<p>En <a href=\"http:\/\/biblio.recherche-action.fr\/document.php?id=665\" target=\"_blank\">Ligne ici<\/a>.<\/p>\n<p>En t\u00e9l\u00e9chargement :<\/p>\n","protected":false},"excerpt":{"rendered":"<p>\u00c9crit \u00e0 l&rsquo;occasion d&rsquo;une intervention dans un s\u00e9minaire sur \u00ab \u00c9crire la recherche en travail sanitaire et social \u00bb, ce texte est issu d\u2019un travail collaboratif avec un groupe de travailleurs sociaux du Limousin qui se nomme \u00ab Groupe d\u2019Action Collective \u00bb et qui est engag\u00e9 dans une d\u00e9marche en recherche-action &hellip; <\/p>\n","protected":false},"author":1,"featured_media":719,"comment_status":"open","ping_status":"open","sticky":false,"template":"","format":"standard","meta":{"h5ap_radio_sources":[],"jetpack_post_was_ever_published":false,"_jetpack_newsletter_access":"","_jetpack_dont_email_post_to_subs":false,"_jetpack_newsletter_tier_id":0,"_jetpack_memberships_contains_paywalled_content":false,"_jetpack_memberships_contains_paid_content":false,"footnotes":"","jetpack_publicize_message":"","jetpack_publicize_feature_enabled":true,"jetpack_social_post_already_shared":false,"jetpack_social_options":{"image_generator_settings":{"template":"highway","default_image_id":0,"font":"","enabled":false},"version":2},"_links_to":"","_links_to_target":""},"categories":[2],"tags":[14,34,38,43,45,58,84],"class_list":["post-717","post","type-post","status-publish","format-standard","has-post-thumbnail","hentry","category-article","tag-atelier-recherche-action","tag-dynamique-de-groupe","tag-ecriture","tag-experimenation-sociale","tag-formation-action","tag-limousin","tag-sciences-sociales"],"jetpack_publicize_connections":[],"jetpack_featured_media_url":"","jetpack_sharing_enabled":true,"jetpack_shortlink":"https:\/\/wp.me\/p2QGRI-bz","post_mailing_queue_ids":[],"_links":{"self":[{"href":"https:\/\/recherche-action.fr\/hugues-bazin\/wp-json\/wp\/v2\/posts\/717","targetHints":{"allow":["GET"]}}],"collection":[{"href":"https:\/\/recherche-action.fr\/hugues-bazin\/wp-json\/wp\/v2\/posts"}],"about":[{"href":"https:\/\/recherche-action.fr\/hugues-bazin\/wp-json\/wp\/v2\/types\/post"}],"author":[{"embeddable":true,"href":"https:\/\/recherche-action.fr\/hugues-bazin\/wp-json\/wp\/v2\/users\/1"}],"replies":[{"embeddable":true,"href":"https:\/\/recherche-action.fr\/hugues-bazin\/wp-json\/wp\/v2\/comments?post=717"}],"version-history":[{"count":0,"href":"https:\/\/recherche-action.fr\/hugues-bazin\/wp-json\/wp\/v2\/posts\/717\/revisions"}],"wp:featuredmedia":[{"embeddable":true,"href":"https:\/\/recherche-action.fr\/hugues-bazin\/wp-json\/"}],"wp:attachment":[{"href":"https:\/\/recherche-action.fr\/hugues-bazin\/wp-json\/wp\/v2\/media?parent=717"}],"wp:term":[{"taxonomy":"category","embeddable":true,"href":"https:\/\/recherche-action.fr\/hugues-bazin\/wp-json\/wp\/v2\/categories?post=717"},{"taxonomy":"post_tag","embeddable":true,"href":"https:\/\/recherche-action.fr\/hugues-bazin\/wp-json\/wp\/v2\/tags?post=717"}],"curies":[{"name":"wp","href":"https:\/\/api.w.org\/{rel}","templated":true}]}}