{"id":75,"date":"2008-01-10T01:18:45","date_gmt":"1999-11-29T23:00:00","guid":{"rendered":"http:\/\/recherche-action.fr\/hugues-bazin\/2008\/01\/10\/place-des-cultures-urbaines-et-cultures-du-monde-villeurbanne\/"},"modified":"2008-01-10T01:18:45","modified_gmt":"1999-11-29T23:00:00","slug":"place-des-cultures-urbaines-et-cultures-du-monde-villeurbanne","status":"publish","type":"post","link":"https:\/\/recherche-action.fr\/hugues-bazin\/2008\/01\/10\/place-des-cultures-urbaines-et-cultures-du-monde-villeurbanne\/","title":{"rendered":"Place des cultures urbaines et cultures du monde (Villeurbanne)"},"content":{"rendered":"<p>[<a href=\"http:\/\/biblio.recherche-action.fr\/document.php?id=519\" target=\"_blank\"><span style=\"color:#ff6600\">Texte d&rsquo;intervention<\/span><\/a>]<\/p>\n<p>Le CCO Jean-Pierre Lachaize organise le jeudi 10 janvier 2008, au Th\u00e9\u00e2tre National Populaire de Villeurbanne, une journ\u00e9e-rencontres sur :<\/p>\n<p>Quelle place pour les cultures urbaines et les cultures du monde ?<\/p>\n<p>&#8220;Rendre visible et accompagner les expressions de la diversit\u00e9 culturelle \u00e0 travers les parcours artistiques en Rh\u00f4ne-Alpes, l&#8217;exemple des cultures urbaines et du monde &#8220;<\/p>\n<p>Cette journ\u00e9e fait suite \u00e0 une \u00e9tude-enqu\u00eate de terrain qui a permis de mettre en lumi\u00e8re des dynamiques pr\u00e9sentes en Rh\u00f4ne-Alpes oeuvrant \u00e0 l&#8217;accompagnement et \u00e0 la promotion d&#8217;artistes et de groupes des cultures urbaines et du monde.<br \/>\n Une occasion pour identifier les freins et les leviers permettant une meilleure circulation de ces artistes et de leurs productions.<\/p>\n<p>Programme de 9h00 \u00e0 17h00 :<br \/>\n En matin\u00e9e : une pr\u00e9sentation des enjeux et du travail d&#8217;enqu\u00eate, t\u00e9moignages et prise de recul.<br \/>\n \/ Buffet &amp; ponctuations artistiques \/<br \/>\n En apr\u00e8s midi, deux ateliers de travail th\u00e9matiques :<br \/>\n n\u00b01 :\u00a0 La diffusion : l&#8217;identification des maillons de la cha\u00eene et la mise en r\u00e9seau.<br \/>\n n\u00b02 : L&#8217;accompagnement artistique et administratif des groupes : du rep\u00e9rage au promotionnel.<\/p>\n<p>Cette journ\u00e9e s&#8217;inscrit dans une dynamique d&#8217;acteurs et vise \u00e0 renforcer un cadre \u00e0 la structuration du secteur. Elle est \u00e0 destination des acteurs des cultures urbaines et du monde : artistes, responsables de secteur, repr\u00e9sentants de structures d&#8217;accompagnement, de lieux de diffusion, de festivals, labels, services culturels, responsables institutionnels\u2026.<\/p>\n","protected":false},"excerpt":{"rendered":"<p>[Texte d&rsquo;intervention] Le CCO Jean-Pierre Lachaize organise le jeudi 10 janvier 2008, au Th\u00e9\u00e2tre National Populaire de Villeurbanne, une journ\u00e9e-rencontres sur : Quelle place pour les cultures urbaines et les cultures du monde ? &#8220;Rendre visible et accompagner les expressions de la diversit\u00e9 culturelle \u00e0 travers les parcours artistiques en Rh\u00f4ne-Alpes, l&#8217;exemple des cultures urbaines [&#8230;]<\/p>\n","protected":false},"author":1,"featured_media":0,"comment_status":"open","ping_status":"open","sticky":false,"template":"","format":"standard","meta":{"h5ap_radio_sources":[],"jetpack_post_was_ever_published":false,"_jetpack_newsletter_access":"","_jetpack_dont_email_post_to_subs":false,"_jetpack_newsletter_tier_id":0,"_jetpack_memberships_contains_paywalled_content":false,"_jetpack_memberships_contains_paid_content":false,"footnotes":"","jetpack_publicize_message":"","jetpack_publicize_feature_enabled":true,"jetpack_social_post_already_shared":false,"jetpack_social_options":{"image_generator_settings":{"template":"highway","default_image_id":0,"font":"","enabled":false},"version":2},"_links_to":"","_links_to_target":""},"categories":[3],"tags":[29,33,80,88,95],"class_list":["post-75","post","type-post","status-publish","format-standard","hentry","category-intervention","tag-cultures-urbaines","tag-diversite-culturelle","tag-rhone-alpes","tag-theatre","tag-ville"],"jetpack_publicize_connections":[],"jetpack_featured_media_url":"","jetpack_sharing_enabled":true,"jetpack_shortlink":"https:\/\/wp.me\/p2QGRI-1d","post_mailing_queue_ids":[],"_links":{"self":[{"href":"https:\/\/recherche-action.fr\/hugues-bazin\/wp-json\/wp\/v2\/posts\/75","targetHints":{"allow":["GET"]}}],"collection":[{"href":"https:\/\/recherche-action.fr\/hugues-bazin\/wp-json\/wp\/v2\/posts"}],"about":[{"href":"https:\/\/recherche-action.fr\/hugues-bazin\/wp-json\/wp\/v2\/types\/post"}],"author":[{"embeddable":true,"href":"https:\/\/recherche-action.fr\/hugues-bazin\/wp-json\/wp\/v2\/users\/1"}],"replies":[{"embeddable":true,"href":"https:\/\/recherche-action.fr\/hugues-bazin\/wp-json\/wp\/v2\/comments?post=75"}],"version-history":[{"count":0,"href":"https:\/\/recherche-action.fr\/hugues-bazin\/wp-json\/wp\/v2\/posts\/75\/revisions"}],"wp:attachment":[{"href":"https:\/\/recherche-action.fr\/hugues-bazin\/wp-json\/wp\/v2\/media?parent=75"}],"wp:term":[{"taxonomy":"category","embeddable":true,"href":"https:\/\/recherche-action.fr\/hugues-bazin\/wp-json\/wp\/v2\/categories?post=75"},{"taxonomy":"post_tag","embeddable":true,"href":"https:\/\/recherche-action.fr\/hugues-bazin\/wp-json\/wp\/v2\/tags?post=75"}],"curies":[{"name":"wp","href":"https:\/\/api.w.org\/{rel}","templated":true}]}}