{"id":876,"date":"2014-12-10T19:03:34","date_gmt":"2014-12-10T18:03:34","guid":{"rendered":"http:\/\/recherche-action.fr\/hugues-bazin\/?p=876"},"modified":"2014-12-10T19:03:34","modified_gmt":"2014-12-10T18:03:34","slug":"ecriture-de-soi-et-travail-social","status":"publish","type":"post","link":"https:\/\/recherche-action.fr\/hugues-bazin\/2014\/12\/10\/ecriture-de-soi-et-travail-social\/","title":{"rendered":"\u00c9criture de soi et travail social"},"content":{"rendered":"<p><a href=\"https:\/\/recherche-action.fr\/hugues-bazin\/files\/2014\/12\/ecriture-TS.jpg\"><img decoding=\"async\" class=\"alignleft size-thumbnail wp-image-877\" src=\"https:\/\/recherche-action.fr\/hugues-bazin\/files\/2014\/12\/ecriture-TS-150x150.jpg\" alt=\"ecriture-TS\" width=\"150\" height=\"150\" \/><\/a>Le r\u00f4le de l\u2019\u00e9criture n\u2019est pas anodin quand l\u2019implication en soci\u00e9t\u00e9 est le c\u0153ur de m\u00e9tier. C\u2018est un \u00e9quilibre toujours renouvel\u00e9 entre dimensions techniciennes et existentielles. Le travailleur social peut ne plus subir, mais assumer et affirmer sa position de \u00ab passeur de fronti\u00e8res \u00bb \u00e0 l\u2019intersection du politique, du social et du scientifique. Nous pouvons ainsi imaginer une \u00e9criture qui pose un acte collectif au service de l\u2019intervention sociale entre professionnels et \u00ab usagers-citoyens \u00bb.<\/p>\n<p>&nbsp;<\/p>\n<p>Table des mati\u00e8res:<\/p>\n<ul>\n<li>\u00c9crire ou ne pas \u00e9crire ?<\/li>\n<li>N\u00e9gocier une posture d\u2019auteur<\/li>\n<\/ul>\n<p><a href=\"http:\/\/biblio.recherche-action.fr\/document.php?id=678\" target=\"_blank\">Version int\u00e9grale en ligne<\/a><\/p>\n<p>Une version courte sera publi\u00e9e d\u00e9but 2015 dans le dossier \u00ab\u00a0Ecriture professionnelle\u00a0\u00bb des <a href=\"http:\/\/librairie.cahiers-pedagogiques.com\/\" target=\"_blank\">Cahiers p\u00e9dagogiques<\/a>.<\/p>\n","protected":false},"excerpt":{"rendered":"<p>Le r\u00f4le de l\u2019\u00e9criture n\u2019est pas anodin quand l\u2019implication en soci\u00e9t\u00e9 est le c\u0153ur de m\u00e9tier. C\u2018est un \u00e9quilibre toujours renouvel\u00e9 entre dimensions techniciennes et existentielles. Le travailleur social peut ne plus subir, mais assumer et affirmer sa position de \u00ab passeur de fronti\u00e8res \u00bb \u00e0 l\u2019intersection du politique, du social &hellip; <\/p>\n","protected":false},"author":1,"featured_media":877,"comment_status":"open","ping_status":"open","sticky":false,"template":"","format":"standard","meta":{"h5ap_radio_sources":[],"jetpack_post_was_ever_published":false,"_jetpack_newsletter_access":"","_jetpack_dont_email_post_to_subs":false,"_jetpack_newsletter_tier_id":0,"_jetpack_memberships_contains_paywalled_content":false,"_jetpack_memberships_contains_paid_content":false,"footnotes":"","jetpack_publicize_message":"","jetpack_publicize_feature_enabled":true,"jetpack_social_post_already_shared":true,"jetpack_social_options":{"image_generator_settings":{"template":"highway","default_image_id":0,"font":"","enabled":false},"version":2},"_links_to":"","_links_to_target":""},"categories":[2],"tags":[38,93],"class_list":["post-876","post","type-post","status-publish","format-standard","has-post-thumbnail","hentry","category-article","tag-ecriture","tag-travail-social"],"jetpack_publicize_connections":[],"jetpack_featured_media_url":"","jetpack_sharing_enabled":true,"jetpack_shortlink":"https:\/\/wp.me\/p2QGRI-e8","post_mailing_queue_ids":[],"_links":{"self":[{"href":"https:\/\/recherche-action.fr\/hugues-bazin\/wp-json\/wp\/v2\/posts\/876","targetHints":{"allow":["GET"]}}],"collection":[{"href":"https:\/\/recherche-action.fr\/hugues-bazin\/wp-json\/wp\/v2\/posts"}],"about":[{"href":"https:\/\/recherche-action.fr\/hugues-bazin\/wp-json\/wp\/v2\/types\/post"}],"author":[{"embeddable":true,"href":"https:\/\/recherche-action.fr\/hugues-bazin\/wp-json\/wp\/v2\/users\/1"}],"replies":[{"embeddable":true,"href":"https:\/\/recherche-action.fr\/hugues-bazin\/wp-json\/wp\/v2\/comments?post=876"}],"version-history":[{"count":0,"href":"https:\/\/recherche-action.fr\/hugues-bazin\/wp-json\/wp\/v2\/posts\/876\/revisions"}],"wp:featuredmedia":[{"embeddable":true,"href":"https:\/\/recherche-action.fr\/hugues-bazin\/wp-json\/"}],"wp:attachment":[{"href":"https:\/\/recherche-action.fr\/hugues-bazin\/wp-json\/wp\/v2\/media?parent=876"}],"wp:term":[{"taxonomy":"category","embeddable":true,"href":"https:\/\/recherche-action.fr\/hugues-bazin\/wp-json\/wp\/v2\/categories?post=876"},{"taxonomy":"post_tag","embeddable":true,"href":"https:\/\/recherche-action.fr\/hugues-bazin\/wp-json\/wp\/v2\/tags?post=876"}],"curies":[{"name":"wp","href":"https:\/\/api.w.org\/{rel}","templated":true}]}}