{"id":95,"date":"2006-03-21T03:10:51","date_gmt":"1999-11-29T23:00:00","guid":{"rendered":"http:\/\/recherche-action.fr\/hugues-bazin\/2006\/03\/21\/desirs-de-ville-et-construction-de-soi-vitry-94\/"},"modified":"2006-03-21T03:10:51","modified_gmt":"1999-11-29T23:00:00","slug":"desirs-de-ville-et-construction-de-soi-vitry-94","status":"publish","type":"post","link":"https:\/\/recherche-action.fr\/hugues-bazin\/2006\/03\/21\/desirs-de-ville-et-construction-de-soi-vitry-94\/","title":{"rendered":"D\u00e9sirs de ville et construction de soi (Vitry \u2013 94)"},"content":{"rendered":"<p>\nCULTURES EN VILLES<\/p>\n<p>D\u00e9sirs de ville et construction de soi<\/p>\n<p>\nProjet de programme du colloque<\/p>\n<p>Mardi 21 et mercredi 22 Mars 2006<\/p>\n<p>au MAC\/VAL, mus\u00e9e d\u2019art contemporain du Val-de-Marne,<br \/>\nPlace de la Lib\u00e9ration \u2022 Vitry-sur-Seine<br \/>\n_______________________________________<\/p>\n<p>Avant-propos<\/p>\n<p>Ce colloque est construit \u00e0 partir de recherches du programme interminist\u00e9riel \u00ab cultures, villes et dynamiques sociales \u00bb et notamment de celles issues de la derni\u00e8re consultation \u00ab apprentissages, transmission et cr\u00e9ativit\u00e9 de la ville et dans la ville \u00bb, dont l\u2019ouvrage de r\u00e9f\u00e9rence est Des cultures et des villes, m\u00e9moires au futur, paru aux \u00e9ditions de l\u2019Aube en 2005, sous la direction d\u2019Andr\u00e9 Bruston, pr\u00e9sident du Comit\u00e9 scientifique du programme. <br \/>\nCe colloque cl\u00f4t une \u00e9tape de la recherche et vise \u00e0 partager les principales avanc\u00e9es d\u2019un processus qui s\u2019est voulu interminist\u00e9riel et interdisciplinaire. Au moment o\u00f9 l\u2019on peut s\u2019interroger sur ce qui fait encore lien dans nos villes et ce que pourraient apporter \u00e0 l\u2019action publique les connaissances et pistes d\u00e9gag\u00e9es par le milieu scientifique , il a \u00e9galement pour ambition de mettre \u00e0 jour le d\u00e9placement des objets d\u2019analyse et le renouvellement des interpellations faites aux acteurs urbains, sociaux, culturels, m\u00e9diatiques et politiques. C\u2019est un enjeu majeur des ann\u00e9es qui viennent tant sur le plan de la politique de la recherche sur les villes que sur les actions prioritaires \u00e0 conduire en mati\u00e8re de politiques publiques.<\/p>\n<p>D\u2019o\u00f9 le programme de ces deux journ\u00e9es, qui s\u2019efforceront de mettre en dialogue les propos des chercheurs avec des professionnels et acteurs de la ville.<br \/>\nComme son titre \u00ab D\u00e9sirs de ville et construction de soi \u00bb l\u2019indique, c\u2019est bien la dimension culturelle, qui traverse toutes les activit\u00e9s humaines, qui sera l\u2019analyseur des diff\u00e9rentes approches propos\u00e9es. <br \/>\nBien que d\u00e9coup\u00e9es en s\u00e9quences, les th\u00e9matiques sont articul\u00e9es \u00e0 un m\u00eame fil qui d\u00e9bouchera sur une interrogation et un commentaire des \u00e9lus, tant sur la dimension culturelle de leurs diverses actions urbaines que sur la dimension urbaine de leurs politiques culturelles et sociales.<\/p>\n<p>\nCe colloque est organis\u00e9 par le Programme interminist\u00e9riel de recherche Cultures, villes et dynamiques sociales.<br \/>\nPartenaires du programme : minist\u00e8re de la culture et de la communication \/ mission de la recherche et de la technologie ; minist\u00e8re des transports, de l\u2019\u00e9quipement, du tourisme et de la mer \/ Plan urbanisme construction architecture (PUCA) ; Institut national de la jeunesse et de l\u2019\u00e9ducation populaire (INJEP) ; d\u00e9l\u00e9gation interminist\u00e9rielle \u00e0 la ville (DIV) ; fonds d\u2019action et de soutien pour l\u2019int\u00e9gration et la lutte contre les discriminations (FASILD).<\/p>\n<p>\nCultures en ville<br \/>\nD\u00e9sirs de ville et construction de soi<\/p>\n<p>_____________________________________________________________________<br \/>\nMardi 21 mars \u00ab Je, tu, nous et les autres \u00bb<\/p>\n<p>\n\u2022 Matin\u00e9e <br \/>\n9h00\u00a0\u00a0 \u00a0Accueil des participant-e-s<br \/>\n9h30\u00a0\u00a0 \u00a0Ouverture Alexia Fabre, conservateur en chef du Mus\u00e9e <br \/>\n9h45\u00a0\u00a0 \u00a0Introduction sur le propos du colloque, Fran\u00e7ois M\u00e9nard, <br \/>\nD\u00e9l\u00e9gation interminist\u00e9rielle \u00e0 la ville (DIV)<\/p>\n<p> \u00ab Pratiques artistiques et urbaines \u00bb<br \/>\n10h00\u00a0\u00a0 \u00a0S\u00e9ance anim\u00e9e par Claude Rouot, Minist\u00e8re de la culture et de la communication, <br \/>\nmission recherche et technologie<br \/>\navec<br \/>\nSt\u00e9phanie Pryen, CLERSE\/IFRESI, Universit\u00e9 Lille 3, \u00ab Enjeux et paradoxes des actions artistiques \u00e0 vis\u00e9es sociales \u00bb<br \/>\nVirginie Milliot, Universit\u00e9 Paris 10, \u00ab Sorties de quartier. Regards crois\u00e9s sur quelques trajectoires exemplaires \u00bb<br \/>\nChristian Guinchard, Universit\u00e9 de Haute-Alsace, \u00ab Inter\/visibilit\u00e9 en milieu urbain \u00bb<br \/>\nDiscutant : Jean-Fran\u00e7ois Augoyard, CRESSON \u00c9cole d\u2019architecture de Grenoble<br \/>\nD\u00e9bat<\/p>\n<p>\n\u2022 Apr\u00e8s-midi \u00ab D\u2019ici et d&#8217;ailleurs \u00bb<\/p>\n<p>14h30\u00a0\u00a0 \u00a0Introduction, Patrick Simon, INED<br \/>\n14h45\u00a0\u00a0 \u00a0S\u00e9ance anim\u00e9e par Andr\u00e9 Bruston, pr\u00e9sident du programme de recherche Cultures, villes et dynamiques sociales<br \/>\navec<br \/>\nPascal Blanchard, ACHAC, \u00ab La fracture coloniale \u00e0 l\u2019aune des enjeux d\u2019int\u00e9gration et de citoyennet\u00e9 \u00bb<br \/>\nAhmed Boubeker, Universit\u00e9 de Metz, \u00ab La ville de l\u2019immigration ext\u00e9rieure \u00bb<br \/>\nGenevi\u00e8ve Zo\u00efa, IUFM de Montpellier, \u00ab \u00c9migrer en France \u00e0 l\u2019\u00e2ge du coll\u00e8ge \u00bb<br \/>\nDiscutant : Patrick Simon<br \/>\nD\u00e9bat<\/p>\n<p>16h15\u00a0\u00a0 \u00a0Table ronde \u00ab La soci\u00e9t\u00e9 civile et les savoirs \u00bb<br \/>\navec Hugues Bazin, chercheur ind\u00e9pendant ; Laurence Mayeur, FASILD ;\u00a0 Marie Poinsot, Cit\u00e9 nationale de l\u2019histoire de l\u2019immigration (CNHI) ; Alain Battegay, ARIESE, Universit\u00e9 Lyon 2<\/p>\n<p>17h00\u00a0\u00a0 \u00a0Diversit\u00e9 culturelle, diversit\u00e9 urbaine : \u00e9changes autour d&#8217;un verre<br \/>\navec Alain Audoubert, maire de Vitry-sur-Seine ; Chantal Dahan, INJEP, minist\u00e8re de la jeunesse, des sports et de la vie associative ; Ann Dahlstr\u00f6m, conseil g\u00e9n\u00e9ral du Val-de-Marne ; Mich\u00e8le Tilmont, secr\u00e9taire permanente du PUCA, minist\u00e8re de l\u2019\u00e9quipement ; Jean-Fran\u00e7ois Chaintreau, minist\u00e8re de la culture et de la communication, d\u00e9l\u00e9gation au d\u00e9veloppement et aux affaires internationales<\/p>\n<p>18h00\u00a0\u00a0 \u00a0Visite du Mus\u00e9e<\/p>\n<p>19h00\u00a0\u00a0 \u00a0Retour organis\u00e9 en bus vers Paris.<\/p>\n<p>\n_______________________________________________________________________________<br \/>\nmercredi 22 mars \u00ab Liens et lieux \u00bb<\/p>\n<p>\n\u2022 Matin\u00e9e \u00ab Trajectoires en devenir \u00bb<\/p>\n<p> 9h30\u00a0\u00a0 \u00a0Introduction, Fran\u00e7oise Navez-Bouchanine, UMR LOUEST, Laboratoire CRH\/CRESSAC<br \/>\n 9h45\u00a0\u00a0 \u00a0S\u00e9ance anim\u00e9e par Chantal de Linares, INJEP <br \/>\navec :<br \/>\nVincent Meyer et Jacques Walter, Universit\u00e9 Paul Verlaine, Metz, \u00ab Logiques de comm\u00e9moration et m\u00e9moires \u00e0 l\u2019\u0153uvre \u00bb<br \/>\nLaurent Devisme, LAUA \u00c9cole d\u2019architecture de Nantes, \u00ab Liens aux lieux dans l\u2019entre ville \u00bb <br \/>\nRenaud Epstein, Centre d&#8217;analyse des politiques territoriales, \u00ab Cr\u00e9ation de la ville \u00e9clat\u00e9e, la rave \u00bb<br \/>\nJ\u00e9r\u00f4me Boissonade, Universit\u00e9 du Littoral C\u00f4te d\u2019Opale (ULCO), \u00ab Cultures territoriales des rassemblements de jeunes et action publique \u00bb <br \/>\nGilles Suzanne, Transverscit\u00e9, \u00ab Sous les activit\u00e9s li\u00e9es \u00e0 la musique, images urbaines en construction et nouvelles territorialit\u00e9s \u00bb <br \/>\nDiscussion et synth\u00e8se : Fran\u00e7oise Navez-Bouchanine<\/p>\n<p>\u2022 Apr\u00e8s-midi \u00ab La ville investie \/ r\u00e9investie \u00bb<\/p>\n<p>\n14h00\u00a0\u00a0 \u00a0introduction, Fran\u00e7ois Geindre, \u00c9cole d\u2019architecture de Paris Val de Seine <br \/>\n14h15\u00a0\u00a0 \u00a0S\u00e9ance anim\u00e9e par Michelle Sustrac (PUCA)<br \/>\nAvec :<br \/>\nMarcele Trigueiro de Araujo et Jean-Yves Toussaint INSA Lyon, \u00ab La ville &#8220;d\u00e9sir\u00e9e&#8221; comme une &#8220;offre&#8221; en urbanit\u00e9. Le cas des espaces publics dans le cadre du renouvellement urbain des Minguettes \u00bb<br \/>\nAnne-Marie Giffo-Levasseur et Bernard Vrignon, CESUR Nantes, \u00ab Production de l\u2019aspiration \u00e0 la ville \u00bb<br \/>\nFabrice Raffin, S.E.A Europe, \u00ab Pluralit\u00e9 culturelle et pluralit\u00e9 des territoires urbains : des interactions complexes \u00bb<br \/>\nDiscutant : Fran\u00e7ois Geindre<\/p>\n<p>16h30\u00a0\u00a0 \u00a0Table ronde avec \u00e9lus et professionnels (en cours d\u2019\u00e9laboration)<\/p>\n<p>17h30\u00a0\u00a0 \u00a0Propos conclusif \u00ab La recherche et la fabrication de la ville \u00bb, Andr\u00e9 Bruston<\/p><\/p>\n","protected":false},"excerpt":{"rendered":"<p>CULTURES EN VILLES D\u00e9sirs de ville et construction de soi Projet de programme du colloque Mardi 21 et mercredi 22 Mars 2006 au MAC\/VAL, mus\u00e9e d\u2019art contemporain du Val-de-Marne, Place de la Lib\u00e9ration \u2022 Vitry-sur-Seine _______________________________________ Avant-propos Ce colloque est construit \u00e0 partir de recherches du programme interminist\u00e9riel \u00ab cultures, villes et dynamiques sociales \u00bb [&#8230;]<\/p>\n","protected":false},"author":1,"featured_media":0,"comment_status":"open","ping_status":"open","sticky":false,"template":"","format":"standard","meta":{"h5ap_radio_sources":[],"jetpack_post_was_ever_published":false,"_jetpack_newsletter_access":"","_jetpack_dont_email_post_to_subs":false,"_jetpack_newsletter_tier_id":0,"_jetpack_memberships_contains_paywalled_content":false,"_jetpack_memberships_contains_paid_content":false,"footnotes":"","jetpack_publicize_message":"","jetpack_publicize_feature_enabled":true,"jetpack_social_post_already_shared":false,"jetpack_social_options":{"image_generator_settings":{"template":"highway","default_image_id":0,"font":"","enabled":false},"version":2},"_links_to":"","_links_to_target":""},"categories":[3],"tags":[7,10,25,33,56,75,87,94,95],"class_list":["post-95","post","type-post","status-publish","format-standard","hentry","category-intervention","tag-alsace","tag-architecture","tag-citoyennete","tag-diversite-culturelle","tag-jeunesse","tag-quartier","tag-territoire","tag-urbanisme","tag-ville"],"jetpack_publicize_connections":[],"jetpack_featured_media_url":"","jetpack_sharing_enabled":true,"jetpack_shortlink":"https:\/\/wp.me\/p2QGRI-1x","post_mailing_queue_ids":[],"_links":{"self":[{"href":"https:\/\/recherche-action.fr\/hugues-bazin\/wp-json\/wp\/v2\/posts\/95","targetHints":{"allow":["GET"]}}],"collection":[{"href":"https:\/\/recherche-action.fr\/hugues-bazin\/wp-json\/wp\/v2\/posts"}],"about":[{"href":"https:\/\/recherche-action.fr\/hugues-bazin\/wp-json\/wp\/v2\/types\/post"}],"author":[{"embeddable":true,"href":"https:\/\/recherche-action.fr\/hugues-bazin\/wp-json\/wp\/v2\/users\/1"}],"replies":[{"embeddable":true,"href":"https:\/\/recherche-action.fr\/hugues-bazin\/wp-json\/wp\/v2\/comments?post=95"}],"version-history":[{"count":0,"href":"https:\/\/recherche-action.fr\/hugues-bazin\/wp-json\/wp\/v2\/posts\/95\/revisions"}],"wp:attachment":[{"href":"https:\/\/recherche-action.fr\/hugues-bazin\/wp-json\/wp\/v2\/media?parent=95"}],"wp:term":[{"taxonomy":"category","embeddable":true,"href":"https:\/\/recherche-action.fr\/hugues-bazin\/wp-json\/wp\/v2\/categories?post=95"},{"taxonomy":"post_tag","embeddable":true,"href":"https:\/\/recherche-action.fr\/hugues-bazin\/wp-json\/wp\/v2\/tags?post=95"}],"curies":[{"name":"wp","href":"https:\/\/api.w.org\/{rel}","templated":true}]}}