{"id":98,"date":"2005-12-03T03:25:32","date_gmt":"1999-11-29T23:00:00","guid":{"rendered":"http:\/\/recherche-action.fr\/hugues-bazin\/2005\/12\/03\/rencontres-pour-la-culture-saint-ouen-93\/"},"modified":"2005-12-03T03:25:32","modified_gmt":"1999-11-29T23:00:00","slug":"rencontres-pour-la-culture-saint-ouen-93","status":"publish","type":"post","link":"https:\/\/recherche-action.fr\/hugues-bazin\/2005\/12\/03\/rencontres-pour-la-culture-saint-ouen-93\/","title":{"rendered":"Rencontres pour la culture (Saint-Ouen \u2013 93)"},"content":{"rendered":"<p>Rencontres pour la culture \u00e0 Saint-Ouen<br \/>\nSamedi 3 d\u00e9cembre 2005<\/p>\n<p>\nProgramme :<\/p>\n<p>9 h 00 Accueil<br \/>\n9 h 30 D\u00e9but des Rencontres pour la culture \u00e0 Saint-Ouen, <br \/>\nintroduction de Eric Hervieu, Conseiller municipal d\u00e9l\u00e9gu\u00e9 \u00e0 la culture<br \/>\n10 h 00 Le projet culturel \u00e0 Saint-Ouen, <br \/>\nMarion Druart, Directrice de l\u2019action culturelle<br \/>\n10 h 30 Compte rendu de l\u2019Etude des relations de la population \u00e0 l\u2019offre culturelle de la Ville de Saint-Ouen, <br \/>\nClaude Paquin et Genevi\u00e8ve Goutouly-Paquin, Agence Tertius<br \/>\n11 h 00 D\u00e9bat anim\u00e9 par Pascal Le Brun \u2013 Cordier, professeur associ\u00e9 \u00e0 l\u2019Universit\u00e9 Paris 1<\/p>\n<p>13h00 \u2013 14h30 \u2013 D\u00e9jeuner<\/p>\n<p>14 h 30 \u2013 16 h 30 &#8211; Ateliers<\/p>\n<p>Atelier 1\u00a0 Imaginer des espaces de concertation <\/p>\n<p>Atelier 2\u00a0 Une meilleure place pour les jeunes dans le projet culturel<br \/>\nBien que nombreux \u00e0 fr\u00e9quenter les biblioth\u00e8ques ou le conservatoire, les jeunes Audoniens se sentent peu concern\u00e9s par les propositions culturelles municipales. Il est donc n\u00e9cessaire de r\u00e9fl\u00e9chir avec eux sur les modalit\u00e9s d\u2019action qui leur permettront de prendre leur place dans la vie culturelle.<\/p>\n<p>Atelier 3 Valoriser la diversit\u00e9 culturelle de Saint-Ouen<br \/>\nLa diversit\u00e9 culturelle est v\u00e9cue par de nombreux habitants comme l\u2019un des atouts de Saint-Ouen. Au moment o\u00f9 notre ville est en pleine mutation, comment mettre en oeuvre cette diversit\u00e9 dans les projets culturels ?<\/p>\n<p>16 h 30 \u2013 17 h 30 : Synth\u00e8se et propositions de travail<\/p>\n<p>20 h 30 : Welcome to Bienvenue, chor\u00e9graphie de Xavier Lot, interpr\u00e8te Bienvenue Bazi\u00e9<br \/>\nR\u00e9flexion sur la mondialisation et les politiques restrictives d\u2019accueil des \u00e9trangers, la danse du danseur burkinab\u00e9 Bienvenue Bazi\u00e9 emporte tout, indiff\u00e9rente aux clich\u00e9s afros, porteuse d\u2019un grand r\u00e9cit de vie.<\/p>\n<p>Tous les participants aux Rencontres pour la culture \u00e0 Saint-Ouen sont cordialement invit\u00e9s \u00e0 assister au spectacle de Xavier Lot.<\/p>\n","protected":false},"excerpt":{"rendered":"<p>Rencontres pour la culture \u00e0 Saint-Ouen Samedi 3 d\u00e9cembre 2005 Programme : 9 h 00 Accueil 9 h 30 D\u00e9but des Rencontres pour la culture \u00e0 Saint-Ouen, introduction de Eric Hervieu, Conseiller municipal d\u00e9l\u00e9gu\u00e9 \u00e0 la culture 10 h 00 Le projet culturel \u00e0 Saint-Ouen, Marion Druart, Directrice de l\u2019action culturelle 10 h 30 Compte [&#8230;]<\/p>\n","protected":false},"author":1,"featured_media":0,"comment_status":"open","ping_status":"open","sticky":false,"template":"","format":"standard","meta":{"h5ap_radio_sources":[],"jetpack_post_was_ever_published":false,"_jetpack_newsletter_access":"","_jetpack_dont_email_post_to_subs":false,"_jetpack_newsletter_tier_id":0,"_jetpack_memberships_contains_paywalled_content":false,"_jetpack_memberships_contains_paid_content":false,"footnotes":"","jetpack_publicize_message":"","jetpack_publicize_feature_enabled":true,"jetpack_social_post_already_shared":false,"jetpack_social_options":{"image_generator_settings":{"template":"highway","default_image_id":0,"font":"","enabled":false},"version":2},"_links_to":"","_links_to_target":""},"categories":[3],"tags":[5,30,33,95],"class_list":["post-98","post","type-post","status-publish","format-standard","hentry","category-intervention","tag-action-culturelle","tag-danse","tag-diversite-culturelle","tag-ville"],"jetpack_publicize_connections":[],"jetpack_featured_media_url":"","jetpack_sharing_enabled":true,"jetpack_shortlink":"https:\/\/wp.me\/p2QGRI-1A","post_mailing_queue_ids":[],"_links":{"self":[{"href":"https:\/\/recherche-action.fr\/hugues-bazin\/wp-json\/wp\/v2\/posts\/98","targetHints":{"allow":["GET"]}}],"collection":[{"href":"https:\/\/recherche-action.fr\/hugues-bazin\/wp-json\/wp\/v2\/posts"}],"about":[{"href":"https:\/\/recherche-action.fr\/hugues-bazin\/wp-json\/wp\/v2\/types\/post"}],"author":[{"embeddable":true,"href":"https:\/\/recherche-action.fr\/hugues-bazin\/wp-json\/wp\/v2\/users\/1"}],"replies":[{"embeddable":true,"href":"https:\/\/recherche-action.fr\/hugues-bazin\/wp-json\/wp\/v2\/comments?post=98"}],"version-history":[{"count":0,"href":"https:\/\/recherche-action.fr\/hugues-bazin\/wp-json\/wp\/v2\/posts\/98\/revisions"}],"wp:attachment":[{"href":"https:\/\/recherche-action.fr\/hugues-bazin\/wp-json\/wp\/v2\/media?parent=98"}],"wp:term":[{"taxonomy":"category","embeddable":true,"href":"https:\/\/recherche-action.fr\/hugues-bazin\/wp-json\/wp\/v2\/categories?post=98"},{"taxonomy":"post_tag","embeddable":true,"href":"https:\/\/recherche-action.fr\/hugues-bazin\/wp-json\/wp\/v2\/tags?post=98"}],"curies":[{"name":"wp","href":"https:\/\/api.w.org\/{rel}","templated":true}]}}