{"id":1143,"date":"2013-03-01T13:06:24","date_gmt":"2013-03-01T12:06:24","guid":{"rendered":"http:\/\/recherche-action.fr\/intermedes\/?p=1143"},"modified":"2013-03-01T13:06:24","modified_gmt":"2013-03-01T12:06:24","slug":"seuil-critique","status":"publish","type":"post","link":"https:\/\/recherche-action.fr\/intermedes\/2013\/03\/01\/seuil-critique\/","title":{"rendered":"Seuil Critique"},"content":{"rendered":"<p><strong><span style=\"text-decoration: underline;font-size: 14px\"><span style=\"color: #ff0000;text-decoration: underline\">Seuil Critique<\/span><\/span><\/strong><\/p>\n<p><b><\/b>\u00a0<strong><span style=\"color: #3366ff\">Nous sommes \u00e0 un seuil critique<\/span><\/strong> dans l\u2019association. Nous n\u2019avons jamais \u00e9t\u00e9 si nombreux\u00a0: b\u00e9n\u00e9voles, stagiaires, p\u00e9dagogues sociaux (permanents), volontaires, sympathisants et adh\u00e9rents<\/p>\n<p><strong><span style=\"color: #0000ff\"> Nous n\u2019avons jamais autant fait\u00a0, ni autant tenu : <\/span><\/strong>8 ateliers de rue , des groupes enfants, des groupes ados,\u00a0 des groupes adultes . Des f\u00eates de rue , de quartier,\u00a0 les soir\u00e9es mensuelles, le Conseil des enfants , le Dazibao, \u2026 et maintenant le Dispositif d\u2019Acc\u00e8s \u00e0 l\u2019Eveil\u00a0 avec l\u2019accueil \u00e0 long terme et sur de longues plages de la petite enfance<\/p>\n<p><a href=\"http:\/\/recherche-action.fr\/intermedes\/files\/2013\/03\/P10105871.jpg\"><img fetchpriority=\"high\" decoding=\"async\" class=\"aligncenter\" alt=\"P1010587\" src=\"http:\/\/recherche-action.fr\/intermedes\/files\/2013\/03\/P10105871-300x224.jpg\" width=\"300\" height=\"224\" \/><\/a><\/p>\n<p style=\"width: 100px;height: 100px;text-align: center\"><strong><span style=\"color: #0000ff\">Nous n\u2019avons jamais autant exp\u00e9riment\u00e9, imagin\u00e9<\/span><\/strong>, et nous nous sommes lanc\u00e9s dans l\u2019innovation.<\/p>\n<p>&nbsp;<\/p>\n<p>&nbsp;<\/p>\n<p><a href=\"http:\/\/recherche-action.fr\/intermedes\/files\/2013\/03\/camion-DAEV-copie-21.jpg\"><img decoding=\"async\" alt=\"camion DAEV - copie 21\" src=\"http:\/\/recherche-action.fr\/intermedes\/files\/2013\/03\/camion-DAEV-copie-21-300x136.jpg\" width=\"300\" height=\"136\" \/><\/a><\/p>\n<p>&nbsp;<\/p>\n<p><strong><span style=\"color: #0000ff\">Nous n\u2019avons jamais d\u00e9ploy\u00e9 autant de rigueur dans notre action\u00a0<\/span>:<\/strong> notre pr\u00e9sence est constante, nos horaires sont assur\u00e9s \u00e0 -2 ou plus de 30, \u00e9t\u00e9 comme hiver, 52 semaines par an, 6 jours sur 7<\/p>\n<p><strong><span style=\"color: #0000ff\">Nous n\u2019avons jamais d\u00e9velopp\u00e9 autant de p\u00e9dagogie.<\/span><\/strong> Nos 3 permanents, tous les acteurs , d\u00e9veloppent des savoir faire pour tenir les diff\u00e9rents ateliers et les mettre en lien les uns avec les autres.<\/p>\n<p><span style=\"color: #0000ff\"><strong>Nous faisons le lien entre les \u00e2ges, entre les lieux, entre les minorit\u00e9s,<\/strong><\/span> entre tous ceux qui sont expos\u00e9s \u00e0 la pr\u00e9carit\u00e9 , \u00e0 l\u2019isolement, ou la solitude.<\/p>\n<p><span style=\"color: #0000ff\"><strong>Nous r\u00e9solvons les situations difficiles en m\u00e9langeant les probl\u00e8mes. <\/strong><\/span>Nous n\u2019avons pas de place pour la petite enfance\u00a0? Prenons le quartier pour \u00ab\u00a0Cr\u00e8che\u00a0\u00bb. Notre Bureau est trop petit ? Faisons le dehors.\u00a0Nous avons trop de travail ? Nous recevons de l\u2019aide de tous et formons nos adh\u00e9rents.<\/p>\n<p><span style=\"color: #0000ff\"><strong>Contre le risque d\u2019enfermement, nous amenons de l\u2019ext\u00e9rieur,<\/strong><\/span>\u00a0 de l\u2019autre, de la diff\u00e9rence\u00a0: apr\u00e8s Madalin, une nouvelle service civique Rrom va prendre son service au quartier comme dans les bidonvilles.<\/p>\n<p><span style=\"color: #0000ff\"><strong>Nous sommes \u00e0 un seuil critique dans la soci\u00e9t\u00e9\u00a0<\/strong><\/span>Quel avenir pour la jeunesse\u00a0? Quel pr\u00e9sent pour les pr\u00e9caires\u00a0?\u00a0 Quel pass\u00e9 pour les minorit\u00e9s\u00a0?\u00a0 Quelle production dans une soci\u00e9t\u00e9 qui ne produit plus\u00a0? Quelle paix, quelle tranquillit\u00e9 publique, quand c\u2019est la vie m\u00eame et le r\u00eave qui font d\u00e9faut\u00a0? Quel travail social, quand celui ci se replie sur le fonctionnement interne des institutions\u00a0? Quel centre social, quand\u00a0 on ne sort plus\u00a0? \u00a0Quelle \u00e9cole, quand celle ci s\u2019individualise et n\u2019est plus un espace commun\u00a0?\u00a0 Quelle s\u00e9curit\u00e9 publique quand c\u2019est l\u2019ins\u00e9curit\u00e9 sociale et personnelle qui font probl\u00e8me\u00a0?<\/p>\n<p>Que reste t il du social quand il n\u2019y a plus de projet ou d\u2019ambition politique pour le nourrir? Que reste t il du politique quand il instrumentalise le social\u00a0 pour masquer son propre vide?<\/p>\n<p><span style=\"color: #0000ff\"><strong>Nous sommes \u00e0 un seuil critique dans notre fonctionnement\u00a0: <\/strong><\/span>nous ne pouvons plus \u00a0poursuivre autant d\u2019actions et responsabilit\u00e9s \u00e0 moyens constants, et \u00e9galement dans encadrement, comptabilit\u00e9,\u00a0 et moyens de remplacement et de continuit\u00e9 des actions. Nous ne pouvons plus demander au Bureau et au CA \u00e9ternellement de pallier le manque de moyens n\u00e9cessaires.<\/p>\n<p>Nous sommes \u00e0 un seuil critique\u00a0: les emplois tremplins octroy\u00e9s \u00e0 l\u2019association sont en fin de financement. 2013 est probl\u00e9matique, 2014 sans solution \u00e0 cette heure.<\/p>\n<p>Nous devons \u00e0 pr\u00e9sent imaginer une solution pour p\u00e9renniser ce qui se propose de durer, soutenir ce qui propose de soutenir \u00a0et rendre possible le Travail Social \u00e0 r\u00e9inventer.<\/p>\n<p><span style=\"color: #ff0000\"><strong>\u00ab\u00a0<span style=\"color: #0000ff\">Nous vous proposons d&rsquo;entrer dans l&rsquo;univers , comme dans une danse, sans invitation. Nous d\u00e9cidons d&rsquo;entrer l\u00e0 o\u00f9 \u00e7a semble impossible d&rsquo;entrer, pour provoquer l&rsquo;inattendu&#8230;et envahir d&rsquo;impr\u00e9vu<\/span>&#8230; \u00a0UN ESPACE RESERVE A D&rsquo;AUTRES\u00a0\u00bb. \u00a0\u00a0<\/strong><\/span><span style=\"color: #000000\"><strong>Lola Laffont, \u00a0<em>Nous sommes les oiseaux de la temp\u00eate qui s&rsquo;annonce<\/em>, texte de la pi\u00e8ce que nous sommes all\u00e9s voir \u00e0 <span style=\"text-decoration: underline\"><span style=\"color: #0000ff;text-decoration: underline\">Animakt<\/span> <\/span>ce dimanche.<\/strong><\/span><\/p>\n<p><strong>Dimanche\u00a0:\u00a0<\/strong><span style=\"color: #3366ff\">Trop de chance\u00a0aujourd\u2019hui,\u00a0 il fait beau,<\/span><b> (un peu froid) mais on a du soleil.\u00a0\u00a0\u00a0\u00a0\u00a0\u00a0\u00a0\u00a0\u00a0\u00a0\u00a0\u00a0\u00a0\u00a0\u00a0\u00a0\u00a0\u00a0\u00a0\u00a0\u00a0\u00a0\u00a0\u00a0\u00a0\u00a0\u00a0\u00a0\u00a0\u00a0\u00a0\u00a0\u00a0\u00a0\u00a0\u00a0\u00a0\u00a0\u00a0\u00a0\u00a0\u00a0\u00a0\u00a0\u00a0\u00a0\u00a0\u00a0\u00a0\u00a0\u00a0\u00a0\u00a0\u00a0\u00a0\u00a0 \u00a0\u00a0\u00a0\u00a0\u00a0\u00a0\u00a0\u00a0\u00a0\u00a0\u00a0\u00a0\u00a0Nous avons mis un certain temps pour allumer le feu mais nos chipos et merguez n\u2019en \u00e9tait que meilleur\u00a0!!<\/b><\/p>\n<p><a href=\"http:\/\/recherche-action.fr\/intermedes\/files\/2013\/03\/P1010790.jpg\"><img decoding=\"async\" class=\"aligncenter size-medium wp-image-1156\" alt=\"P1010790\" src=\"http:\/\/recherche-action.fr\/intermedes\/files\/2013\/03\/P1010790-300x225.jpg\" width=\"300\" height=\"225\" \/><\/a><\/p>\n<p><b>Apr\u00e8s un repas plut\u00f4t copieux, les enfants ont fait un petit foot,\u00a0 Jean\u00a0<\/b>Jacques<b>\u00a0\u00e0 pass\u00e9 un bon moment \u00e0 d\u00e9sherber.\u00a0 Enfin nous avons remis un peu d\u2019ordre dans la serre, et sommes partis en direction de la \u00ab\u00a0barakt\u00a0\u00bb. <\/b><\/p>\n<p><a href=\"http:\/\/recherche-action.fr\/intermedes\/files\/2013\/03\/P1010853.jpg\"><img loading=\"lazy\" decoding=\"async\" class=\"alignnone size-thumbnail wp-image-1157\" alt=\"P1010853\" src=\"http:\/\/recherche-action.fr\/intermedes\/files\/2013\/03\/P1010853-150x150.jpg\" width=\"150\" height=\"150\" \/><\/a>\u00a0 \u00a0 \u00a0 \u00a0 \u00a0 \u00a0 \u00a0 \u00a0 \u00a0 \u00a0 \u00a0 \u00a0 \u00a0 \u00a0 \u00a0 \u00a0 \u00a0 \u00a0 \u00a0 \u00a0 \u00a0 \u00a0 \u00a0 \u00a0 \u00a0 \u00a0 \u00a0 \u00a0\u00a0<a href=\"http:\/\/recherche-action.fr\/intermedes\/files\/2013\/03\/P1010889.jpg\"><img loading=\"lazy\" decoding=\"async\" class=\"alignnone size-thumbnail wp-image-1158\" alt=\"P1010889\" src=\"http:\/\/recherche-action.fr\/intermedes\/files\/2013\/03\/P1010889-150x150.jpg\" width=\"150\" height=\"150\" \/><\/a><\/p>\n<p><span style=\"color: #ff0000\">Nous avons vu un spectacle super sympa, un \u00ab\u00a0road trip\u00a0\u00bb jou\u00e9 par deux com\u00e9diennes.<\/span><b> Nous partons aux environs de 17h30, un peu fatigu\u00e9s mais tr\u00e8s contents de cette superbe journ\u00e9e.\u00a0<\/b><\/p>\n<p><a href=\"http:\/\/recherche-action.fr\/intermedes\/files\/2013\/03\/P1010894.jpg\"><img loading=\"lazy\" decoding=\"async\" class=\"aligncenter size-medium wp-image-1159\" alt=\"P1010894\" src=\"http:\/\/recherche-action.fr\/intermedes\/files\/2013\/03\/P1010894-300x225.jpg\" width=\"300\" height=\"225\" \/><\/a><\/p>\n<p>&nbsp;<\/p>\n<p><strong><span style=\"text-decoration: underline\">SAMEDI\u00a0:<\/span><\/strong><\/p>\n<p><strong>La Villa St Martin\u00a0:<\/strong><\/p>\n<p>Cet apr\u00e8s-midi le DAEV se d\u00e9ploie sur la Villa Saint Martin. Nous accueillons \u00e9galement Itchel et un photographe du journal L\u2019Humanit\u00e9.<\/p>\n<p><a href=\"http:\/\/recherche-action.fr\/intermedes\/files\/2013\/03\/P1010775.jpg\"><img loading=\"lazy\" decoding=\"async\" class=\"alignleft size-thumbnail wp-image-1162\" alt=\"P1010775\" src=\"http:\/\/recherche-action.fr\/intermedes\/files\/2013\/03\/P1010775-150x150.jpg\" width=\"150\" height=\"150\" \/><\/a><\/p>\n<p>&nbsp;<\/p>\n<p><span style=\"color: #333333;font-style: normal;line-height: 24px\">Un atelier cuisine \u00e0 pris place, les enfants confectionnent du pain perdu sur la gazini\u00e8re.<\/span><\/p>\n<p>&nbsp;<\/p>\n<p>&nbsp;<\/p>\n<p>2 tentes sont install\u00e9es o\u00f9 les enfants s\u2019installent, et on s\u2019amuse avec divers jeux de soci\u00e9t\u00e9 et le fameux\u00a0\u00bbHali-Gali\u00a0\u00bb. La tente petite enfance est \u00e9galement investie, entre jeux de construction\u00a0 et\u00a0d\u00eenette.<\/p>\n<p><a href=\"http:\/\/recherche-action.fr\/intermedes\/files\/2013\/03\/P1010772.jpg\"><img loading=\"lazy\" decoding=\"async\" class=\"alignnone size-thumbnail wp-image-1161\" alt=\"P1010772\" src=\"http:\/\/recherche-action.fr\/intermedes\/files\/2013\/03\/P1010772-150x150.jpg\" width=\"150\" height=\"150\" \/><\/a>\u00a0 \u00a0 \u00a0 \u00a0 \u00a0 \u00a0 \u00a0 \u00a0 \u00a0 \u00a0 \u00a0 \u00a0 \u00a0 \u00a0 \u00a0 \u00a0 \u00a0 \u00a0 \u00a0 \u00a0 \u00a0 \u00a0 \u00a0 \u00a0 \u00a0 \u00a0 \u00a0 \u00a0 \u00a0<a href=\"http:\/\/recherche-action.fr\/intermedes\/files\/2013\/03\/P1010785.jpg\"><img loading=\"lazy\" decoding=\"async\" class=\"alignnone size-thumbnail wp-image-1163\" alt=\"P1010785\" src=\"http:\/\/recherche-action.fr\/intermedes\/files\/2013\/03\/P1010785-150x150.jpg\" width=\"150\" height=\"150\" \/><\/a><\/p>\n<p><span style=\"color: #0000ff\"><strong>A la suite du conseil de quartier durant lequel Dadi nous fait part d\u2019un slam \u00e9crit par ces soins,<\/strong> <\/span>nous prenons le go\u00fbter tout <em><strong>en d\u00e9gustant les fameux pains perdus que les enfants ont cuisin\u00e9s durant l\u2019apr\u00e8s-midi.<\/strong><\/em><\/p>\n<p><a href=\"http:\/\/recherche-action.fr\/intermedes\/files\/2013\/03\/P1010769.jpg\"><img loading=\"lazy\" decoding=\"async\" class=\"aligncenter size-medium wp-image-1160\" alt=\"P1010769\" src=\"http:\/\/recherche-action.fr\/intermedes\/files\/2013\/03\/P1010769-300x225.jpg\" width=\"300\" height=\"225\" \/><\/a><\/p>\n<p>&nbsp;<\/p>\n<p><strong><span style=\"text-decoration: underline\">VENDREDI<\/span><\/strong><b><\/b><\/p>\n<p><strong>A la MJC centre social de Chilly\u00a0:<\/strong><\/p>\n<p>Nous nous rendons \u00e0 la MJC centre social de Chilly cet apr\u00e8s-midi avec pour objectif de fabriquer du savon. Pour une premi\u00e8re nous d\u00e9cidons de nous appuyer sur une recette simple.<\/p>\n<p><a href=\"http:\/\/recherche-action.fr\/intermedes\/files\/2013\/03\/P1010636.jpg\"><img loading=\"lazy\" decoding=\"async\" class=\"alignnone size-thumbnail wp-image-1165\" alt=\"P1010636\" src=\"http:\/\/recherche-action.fr\/intermedes\/files\/2013\/03\/P1010636-150x150.jpg\" width=\"150\" height=\"150\" \/><\/a>\u00a0 \u00a0 \u00a0 \u00a0 \u00a0 \u00a0 \u00a0 \u00a0 \u00a0 \u00a0 \u00a0 \u00a0 \u00a0 \u00a0 \u00a0 \u00a0 \u00a0 \u00a0 \u00a0 \u00a0 \u00a0 \u00a0 \u00a0 \u00a0<a href=\"http:\/\/recherche-action.fr\/intermedes\/files\/2013\/03\/P1010630.jpg\"><img loading=\"lazy\" decoding=\"async\" class=\"alignnone size-thumbnail wp-image-1164\" alt=\"P1010630\" src=\"http:\/\/recherche-action.fr\/intermedes\/files\/2013\/03\/P1010630-150x150.jpg\" width=\"150\" height=\"150\" \/><\/a><\/p>\n<p><em>Nous utilisons du savon de Marseille, du beurre de karit\u00e9 et des huiles essentielles pour parfumer l\u2019ensemble<\/em>. Apr\u00e8s avoir r\u00e2p\u00e9 en paillettes le savon, nous le faisons cuire au bain marie avec le beurre de karit\u00e9 puis nous mixons l\u2019ensemble.<\/p>\n<p><a href=\"http:\/\/recherche-action.fr\/intermedes\/files\/2013\/03\/P1010673.jpg\"><img loading=\"lazy\" decoding=\"async\" class=\"alignnone size-thumbnail wp-image-1166\" alt=\"P1010673\" src=\"http:\/\/recherche-action.fr\/intermedes\/files\/2013\/03\/P1010673-150x150.jpg\" width=\"150\" height=\"150\" \/><\/a>\u00a0 \u00a0 \u00a0 \u00a0 \u00a0 \u00a0 \u00a0 \u00a0 \u00a0 \u00a0 \u00a0 \u00a0 \u00a0 \u00a0 \u00a0 \u00a0 \u00a0 \u00a0 \u00a0 \u00a0 \u00a0 \u00a0 \u00a0 \u00a0 \u00a0<a href=\"http:\/\/recherche-action.fr\/intermedes\/files\/2013\/03\/P1010731.jpg\"><img loading=\"lazy\" decoding=\"async\" class=\"alignnone size-thumbnail wp-image-1169\" alt=\"P1010731\" src=\"http:\/\/recherche-action.fr\/intermedes\/files\/2013\/03\/P1010731-150x150.jpg\" width=\"150\" height=\"150\" \/><\/a><\/p>\n<p>Enfin nous mettons le liquide dans des moules, les savons auront des formes de madeleines\u00a0!<\/p>\n<p><a href=\"http:\/\/recherche-action.fr\/intermedes\/files\/2013\/03\/P1010764.jpg\"><img loading=\"lazy\" decoding=\"async\" class=\"aligncenter size-medium wp-image-1170\" alt=\"P1010764\" src=\"http:\/\/recherche-action.fr\/intermedes\/files\/2013\/03\/P1010764-300x224.jpg\" width=\"300\" height=\"224\" \/><\/a><\/p>\n<p>&nbsp;<\/p>\n<p><strong><span style=\"text-decoration: underline\">JEUDI<\/span><\/strong><\/p>\n<p><strong>Wissous\u00a0:<\/strong><\/p>\n<p><strong><span style=\"color: #0000ff\">Aujourd\u2019hui nous avons inaugur\u00e9 le DAEV sur le camp de Wissous\u00a0!<\/span><\/strong> Aline n\u2019\u00e9tait pas tr\u00e8s fi\u00e8re au d\u00e9but pour conduire ce gros camion\u00a0!<\/p>\n<p>Les enfants sont arriv\u00e9s au compte goutte\u00a0; ce qui nous a permis d\u2019installer tranquillement. Des adultes sont venus nous aider et pour cette premi\u00e8re fois, nous avons install\u00e9 les tables et chaises color\u00e9s des petits et une grande table, un tapis pour la petite enfance et une b\u00e2che pour les plus grands.<\/p>\n<p><a href=\"http:\/\/recherche-action.fr\/intermedes\/files\/2013\/03\/IMG_1998.jpg\"><img loading=\"lazy\" decoding=\"async\" class=\"alignnone size-thumbnail wp-image-1173\" alt=\"IMG_1998\" src=\"http:\/\/recherche-action.fr\/intermedes\/files\/2013\/03\/IMG_1998-150x150.jpg\" width=\"150\" height=\"150\" \/><\/a>\u00a0 \u00a0 \u00a0 \u00a0 \u00a0 \u00a0 \u00a0 \u00a0 \u00a0 \u00a0 \u00a0 \u00a0 \u00a0 \u00a0 \u00a0 \u00a0\u00a0<a href=\"http:\/\/recherche-action.fr\/intermedes\/files\/2013\/03\/IMG_1984.jpg\"><img loading=\"lazy\" decoding=\"async\" class=\"alignnone size-thumbnail wp-image-1172\" alt=\"IMG_1984\" src=\"http:\/\/recherche-action.fr\/intermedes\/files\/2013\/03\/IMG_1984-150x150.jpg\" width=\"150\" height=\"150\" \/><\/a><\/p>\n<p>&nbsp;<\/p>\n<p><strong>Les enfants, comme d\u2019habitude se sont balad\u00e9s entre les diff\u00e9rents p\u00f4les.<\/strong> Nous commen\u00e7ons \u00e0 leur expliquer les diff\u00e9rents espaces pour que les b\u00e9b\u00e9s, quand il y en aura, soient bien install\u00e9s aussi. <em>Il y avait le petit Samuel, 18 mois<\/em>, mais aujourd\u2019hui, ce n\u2019\u00e9tait pas la grande forme. Lui qui d\u2019habitude crapahute partout marche ou jette les jouets, l\u00e0, il n\u2019\u00e9tait pas bien\u00a0; alors Aline l\u2019a ramen\u00e9 chez lui.<\/p>\n<p>Les plus jeunes ont ador\u00e9s leurs tables de toutes les couleurs et se sont mis aux coloriages.<\/p>\n<p><a href=\"http:\/\/recherche-action.fr\/intermedes\/files\/2013\/03\/IMG_1977.jpg\"><img loading=\"lazy\" decoding=\"async\" class=\"alignleft size-thumbnail wp-image-1171\" alt=\"IMG_1977\" src=\"http:\/\/recherche-action.fr\/intermedes\/files\/2013\/03\/IMG_1977-150x150.jpg\" width=\"150\" height=\"150\" \/><\/a><\/p>\n<p>&nbsp;<\/p>\n<p>Amador et Roberto ont d\u00e9couvert la bo\u00eete \u00e0 outil.<\/p>\n<p>&nbsp;<\/p>\n<p>&nbsp;<\/p>\n<p>Andre\u00ef et Youssif ont appris \u00e0 jouer au Hali Gali. Souad a jou\u00e9 un peu au ballon avec ceux qui gravitaient autour. \u00a0C\u2019\u00e9tait une belle premi\u00e8re fois\u00a0! A refaire mais cette fois, avec le auvent du bon c\u00f4t\u00e9\u00a0!<\/p>\n<p><a href=\"http:\/\/recherche-action.fr\/intermedes\/files\/2013\/03\/IMG_2007.jpg\"><img loading=\"lazy\" decoding=\"async\" class=\"aligncenter size-medium wp-image-1174\" alt=\"IMG_2007\" src=\"http:\/\/recherche-action.fr\/intermedes\/files\/2013\/03\/IMG_2007-300x224.jpg\" width=\"300\" height=\"224\" \/><\/a><\/p>\n<p>&nbsp;<\/p>\n<p><strong>Croix-Breton\u00a0: \u00a0<\/strong><\/p>\n<p><strong><span style=\"color: #0000ff\">Encore un super Atelier aujourd\u2019hui \u00e0 la Croix-breton\u00a0!<\/span><\/strong> Nous nous retrouvons avec plaisir avec les habitu\u00e9s Sarah et Iman, qui sont accompagn\u00e9s de quelques camarades pour notre plus grand plaisir\u00a0!<\/p>\n<p><a href=\"http:\/\/recherche-action.fr\/intermedes\/files\/2013\/03\/P1010594.jpg\"><img loading=\"lazy\" decoding=\"async\" class=\"aligncenter size-medium wp-image-1192\" alt=\"P1010594\" src=\"http:\/\/recherche-action.fr\/intermedes\/files\/2013\/03\/P1010594-300x224.jpg\" width=\"300\" height=\"224\" \/><\/a><\/p>\n<p>Une partie de foot tennis s\u2019organise tout d\u2019abord sur le terrain avec\u00a0 Madalin\u00a0, Ayoub et Mohammed tandis que Souad lit des histoires sur les tapis. Nous d\u00e9cidons ensuite de tous nous r\u00e9unir afin de faire une Tomate.<\/p>\n<p><a href=\"http:\/\/recherche-action.fr\/intermedes\/files\/2013\/03\/P1010602.jpg\"><img loading=\"lazy\" decoding=\"async\" class=\"aligncenter size-medium wp-image-1194\" alt=\"P1010602\" src=\"http:\/\/recherche-action.fr\/intermedes\/files\/2013\/03\/P1010602-300x224.jpg\" width=\"300\" height=\"224\" \/><\/a><\/p>\n<p>&nbsp;<\/p>\n<p><a href=\"http:\/\/recherche-action.fr\/intermedes\/files\/2013\/03\/P1010607.jpg\"><img loading=\"lazy\" decoding=\"async\" class=\"alignleft size-medium wp-image-1195\" alt=\"P1010607\" src=\"http:\/\/recherche-action.fr\/intermedes\/files\/2013\/03\/P1010607-300x224.jpg\" width=\"300\" height=\"224\" \/><\/a><\/p>\n<p>&nbsp;<\/p>\n<p>Les plus t\u00e9m\u00e9raires en feront 2, pendant que le coin coloriage et scoubidou est investit par Lina et\u00a0 Anais qui s\u2019appliquent avec minutie a la t\u00e2che.<\/p>\n<p>&nbsp;<\/p>\n<p>&nbsp;<\/p>\n<p>C\u2019est\u00a0 d\u00e9j\u00e0 l\u2019heure du\u00a0go\u00fbter\u00a0!<strong> Nous d\u00e9gustons notre habituel et\u00a0 d\u00e9licieux chocolat chaud<\/strong>, accompagn\u00e9 de quelques cl\u00e9mentines et de fruits secs. C\u2019est d\u00e9j\u00e0 l\u2019heure de partir, nous nous retrouverons jeudi prochain pour de nouvelles aventures\u00a0!<\/p>\n<p><a href=\"http:\/\/recherche-action.fr\/intermedes\/files\/2013\/03\/P1010612.jpg\"><img loading=\"lazy\" decoding=\"async\" class=\"aligncenter size-medium wp-image-1196\" alt=\"P1010612\" src=\"http:\/\/recherche-action.fr\/intermedes\/files\/2013\/03\/P1010612-300x224.jpg\" width=\"300\" height=\"224\" \/><\/a><\/p>\n<p><strong>Skatepark\u00a0: <\/strong><\/p>\n<p><b>Aujourd\u2019hui, moi &amp; Aline sommes all\u00e9s \u00e0 l\u2019atelier du skatepark. Nous avons jouer avec les enfants au cartes et aux jeux de soci\u00e9t\u00e9 dont pic&rsquo;pirate.<\/b><\/p>\n<p><a href=\"http:\/\/recherche-action.fr\/intermedes\/files\/2013\/03\/IMG_2026.jpg\"><img loading=\"lazy\" decoding=\"async\" class=\"alignnone size-thumbnail wp-image-1177\" alt=\"IMG_2026\" src=\"http:\/\/recherche-action.fr\/intermedes\/files\/2013\/03\/IMG_2026-150x150.jpg\" width=\"150\" height=\"150\" \/><\/a>\u00a0 \u00a0 \u00a0 \u00a0 \u00a0 \u00a0 \u00a0 \u00a0 \u00a0 \u00a0 \u00a0 \u00a0 \u00a0 \u00a0 \u00a0 \u00a0 \u00a0 \u00a0 \u00a0 \u00a0\u00a0<a href=\"http:\/\/recherche-action.fr\/intermedes\/files\/2013\/03\/IMG_2023.jpg\"><img loading=\"lazy\" decoding=\"async\" class=\"alignnone size-thumbnail wp-image-1176\" alt=\"IMG_2023\" src=\"http:\/\/recherche-action.fr\/intermedes\/files\/2013\/03\/IMG_2023-150x150.jpg\" width=\"150\" height=\"150\" \/><\/a><\/p>\n<p><b> Ensuite nous avons pris le\u00a0<\/b>go\u00fbter<b>\u00a0puis nous avons ranger le mat\u00e9riel et on et rentrer.<\/b><\/p>\n<p><a href=\"http:\/\/recherche-action.fr\/intermedes\/files\/2013\/03\/IMG_2014.jpg\"><img loading=\"lazy\" decoding=\"async\" class=\"aligncenter size-medium wp-image-1175\" alt=\"IMG_2014\" src=\"http:\/\/recherche-action.fr\/intermedes\/files\/2013\/03\/IMG_2014-300x224.jpg\" width=\"300\" height=\"224\" \/><\/a><\/p>\n<p>&nbsp;<\/p>\n<p><strong><span style=\"text-decoration: underline\">MERCREDI<\/span><\/strong><\/p>\n<p><strong>Moulin Galant\u00a0: <\/strong><\/p>\n<p><span style=\"color: #0000ff\"><strong>A peine arriv\u00e9s, un cache-cache \u00e0 travers le camp se met en place<\/strong><\/span>. Malgr\u00e9 la gadoue et les obstacles, les enfants, Souad et Garance s\u2019en donnent \u00e0 c\u0153ur joie. Apparemment, il y a m\u00eame eu quelques cascades et vols plan\u00e9s mais rien de grave.\u00a0 Plus au calme sur le tapis, nous lisons \u00ab\u00a0La Belle et le Clochard\u00a0\u00bb. On fait bien quelques coloriages aussi. Mais ce qui pla\u00eet \u00e0 David, c\u2019est de copier la grenouille qu\u2019a dessin\u00e9e Aline pour Sarah.<\/p>\n<p><a href=\"http:\/\/recherche-action.fr\/intermedes\/files\/2013\/03\/P10105821.jpg\"><img loading=\"lazy\" decoding=\"async\" class=\"alignleft size-medium wp-image-1184\" alt=\"P1010582\" src=\"http:\/\/recherche-action.fr\/intermedes\/files\/2013\/03\/P10105821-224x300.jpg\" width=\"224\" height=\"300\" \/><\/a><\/p>\n<p>&nbsp;<\/p>\n<p><em><strong><span style=\"color: #333333;line-height: 24px\">Elle est tr\u00e8s chouette sa grenouille et on l\u2019immortalisera par une photo\u00a0!<\/span><\/strong><\/em><\/p>\n<p>&nbsp;<\/p>\n<p>&nbsp;<\/p>\n<p>&nbsp;<\/p>\n<p>&nbsp;<\/p>\n<p>&nbsp;<\/p>\n<p>Apr\u00e8s quoi, pour se r\u00e9chauffer un peu, on range tout, puis on se met \u00e0 danser sur Baby Blues, des musiques enfantines chant\u00e9es par des enfants\u00a0; <strong><em>c\u2019est un CD que Garance \u00e9coutait quand elle \u00e9tait petite et elle adorait\u00a0!<\/em> <\/strong>On continue en faisant un peu les fous, on s\u2019amuse \u00e0 faire la brouette, \u00e0 faire de la gym mais aussi \u00e0 se faire des croche-pattes. Et avant que cela d\u00e9g\u00e9n\u00e8re, on arr\u00eate tout pour prendre le go\u00fbter. On aura du mal \u00e0 retrouver son calme et le go\u00fbter sera un peu mouvement\u00e9.<\/p>\n<p><a href=\"http:\/\/recherche-action.fr\/intermedes\/files\/2013\/03\/P10105801.jpg\"><img loading=\"lazy\" decoding=\"async\" class=\"alignnone size-thumbnail wp-image-1183\" alt=\"P1010580\" src=\"http:\/\/recherche-action.fr\/intermedes\/files\/2013\/03\/P10105801-150x150.jpg\" width=\"150\" height=\"150\" \/><\/a>\u00a0 \u00a0 \u00a0 \u00a0 \u00a0 \u00a0 \u00a0 \u00a0 \u00a0 \u00a0 \u00a0 \u00a0 \u00a0 \u00a0 \u00a0 \u00a0 \u00a0 \u00a0 \u00a0 \u00a0 \u00a0 \u00a0 \u00a0 \u00a0 \u00a0 \u00a0<a href=\"http:\/\/recherche-action.fr\/intermedes\/files\/2013\/03\/P10105741.jpg\"><img loading=\"lazy\" decoding=\"async\" class=\"alignnone size-thumbnail wp-image-1182\" alt=\"P1010574\" src=\"http:\/\/recherche-action.fr\/intermedes\/files\/2013\/03\/P10105741-150x150.jpg\" width=\"150\" height=\"150\" \/><\/a><\/p>\n<p>A c\u00f4t\u00e9 de \u00e7a, on va passer des petits moments dans les caravanes pour discuter car l\u2019expulsion de la partie du terrain appartenant \u00e0 Ormoy, est maintenant fix\u00e9e. La police est pass\u00e9e mardi\u00a0: ce sera le 26 mars\u2026<strong><em><span style=\"color: #0000ff\"> On a le c\u0153ur gros, on ne sait que r\u00e9pondre aux \u00ab\u00a0qu\u2019est -ce qu\u2019on va faire\u00a0?\u00a0\u00bb<\/span><\/em><\/strong><\/p>\n<p><a href=\"http:\/\/recherche-action.fr\/intermedes\/files\/2013\/03\/P10105871.jpg\"><img loading=\"lazy\" decoding=\"async\" class=\"aligncenter size-medium wp-image-1185\" alt=\"P1010587\" src=\"http:\/\/recherche-action.fr\/intermedes\/files\/2013\/03\/P10105871-300x224.jpg\" width=\"300\" height=\"224\" \/><\/a><\/p>\n<p><strong>Ludoth\u00e8que\/parc Nativelle\u00a0:\u00a0<\/strong><\/p>\n<p>Aujourd\u2019hui l nous avons \u00e9t\u00e9 faire des jeux de plein air dans le parc Nativelle sous un ciel un peu couvert.<\/p>\n<p><a href=\"http:\/\/recherche-action.fr\/intermedes\/files\/2013\/03\/IMG_1972.jpg\"><img loading=\"lazy\" decoding=\"async\" class=\"alignnone size-thumbnail wp-image-1189\" alt=\"IMG_1972\" src=\"http:\/\/recherche-action.fr\/intermedes\/files\/2013\/03\/IMG_1972-150x150.jpg\" width=\"150\" height=\"150\" \/><\/a>\u00a0 \u00a0 \u00a0 \u00a0 \u00a0 \u00a0 \u00a0 \u00a0 \u00a0 \u00a0 \u00a0 \u00a0 \u00a0 \u00a0 \u00a0 \u00a0 \u00a0 \u00a0 \u00a0 \u00a0 \u00a0 \u00a0 \u00a0 \u00a0\u00a0<a href=\"http:\/\/recherche-action.fr\/intermedes\/files\/2013\/03\/IMG_1954.jpg\"><img loading=\"lazy\" decoding=\"async\" class=\"alignnone size-thumbnail wp-image-1188\" alt=\"IMG_1954\" src=\"http:\/\/recherche-action.fr\/intermedes\/files\/2013\/03\/IMG_1954-150x150.jpg\" width=\"150\" height=\"150\" \/><\/a><\/p>\n<p><strong><em>Nous avons fait des\u00a0 jeux\u00a0 d\u2019\u00e9quipes et de\u00a0 strat\u00e9gie o\u00f9 il fallait beaucoup courir donc cela nous a bien r\u00e9chauff\u00e9s en cette p\u00e9riode d\u2019hiver<\/em><\/strong>. Cet apr\u00e8s-midi s\u2019est termin\u00e9 par un go\u00fbter festif.<\/p>\n<p><a href=\"http:\/\/recherche-action.fr\/intermedes\/files\/2013\/03\/IMG_1946.jpg\"><img loading=\"lazy\" decoding=\"async\" class=\"alignnone size-thumbnail wp-image-1187\" alt=\"IMG_1946\" src=\"http:\/\/recherche-action.fr\/intermedes\/files\/2013\/03\/IMG_1946-150x150.jpg\" width=\"150\" height=\"150\" \/><\/a>\u00a0 \u00a0 \u00a0 \u00a0 \u00a0 \u00a0 \u00a0 \u00a0 \u00a0 \u00a0 \u00a0 \u00a0 \u00a0 \u00a0 \u00a0 \u00a0 \u00a0 \u00a0 \u00a0 \u00a0 \u00a0 \u00a0 \u00a0 \u00a0\u00a0<a href=\"http:\/\/recherche-action.fr\/intermedes\/files\/2013\/03\/IMG_1923.jpg\"><img loading=\"lazy\" decoding=\"async\" class=\"alignnone size-thumbnail wp-image-1186\" alt=\"IMG_1923\" src=\"http:\/\/recherche-action.fr\/intermedes\/files\/2013\/03\/IMG_1923-150x150.jpg\" width=\"150\" height=\"150\" \/><\/a><\/p>\n","protected":false},"excerpt":{"rendered":"<p>Seuil Critique \u00a0Nous sommes \u00e0 un seuil critique dans l\u2019association. Nous n\u2019avons jamais \u00e9t\u00e9 si nombreux\u00a0: b\u00e9n\u00e9voles, stagiaires, p\u00e9dagogues sociaux (permanents), volontaires, sympathisants et adh\u00e9rents Nous n\u2019avons jamais autant fait\u00a0, ni autant tenu : 8 ateliers de rue , des groupes enfants, des groupes ados,\u00a0 des groupes adultes . Des f\u00eates de rue , de &hellip; <a href=\"https:\/\/recherche-action.fr\/intermedes\/2013\/03\/01\/seuil-critique\/\" class=\"more-link\">Continuer la lecture<span class=\"screen-reader-text\"> de &laquo;&nbsp;Seuil Critique&nbsp;&raquo;<\/span><\/a><\/p>\n","protected":false},"author":1,"featured_media":0,"comment_status":"open","ping_status":"open","sticky":false,"template":"","format":"standard","meta":{"footnotes":""},"categories":[1],"tags":[],"class_list":["post-1143","post","type-post","status-publish","format-standard","hentry","category-non-classe"],"jetpack_featured_media_url":"","_links":{"self":[{"href":"https:\/\/recherche-action.fr\/intermedes\/wp-json\/wp\/v2\/posts\/1143","targetHints":{"allow":["GET"]}}],"collection":[{"href":"https:\/\/recherche-action.fr\/intermedes\/wp-json\/wp\/v2\/posts"}],"about":[{"href":"https:\/\/recherche-action.fr\/intermedes\/wp-json\/wp\/v2\/types\/post"}],"author":[{"embeddable":true,"href":"https:\/\/recherche-action.fr\/intermedes\/wp-json\/wp\/v2\/users\/1"}],"replies":[{"embeddable":true,"href":"https:\/\/recherche-action.fr\/intermedes\/wp-json\/wp\/v2\/comments?post=1143"}],"version-history":[{"count":0,"href":"https:\/\/recherche-action.fr\/intermedes\/wp-json\/wp\/v2\/posts\/1143\/revisions"}],"wp:attachment":[{"href":"https:\/\/recherche-action.fr\/intermedes\/wp-json\/wp\/v2\/media?parent=1143"}],"wp:term":[{"taxonomy":"category","embeddable":true,"href":"https:\/\/recherche-action.fr\/intermedes\/wp-json\/wp\/v2\/categories?post=1143"},{"taxonomy":"post_tag","embeddable":true,"href":"https:\/\/recherche-action.fr\/intermedes\/wp-json\/wp\/v2\/tags?post=1143"}],"curies":[{"name":"wp","href":"https:\/\/api.w.org\/{rel}","templated":true}]}}