{"id":1905,"date":"2013-05-16T20:54:26","date_gmt":"2013-05-16T19:54:26","guid":{"rendered":"http:\/\/recherche-action.fr\/intermedes\/?p=1905"},"modified":"2013-05-16T20:54:26","modified_gmt":"2013-05-16T19:54:26","slug":"nul-nest-cense-ignorer-la-realite","status":"publish","type":"post","link":"https:\/\/recherche-action.fr\/intermedes\/2013\/05\/16\/nul-nest-cense-ignorer-la-realite\/","title":{"rendered":"Nul n&#039;est cens\u00e9 ignorer&#8230; la r\u00e9alit\u00e9"},"content":{"rendered":"<p><strong>Jusqu&rsquo;o\u00f9 et quand allons nous continuer dans cette direction et d\u00e9courager les initiatives sociales \u00a0n\u00e9cessaires?<\/strong><\/p>\n<p>Combien de temps encore allons nous continuer \u00e0 produire la pr\u00e9carit\u00e9, la marginalit\u00e9 qui mobiliseront tous les moyens de demain, comme ils p\u00e8sent tellement aujourd&rsquo;hui?<\/p>\n<p>Nous pouvons aujourd&rsquo;hui faire autrement. Nous savons comment le faire . Nous le faisons depuis des ann\u00e9es . C&rsquo;est une r\u00e9alit\u00e9 qui\u00a0aujourd&rsquo;hui\u00a0est bafou\u00e9e.<\/p>\n<p><a href=\"http:\/\/recherche-action.fr\/intermedes\/files\/2013\/05\/P1050315.jpg\"><img fetchpriority=\"high\" decoding=\"async\" alt=\"P1050315\" src=\"http:\/\/recherche-action.fr\/intermedes\/files\/2013\/05\/P1050315-300x224.jpg\" width=\"300\" height=\"224\" \/><\/a><\/p>\n<p><em><strong>Or nous constatons qu&rsquo;\u00e0 l&rsquo;inverse de soutenir les initiatives, les \u00e9lans, les innovations\u00a0n\u00e9cessaires\u00a0 la cr\u00e9ativit\u00e9 populaire, nombre de dirigeants et d&rsquo;administratifs vont jusqu&rsquo;\u00e0 interdire ce qu&rsquo;ils ne savent pas cr\u00e9er, appauvrir, ce qu&rsquo;ils ne savent pas soutenir, ignorer ce qui les d\u00e9range.<\/strong><\/em><\/p>\n<p>Combien de d\u00e9missions? Combien d&rsquo;aveuglement?<\/p>\n<p>Non, disons le et r\u00e9p\u00e9tons le une bonne fois pour toutes: les dispositifs de droit dit communs ne fonctionnement pas; ils ne suffisent pas \u00e0\u00a0soutenir\u00a0les changements n\u00e9cessaires; pire, ils \u00e9puisent leurs initiateurs, d\u00e9couragent tous les autres de s&rsquo;y lancer.<\/p>\n<p>Non les institutions en place, les dispositifs, \u00e9tablissements \u00a0hyper co\u00fbteux ne r\u00e9pondent plus aux besoins sociaux, mais \u00a0monopolisent les moyens en \u00a0s&rsquo;enfermant davantage.<\/p>\n<p>Comment, par exemple (comme nous l&rsquo;avons entendu), \u00a0peut on pr\u00e9tendre qu&rsquo;on ne voit pas en quoi un dispositif mobile d&rsquo;\u00e9veil dans les espaces publics viendrait soutenir la parentalit\u00e9?<\/p>\n<p>Comment a t on pu seulement en arriver \u00e0 un tel degr\u00e9 d&rsquo;absurde et de non sens pour ne n&rsquo;accepter de soutenir que les bonnes vieilles innovations&#8230; d&rsquo;il y a 20 ans? <strong>Comment peut ne pas voir que le soutien de la fonction parentale passera par la cr\u00e9ation , puis le renforcement d&rsquo;un v\u00e9ritable milieu \u00e9ducatif autour de l&rsquo;enfant?<\/strong><\/p>\n<p>Le probl\u00e8me est que de plus en plus de d\u00e9cideurs ne voient plus aujourd&rsquo;hui la r\u00e9alit\u00e9 qu&rsquo;\u00e0 travers r\u00e8glements, circulaires, et proc\u00e9dures. <em>Autrement, ils ne la voient plus du tout. <\/em>Nous connaissons des r\u00e9f\u00e9rents de dispositifs de politique de la Ville, qui jamais ne sont sortis de leur bureau, jamais ne sont venus voir ce qui se produit , ce qui s&rsquo;invente dans les espaces publics.<\/p>\n<p><em><strong>Notre association est aujourd&rsquo;hui en p\u00e9ril: aucune subvention ne vient compenser la perte et la baisse tendancielle de nos dotations.<\/strong><\/em> Nos appels \u00e0 l&rsquo;aide attendent toujours des r\u00e9ponses qui ne se limitent pas au renvoi vers les dispositifs qui ne fonctionnent pas.<\/p>\n<p><a href=\"http:\/\/recherche-action.fr\/intermedes\/files\/2013\/05\/Equipe.jpg\"><img decoding=\"async\" class=\"aligncenter size-medium wp-image-1907\" alt=\"Equipe\" src=\"http:\/\/recherche-action.fr\/intermedes\/files\/2013\/05\/Equipe-300x300.jpg\" width=\"300\" height=\"300\" \/><\/a><\/p>\n<p>A tous, nous faisons ce message clair: \u00ab\u00a0<span style=\"color: #0000ff\"><strong>\u00a0<span style=\"color: #ff0000\">Nul n&rsquo;est cens\u00e9 ignorer la r\u00e9alit\u00e9 !<\/span> \u00ab\u00a0<\/strong><\/span><\/p>\n<p><span style=\"color: #0000ff\"><strong>Vendredi, samedi, dimanche, lundi: Stage de P\u00e9dagogie Sociale<\/strong><\/span><\/p>\n<p>Pour son second stage de P\u00e9dagogie Sociale, en lien avec l&rsquo;ICEM PEDAGOGIE FREINET, notre association \u00a0a fait fort: quatre journ\u00e9es de stage dans le d\u00e9cor enchanteur de Buno, en totale coop\u00e9ration et cogestion.<a href=\"http:\/\/recherche-action.fr\/intermedes\/files\/2013\/05\/stage-peda-so-repas.jpg\"><img decoding=\"async\" class=\"aligncenter size-medium wp-image-1911\" alt=\"stage peda so repas\" src=\"http:\/\/recherche-action.fr\/intermedes\/files\/2013\/05\/stage-peda-so-repas-300x300.jpg\" width=\"300\" height=\"300\" \/><\/a><\/p>\n<p>Une trentaine de participants de tous \u00e2ges (dont une jeune Robinsonne venue expr\u00e8s pour donner un coup de main) ont partag\u00e9 une richesse d&rsquo;exp\u00e9riences et de parcours: artistes, animateurs, enseignants, acteurs sociaux, \u00e9coliers, coll\u00e9giens, etc&#8230;<\/p>\n<p><a href=\"http:\/\/recherche-action.fr\/intermedes\/files\/2013\/05\/Branchouille.jpg\"><img loading=\"lazy\" decoding=\"async\" class=\"aligncenter size-large wp-image-1913\" alt=\"Branchouille\" src=\"http:\/\/recherche-action.fr\/intermedes\/files\/2013\/05\/Branchouille-1024x1024.jpg\" width=\"584\" height=\"584\" \/><\/a><\/p>\n<p>Le pari de ces journ\u00e9es de formation a \u00a0\u00e9t\u00e9 d&rsquo;axer le stage sur une pratique\u00a0r\u00e9guli\u00e8re\u00a0d&rsquo;ateliers de fond, durables et r\u00e9guliers: Xi-Qong, cuisine, Land Art, escalade d&rsquo;arbres,\u00a0jardinage\u00a0et bien s\u00fbr \u00ab\u00a0cuisine de masse\u00a0\u00bb, auxquels se sont ajout\u00e9s des\u00a0ateliers\u00a0th\u00e9oriques (Korczak, Travail de rue , Tomckiewicz), des ateliers ponctuels (autod\u00e9fense intellectuelle, danse libre, \u00a0fresque collective, situations probl\u00e8mes scientifiques, cin\u00e9 d\u00e9bats, etc&#8230;)<\/p>\n<p><a href=\"http:\/\/recherche-action.fr\/intermedes\/files\/2013\/05\/LandArt.jpg\"><img loading=\"lazy\" decoding=\"async\" class=\"aligncenter size-large wp-image-1912\" alt=\"LandArt\" src=\"http:\/\/recherche-action.fr\/intermedes\/files\/2013\/05\/LandArt-1024x1024.jpg\" width=\"584\" height=\"584\" \/><\/a><\/p>\n<p>La vie quotidienne a \u00e9t\u00e9 en elle m\u00eame un v\u00e9ritable support de formation, \u00a0et le groupe comme les individus ont d\u00e9velopp\u00e9 un v\u00e9ritable pouvoir d&rsquo;agir et de <span style=\"color: #ff0000\">penser ENSEMBLE<\/span><\/p>\n<p><a href=\"http:\/\/recherche-action.fr\/intermedes\/files\/2013\/05\/Paella-rue.jpg\"><img loading=\"lazy\" decoding=\"async\" class=\"aligncenter size-medium wp-image-1914\" alt=\"Paella rue\" src=\"http:\/\/recherche-action.fr\/intermedes\/files\/2013\/05\/Paella-rue-300x300.jpg\" width=\"300\" height=\"300\" \/><\/a><\/p>\n<p>&nbsp;<\/p>\n<p>&nbsp;<\/p>\n<p class=\"MsoNormal\"><strong><span style=\"text-decoration: underline\">Dimanche au jardin de Saulx\u00a0:<\/span><\/strong><\/p>\n<p class=\"MsoNormal\" style=\"text-align: justify\">Lorsque nous sommes partis ce matin au jardin le ciel \u00e9tait charg\u00e9 de nuage. Pourtant, pas une goutte de pluie ne tomba pendant que nous \u00e9tions au travail. Arriv\u00e9s au terrain, nous nous sommes regroup\u00e9s pour pr\u00e9senter le programme de la journ\u00e9e. Notre t\u00e2che principale \u00e9tait de continuer<span>\u00a0 <\/span>de repiquer les salades de la serre en plein air. Garance s\u2019y colle avec<span>\u00a0 <\/span>Elisabeth qui n\u2019h\u00e9site pas \u00e0 relever les manches. Toutes les deux pr\u00e9pareront la parcelle en d\u00e9sherbant et en tra\u00e7ant des sillons. Elles ajouteront du terreau pour que les petites salades deviennent grandes\u00a0! Pendant ce temps, Aline et sa petite \u00e9quipe s\u2019occupent du feu. Corentin et Enrique apportent les brindilles, puis du bois de plus en plus gros, \u00e0 mesure que le feu prend. Et quel beau feu\u00a0!! Caitlyn et Jessica l\u2019attisent et les flammes montent de plus en plus haut l\u00e9cher le tipi que nous avons form\u00e9. Les braises sont tellement belles, qu\u2019une minute d\u2019attention suffira \u00e0 faire br\u00fbler nos saucisses.<\/p>\n<p class=\"MsoNormal\" style=\"text-align: justify\"><a href=\"http:\/\/recherche-action.fr\/intermedes\/files\/2013\/05\/IMG_5122.jpg\"><img loading=\"lazy\" decoding=\"async\" class=\"aligncenter size-medium wp-image-1966\" alt=\"IMG_5122\" src=\"http:\/\/recherche-action.fr\/intermedes\/files\/2013\/05\/IMG_5122-300x225.jpg\" width=\"300\" height=\"225\" \/><\/a> <a href=\"http:\/\/recherche-action.fr\/intermedes\/files\/2013\/05\/IMG_5157.jpg\"><img loading=\"lazy\" decoding=\"async\" class=\"aligncenter size-medium wp-image-1969\" alt=\"IMG_5157\" src=\"http:\/\/recherche-action.fr\/intermedes\/files\/2013\/05\/IMG_5157-300x225.jpg\" width=\"300\" height=\"225\" \/><\/a><\/p>\n<p class=\"MsoNormal\" style=\"text-align: justify\"><a href=\"http:\/\/recherche-action.fr\/intermedes\/files\/2013\/05\/IMG_5155.jpg\"><img loading=\"lazy\" decoding=\"async\" class=\"aligncenter size-medium wp-image-1968\" alt=\"IMG_5155\" src=\"http:\/\/recherche-action.fr\/intermedes\/files\/2013\/05\/IMG_5155-300x225.jpg\" width=\"300\" height=\"225\" \/><\/a><\/p>\n<p class=\"MsoNormal\" style=\"text-align: justify\">Deux amis suppl\u00e9mentaires nous ont accompagn\u00e9s aussi\u00a0: Styron le chien de Jean-Jacques et Fofinho, le petit chiot d\u2019Aline, qui d\u00e9couvrent le jardin. Il gambade partout avec son copain le grand chien, entre deux c\u00e2lins d\u2019Elisabeth.<\/p>\n<p class=\"MsoNormal\" style=\"text-align: justify\">Apr\u00e8s le repas, nous repiquons les salades\u00a0: des plates et des fris\u00e9es, tout le monde s\u2019y met m\u00eame si \u00e7a rechigne un peu. Les rang\u00e9es s\u2019encha\u00eenent, il faut maintenant arroser avant de retourner sur la balan\u00e7oire. Jessica les pousse tellement haut qu\u2019ils touchent les branches du noyer avec leurs chaussures. C\u2019est l\u2019heure de go\u00fbter et \u00e7a tombe bien, le ciel qui a menac\u00e9 toute la journ\u00e9e finit par d\u00e9verser ses gouttes d\u2019eau sur notre beau jardin\u00a0!<\/p>\n<p class=\"MsoNormal\" style=\"text-align: justify\"><a href=\"http:\/\/recherche-action.fr\/intermedes\/files\/2013\/05\/IMG_5149.jpg\"><img loading=\"lazy\" decoding=\"async\" class=\"alignleft size-medium wp-image-1967\" alt=\"IMG_5149\" src=\"http:\/\/recherche-action.fr\/intermedes\/files\/2013\/05\/IMG_5149-300x225.jpg\" width=\"300\" height=\"225\" \/><\/a> <a href=\"http:\/\/recherche-action.fr\/intermedes\/files\/2013\/05\/IMG_5167.jpg\"><img loading=\"lazy\" decoding=\"async\" class=\"aligncenter size-medium wp-image-1970\" alt=\"IMG_5167\" src=\"http:\/\/recherche-action.fr\/intermedes\/files\/2013\/05\/IMG_5167-300x225.jpg\" width=\"300\" height=\"225\" \/><\/a><\/p>\n<p class=\"MsoNormal\" style=\"text-align: justify\"><!--[if gte mso 9]&gt;--><\/p>\n<p>&nbsp;<\/p>\n<p class=\"MsoNormal\"><strong><span style=\"text-decoration: underline\">SAMEDI\u00a0: <\/span>A la Villa St Martin\u00a0:<\/strong><\/p>\n<p class=\"MsoNormal\">C\u2019est sous un ciel au bleu \u00e9vanescent que d\u00e9bute l\u2019atelier d\u2019aujourd\u2019hui. Comme promis l\u2019activit\u00e9 r\u00e9paration de v\u00e9lo est au rendez vous, tandis que dans les tentes on joue aux jeux de soci\u00e9t\u00e9s, on lit quelques histoires, et on enfile des perles.<\/p>\n<p class=\"MsoNormal\"><img loading=\"lazy\" decoding=\"async\" class=\"aligncenter size-medium wp-image-1919\" alt=\"IMG_5099\" src=\"http:\/\/recherche-action.fr\/intermedes\/files\/2013\/05\/IMG_5099-300x225.jpg\" width=\"300\" height=\"225\" \/><\/p>\n<p class=\"MsoNormal\"><span>\u00a0 <\/span>Le temps se g\u00e2te quelque peu lorsque l\u2019on commence l\u2019atelier cuisine. Au programme, brownies au chocolat\u00a0!<span>\u00a0 <\/span>Mais c\u2019est lors de la cuisson que commence la mousson\u00a0! La pluie nous arrose si copieusement que nous nous abritons rapidement.<span>\u00a0 <\/span>Et c\u2019est sous une tente que nous d\u00e9gustons un g\u00e2teau<span>\u00a0 <\/span>dont la cuisson (parfaite) <span>\u00a0<\/span>ravie les papilles des adultes comme des pupilles\u00a0!<\/p>\n<p class=\"MsoNormal\"><a href=\"http:\/\/recherche-action.fr\/intermedes\/files\/2013\/05\/IMG_5108.jpg\"><img loading=\"lazy\" decoding=\"async\" class=\"aligncenter size-medium wp-image-1920\" alt=\"IMG_5108\" src=\"http:\/\/recherche-action.fr\/intermedes\/files\/2013\/05\/IMG_5108-300x225.jpg\" width=\"300\" height=\"225\" \/><\/a><\/p>\n<p class=\"MsoNormal\"><a href=\"http:\/\/recherche-action.fr\/intermedes\/files\/2013\/05\/IMG_5085.jpg\"><img loading=\"lazy\" decoding=\"async\" class=\"aligncenter size-medium wp-image-1917\" alt=\"IMG_5085\" src=\"http:\/\/recherche-action.fr\/intermedes\/files\/2013\/05\/IMG_5085-300x225.jpg\" width=\"300\" height=\"225\" \/><\/a><\/p>\n<p class=\"MsoNormal\">Sans oublier le conseil de quartier o\u00f9 l\u2019id\u00e9e est \u00e9voqu\u00e9e, qu\u2019en v\u00e9lo nous pourrions d\u00e9ambuler, au skate park et dans le quartier<\/p>\n<p class=\"MsoNormal\"><a href=\"http:\/\/recherche-action.fr\/intermedes\/files\/2013\/05\/IMG_5111.jpg\"><img loading=\"lazy\" decoding=\"async\" class=\"aligncenter size-medium wp-image-1921\" alt=\"IMG_5111\" src=\"http:\/\/recherche-action.fr\/intermedes\/files\/2013\/05\/IMG_5111-300x225.jpg\" width=\"300\" height=\"225\" \/><\/a><\/p>\n<p class=\"MsoNormal\"><strong><span style=\"color: #3366ff\">\u00a0Au verger\u00a0:<\/span><\/strong><\/p>\n<p class=\"MsoNormal\">Cet apr\u00e8s-midi nous avons rendez-vous au verger avec l\u2019association du caf\u00e9 kif\u00e9koi. C\u2019est une premi\u00e8re avec eux sur ce terrain. Des barnums ont \u00e9t\u00e9 mont\u00e9s, ainsi qu\u2019un \u00ab\u00a0bar\u00a0\u00bb. Quelques grands jeux sont r\u00e9partis sur le terrain. Le public ne sera pas vraiment au rendez-vous malgr\u00e9 ce week end prolong\u00e9. Mais nous avons suffisamment de monde pour d\u00e9marrer les diff\u00e9rentes activit\u00e9s. Des enfants vont commencer par ratisser les herbes qui ont \u00e9t\u00e9 coup\u00e9es la veille puis les rassembler en gros tas. Ensuite nous avons plant\u00e9 des jeunes plants de tournesol, puis une petite activit\u00e9 de semis \u00e0 \u00e9t\u00e9 mise ne place. Un atelier peinture<span>\u00a0 <\/span>\u00e9tant install\u00e9 sous un barnum. Ces barnums furent d\u2019ailleurs indispensables quand la pluie s\u2019annon\u00e7a, tous \u00e0 l\u2019abri\u00a0!!<\/p>\n<p class=\"MsoNormal\"><a href=\"http:\/\/recherche-action.fr\/intermedes\/files\/2013\/05\/VergerNaja.jpg\"><img loading=\"lazy\" decoding=\"async\" alt=\"VergerNaja\" src=\"http:\/\/recherche-action.fr\/intermedes\/files\/2013\/05\/VergerNaja-300x199.jpg\" width=\"300\" height=\"199\" \/><\/a><\/p>\n<p class=\"MsoNormal\">Nous nous donnons alors tous rendez-vous pour la grande journ\u00e9e du 8 juin en esp\u00e9rant que le soleil effacera le ciel gris de cet apr\u00e8s-midi.<\/p>\n<p class=\"MsoNormal\" style=\"text-align: justify\">\u00a0<a href=\"http:\/\/recherche-action.fr\/intermedes\/files\/2013\/05\/P1050331.jpg\"><img loading=\"lazy\" decoding=\"async\" class=\"aligncenter size-medium wp-image-1922\" alt=\"P1050331\" src=\"http:\/\/recherche-action.fr\/intermedes\/files\/2013\/05\/P1050331-300x224.jpg\" width=\"300\" height=\"224\" \/><\/a> <a href=\"http:\/\/recherche-action.fr\/intermedes\/files\/2013\/05\/P1050336.jpg\"><img loading=\"lazy\" decoding=\"async\" class=\"aligncenter size-medium wp-image-1923\" alt=\"P1050336\" src=\"http:\/\/recherche-action.fr\/intermedes\/files\/2013\/05\/P1050336-300x224.jpg\" width=\"300\" height=\"224\" \/><!--[if gte mso 9]&gt;--><\/a><\/p>\n<p class=\"MsoNormal\"><span style=\"color: #3ab1c4\"><strong>Au Jardin des Plantes :<\/strong><\/span><\/p>\n<p class=\"MsoNormal\"><a href=\"http:\/\/recherche-action.fr\/intermedes\/files\/2013\/05\/DSC03681.jpg\"><img loading=\"lazy\" decoding=\"async\" class=\"alignleft size-medium wp-image-1988\" alt=\"SONY DSC\" src=\"http:\/\/recherche-action.fr\/intermedes\/files\/2013\/05\/DSC03681-300x200.jpg\" width=\"300\" height=\"200\" \/><\/a>Samedi dernier nous sommes partis avec Aline, Maria une maman (Ana) et 11 enfants de 4 \u00e0 6 ans au Jardin des Plantes. Nous avions rendez-vous \u00e0 10h \u00e0 Wissous, nous avons r\u00e9ussi \u00e0 prendre un train \u00e0 midi pour Paris (il y a eu quelques complications car Edera \u00e9tait punie, elle n&rsquo;avait pas \u00e9cout\u00e9 sa m\u00e8re concernant l&rsquo;habit qu&rsquo;elle devait mettre. Nous avons pass\u00e9 du temps \u00e0 essayer de faire changer d&rsquo;avis sa maman &#8211; sans succ\u00e8s);<br \/>\nEn arrivant , apr\u00e8s avoir admir\u00e9 le mammouth \u00e0 l&rsquo;entr\u00e9e du jardin nous avons commenc\u00e9 par pique-niquer. Mon fils\u00a0a\u00een\u00e9, Thomas (21 ans) nous y a rejoint aussi. <a href=\"http:\/\/recherche-action.fr\/intermedes\/files\/2013\/05\/DSC03634.jpg\"><img loading=\"lazy\" decoding=\"async\" class=\"alignright size-medium wp-image-1985\" alt=\"SONY DSC\" src=\"http:\/\/recherche-action.fr\/intermedes\/files\/2013\/05\/DSC03634-300x200.jpg\" width=\"300\" height=\"200\" \/><\/a><br \/>\nApr\u00e8s une ballade parmi les jolis parterres de fleurs, nous sommes enfin arriv\u00e9s \u00e0 la m\u00e9nagerie.<br \/>\nLes enfants criaient de joie en voyant les animaux.Ils ont tous re\u00e7u une image d&rsquo;un animal &#8211; le ticket d&rsquo;entr\u00e9e &#8211; que j&rsquo;ai du pr\u00e9cieusement garder pour leur le redonner au retour.<br \/>\nNous avons commenc\u00e9 par voir les singes &#8211; par chance nous avons pu voir le repas des orangs-outans.<\/p>\n<p class=\"MsoNormal\"><a href=\"http:\/\/recherche-action.fr\/intermedes\/files\/2013\/05\/DSC03660.jpg\"><img loading=\"lazy\" decoding=\"async\" class=\"alignleft size-medium wp-image-1987\" alt=\"SONY DSC\" src=\"http:\/\/recherche-action.fr\/intermedes\/files\/2013\/05\/DSC03660-300x200.jpg\" width=\"300\" height=\"200\" \/><\/a>Puis le voli\u00e8re, les chameaux &#8211; qui faisaient des dr\u00f4les de bruits lorsque les enfants criaient &#8211; les fauves , les perroquets, les flamants roses et pour finir les serpents. C&rsquo;est d&rsquo;ailleurs le serpent qui a \u00e9t\u00e9 choisi comme animal pr\u00e9f\u00e9r\u00e9 par la plupart des enfants.<\/p>\n<p class=\"MsoNormal\">Le temps a \u00e9t\u00e9 cl\u00e9ment, nous avons \u00e9chapp\u00e9 \u00e0 la pluie, sauf les 15 derni\u00e8res minutes.<br \/>\nCorentin et Garance sont venus nous aider pour ramener les enfants \u00e0 Wissous.<br \/>\nles enfants, et nous aussi, avons pass\u00e9 une tr\u00e8s belle journ\u00e9e, plusieurs parmi eux se sont endormis dans la voiture en rentrant.<\/p>\n<p class=\"MsoNormal\"><a href=\"http:\/\/recherche-action.fr\/intermedes\/files\/2013\/05\/DSC03636.jpg\"><img loading=\"lazy\" decoding=\"async\" class=\" wp-image-1986 alignnone\" alt=\"SONY DSC\" src=\"http:\/\/recherche-action.fr\/intermedes\/files\/2013\/05\/DSC03636-300x200.jpg\" width=\"240\" height=\"160\" \/><\/a> <a href=\"http:\/\/recherche-action.fr\/intermedes\/files\/2013\/05\/DSC03614.jpg\"><img loading=\"lazy\" decoding=\"async\" class=\"alignnone  wp-image-1984\" alt=\"SONY DSC\" src=\"http:\/\/recherche-action.fr\/intermedes\/files\/2013\/05\/DSC03614-300x200.jpg\" width=\"240\" height=\"160\" \/><\/a><\/p>\n<p>Merci \u00e0 vous d&rsquo; avoir permis cette sortie ensemble &#8211; j&rsquo;esp\u00e8re qu&rsquo;il y en aura d&rsquo;autres !<\/p>\n<p class=\"MsoNormal\">Csilla Ducroq- Association Aesfrr<\/p>\n<p class=\"MsoNormal\"><strong><span style=\"color: #000000\">Vendredi <\/span><\/strong><\/p>\n<p class=\"MsoNormal\"><strong><span style=\"color: #000000\"><span style=\"text-decoration: underline\">Au verger de Chilly\u00a0:<\/span><\/span><\/strong><\/p>\n<p class=\"MsoNormal\"><span style=\"color: #000000\">Exceptionnellement nous nous rendons au verger de Chilly-Mazarin cet apr\u00e8s-midi. En effet, l\u2019herbe \u00e0 pouss\u00e9 de mani\u00e8re impressionnante. Aussi, nous allons l\u2019ouvrir au public le lendemain. Nous avons donc ramen\u00e9<span>\u00a0 <\/span>les d\u00e9broussailleuses pour une grande op\u00e9ration de fauchage. <\/span><\/p>\n<p class=\"MsoNormal\"><a href=\"http:\/\/recherche-action.fr\/intermedes\/files\/2013\/05\/IMG_5012.jpg\"><img loading=\"lazy\" decoding=\"async\" class=\"alignleft size-thumbnail wp-image-1924\" alt=\"IMG_5012\" src=\"http:\/\/recherche-action.fr\/intermedes\/files\/2013\/05\/IMG_5012-150x150.jpg\" width=\"150\" height=\"150\" \/><\/a> <a href=\"http:\/\/recherche-action.fr\/intermedes\/files\/2013\/05\/IMG_5014.jpg\"><img loading=\"lazy\" decoding=\"async\" class=\"alignleft size-thumbnail wp-image-1925\" alt=\"IMG_5014\" src=\"http:\/\/recherche-action.fr\/intermedes\/files\/2013\/05\/IMG_5014-150x150.jpg\" width=\"150\" height=\"150\" \/><\/a><\/p>\n<p class=\"MsoNormal\"><span style=\"color: #000000\">Nous nous relayons au guidon des d\u00e9broussailleuses<span>\u00a0 <\/span>et nous avons \u00e9galement amen\u00e9 des cisailles pour que tout le monde puisse participer.<\/span><\/p>\n<p class=\"MsoNormal\" style=\"text-align: justify\"><a href=\"http:\/\/recherche-action.fr\/intermedes\/files\/2013\/05\/P1050336.jpg\"><span style=\"color: #000000\">La quasi globalit\u00e9 du terrain est d\u00e9broussaill\u00e9, un super travail de notre groupe d\u2019adultes\u00a0! Ce sera parfait pour accueillir du monde demain pour l\u2019ouverture du verger.<\/span><\/a><\/p>\n<p class=\"MsoNormal\" style=\"text-align: justify\"><a href=\"http:\/\/recherche-action.fr\/intermedes\/files\/2013\/05\/IMG_5056.jpg\"><img loading=\"lazy\" decoding=\"async\" class=\"alignleft size-thumbnail wp-image-1927\" alt=\"IMG_5056\" src=\"http:\/\/recherche-action.fr\/intermedes\/files\/2013\/05\/IMG_5056-150x150.jpg\" width=\"150\" height=\"150\" \/><\/a> <a href=\"http:\/\/recherche-action.fr\/intermedes\/files\/2013\/05\/IMG_5054.jpg\"><img loading=\"lazy\" decoding=\"async\" class=\"alignleft size-thumbnail wp-image-1926\" alt=\"IMG_5054\" src=\"http:\/\/recherche-action.fr\/intermedes\/files\/2013\/05\/IMG_5054-150x150.jpg\" width=\"150\" height=\"150\" \/><\/a><\/p>\n<p class=\"MsoNormal\" style=\"text-align: justify\"><a href=\"http:\/\/recherche-action.fr\/intermedes\/files\/2013\/05\/P1050336.jpg\"><span style=\"color: #000000\"> Nous sommes contents du r\u00e9sultat et de l\u2019ensemble des arbres et arbustes fruitiers qui ont \u00e9t\u00e9 plant\u00e9s cet automne ont parfaitement pris racine sur le terrain. Tout \u00e7a sous un beau soleil tr\u00e8s appr\u00e9ci\u00e9. <\/span><\/a><\/p>\n<p class=\"MsoNormal\" style=\"text-align: justify\"><a href=\"http:\/\/recherche-action.fr\/intermedes\/files\/2013\/05\/IMG_5073.jpg\"><img loading=\"lazy\" decoding=\"async\" class=\"aligncenter size-medium wp-image-1928\" alt=\"IMG_5073\" src=\"http:\/\/recherche-action.fr\/intermedes\/files\/2013\/05\/IMG_5073-300x224.jpg\" width=\"300\" height=\"224\" \/><\/a> <a href=\"http:\/\/recherche-action.fr\/intermedes\/files\/2013\/05\/IMG_5077.jpg\"><img loading=\"lazy\" decoding=\"async\" class=\"aligncenter size-medium wp-image-1929\" alt=\"IMG_5077\" src=\"http:\/\/recherche-action.fr\/intermedes\/files\/2013\/05\/IMG_5077-300x224.jpg\" width=\"300\" height=\"224\" \/><\/a><\/p>\n<p class=\"MsoNormal\"><strong><span style=\"color: #000000\"><span style=\"text-decoration: underline\">A la Rocade\u00a0:<\/span><\/span><\/strong><\/p>\n<p class=\"MsoNormal\"><span style=\"color: #000000\">Fofinho, le b\u00e9b\u00e9 bulldog fran\u00e7ais est de retour\u00a0! Il passe de bras en bras, trottine, grignote des cailloux et des brindilles. Pour ceux qui ne le connaissent pas, c\u2019est le petit chien d\u2019Aline. Elle l\u2019emm\u00e8nera de temps en temps sur les ateliers pour apporter un peu de c\u00e2lin, un peu de joie pour les enfants qui en ont besoin. Certains en ont un peu peur mais petit \u00e0 petit, s\u2019ils le souhaitent, ils s\u2019en approcheront et oseront m\u00eame lui caresser le bout du nez.<span>\u00a0 <\/span>Aujourd\u2019hui, ce sera le cas de Ximelia qui le portera m\u00eame une fraction de seconde\u00a0! <\/span><\/p>\n<p class=\"MsoNormal\"><span style=\"color: #000000\">Pendant ce temps, on pr\u00e9pare des tartines \u00e0 la confiture de framboise, Maria joue avec Agn\u00e8s au football.<\/span><\/p>\n<p class=\"MsoNormal\"><a href=\"http:\/\/recherche-action.fr\/intermedes\/files\/2013\/05\/P1050322.jpg\"><img loading=\"lazy\" decoding=\"async\" class=\"aligncenter size-medium wp-image-1932\" alt=\"P1050322\" src=\"http:\/\/recherche-action.fr\/intermedes\/files\/2013\/05\/P1050322-224x300.jpg\" width=\"224\" height=\"300\" \/><\/a><\/p>\n<p class=\"MsoNormal\"><span style=\"color: #000000\"> Ramona propose des coloriages<span>\u00a0 <\/span>et joue au devine-t\u00eate avec le Devine t\u00eate.<span>\u00a0<\/span><\/span><\/p>\n<p class=\"MsoNormal\"><a href=\"http:\/\/recherche-action.fr\/intermedes\/files\/2013\/05\/P1050301.jpg\"><img loading=\"lazy\" decoding=\"async\" class=\"alignleft size-thumbnail wp-image-1930\" alt=\"P1050301\" src=\"http:\/\/recherche-action.fr\/intermedes\/files\/2013\/05\/P1050301-150x150.jpg\" width=\"150\" height=\"150\" \/><\/a> <a href=\"http:\/\/recherche-action.fr\/intermedes\/files\/2013\/05\/P1050326.jpg\"><img loading=\"lazy\" decoding=\"async\" class=\"alignleft size-thumbnail wp-image-1933\" alt=\"P1050326\" src=\"http:\/\/recherche-action.fr\/intermedes\/files\/2013\/05\/P1050326-150x150.jpg\" width=\"150\" height=\"150\" \/><\/a><\/p>\n<p class=\"MsoNormal\"><a href=\"http:\/\/recherche-action.fr\/intermedes\/files\/2013\/05\/P1050315.jpg\"><img loading=\"lazy\" decoding=\"async\" class=\"aligncenter size-medium wp-image-1931\" alt=\"P1050315\" src=\"http:\/\/recherche-action.fr\/intermedes\/files\/2013\/05\/P1050315-300x224.jpg\" width=\"300\" height=\"224\" \/><\/a><\/p>\n<p class=\"MsoNormal\"><span style=\"color: #000000\">Abdel dessine avec Ximelia, une jeune fille de l\u2019ancien camp de Moulin <\/span><span style=\"color: #000000\">Galant.<br \/>\n<\/span><\/p>\n<p class=\"MsoNormal\"><a href=\"http:\/\/recherche-action.fr\/intermedes\/files\/2013\/05\/P10503281-e1369133944113.jpg\"><img loading=\"lazy\" decoding=\"async\" class=\"aligncenter size-medium wp-image-1935\" alt=\"P1050328\" src=\"http:\/\/recherche-action.fr\/intermedes\/files\/2013\/05\/P10503281-e1369133944113-224x300.jpg\" width=\"224\" height=\"300\" \/><\/a><\/p>\n<p class=\"MsoNormal\"><!--[if gte mso 9]&gt;--><\/p>\n<p class=\"MsoNoSpacing\"><strong><span style=\"text-decoration: underline\">JEUDI\u00a0:\u00a0 <\/span><\/strong><strong><span style=\"text-decoration: underline\">Wissous<br \/>\n<\/span><\/strong><\/p>\n<p class=\"MsoNoSpacing\" style=\"text-align: justify\">Quelques gouttes de pluie nous attendent \u00e0 notre arriv\u00e9e sur le camp. Nous avons pr\u00e9vu de commencer \u00e0 r\u00e9p\u00e9ter pour notre projet de danse tzigane pour notre prochaine soir\u00e9e conviviale. Nous installons d\u2019abord le mat\u00e9riel p\u00e9dagogique\u00a0: les b\u00e9b\u00e9s et la poussette, le pot, la baignoire, la dinette,<span>\u00a0 <\/span>le tapis d\u2019\u00e9veil pour notre petit Scoubidou (le fils de Maria). De l\u2019autre c\u00f4t\u00e9, nous installons nos petites tables pour proposer aux petits et aux grands un projet commun\u00a0: la d\u00e9coration d\u2019un arbre dessin\u00e9, qui aura comme feuilles, les mains des enfants d\u00e9coup\u00e9es dans des papiers de couleur.<\/p>\n<p class=\"MsoNoSpacing\"><a href=\"http:\/\/recherche-action.fr\/intermedes\/files\/2013\/05\/IMG_4956.jpg\"><img loading=\"lazy\" decoding=\"async\" class=\"aligncenter size-medium wp-image-1942\" alt=\"IMG_4956\" src=\"http:\/\/recherche-action.fr\/intermedes\/files\/2013\/05\/IMG_4956-300x224.jpg\" width=\"300\" height=\"224\" \/><\/a><\/p>\n<p class=\"MsoNoSpacing\"><a href=\"http:\/\/recherche-action.fr\/intermedes\/files\/2013\/05\/IMG_4925.jpg\"><img loading=\"lazy\" decoding=\"async\" class=\"aligncenter size-medium wp-image-1939\" alt=\"IMG_4925\" src=\"http:\/\/recherche-action.fr\/intermedes\/files\/2013\/05\/IMG_4925-300x224.jpg\" width=\"300\" height=\"224\" \/><\/a><\/p>\n<p class=\"MsoNoSpacing\"><a href=\"http:\/\/recherche-action.fr\/intermedes\/files\/2013\/05\/IMG_4927.jpg\"><img loading=\"lazy\" decoding=\"async\" class=\"aligncenter size-medium wp-image-1940\" alt=\"IMG_4927\" src=\"http:\/\/recherche-action.fr\/intermedes\/files\/2013\/05\/IMG_4927-300x224.jpg\" width=\"300\" height=\"224\" \/><\/a><\/p>\n<p class=\"MsoNoSpacing\"><em><strong>Pendant que les enfants s\u2019installent avec Madalin et Abdel, Ramona, Aline et Maria qui est venue pour danser aussi, s\u2019\u00e9loignent vers le camp pour r\u00e9p\u00e9ter la danse dans la baraque de Maria. La musique attire les voisins et nous serons bient\u00f4t trop\u00a0 nombreux pour tous tenir \u00e0 l\u2019int\u00e9rieur.<\/strong> <\/em><\/p>\n<p class=\"MsoNoSpacing\">Nous sortons pour danser dehors au milieu des curieux qui s\u2019amusent de voir des gadgis danser sur de la musique tzigane alors que peu d\u2019entre eux dansent eux m\u00eame. Nous sommes venus avec<span>\u00a0 <\/span>l\u2019id\u00e9e, peut-\u00eatre trop simple, qu\u2019ils dansaient forc\u00e9ment sur de la musique traditionnelle. Toutefois, on fera la connaissance de Vandana qui connait bien les pas et apporte sa touche \u00e0 la chor\u00e9graphie. Nous portons tous une des longues jupes de Maria pour nous mettre dans le bain. Avec nos baskets, nous avons une superbe touche\u00a0!!<\/p>\n<p class=\"MsoNoSpacing\">\u00a0<a href=\"http:\/\/recherche-action.fr\/intermedes\/files\/2013\/05\/IMG_4950.jpg\"><img loading=\"lazy\" decoding=\"async\" class=\"aligncenter size-medium wp-image-1941\" alt=\"IMG_4950\" src=\"http:\/\/recherche-action.fr\/intermedes\/files\/2013\/05\/IMG_4950-224x300.jpg\" width=\"224\" height=\"300\" \/><\/a><\/p>\n<p class=\"MsoNoSpacing\"><strong><span style=\"text-decoration: underline\">Au jardin de Saulx<\/span><\/strong><\/p>\n<p class=\"MsoNoSpacing\">Aie Aie Aie, de grosses averses de pluie tombent quand nous partons du quartier avec le camion. Mais, une fois arriv\u00e9 au terrain, la pluie cesse et le soleil revient\u00a0!<span>\u00a0 <\/span><\/p>\n<p class=\"MsoNoSpacing\">C\u2019est aussi le retour d\u2019Eric de vacances, qui est tr\u00e8s content de retrouver le groupe et le jardin.<\/p>\n<p class=\"MsoNoSpacing\"><a href=\"http:\/\/recherche-action.fr\/intermedes\/files\/2013\/05\/IMG_4958.jpg\"><img loading=\"lazy\" decoding=\"async\" class=\"aligncenter size-medium wp-image-1943\" alt=\"IMG_4958\" src=\"http:\/\/recherche-action.fr\/intermedes\/files\/2013\/05\/IMG_4958-300x225.jpg\" width=\"300\" height=\"225\" \/><\/a><\/p>\n<p class=\"MsoNoSpacing\">Un temps parfait pour continuer de passer la d\u00e9broussailleuse \u00e0 fil et \u00e0 lame. Le terrain est ainsi parfaitement \u00ab\u00a0tondu\u00a0\u00bb<span>\u00a0 <\/span>par notre groupe d\u2019adultes.<\/p>\n<p class=\"MsoNoSpacing\">Nous d\u00e9sherbons aussi notre terrain de pommes de terre qui en avait bien besoin.<\/p>\n<p class=\"MsoNoSpacing\">Une petite averse arrive \u00e0 l\u2019horizon, nous en profitons pour prendre un th\u00e9 chaud sous les arbres o\u00f9 nous sommes \u00e0 l\u2019abri.<\/p>\n<p class=\"MsoNoSpacing\">\u00a0<a href=\"http:\/\/recherche-action.fr\/intermedes\/files\/2013\/05\/IMG_4967.jpg\"><img loading=\"lazy\" decoding=\"async\" class=\"alignleft size-thumbnail wp-image-1945\" alt=\"IMG_4967\" src=\"http:\/\/recherche-action.fr\/intermedes\/files\/2013\/05\/IMG_4967-150x150.jpg\" width=\"150\" height=\"150\" \/><\/a> <a href=\"http:\/\/recherche-action.fr\/intermedes\/files\/2013\/05\/IMG_5001.jpg\"><img loading=\"lazy\" decoding=\"async\" class=\"alignleft size-thumbnail wp-image-1946\" alt=\"IMG_5001\" src=\"http:\/\/recherche-action.fr\/intermedes\/files\/2013\/05\/IMG_5001-150x150.jpg\" width=\"150\" height=\"150\" \/><\/a><\/p>\n<p class=\"MsoNoSpacing\">\u00a0<a href=\"http:\/\/recherche-action.fr\/intermedes\/files\/2013\/05\/IMG_4963.jpg\"><img loading=\"lazy\" decoding=\"async\" class=\"aligncenter size-medium wp-image-1944\" alt=\"IMG_4963\" src=\"http:\/\/recherche-action.fr\/intermedes\/files\/2013\/05\/IMG_4963-300x225.jpg\" width=\"300\" height=\"225\" \/><\/a><\/p>\n<p class=\"MsoNoSpacing\"><strong>Croix-Breton\u00a0:<\/strong><\/p>\n<p class=\"MsoNoSpacing\">Aujourd\u2019hui, ce fut les grandes retrouvailles \u00e0 la Croix-Breton\u00a0! En effet, suite aux jours f\u00e9ri\u00e9s, nous ne nous sommes pas vus depuis 2 semaines, et c\u2019est avec joie que nous nous retrouvons sur l\u2019atelier ce jeudi\u00a0!<\/p>\n<p class=\"MsoNoSpacing\">Lina et Sarah sont venues avec<span>\u00a0 <\/span>Iliana une amie, afin de leur faire d\u00e9couvrir notre atelier.<\/p>\n<p class=\"MsoNoSpacing\">\u00a0Nous nous sommes install\u00e9s tous sur le tapis afin de commencer par notre rituel et rassembleuse partie de Mikado g\u00e9ant\u00a0! Ana\u00efs,<span>\u00a0 <\/span>tr\u00e8s minutieuse, transmet sa technique du jeter de b\u00e2ton a Sarah.<\/p>\n<p class=\"MsoNoSpacing\"><a href=\"http:\/\/recherche-action.fr\/intermedes\/files\/2013\/05\/IMG-20130516-00329.jpg\"><img loading=\"lazy\" decoding=\"async\" class=\"alignleft size-medium wp-image-1951\" alt=\"IMG-20130516-00329\" src=\"http:\/\/recherche-action.fr\/intermedes\/files\/2013\/05\/IMG-20130516-00329-300x224.jpg\" width=\"225\" height=\"170\" \/><\/a> <a href=\"http:\/\/recherche-action.fr\/intermedes\/files\/2013\/05\/IMG-20130516-00314.jpg\"><img loading=\"lazy\" decoding=\"async\" class=\"alignleft size-medium wp-image-1948\" alt=\"IMG-20130516-00314\" src=\"http:\/\/recherche-action.fr\/intermedes\/files\/2013\/05\/IMG-20130516-00314-300x224.jpg\" width=\"234\" height=\"177\" \/><\/a><\/p>\n<p class=\"MsoNoSpacing\"><a href=\"http:\/\/recherche-action.fr\/intermedes\/files\/2013\/05\/IMG-20130516-00304.jpg\"><img loading=\"lazy\" decoding=\"async\" class=\"aligncenter size-medium wp-image-1947\" alt=\"IMG-20130516-00304\" src=\"http:\/\/recherche-action.fr\/intermedes\/files\/2013\/05\/IMG-20130516-00304-300x224.jpg\" width=\"300\" height=\"224\" \/><\/a><\/p>\n<p class=\"MsoNoSpacing\">Madalin,pendant ce temps, joue au<span>\u00a0 <\/span>Football avec Amin,Ayoub et Imen\u00a0! Nous proposons ensuite aux enfants de faire une partie de balle aux prisonniers. Ils s\u2019en donnent a c\u0153ur joie,les rires fusent<span>\u00a0 <\/span>dans de partout, et les cascades s\u2019enchainent\u00a0! Il est d\u00e9j\u00e0 temps de prendre le go\u00fbter,Lina et Iasmin se proposent afin de le servir au groupe. Nous disons a la semaine prochaine.<\/p>\n<p class=\"MsoNoSpacing\"><a href=\"http:\/\/recherche-action.fr\/intermedes\/files\/2013\/05\/IMG-20130516-00325.jpg\"><img loading=\"lazy\" decoding=\"async\" class=\"aligncenter size-medium wp-image-1949\" alt=\"IMG-20130516-00325\" src=\"http:\/\/recherche-action.fr\/intermedes\/files\/2013\/05\/IMG-20130516-00325-300x224.jpg\" width=\"300\" height=\"224\" \/><\/a> <a href=\"http:\/\/recherche-action.fr\/intermedes\/files\/2013\/05\/IMG-20130516-00327.jpg\"><img loading=\"lazy\" decoding=\"async\" class=\"aligncenter size-medium wp-image-1950\" alt=\"IMG-20130516-00327\" src=\"http:\/\/recherche-action.fr\/intermedes\/files\/2013\/05\/IMG-20130516-00327-300x224.jpg\" width=\"300\" height=\"224\" \/><\/a><\/p>\n<p class=\"MsoNormal\" style=\"text-align: justify\"><!--[if gte mso 9]&gt;--><\/p>\n<p class=\"MsoNoSpacing\">\u00a0<strong><span style=\"text-decoration: underline\">Skate Park\u00a0:<\/span><\/strong><\/p>\n<p class=\"MsoNoSpacing\">C\u2019est \u00e0 la sortie des classes que d\u00e9bute comme chaque jeudi notre atelier. Entre jeux de soci\u00e9t\u00e9, livres, coloriages, dinettes et poup\u00e9e, il y a le choix sur les tapis\u00a0!<\/p>\n<p class=\"MsoNoSpacing\"><a href=\"http:\/\/recherche-action.fr\/intermedes\/files\/2013\/05\/P1050208.jpg\"><img loading=\"lazy\" decoding=\"async\" class=\"aligncenter size-medium wp-image-1952\" alt=\"P1050208\" src=\"http:\/\/recherche-action.fr\/intermedes\/files\/2013\/05\/P1050208-300x224.jpg\" width=\"300\" height=\"224\" \/><\/a> <a href=\"http:\/\/recherche-action.fr\/intermedes\/files\/2013\/05\/P1050284.jpg\"><img loading=\"lazy\" decoding=\"async\" class=\"aligncenter size-medium wp-image-1956\" alt=\"P1050284\" src=\"http:\/\/recherche-action.fr\/intermedes\/files\/2013\/05\/P1050284-300x224.jpg\" width=\"300\" height=\"224\" \/><\/a><\/p>\n<p class=\"MsoNoSpacing\">On raconte les aventures de Poudingue , un dr\u00f4le de docteur pou , on fait quelques parties de domino, des concours de corde \u00e0 sauter, on joue au deuble, au jeu du chien.<span>\u00a0 <\/span>En fin d\u2019atelier on fait des exp\u00e9rimentations photographique avec ramona. Des photos\u2026<span>\u00a0 <\/span>Planantes\u00a0! L\u2019atelier se conclue par un gouter accompagner de discussions studieuses autour de la civilisation romaine.<\/p>\n<p class=\"MsoNoSpacing\"><a href=\"http:\/\/recherche-action.fr\/intermedes\/files\/2013\/05\/P1050238.jpg\"><img loading=\"lazy\" decoding=\"async\" class=\"aligncenter size-medium wp-image-1953\" alt=\"P1050238\" src=\"http:\/\/recherche-action.fr\/intermedes\/files\/2013\/05\/P1050238-300x224.jpg\" width=\"300\" height=\"224\" \/><\/a> <a href=\"http:\/\/recherche-action.fr\/intermedes\/files\/2013\/05\/P1050249.jpg\"><img loading=\"lazy\" decoding=\"async\" class=\"aligncenter size-medium wp-image-1954\" alt=\"P1050249\" src=\"http:\/\/recherche-action.fr\/intermedes\/files\/2013\/05\/P1050249-300x224.jpg\" width=\"300\" height=\"224\" \/><\/a> <a href=\"http:\/\/recherche-action.fr\/intermedes\/files\/2013\/05\/P1050274.jpg\"><img loading=\"lazy\" decoding=\"async\" class=\"aligncenter size-medium wp-image-1955\" alt=\"P1050274\" src=\"http:\/\/recherche-action.fr\/intermedes\/files\/2013\/05\/P1050274-300x224.jpg\" width=\"300\" height=\"224\" \/><\/a><!--[if gte mso 9]&gt;--><\/p>\n<p>&nbsp;<\/p>\n<p class=\"MsoNoSpacing\"><strong><span style=\"text-decoration: underline\">MERCREDI\u00a0: Parc Nativelle :<\/span><\/strong><\/p>\n<p class=\"MsoNoSpacing\">Aujourd\u2019hui, nous avons la visite des enfants Roms sur les ateliers. Au programme, sports collectifs, r\u00e9alisation de bagues <span>\u00a0<\/span>et coloriages sur les tapis. Pour commencer nous avons d\u00e9cid\u00e9 d\u2019un accord commun avec les enfants,<span>\u00a0 <\/span>que l\u2019on commencerait par le foot puis nous enchainerions sur une balle aux prisonniers.Nous avons donc fait les \u00e9quipes\u00a0 beaucoup d\u2019engagement pour le match tandis que la bonne ambiance g\u00e9n\u00e9rale \u00e9tait au beau fixe.<\/p>\n<p class=\"MsoNoSpacing\"><a href=\"http:\/\/recherche-action.fr\/intermedes\/files\/2013\/05\/P1050009.jpg\"><img loading=\"lazy\" decoding=\"async\" class=\"aligncenter size-medium wp-image-1958\" alt=\"P1050009\" src=\"http:\/\/recherche-action.fr\/intermedes\/files\/2013\/05\/P1050009-300x224.jpg\" width=\"300\" height=\"224\" \/><\/a><a href=\"http:\/\/recherche-action.fr\/intermedes\/files\/2013\/05\/P1050019.jpg\"><img loading=\"lazy\" decoding=\"async\" class=\"aligncenter size-medium wp-image-1959\" alt=\"P1050019\" src=\"http:\/\/recherche-action.fr\/intermedes\/files\/2013\/05\/P1050019-300x224.jpg\" width=\"300\" height=\"224\" \/><\/a><\/p>\n<p class=\"MsoNoSpacing\"><a href=\"http:\/\/recherche-action.fr\/intermedes\/files\/2013\/05\/P1050103.jpg\"><img loading=\"lazy\" decoding=\"async\" class=\"alignleft size-medium wp-image-1960\" alt=\"P1050103\" src=\"http:\/\/recherche-action.fr\/intermedes\/files\/2013\/05\/P1050103-300x224.jpg\" width=\"300\" height=\"224\" \/><\/a><\/p>\n<p class=\"MsoNoSpacing\">\u00a0Apr\u00e8s quelques buts, Abel et Alex ont montr\u00e9 aux enfants du quartier <span>\u00a0<\/span>comment<span>\u00a0 <\/span>imiter le bruit d\u2019un p\u00e9tard avec une feuille.<\/p>\n<p class=\"MsoNoSpacing\">Sur les demandes d\u2019Hafsatou, nous avons fait les \u00e9quipes pour la balle aux prisonniers puis s\u2019est encha\u00eener une partie avec beaucoup d\u2019encouragements et de cris de joie. Pendant ce temps l\u00e0, Aline, et Ramona anim\u00e9s un atelier de fabrication de bague. C\u2019est sur la fin de la partie de balle aux prisonniers que nous avons d\u00e9cid\u00e9 de tous nous r\u00e9unir afin de prendre le go\u00fbter.<\/p>\n<p class=\"MsoNoSpacing\">\u00a0<a href=\"http:\/\/recherche-action.fr\/intermedes\/files\/2013\/05\/P1050004.jpg\"><img loading=\"lazy\" decoding=\"async\" class=\"aligncenter size-medium wp-image-1957\" alt=\"P1050004\" src=\"http:\/\/recherche-action.fr\/intermedes\/files\/2013\/05\/P1050004-300x224.jpg\" width=\"300\" height=\"224\" \/><\/a><\/p>\n<p class=\"MsoNoSpacing\"><strong><span style=\"text-decoration: underline\">Jardin de Saulx<\/span><\/strong><\/p>\n<p class=\"MsoNoSpacing\">C\u2019est sous un beau soleil que nous arrivons au terrain de l\u2019\u00e9querre pour une apr\u00e8s-midi de jardinage. Nous continuons la mission \u00ab\u00a0repiquage\u00a0\u00bb des salades. Zora s\u2019occupe de les cueillir sous la serre pendant qu\u2019une autre personne les plantes dans un sillon.<\/p>\n<p class=\"MsoNoSpacing\">\u00a0<a href=\"http:\/\/recherche-action.fr\/intermedes\/files\/2013\/05\/IMG_4918.jpg\"><img loading=\"lazy\" decoding=\"async\" class=\"aligncenter size-medium wp-image-1964\" alt=\"IMG_4918\" src=\"http:\/\/recherche-action.fr\/intermedes\/files\/2013\/05\/IMG_4918-300x224.jpg\" width=\"300\" height=\"224\" \/><\/a><\/p>\n<p class=\"MsoNoSpacing\">Nous ajoutons du terreau dans ce sillon puis les repiquons et nous les arrosons pour terminer. Ce sont 5 rangs de laitues qui seront plant\u00e9es, il reste encore de la place pour en repiquer de nouveau.<\/p>\n<p class=\"MsoNoSpacing\">Un autre chantier est programm\u00e9, c\u2019est le d\u00e9broussaillage\u00a0! Th\u00e9o s\u2019empresse d\u2019enfiler un harnais et de d\u00e9broussailler les moindres recoins du jardin avec Madalin. Nous continuerons ce travail demain avec les adultes.<\/p>\n<p class=\"MsoNoSpacing\">Enfin nous arrosons nos nombreux l\u00e9gumes ainsi que nos semis encore au chaud sous la serre et nous terminons l\u2019apr\u00e8s-midi par une r\u00e9colte de radis, ces derniers d\u2019ailleurs consomm\u00e9s par certains durant le go\u00fbter\u00a0!!<\/p>\n<p class=\"MsoNoSpacing\"><a href=\"http:\/\/recherche-action.fr\/intermedes\/files\/2013\/05\/IMG_4913.jpg\"><img loading=\"lazy\" decoding=\"async\" alt=\"IMG_4913\" src=\"http:\/\/recherche-action.fr\/intermedes\/files\/2013\/05\/IMG_4913-150x150.jpg\" width=\"207\" height=\"207\" \/><\/a>\u00a0 \u00a0<a href=\"http:\/\/recherche-action.fr\/intermedes\/files\/2013\/05\/IMG_4914.jpg\"><img loading=\"lazy\" decoding=\"async\" alt=\"IMG_4914\" src=\"http:\/\/recherche-action.fr\/intermedes\/files\/2013\/05\/IMG_4914-300x224.jpg\" width=\"300\" height=\"224\" \/><\/a><\/p>\n<p><span style=\"color: #ff0000\"><strong>KroniKs des Robinsons de GRENOBLE : Madame Rutabaga se met en place<\/strong><\/span><\/p>\n<p>Madame Rutabaga , la roulotte \u00e0 mille activit\u00e9s avance bien. Voici sur la photo sa carcasse et le d\u00e9ploiement d&rsquo;un de ses modules d&rsquo;activit\u00e9 ( Madame Rutabaga embraquera diff\u00e9rents modules sur une grande vari\u00e9t\u00e9 possible, d&rsquo;activit\u00e9s de rue).<\/p>\n<p><a href=\"http:\/\/recherche-action.fr\/intermedes\/files\/2013\/05\/Mme-Rutabaga.jpg\"><img loading=\"lazy\" decoding=\"async\" alt=\"Mme Rutabaga\" src=\"http:\/\/recherche-action.fr\/intermedes\/files\/2013\/05\/Mme-Rutabaga-1024x768.jpg\" width=\"584\" height=\"438\" \/><\/a><\/p>\n<p>Pour notre atelier sous la pluie , nous entamons des parties de Jungle speed. Merci \u00e0 Sebastien de nous redire les r\u00e8gles du jeu.<br \/>\nNous avons de la visite, des amis se joignent \u00e0 nous.<br \/>\nLes filles me montrent \u00e0 ma grande surprise leur derni\u00e8re activit\u00e9 : de la poterie. Je prends le temps de voir leur cr\u00e9ations et c&rsquo;est tr\u00e8s jolie. J\u2019appr\u00e9cie beaucoup de d\u00e9couvrir leurs talents.<br \/>\nPuis, les filles avec \u00e9nergie se mettent \u00e0 b\u00e9cher nos parcelles et nous plantons ainsi piments, courgettes et poivrons.<br \/>\nNous avons pas du tout envie de nous quitter, alors les filles m\u2019accompagne pour ranger le mat\u00e9riel dans notre placard.<\/p>\n<p><a href=\"http:\/\/recherche-action.fr\/intermedes\/files\/2013\/05\/TapisDie-e1369259369785.jpg\"><img loading=\"lazy\" decoding=\"async\" class=\"alignnone size-medium wp-image-1991\" alt=\"TapisDie\" src=\"http:\/\/recherche-action.fr\/intermedes\/files\/2013\/05\/TapisDie-e1369259369785-225x300.jpg\" width=\"225\" height=\"300\" \/><\/a><\/p>\n<p class=\"MsoNoSpacing\"><a href=\"http:\/\/recherche-action.fr\/intermedes\/files\/2013\/05\/IMG_4913.jpg\"><br \/>\n<\/a> <a href=\"http:\/\/recherche-action.fr\/intermedes\/files\/2013\/05\/IMG_4914.jpg\"><br \/>\n<\/a><\/p>\n","protected":false},"excerpt":{"rendered":"<p>Jusqu&rsquo;o\u00f9 et quand allons nous continuer dans cette direction et d\u00e9courager les initiatives sociales \u00a0n\u00e9cessaires? Combien de temps encore allons nous continuer \u00e0 produire la pr\u00e9carit\u00e9, la marginalit\u00e9 qui mobiliseront tous les moyens de demain, comme ils p\u00e8sent tellement aujourd&rsquo;hui? Nous pouvons aujourd&rsquo;hui faire autrement. Nous savons comment le faire . Nous le faisons depuis &hellip; <a href=\"https:\/\/recherche-action.fr\/intermedes\/2013\/05\/16\/nul-nest-cense-ignorer-la-realite\/\" class=\"more-link\">Continuer la lecture<span class=\"screen-reader-text\"> de &laquo;&nbsp;Nul n&#039;est cens\u00e9 ignorer&#8230; la r\u00e9alit\u00e9&nbsp;&raquo;<\/span><\/a><\/p>\n","protected":false},"author":1,"featured_media":0,"comment_status":"open","ping_status":"open","sticky":false,"template":"","format":"standard","meta":{"footnotes":""},"categories":[1],"tags":[],"class_list":["post-1905","post","type-post","status-publish","format-standard","hentry","category-non-classe"],"jetpack_featured_media_url":"","_links":{"self":[{"href":"https:\/\/recherche-action.fr\/intermedes\/wp-json\/wp\/v2\/posts\/1905","targetHints":{"allow":["GET"]}}],"collection":[{"href":"https:\/\/recherche-action.fr\/intermedes\/wp-json\/wp\/v2\/posts"}],"about":[{"href":"https:\/\/recherche-action.fr\/intermedes\/wp-json\/wp\/v2\/types\/post"}],"author":[{"embeddable":true,"href":"https:\/\/recherche-action.fr\/intermedes\/wp-json\/wp\/v2\/users\/1"}],"replies":[{"embeddable":true,"href":"https:\/\/recherche-action.fr\/intermedes\/wp-json\/wp\/v2\/comments?post=1905"}],"version-history":[{"count":0,"href":"https:\/\/recherche-action.fr\/intermedes\/wp-json\/wp\/v2\/posts\/1905\/revisions"}],"wp:attachment":[{"href":"https:\/\/recherche-action.fr\/intermedes\/wp-json\/wp\/v2\/media?parent=1905"}],"wp:term":[{"taxonomy":"category","embeddable":true,"href":"https:\/\/recherche-action.fr\/intermedes\/wp-json\/wp\/v2\/categories?post=1905"},{"taxonomy":"post_tag","embeddable":true,"href":"https:\/\/recherche-action.fr\/intermedes\/wp-json\/wp\/v2\/tags?post=1905"}],"curies":[{"name":"wp","href":"https:\/\/api.w.org\/{rel}","templated":true}]}}