{"id":2055,"date":"2013-05-30T18:10:18","date_gmt":"2013-05-30T17:10:18","guid":{"rendered":"http:\/\/recherche-action.fr\/intermedes\/?p=2055"},"modified":"2013-05-30T18:10:18","modified_gmt":"2013-05-30T17:10:18","slug":"apprendre-a-changer","status":"publish","type":"post","link":"https:\/\/recherche-action.fr\/intermedes\/2013\/05\/30\/apprendre-a-changer\/","title":{"rendered":"Apprendre \u00e0 changer"},"content":{"rendered":"<p><strong><i><span style=\"color: #ff0000\">\u00ab\u00a0Quand on est ensemble, on apprend \u00e0 changer\u00a0\u00bb<\/span><\/i><i>\u00a0<\/i><\/strong><b><i>(assoc PEROU)<\/i><\/b><\/p>\n<p>Dans notre association, nous\u00a0apprenons\u00a0\u00e0 changer. \u00a0Nous le faisons tous les jours, dans tous nos ateliers, au jardin, \u00a0au bidonville, dans la rue. Nous le faisons avec les enfants, les adultes, et tous les \u00e2ges. \u00a0Comprenez bien, il ne s&rsquo;agit de changer personne; il\u00a0s&rsquo;agit\u00a0de changer ensemble, ce n&rsquo;est pas la m\u00eame chose.<\/p>\n<p>Nous apprenons le changement et nous d\u00e9couvrons que le changement ce n&rsquo;est jamais changer personne c&rsquo;est juste <span style=\"color: #ff0000\">APPORTER DU CHANGEMENT<\/span>.<\/p>\n<p>Nous rendons le changement possible car nous apprenons \u00e0 en d\u00e9couvrir la NECESSITE.<\/p>\n<p>Nous ouvrons les yeux. Trop de choses insupportables, trop de r\u00e9alit\u00e9s d\u00e9ni\u00e9es, trop d&rsquo;id\u00e9ologie. <strong>On continue \u00e0 investir dans ce qui est st\u00e9rile. On continue \u00e0 r\u00e9primer ce qui vit,<\/strong> ce qui jaillit et ce qui d\u00e9borde. Le changement reste pour autant in\u00e9luctable.<\/p>\n<p><a href=\"http:\/\/recherche-action.fr\/intermedes\/files\/2013\/05\/DSCN0413.jpg\"><img fetchpriority=\"high\" decoding=\"async\" class=\"alignleft size-full wp-image-2087\" alt=\"DSCN0413\" src=\"http:\/\/recherche-action.fr\/intermedes\/files\/2013\/05\/DSCN0413.jpg\" width=\"448\" height=\"336\" \/><\/a><\/p>\n<p>On nous avait dit \u00ab\u00a0le Changement c&rsquo;est maintenant\u00a0\u00bb \u00a0mais nous ne l&rsquo;avions pas attendu, \u00a0nous l&rsquo;avions pris au mot depuis longtemps d\u00e9j\u00e0. Avec les enfants, avec les familles, avec les adultes, le changement c&rsquo;est tous les jours.<\/p>\n<p><span style=\"text-decoration: underline\"><strong>\u00a0<span style=\"color: #ff0000;text-decoration: underline\">Changer dans un monde en mutation<\/span><\/strong><\/span><\/p>\n<p><span style=\"color: #3366ff\"><strong>\u00ab\u00a0Notre \u00e9poque est caract\u00e9ris\u00e9e par le fait que la religion se recompose hors des \u00e9glises, le politique hors des partis et le social, hors des institutions \u00ab\u00a0<\/strong><\/span> (Ch. Laval)<\/p>\n<p>Ce sont des changements majeurs qui se pr\u00e9parent, et qui se dessinent sous nos yeux.<\/p>\n<p><em><strong>Les institutions d&rsquo;hier ne seront plus celles de demain.<\/strong><\/em><\/p>\n<p>Nous avons pens\u00e9 que de cette mutation, de ces changements n\u00e9cessaires, il ne fallait pas rester les spectateurs effarouch\u00e9s, \u00a0au risque de la paralysie. Il nous a paru que nous ne pouvions nous contenter d&rsquo;en \u00eatre les critiques, les contempteurs, les\u00a0ratiocineurs de notre temps et ainsi rejoindre la cohorte de tous ceux qui n&rsquo;ont d&rsquo;autre m\u00e9rite que le m\u00e9pris.<\/p>\n<p>Nous estimons plut\u00f4t (et les enfants en sont d&rsquo;accord) qu&rsquo;il fallait en \u00eatre acteurs , et auteurs autant que possible. Nous avons pens\u00e9 que nous devions y \u00eatre et y \u00eatre TOUS.<\/p>\n<p>Nous avons pens\u00e9 que le Travail Social, que l&rsquo;Ecole, l&rsquo;Education Populaire devaient et devront se confronter \u00e0 la r\u00e9alit\u00e9&#8230; <strong>ENFIN<\/strong><\/p>\n<p><strong><span style=\"color: #3366ff\">Dimanche , premi\u00e8res r\u00e9coltes.<\/span><\/strong><\/p>\n<p>Enfin un brin de printemps; il est encore temps de planter les derni\u00e8res courges et il \u00a0y a tant \u00e0 d\u00e9sherber . Les enfants et adultes sont nombreux ce jour \u00e0 l&rsquo;Equerre. \u00a0La r\u00e9colte de radis restera grav\u00e9e dans les m\u00e9moires.<\/p>\n<p><a href=\"http:\/\/recherche-action.fr\/intermedes\/files\/2013\/05\/IMG-20130602-00348.jpg\"><img decoding=\"async\" class=\"alignleft size-thumbnail wp-image-2076\" alt=\"IMG-20130602-00348\" src=\"http:\/\/recherche-action.fr\/intermedes\/files\/2013\/05\/IMG-20130602-00348-150x150.jpg\" width=\"150\" height=\"150\" \/><\/a><\/p>\n<p>&nbsp;<\/p>\n<p><a href=\"http:\/\/recherche-action.fr\/intermedes\/files\/2013\/05\/IMG-20130602-00344.jpg\"><img decoding=\"async\" class=\"alignright size-thumbnail wp-image-2072\" alt=\"IMG-20130602-00344\" src=\"http:\/\/recherche-action.fr\/intermedes\/files\/2013\/05\/IMG-20130602-00344-150x150.jpg\" width=\"150\" height=\"150\" \/><\/a><\/p>\n<p>&nbsp;<\/p>\n<p>&nbsp;<\/p>\n<p>&nbsp;<\/p>\n<p><a href=\"http:\/\/recherche-action.fr\/intermedes\/files\/2013\/05\/Rad1-e1370244136795.jpg\"><img loading=\"lazy\" decoding=\"async\" class=\"alignleft size-medium wp-image-2066\" alt=\"Rad1\" src=\"http:\/\/recherche-action.fr\/intermedes\/files\/2013\/05\/Rad1-e1370244136795-300x224.jpg\" width=\"300\" height=\"224\" \/><\/a><\/p>\n<p>Nous voyons enfin le r\u00e9sultat de notre nouvelle strat\u00e9gie, \u00a0culture \u00ab\u00a0de masse\u00a0\u00bb.<\/p>\n<p>&nbsp;<\/p>\n<p>&nbsp;<\/p>\n<p>&nbsp;<\/p>\n<p>Les salades, les radis, les courges, les pommes de terre, haricots et m\u00eame les tomates prendront le relais. D\u00e8s que la terre a produit, on lance une autre culture.<\/p>\n<p><a href=\"http:\/\/recherche-action.fr\/intermedes\/files\/2013\/05\/DSCN0581.jpg\"><img loading=\"lazy\" decoding=\"async\" class=\"alignnone size-thumbnail wp-image-2074\" alt=\"DSCN0581\" src=\"http:\/\/recherche-action.fr\/intermedes\/files\/2013\/05\/DSCN0581-150x150.jpg\" width=\"150\" height=\"150\" \/><\/a>\u00a0\u00a0\u00a0\u00a0\u00a0\u00a0\u00a0\u00a0\u00a0\u00a0\u00a0\u00a0\u00a0\u00a0\u00a0\u00a0\u00a0\u00a0\u00a0\u00a0\u00a0\u00a0\u00a0\u00a0\u00a0\u00a0\u00a0\u00a0\u00a0\u00a0\u00a0\u00a0\u00a0\u00a0\u00a0\u00a0\u00a0\u00a0\u00a0\u00a0\u00a0\u00a0\u00a0\u00a0\u00a0\u00a0\u00a0\u00a0\u00a0\u00a0\u00a0\u00a0\u00a0\u00a0\u00a0\u00a0\u00a0\u00a0\u00a0\u00a0\u00a0\u00a0\u00a0\u00a0<a href=\"http:\/\/recherche-action.fr\/intermedes\/files\/2013\/05\/DSCN0577.jpg\"><img loading=\"lazy\" decoding=\"async\" class=\"alignright size-thumbnail wp-image-2073\" alt=\"DSCN0577\" src=\"http:\/\/recherche-action.fr\/intermedes\/files\/2013\/05\/DSCN0577-150x150.jpg\" width=\"150\" height=\"150\" \/><\/a><\/p>\n<p>&nbsp;<\/p>\n<p>&nbsp;<\/p>\n<p>&nbsp;<\/p>\n<p>Convivialit\u00e9 et joie en ce dimanche enfin ensoleill\u00e9. Un grand groupe avec les enfants est all\u00e9 au spectacle du circle, organis\u00e9 par nos amis d&rsquo;Animakt.<\/p>\n<p><a href=\"http:\/\/recherche-action.fr\/intermedes\/files\/2013\/05\/IMG-20130602-00364.jpg\"><img loading=\"lazy\" decoding=\"async\" class=\"aligncenter size-medium wp-image-2077\" alt=\"IMG-20130602-00364\" src=\"http:\/\/recherche-action.fr\/intermedes\/files\/2013\/05\/IMG-20130602-00364-300x224.jpg\" width=\"300\" height=\"224\" \/><\/a><\/p>\n<p><span style=\"color: #3366ff\"><strong>Samedi: \u00a0Nous b\u00e2tissons, on l&rsquo;avait dit.<\/strong><\/span><\/p>\n<p>Une petite \u00e9quipe ce samedi \u00e0 Buno pour b\u00e2tir la \u00ab\u00a0maison des Robinsons\u00a0\u00bb ,\u00a0chalet\u00a0en bois, destin\u00e9 \u00e0 accueillir nos activit\u00e9s Land Art, terre, etc, \u00e0 la mauvaise saison . Sur la dalle de ciment presque achev\u00e9e, nous montons les murs. H\u00e9las, deux pi\u00e8ces manquantes paralysent pour un temps seulement la construction.<\/p>\n<p><a href=\"http:\/\/recherche-action.fr\/intermedes\/files\/2013\/05\/Chal1-e1370244324285.jpg\"><img loading=\"lazy\" decoding=\"async\" class=\"alignleft size-full wp-image-2069\" alt=\"Chal1\" src=\"http:\/\/recherche-action.fr\/intermedes\/files\/2013\/05\/Chal1-e1370244324285.jpg\" width=\"979\" height=\"734\" \/><\/a><\/p>\n<p>Il n&#8217;emp\u00eache, que c&rsquo;est une belle journ\u00e9e pour nous tous, dehors au soleil, au bord de l&rsquo;Essonne&#8230;<\/p>\n<p><strong><span style=\"text-decoration: underline\">A la Villa Saint Martin<\/span><\/strong><\/p>\n<p class=\"MsoNormal\">Aujourd\u2019hui le beau temps est au rendez vous. Au programme\u00a0: Boxe, g\u00e2teau au chocolat, jeux de soci\u00e9t\u00e9, d\u00e9coration d\u2019affiches et atelier p\u00e2te \u00e0 modeler sans oublier la tente petite enfance\u20ac.<\/p>\n<p class=\"MsoNormal\"><a href=\"http:\/\/recherche-action.fr\/intermedes\/files\/2013\/05\/IMG_5520.jpg\"><img loading=\"lazy\" decoding=\"async\" class=\"alignnone size-thumbnail wp-image-2082\" alt=\"IMG_5520\" src=\"http:\/\/recherche-action.fr\/intermedes\/files\/2013\/05\/IMG_5520-150x150.jpg\" width=\"150\" height=\"150\" \/><\/a>\u00a0\u00a0\u00a0\u00a0\u00a0\u00a0\u00a0\u00a0\u00a0\u00a0\u00a0\u00a0\u00a0\u00a0\u00a0\u00a0\u00a0\u00a0\u00a0\u00a0\u00a0\u00a0\u00a0\u00a0\u00a0\u00a0\u00a0\u00a0\u00a0\u00a0\u00a0\u00a0\u00a0\u00a0\u00a0\u00a0\u00a0\u00a0\u00a0\u00a0\u00a0\u00a0\u00a0\u00a0\u00a0\u00a0\u00a0\u00a0\u00a0\u00a0\u00a0\u00a0\u00a0\u00a0\u00a0\u00a0\u00a0\u00a0\u00a0\u00a0 <a href=\"http:\/\/recherche-action.fr\/intermedes\/files\/2013\/05\/IMG_5508.jpg\"><img loading=\"lazy\" decoding=\"async\" class=\"alignnone size-thumbnail wp-image-2081\" alt=\"IMG_5508\" src=\"http:\/\/recherche-action.fr\/intermedes\/files\/2013\/05\/IMG_5508-150x150.jpg\" width=\"150\" height=\"150\" \/><\/a><\/p>\n<p class=\"MsoNormal\">Nous avons \u00e9galement eu la visite de deux futurs \u00e9ducateurs sp\u00e9cialis\u00e9 en cours de formation. Peu de monde sur l\u2019atelier mais beaucoup d\u2019engagement dans les activit\u00e9s entreprises.<\/p>\n<p class=\"MsoNormal\"><a href=\"http:\/\/recherche-action.fr\/intermedes\/files\/2013\/05\/IMG_5494.jpg\"><img loading=\"lazy\" decoding=\"async\" class=\"aligncenter size-medium wp-image-2079\" alt=\"IMG_5494\" src=\"http:\/\/recherche-action.fr\/intermedes\/files\/2013\/05\/IMG_5494-300x225.jpg\" width=\"300\" height=\"225\" \/><\/a> <strong>Nous avons f\u00eat\u00e9 en fin d\u2019atelier l\u2019anniversaire d\u2019Eddy pour ses 18 ans<\/strong>. Pour cette f\u00eate un g\u00e2teau au chocolat a \u00e9t\u00e9 pr\u00e9par\u00e9 par les enfants ce qui f\u00fbt une belle surprise pour Eddy.<\/p>\n<p class=\"MsoNormal\"><a href=\"http:\/\/recherche-action.fr\/intermedes\/files\/2013\/05\/IMG_5527.jpg\"><img loading=\"lazy\" decoding=\"async\" class=\"alignnone size-thumbnail wp-image-2083\" alt=\"IMG_5527\" src=\"http:\/\/recherche-action.fr\/intermedes\/files\/2013\/05\/IMG_5527-150x150.jpg\" width=\"150\" height=\"150\" \/><\/a>\u00a0\u00a0\u00a0\u00a0\u00a0\u00a0\u00a0\u00a0\u00a0\u00a0\u00a0\u00a0\u00a0\u00a0\u00a0\u00a0\u00a0\u00a0\u00a0\u00a0\u00a0\u00a0\u00a0\u00a0\u00a0\u00a0\u00a0\u00a0\u00a0\u00a0\u00a0\u00a0\u00a0\u00a0\u00a0\u00a0\u00a0\u00a0\u00a0\u00a0\u00a0\u00a0\u00a0\u00a0\u00a0\u00a0\u00a0\u00a0\u00a0\u00a0\u00a0\u00a0\u00a0\u00a0\u00a0\u00a0\u00a0\u00a0\u00a0\u00a0\u00a0\u00a0 <a href=\"http:\/\/recherche-action.fr\/intermedes\/files\/2013\/05\/IMG_5481.jpg\"><img loading=\"lazy\" decoding=\"async\" class=\"alignnone size-thumbnail wp-image-2078\" alt=\"IMG_5481\" src=\"http:\/\/recherche-action.fr\/intermedes\/files\/2013\/05\/IMG_5481-150x150.jpg\" width=\"150\" height=\"150\" \/><\/a><\/p>\n<p><span style=\"color: #3366ff\"><strong>Vendredi Soir\u00e9e conviviale et f\u00eate des voisins<\/strong><\/span><\/p>\n<p>Tout \u00e9tait pr\u00e9vu, organis\u00e9, millim\u00e9tr\u00e9 et m\u00eame la fin de la pluie, juste avant le d\u00e9but;<\/p>\n<p><a href=\"http:\/\/recherche-action.fr\/intermedes\/files\/2013\/05\/DSCN0257.jpg\"><img loading=\"lazy\" decoding=\"async\" class=\"alignnone size-thumbnail wp-image-2084\" alt=\"DSCN0257\" src=\"http:\/\/recherche-action.fr\/intermedes\/files\/2013\/05\/DSCN0257-150x150.jpg\" width=\"150\" height=\"150\" \/><\/a>\u00a0\u00a0\u00a0\u00a0\u00a0\u00a0\u00a0\u00a0\u00a0\u00a0\u00a0\u00a0\u00a0\u00a0\u00a0\u00a0\u00a0\u00a0\u00a0\u00a0\u00a0\u00a0\u00a0\u00a0\u00a0\u00a0\u00a0\u00a0\u00a0\u00a0\u00a0\u00a0\u00a0\u00a0\u00a0\u00a0\u00a0\u00a0\u00a0\u00a0\u00a0\u00a0\u00a0\u00a0\u00a0\u00a0\u00a0\u00a0\u00a0\u00a0\u00a0\u00a0\u00a0\u00a0 <a href=\"http:\/\/recherche-action.fr\/intermedes\/files\/2013\/05\/DSCN0282.jpg\"><img loading=\"lazy\" decoding=\"async\" class=\"alignnone size-thumbnail wp-image-2085\" alt=\"DSCN0282\" src=\"http:\/\/recherche-action.fr\/intermedes\/files\/2013\/05\/DSCN0282-150x150.jpg\" width=\"150\" height=\"150\" \/><\/a><\/p>\n<p><strong>Une soir\u00e9e conviviale ouverte \u00e0 tous, avec les enfants en grands organisateurs.<\/strong> Des tables et un barnum sont mont\u00e9s avec l&rsquo;aide de nombreux enfants, les chaises sont plac\u00e9es en demi arc en cercle pour mat\u00e9rialiser un espcae \u00ab\u00a0spectacle et danse\u00a0\u00bb.<\/p>\n<p><a href=\"http:\/\/recherche-action.fr\/intermedes\/files\/2013\/05\/DSCN0413.jpg\"><img loading=\"lazy\" decoding=\"async\" class=\"alignnone size-thumbnail wp-image-2087\" alt=\"DSCN0413\" src=\"http:\/\/recherche-action.fr\/intermedes\/files\/2013\/05\/DSCN0413-150x150.jpg\" width=\"150\" height=\"150\" \/><\/a>\u00a0\u00a0\u00a0\u00a0\u00a0\u00a0\u00a0\u00a0\u00a0\u00a0\u00a0\u00a0\u00a0\u00a0\u00a0\u00a0\u00a0\u00a0\u00a0\u00a0\u00a0\u00a0\u00a0\u00a0\u00a0\u00a0\u00a0\u00a0\u00a0\u00a0\u00a0\u00a0\u00a0\u00a0\u00a0\u00a0\u00a0\u00a0\u00a0\u00a0\u00a0\u00a0\u00a0\u00a0\u00a0 <a href=\"http:\/\/recherche-action.fr\/intermedes\/files\/2013\/05\/DSCN0461.jpg\"><img loading=\"lazy\" decoding=\"async\" class=\"alignnone size-thumbnail wp-image-2088\" alt=\"DSCN0461\" src=\"http:\/\/recherche-action.fr\/intermedes\/files\/2013\/05\/DSCN0461-150x150.jpg\" width=\"150\" height=\"150\" \/><\/a><\/p>\n<p>Et m\u00eame les Rrom&rsquo;binsons venus danser et mettre l&rsquo;ambiance. Une danse tzigane orchestr\u00e9e par Ramona est propos\u00e9e sur le terrain de la Villa St Martin o\u00f9 l&rsquo;ensemble des habitants et rom&rsquo;binsons participent !<\/p>\n<p><a href=\"http:\/\/recherche-action.fr\/intermedes\/files\/2013\/05\/Vois2-e1370244384771.jpg\"><img loading=\"lazy\" decoding=\"async\" class=\"alignleft size-full wp-image-2070\" alt=\"Vois2\" src=\"http:\/\/recherche-action.fr\/intermedes\/files\/2013\/05\/Vois2-e1370244384771.jpg\" width=\"979\" height=\"734\" \/><\/a><\/p>\n<p><strong>Nous avons le droit \u00e9galement \u00e0 une d\u00e9monstartion de danse hip hop men\u00e9e par Alan.<\/strong> Apr\u00e8s plusieurs r\u00e9p\u00e9titions et \u00e9chauffements, le show commence et le groupe de danseur sinvite tout le monde \u00e0 les rejoindre dans une ronde.<\/p>\n<p>Une belle soir\u00e9e sous le signe de la danse, de la musique et de la convivialit\u00e9.<\/p>\n<p><a href=\"http:\/\/recherche-action.fr\/intermedes\/files\/2013\/05\/DSCN0296.jpg\"><img loading=\"lazy\" decoding=\"async\" class=\"aligncenter size-medium wp-image-2086\" alt=\"DSCN0296\" src=\"http:\/\/recherche-action.fr\/intermedes\/files\/2013\/05\/DSCN0296-300x224.jpg\" width=\"300\" height=\"224\" \/><\/a><!--[if gte mso 9]&gt;--><\/p>\n<p><strong><span style=\"text-decoration: underline\">VENDREDI\u00a0:<\/span><\/strong><\/p>\n<p class=\"MsoNormal\"><strong><span style=\"text-decoration: underline\">Au rucher\u00a0:<\/span><\/strong><\/p>\n<p class=\"MsoNormal\">Cette apr\u00e8s-midi nous nous rendons avec notre groupe d\u2019adultes au terrain du \u00ab Fond de l\u2019\u00e9glise\u00a0\u00bb, pour nous occuper des abeilles. Nous y \u00e9tions pass\u00e9s dimanche dernier avec le groupe d\u2019ados. Nous avons d\u00e9cid\u00e9 de nous y rendre de nouveau pour y poser une hausse sur une seule ruche, plus vigoureuse.<\/p>\n<p class=\"MsoNormal\"><a href=\"http:\/\/recherche-action.fr\/intermedes\/files\/2013\/05\/DSCN0240-Copie.jpg\"><img loading=\"lazy\" decoding=\"async\" class=\"aligncenter size-medium wp-image-2090\" alt=\"DSCN0240 - Copie\" src=\"http:\/\/recherche-action.fr\/intermedes\/files\/2013\/05\/DSCN0240-Copie-300x225.jpg\" width=\"300\" height=\"225\" \/><\/a><\/p>\n<p class=\"MsoNormal\"><strong>C\u2019est une premi\u00e8re pour Eric et Johann. Ils se pr\u00eatent au jeu et effectuent l\u2019activit\u00e9 avec calme et sang-froid.<\/strong> Nous profitons des rayons de soleil pour ouvrir nos ruches et y apposer une hausse\u00a0? Nous nourrissons l\u2019autre ruche d\u2019un pr\u00e9cieux sirop riche en sucre.<\/p>\n<p class=\"MsoNormal\"><a href=\"http:\/\/recherche-action.fr\/intermedes\/files\/2013\/05\/DSCN0238.jpg\"><img loading=\"lazy\" decoding=\"async\" class=\"alignleft size-thumbnail wp-image-2089\" alt=\"DSCN0238\" src=\"http:\/\/recherche-action.fr\/intermedes\/files\/2013\/05\/DSCN0238-150x150.jpg\" width=\"150\" height=\"150\" \/><\/a><\/p>\n<p class=\"MsoNormal\">Nous prenons le temps d\u2019observer le va et vient des abeilles et guettons le pollen solidement accroch\u00e9 \u00e0 leur pattes.<\/p>\n<p class=\"MsoNormal\">Il n\u2019y a plus qu\u2019attendre que les abeilles puissent butiner en paix en attendant de r\u00e9colter le miel cet \u00e9t\u00e9.<\/p>\n<p class=\"MsoNormal\"><a href=\"http:\/\/recherche-action.fr\/intermedes\/files\/2013\/05\/DSCN0247.jpg\"><img loading=\"lazy\" decoding=\"async\" class=\"aligncenter size-medium wp-image-2091\" alt=\"DSCN0247\" src=\"http:\/\/recherche-action.fr\/intermedes\/files\/2013\/05\/DSCN0247-300x225.jpg\" width=\"300\" height=\"225\" \/><\/a><!--[if gte mso 9]&gt;--><\/p>\n<p>&nbsp;<\/p>\n<p class=\"MsoNormal\"><span style=\"text-decoration: underline\"><strong>A la Rocade:<\/strong><\/span><\/p>\n<p class=\"MsoNormal\"><strong>Aujourd\u2019hui, nous avons la visite de 6 EJE venues de Toulouse, qui joueront au kems dans une des tentes avec une fine \u00e9quipe\u00a0!<\/strong><\/p>\n<p class=\"MsoNormal\"><a href=\"http:\/\/recherche-action.fr\/intermedes\/files\/2013\/05\/IMG_5443.jpg\"><img loading=\"lazy\" decoding=\"async\" class=\"aligncenter size-medium wp-image-2093\" alt=\"IMG_5443\" src=\"http:\/\/recherche-action.fr\/intermedes\/files\/2013\/05\/IMG_5443-300x224.jpg\" width=\"300\" height=\"224\" \/><\/a><\/p>\n<p class=\"MsoNormal\">Dehors, nous faisons des fleurs, des bonhommes et des fleurs de toutes les couleurs en p\u00e2te \u00e0 modeler. Dans la tente des plus petits, \u00e7a s\u2019agite aussi. \u00c7a babille, \u00e7a questionne.<\/p>\n<p class=\"MsoNormal\"><a href=\"http:\/\/recherche-action.fr\/intermedes\/files\/2013\/05\/IMG_5453.jpg\"><img loading=\"lazy\" decoding=\"async\" class=\"alignnone size-thumbnail wp-image-2095\" alt=\"IMG_5453\" src=\"http:\/\/recherche-action.fr\/intermedes\/files\/2013\/05\/IMG_5453-150x150.jpg\" width=\"150\" height=\"150\" \/><\/a><\/p>\n<p class=\"MsoNormal\">Corinne nous aide \u00e0 gonfler des ballons pour d\u00e9corer les tables de la f\u00eate que nous organisons ce soir dans le cadre de la f\u00eate des voisins.<\/p>\n<p class=\"MsoNormal\"><a href=\"http:\/\/recherche-action.fr\/intermedes\/files\/2013\/05\/IMG_5430.jpg\"><img loading=\"lazy\" decoding=\"async\" class=\"alignnone size-thumbnail wp-image-2092\" alt=\"IMG_5430\" src=\"http:\/\/recherche-action.fr\/intermedes\/files\/2013\/05\/IMG_5430-150x150.jpg\" width=\"150\" height=\"150\" \/><\/a>\u00a0\u00a0\u00a0\u00a0\u00a0\u00a0\u00a0\u00a0\u00a0\u00a0\u00a0\u00a0\u00a0\u00a0\u00a0\u00a0\u00a0\u00a0\u00a0\u00a0\u00a0\u00a0\u00a0\u00a0\u00a0\u00a0\u00a0\u00a0\u00a0\u00a0\u00a0\u00a0\u00a0\u00a0\u00a0\u00a0\u00a0\u00a0\u00a0\u00a0\u00a0\u00a0\u00a0\u00a0\u00a0\u00a0\u00a0\u00a0\u00a0\u00a0\u00a0\u00a0\u00a0\u00a0\u00a0\u00a0\u00a0 <a href=\"http:\/\/recherche-action.fr\/intermedes\/files\/2013\/05\/IMG_5449.jpg\"><img loading=\"lazy\" decoding=\"async\" class=\"alignnone size-thumbnail wp-image-2094\" alt=\"IMG_5449\" src=\"http:\/\/recherche-action.fr\/intermedes\/files\/2013\/05\/IMG_5449-150x150.jpg\" width=\"150\" height=\"150\" \/><\/a><\/p>\n<p class=\"MsoNormal\"><!--[if gte mso 9]&gt;--><\/p>\n<p>\u00a0<b><span style=\"text-decoration: underline\">JEUDI\u00a0:<\/span><\/b><\/p>\n<p class=\"MsoNormal\"><b><span style=\"text-decoration: underline\">A Wissous\u00a0:<\/span><\/b><\/p>\n<p class=\"MsoNormal\">\u00ab\u00a0Bonjour les enfants, aujourd\u2019hui nous allons jouer avec de la p\u00e2te \u00e0 modeler que Jo\u00eblle a apport\u00e9e.<\/p>\n<p class=\"MsoNormal\"><a href=\"http:\/\/recherche-action.fr\/intermedes\/files\/2013\/05\/IMG_5329.jpg\"><img loading=\"lazy\" decoding=\"async\" class=\"aligncenter size-medium wp-image-2097\" alt=\"IMG_5329\" src=\"http:\/\/recherche-action.fr\/intermedes\/files\/2013\/05\/IMG_5329-300x224.jpg\" width=\"300\" height=\"224\" \/><\/a><\/p>\n<p class=\"MsoNormal\">Prenez des petits bouts et essayez de former quelques choses avec.<strong> Par contre, ne m\u00e9langez pas les couleurs sinon \u00e0 la fin, nous n\u2019aurons plus que du marron.<\/strong> C\u2019est chouette ce que tu as fait Ionut, elle est belle ta chenille\u00a0! Oui, toi aussi ton bonhomme est sympa\u00a0! Non, Suni, ma puce, il ne faut pas piquer les morceaux des autres\u00a0! Merci, Ricardo pour ton petit panier\u00a0!\u00a0\u00bb<\/p>\n<p class=\"MsoNormal\"><a href=\"http:\/\/recherche-action.fr\/intermedes\/files\/2013\/05\/IMG_5336.jpg\"><img loading=\"lazy\" decoding=\"async\" class=\"alignnone size-thumbnail wp-image-2099\" alt=\"IMG_5336\" src=\"http:\/\/recherche-action.fr\/intermedes\/files\/2013\/05\/IMG_5336-150x150.jpg\" width=\"150\" height=\"150\" \/><\/a>\u00a0\u00a0\u00a0\u00a0\u00a0\u00a0\u00a0\u00a0\u00a0\u00a0\u00a0\u00a0\u00a0\u00a0\u00a0\u00a0\u00a0\u00a0\u00a0\u00a0\u00a0\u00a0\u00a0\u00a0\u00a0\u00a0\u00a0\u00a0\u00a0\u00a0\u00a0\u00a0\u00a0\u00a0\u00a0\u00a0\u00a0\u00a0\u00a0\u00a0\u00a0\u00a0\u00a0\u00a0\u00a0\u00a0\u00a0\u00a0 <a href=\"http:\/\/recherche-action.fr\/intermedes\/files\/2013\/05\/IMG_5327.jpg\"><img loading=\"lazy\" decoding=\"async\" class=\"alignnone size-thumbnail wp-image-2096\" alt=\"IMG_5327\" src=\"http:\/\/recherche-action.fr\/intermedes\/files\/2013\/05\/IMG_5327-150x150.jpg\" width=\"150\" height=\"150\" \/><\/a><\/p>\n<p class=\"MsoNormal\">Les enfants ont d\u00e9couvert la p\u00e2te \u00e0 modeler avec plaisir, en plus elle sent bon\u00a0! Mais m\u00e9langer les couleurs en faisant des grosses boules et en les \u00e9crasant c\u2019est trop tentant. Alors la prochaine fois, on sortira moins de bo\u00eetes et on fera avec les couleurs qui restent, ce n\u2019est pas grave.<\/p>\n<p class=\"MsoNormal\"><a href=\"http:\/\/recherche-action.fr\/intermedes\/files\/2013\/05\/IMG_5332.jpg\"><img loading=\"lazy\" decoding=\"async\" class=\"alignleft size-thumbnail wp-image-2098\" alt=\"IMG_5332\" src=\"http:\/\/recherche-action.fr\/intermedes\/files\/2013\/05\/IMG_5332-150x150.jpg\" width=\"150\" height=\"150\" \/><\/a><\/p>\n<p class=\"MsoNormal\"><strong>Carmi, Rafael et Scoubi jouent \u00e0 la dinette et avec les tubes de construction sur le tapis des petits avec Madalin.<\/strong><\/p>\n<p class=\"MsoNormal\"><strong>De l\u2019autre c\u00f4t\u00e9, les filles r\u00e9p\u00e8tent la danse tzigane<\/strong> pour la soir\u00e9e de vendredi. Ca va \u00eatre super\u00a0!<\/p>\n<p class=\"MsoNormal\"><a href=\"http:\/\/recherche-action.fr\/intermedes\/files\/2013\/05\/IMG_5337.jpg\"><img loading=\"lazy\" decoding=\"async\" class=\"aligncenter size-medium wp-image-2100\" alt=\"IMG_5337\" src=\"http:\/\/recherche-action.fr\/intermedes\/files\/2013\/05\/IMG_5337-300x224.jpg\" width=\"300\" height=\"224\" \/><\/a><!--[if gte mso 9]&gt;--><\/p>\n<p>\u00a0<b><span style=\"text-decoration: underline\">Au jardin\u00a0:<\/span><\/b><\/p>\n<p class=\"MsoNormal\">Aujourd\u2019hui au jardin, nous sommes en petit comit\u00e9 \u00e9tant donn\u00e9 la m\u00e9t\u00e9o tr\u00e8s pluvieuse. Au programme, nous devons couper les branches du noisetier, planter des poireaux et arroser sous la serre.<\/p>\n<p class=\"MsoNormal\"><a href=\"http:\/\/recherche-action.fr\/intermedes\/files\/2013\/05\/SAM_0129.jpg\"><img loading=\"lazy\" decoding=\"async\" class=\"alignnone size-thumbnail wp-image-2104\" alt=\"SAMSUNG CAMERA PICTURES\" src=\"http:\/\/recherche-action.fr\/intermedes\/files\/2013\/05\/SAM_0129-150x150.jpg\" width=\"150\" height=\"150\" \/><\/a>\u00a0\u00a0\u00a0\u00a0\u00a0\u00a0\u00a0\u00a0\u00a0\u00a0\u00a0\u00a0\u00a0\u00a0\u00a0\u00a0\u00a0\u00a0\u00a0\u00a0\u00a0\u00a0\u00a0\u00a0\u00a0\u00a0\u00a0\u00a0\u00a0\u00a0\u00a0\u00a0\u00a0\u00a0\u00a0\u00a0\u00a0\u00a0\u00a0\u00a0\u00a0\u00a0\u00a0\u00a0\u00a0\u00a0\u00a0\u00a0\u00a0\u00a0\u00a0\u00a0 <a href=\"http:\/\/recherche-action.fr\/intermedes\/files\/2013\/05\/SAM_0065.jpg\"><img loading=\"lazy\" decoding=\"async\" class=\"alignnone size-thumbnail wp-image-2101\" alt=\"SAMSUNG CAMERA PICTURES\" src=\"http:\/\/recherche-action.fr\/intermedes\/files\/2013\/05\/SAM_0065-150x150.jpg\" width=\"150\" height=\"150\" \/><\/a><\/p>\n<p class=\"MsoNormal\">Le froid plus la pluie fut notre plus grand adversaire durant cette apr\u00e8s midi m\u00eame si nous avons r\u00e9ussi \u00e0 termin\u00e9 nos t\u00e2ches. Pour lutter contre le froid, nous avons<span>\u00a0 <\/span>pris quelques tasses de th\u00e9 bien m\u00e9rit\u00e9 et pour retrouver l\u2019\u00e9nergie, quelques g\u00e2teaux au chocolat.<\/p>\n<p class=\"MsoNormal\"><a href=\"http:\/\/recherche-action.fr\/intermedes\/files\/2013\/05\/SAM_0077.jpg\"><img loading=\"lazy\" decoding=\"async\" class=\"aligncenter size-medium wp-image-2103\" alt=\"SAMSUNG CAMERA PICTURES\" src=\"http:\/\/recherche-action.fr\/intermedes\/files\/2013\/05\/SAM_0077-300x225.jpg\" width=\"300\" height=\"225\" \/><\/a><\/p>\n<p class=\"MsoNormal\">Nous avons pris le chemin du retour avec le sourire malgr\u00e9 tout\u00a0!<\/p>\n<p>\u00a0<b><span style=\"text-decoration: underline\">Croix-Breton\u00a0: <\/span><\/b><\/p>\n<p class=\"MsoNormal\"><span>\u00a0<\/span>C\u2019est une m\u00e9t\u00e9o bien capricieuse aujourd\u2019hui et c\u2019est sous la pluie que nous nous retrouvons pour l\u2019atelier de la Croix-Breton.<span>\u00a0 <\/span>Et c\u2019est une nouvelle fois un grand groupe qui se retrouve<span>\u00a0\u00a0<\/span>afin de participer a notre atelier\u00a0!<strong> Wiyem et Ayoub arrivent avec Amin,et commencent d\u2019embl\u00e9e \u00e0 nous raconter leur journ\u00e9e.<\/strong> C\u2019est ensuite au tour de Sarah,lina et Iasmin de se joindre au groupe. Les filles ainsi qu\u2019Amin entament une partie de corde \u00e0 sauter, les enfants s\u2019inventent un monde imaginaire ou les cordes deviennent<span>\u00a0 <\/span>des obstacles \u00e0 franchir.<span>\u00a0<\/span><\/p>\n<p class=\"MsoNormal\"><a href=\"http:\/\/recherche-action.fr\/intermedes\/files\/2013\/05\/IMG_5371.jpg\"><img loading=\"lazy\" decoding=\"async\" class=\"alignnone size-thumbnail wp-image-2106\" alt=\"IMG_5371\" src=\"http:\/\/recherche-action.fr\/intermedes\/files\/2013\/05\/IMG_5371-150x150.jpg\" width=\"150\" height=\"150\" \/><\/a>\u00a0\u00a0\u00a0\u00a0\u00a0\u00a0\u00a0\u00a0\u00a0\u00a0\u00a0\u00a0\u00a0\u00a0\u00a0\u00a0\u00a0\u00a0\u00a0\u00a0\u00a0\u00a0\u00a0\u00a0\u00a0\u00a0\u00a0\u00a0\u00a0\u00a0\u00a0\u00a0\u00a0\u00a0\u00a0\u00a0\u00a0\u00a0\u00a0\u00a0\u00a0\u00a0\u00a0\u00a0\u00a0\u00a0\u00a0\u00a0 <a href=\"http:\/\/recherche-action.fr\/intermedes\/files\/2013\/05\/IMG_5376.jpg\"><img loading=\"lazy\" decoding=\"async\" class=\"alignnone size-thumbnail wp-image-2107\" alt=\"IMG_5376\" src=\"http:\/\/recherche-action.fr\/intermedes\/files\/2013\/05\/IMG_5376-150x150.jpg\" width=\"150\" height=\"150\" \/><\/a><\/p>\n<p class=\"MsoNormal\">Nous nous rassemblons ensuite et faisons plusieurs jeux collectif, propos\u00e9 par les enfants. Taureau,lucky luck,chat-famille,nous jouons tous ensemble ,courront sous la pluie c\u2019est un moment de rire et de partage que nous vivons ensemble.<\/p>\n<p class=\"MsoNormal\"><a href=\"http:\/\/recherche-action.fr\/intermedes\/files\/2013\/05\/IMG_5382.jpg\"><img loading=\"lazy\" decoding=\"async\" class=\"alignnone size-thumbnail wp-image-2108\" alt=\"IMG_5382\" src=\"http:\/\/recherche-action.fr\/intermedes\/files\/2013\/05\/IMG_5382-150x150.jpg\" width=\"150\" height=\"150\" \/><\/a>\u00a0\u00a0\u00a0\u00a0\u00a0\u00a0\u00a0\u00a0\u00a0\u00a0\u00a0\u00a0\u00a0\u00a0\u00a0\u00a0\u00a0\u00a0\u00a0\u00a0\u00a0\u00a0\u00a0\u00a0\u00a0\u00a0\u00a0\u00a0\u00a0\u00a0\u00a0\u00a0\u00a0\u00a0\u00a0\u00a0\u00a0\u00a0\u00a0\u00a0\u00a0\u00a0\u00a0\u00a0\u00a0\u00a0\u00a0\u00a0\u00a0\u00a0\u00a0\u00a0\u00a0\u00a0\u00a0\u00a0\u00a0\u00a0\u00a0 <a href=\"http:\/\/recherche-action.fr\/intermedes\/files\/2013\/05\/IMG_5397.jpg\"><img loading=\"lazy\" decoding=\"async\" class=\"alignnone size-thumbnail wp-image-2109\" alt=\"IMG_5397\" src=\"http:\/\/recherche-action.fr\/intermedes\/files\/2013\/05\/IMG_5397-150x150.jpg\" width=\"150\" height=\"150\" \/><\/a><\/p>\n<p class=\"MsoNormal\"><strong>La pluie ne compte pas \u00e0 ce moment, seul les rires des enfants qui \u00e9clatent au quatre coins de la Croix-Breton ont de l\u2019importance.<\/strong> Il est d\u00e9j\u00e0 le temps de prendre le go\u00fbter, nous rassemblons sous l\u2019arbre afin de nous abriter, tandis que Wiyem et Iasmin prennent le service en main. Nous nous disons au revoir afin de nous retrouver la semaine suivante\u00a0!<\/p>\n<p class=\"MsoNormal\"><a href=\"http:\/\/recherche-action.fr\/intermedes\/files\/2013\/05\/IMG_5403.jpg\"><img loading=\"lazy\" decoding=\"async\" class=\"aligncenter size-medium wp-image-2110\" alt=\"IMG_5403\" src=\"http:\/\/recherche-action.fr\/intermedes\/files\/2013\/05\/IMG_5403-300x224.jpg\" width=\"300\" height=\"224\" \/><\/a><\/p>\n<p class=\"MsoNormal\"><!--[if gte mso 9]&gt;--><\/p>\n<p class=\"MsoNormal\"><em><strong>Au Skate-Park\u00a0<\/strong><\/em><\/p>\n<p class=\"MsoNormal\"><em><strong><\/strong><\/em>\u00a0Au skate park, le temps n&rsquo;est pas de mise! Malgr\u00e9 une fine pluie au d\u00e9but de l&rsquo;atelier, beaucoup d&rsquo;enfants sont pr\u00e9sents, des mamans aussi. Ramona entame des jeux de poup\u00e9e et de dinette avec les plus petit tandis que garance commence une partie de haly gali avec un petit groupe d&rsquo;enfant et surtout une maman !<\/p>\n<p><a href=\"http:\/\/recherche-action.fr\/intermedes\/files\/2013\/05\/DSCN0153.jpg\"><img loading=\"lazy\" decoding=\"async\" class=\"alignnone size-thumbnail wp-image-2130\" alt=\"DSCN0153\" src=\"http:\/\/recherche-action.fr\/intermedes\/files\/2013\/05\/DSCN0153-150x150.jpg\" width=\"150\" height=\"150\" \/><\/a>\u00a0 \u00a0 \u00a0 \u00a0 \u00a0 \u00a0 \u00a0 \u00a0 \u00a0 \u00a0 \u00a0 \u00a0 \u00a0 \u00a0 \u00a0 \u00a0 \u00a0 \u00a0 \u00a0 \u00a0 \u00a0 \u00a0<a href=\"http:\/\/recherche-action.fr\/intermedes\/files\/2013\/05\/DSCN0150.jpg\"><img loading=\"lazy\" decoding=\"async\" class=\"alignnone size-thumbnail wp-image-2129\" alt=\"DSCN0150\" src=\"http:\/\/recherche-action.fr\/intermedes\/files\/2013\/05\/DSCN0150-150x150.jpg\" width=\"150\" height=\"150\" \/><\/a><\/p>\n<p>Afsatou a gagn\u00e9 les parties haut la mains jusqu&rsquo;\u00e0 ce que la pluie s&rsquo;en m\u00eale pour de bon et nous pousse a tout ranger.<\/p>\n<p><a href=\"http:\/\/recherche-action.fr\/intermedes\/files\/2013\/05\/DSCN0154.jpg\"><img loading=\"lazy\" decoding=\"async\" class=\"aligncenter size-medium wp-image-2131\" alt=\"DSCN0154\" src=\"http:\/\/recherche-action.fr\/intermedes\/files\/2013\/05\/DSCN0154-300x224.jpg\" width=\"300\" height=\"224\" \/><\/a><\/p>\n<p>&nbsp;<\/p>\n<p><a href=\"http:\/\/recherche-action.fr\/intermedes\/files\/2013\/05\/DSCN0162.jpg\"><img loading=\"lazy\" decoding=\"async\" class=\"alignleft size-thumbnail wp-image-2132\" alt=\"DSCN0162\" src=\"http:\/\/recherche-action.fr\/intermedes\/files\/2013\/05\/DSCN0162-150x150.jpg\" width=\"150\" height=\"150\" \/><\/a><\/p>\n<p>&nbsp;<\/p>\n<p><strong>Nous prenons \u00a0notre go\u00fbter et avec les trois enfants qui restent,<\/strong> nous d\u00e9cidons de faire un Parcours avec des plots et de chacun nous chronom\u00e9tr\u00e9s: nous faisons chacun ce parcours avec une trottinette puis un v\u00e9lo!<\/p>\n<p>&nbsp;<\/p>\n<p class=\"MsoNormal\"><b><span style=\"text-decoration: underline\">MERCREDI<\/span><\/b><\/p>\n<p class=\"MsoNormal\"><b><span style=\"text-decoration: underline\">Au Parc Nativelle\u00a0:<\/span><\/b><\/p>\n<p class=\"MsoNormal\">Aujourd\u2019hui nous avons la chance que le beau temps soit en rendez vous. Au programme jeux de soci\u00e9t\u00e9, atelier de \u00ab\u00a0scooby doo\u00a0\u00bb, coloriages et sports collectifs. Comme toujours, beaucoup d\u2019engagement dans les parties de football.<\/p>\n<p class=\"MsoNormal\"><a href=\"http:\/\/recherche-action.fr\/intermedes\/files\/2013\/05\/SAM_0035.jpg\"><img loading=\"lazy\" decoding=\"async\" class=\"alignnone size-thumbnail wp-image-2115\" alt=\"SAMSUNG CAMERA PICTURES\" src=\"http:\/\/recherche-action.fr\/intermedes\/files\/2013\/05\/SAM_0035-150x150.jpg\" width=\"150\" height=\"150\" \/><\/a>\u00a0\u00a0\u00a0\u00a0\u00a0\u00a0\u00a0\u00a0\u00a0\u00a0\u00a0\u00a0\u00a0\u00a0\u00a0\u00a0\u00a0\u00a0\u00a0\u00a0\u00a0\u00a0\u00a0\u00a0\u00a0\u00a0\u00a0\u00a0\u00a0\u00a0\u00a0\u00a0\u00a0\u00a0\u00a0\u00a0\u00a0\u00a0\u00a0\u00a0\u00a0\u00a0\u00a0\u00a0\u00a0\u00a0\u00a0 <a href=\"http:\/\/recherche-action.fr\/intermedes\/files\/2013\/05\/SAM_0029.jpg\"><img loading=\"lazy\" decoding=\"async\" class=\"alignnone size-thumbnail wp-image-2114\" alt=\"SAMSUNG CAMERA PICTURES\" src=\"http:\/\/recherche-action.fr\/intermedes\/files\/2013\/05\/SAM_0029-150x150.jpg\" width=\"150\" height=\"150\" \/><\/a><\/p>\n<p class=\"MsoNormal\"><strong>Nous avons eu \u00e9galement la visite d\u2019un groupe d\u2019adolescente qui ne connaissaient pas l\u2019association et sont venus jouer avec nous toute l\u2019apr\u00e8s midi.<\/strong> Pendant que certaines entamaient leurs \u00ab\u00a0scooby doo\u00a0\u00bb, d\u2019autres se sentaient plus \u00e0 l\u2019aise avec le coloriage.<\/p>\n<p class=\"MsoNormal\"><a href=\"http:\/\/recherche-action.fr\/intermedes\/files\/2013\/05\/SAM_0046.jpg\"><img loading=\"lazy\" decoding=\"async\" class=\"alignnone size-thumbnail wp-image-2116\" alt=\"SAMSUNG CAMERA PICTURES\" src=\"http:\/\/recherche-action.fr\/intermedes\/files\/2013\/05\/SAM_0046-150x150.jpg\" width=\"150\" height=\"150\" \/><\/a>\u00a0\u00a0\u00a0\u00a0\u00a0\u00a0\u00a0\u00a0\u00a0\u00a0\u00a0\u00a0\u00a0\u00a0\u00a0\u00a0\u00a0\u00a0\u00a0\u00a0\u00a0\u00a0\u00a0\u00a0\u00a0\u00a0\u00a0\u00a0\u00a0\u00a0\u00a0\u00a0\u00a0\u00a0\u00a0\u00a0\u00a0\u00a0\u00a0\u00a0\u00a0\u00a0\u00a0\u00a0\u00a0\u00a0\u00a0\u00a0\u00a0\u00a0\u00a0\u00a0\u00a0\u00a0\u00a0\u00a0 <a href=\"http:\/\/recherche-action.fr\/intermedes\/files\/2013\/05\/SAM_0014.jpg\"><img loading=\"lazy\" decoding=\"async\" class=\"alignnone size-thumbnail wp-image-2112\" alt=\"SAMSUNG CAMERA PICTURES\" src=\"http:\/\/recherche-action.fr\/intermedes\/files\/2013\/05\/SAM_0014-150x150.jpg\" width=\"150\" height=\"150\" \/><\/a><\/p>\n<p class=\"MsoNormal\">Ce fut une belle apr\u00e8s midi en tous points. Les enfants ont su canaliser leur \u00e9nergie, et tout le monde \u00e0 pu jouer avec l\u2019objet qu\u2019il avait envie. Nous avons \u00e9galement re\u00e7u un tr\u00e8s beau jeu de raquette en bois de la part de Zora, ce qui fut un plaisir pour les enfants.<\/p>\n<p class=\"MsoNormal\"><a href=\"http:\/\/recherche-action.fr\/intermedes\/files\/2013\/05\/SAM_0026.jpg\"><img loading=\"lazy\" decoding=\"async\" class=\"aligncenter size-medium wp-image-2113\" alt=\"SAMSUNG CAMERA PICTURES\" src=\"http:\/\/recherche-action.fr\/intermedes\/files\/2013\/05\/SAM_0026-300x224.jpg\" width=\"300\" height=\"224\" \/><\/a><!--[if gte mso 9]&gt;--><\/p>\n<p>&nbsp;<\/p>\n<p class=\"MsoNormal\"><b><span style=\"text-decoration: underline\">Au Jardin de Saulx\u00a0:<\/span><\/b><\/p>\n<p class=\"MsoNormal\">Nous avons le droit \u00e0 une accalmie cet apr\u00e8s-midi en ces temps pluvieux. Nous profitons alors des rayons de soleil avec notre petit groupe. <strong>Un groupe d\u2019adultes et leur \u00e9ducateur d\u2019un CHRS d\u2019Athis-Mons nous rejoignent au terrain.<\/strong> Ils ont commenc\u00e9 \u00e0 d\u00e9fricher un terrain pour en faire un jardin partag\u00e9 entre les r\u00e9sidents du centre d\u2019h\u00e9bergement.<\/p>\n<p class=\"MsoNormal\">Ainsi ils d\u00e9couvrent notre beau terrain en prenant le temps d\u2019\u00e9changer autour de nos pratiques et des leurs. Pendant ce temps, nous continuons de repiquer nos derni\u00e8res salades.<\/p>\n<p class=\"MsoNormal\"><a href=\"http:\/\/recherche-action.fr\/intermedes\/files\/2013\/05\/DSCN0068.jpg\"><img loading=\"lazy\" decoding=\"async\" class=\"aligncenter size-medium wp-image-2120\" alt=\"DSCN0068\" src=\"http:\/\/recherche-action.fr\/intermedes\/files\/2013\/05\/DSCN0068-300x224.jpg\" width=\"300\" height=\"224\" \/><\/a><\/p>\n<p class=\"MsoNormal\">Un peu d\u2019arrosage b\u00e9n\u00e9fique sous la serre pour nos semis est \u00e9galement de mise. <strong>Un duo s\u2019occupe quant \u00e0 lui de r\u00e9parer quelques outils<\/strong> puis de couper quelques branches de noisetiers pour faciliter l\u2019ensoleillement de nos cultures.<\/p>\n<p class=\"MsoNormal\"><a href=\"http:\/\/recherche-action.fr\/intermedes\/files\/2013\/05\/DSCN0010.jpg\"><img loading=\"lazy\" decoding=\"async\" class=\"aligncenter size-medium wp-image-2117\" alt=\"DSCN0010\" src=\"http:\/\/recherche-action.fr\/intermedes\/files\/2013\/05\/DSCN0010-300x224.jpg\" width=\"300\" height=\"224\" \/><\/a><\/p>\n<p class=\"MsoNormal\"><a href=\"http:\/\/recherche-action.fr\/intermedes\/files\/2013\/05\/DSCN0017.jpg\"><img loading=\"lazy\" decoding=\"async\" class=\"alignleft size-thumbnail wp-image-2119\" alt=\"DSCN0017\" src=\"http:\/\/recherche-action.fr\/intermedes\/files\/2013\/05\/DSCN0017-150x150.jpg\" width=\"150\" height=\"150\" \/><\/a>A l\u2019aide de gros s\u00e9cateurs nous abattons quasiment un arbuste entier.<\/p>\n<p class=\"MsoNormal\">Une belle apr\u00e8s-midi qui se conclut par une r\u00e9colte de succulents radis.<\/p>\n<p>\u00a0<a href=\"http:\/\/recherche-action.fr\/intermedes\/files\/2013\/05\/DSCN0015.jpg\"><img loading=\"lazy\" decoding=\"async\" class=\"aligncenter size-medium wp-image-2118\" alt=\"DSCN0015\" src=\"http:\/\/recherche-action.fr\/intermedes\/files\/2013\/05\/DSCN0015-300x224.jpg\" width=\"300\" height=\"224\" \/><\/a><\/p>\n<p>&nbsp;<\/p>\n<p><!--[if gte mso 9]&gt;--><\/p>\n<p>&nbsp;<\/p>\n<p class=\"MsoNormal\"><b><span style=\"text-decoration: underline\">Au centre de loisirs de Champigny\u00a0:<\/span><\/b><\/p>\n<p class=\"MsoNormal\"><strong>Vous souvenez vous de G\u00fcrwan et de Cora\u00a0? Ils \u00e9taient venus avec un groupe d\u2019enfants un mercredi sur notre ludoth\u00e8que de rue du Parc Nativelle.<\/strong> Ils viennent d\u2019un centre de loisirs associatif et font plein de choses super chouettes avec les enfants qu\u2019ils placent comme auteur et acteurs comme chez nous\u00a0! <strong>Alors aujourd\u2019hui, c\u2019est nous qui leur rendons visite avec un petit groupe<\/strong>\u00a0; il y a Sarah, Salome\u00efa et leur maman Sylvia, de l\u2019ancien camp de Moulin galant<\/p>\n<p class=\"MsoNormal\"><a href=\"http:\/\/recherche-action.fr\/intermedes\/files\/2013\/05\/IMG_1863.jpg\"><img loading=\"lazy\" decoding=\"async\" class=\"aligncenter size-medium wp-image-2124\" alt=\"IMG_1863\" src=\"http:\/\/recherche-action.fr\/intermedes\/files\/2013\/05\/IMG_1863-300x224.jpg\" width=\"300\" height=\"224\" \/><\/a><\/p>\n<p class=\"MsoNormal\">\u00a0<span style=\"color: #0000ff\"><em><strong>Elles sont dans un h\u00f4tel social \u00e0 Athis Mons et nous avons repris contact avec cette famille lors de la manifestation de samedi dernier.<\/strong><\/em><\/span> Il y a aussi Momo et Fatou, Khadidja et Pati, des enfants du quartier. Ramona et Aline emm\u00e8nent donc tout ce beau monde pour participer \u00e0 la journ\u00e9e de l\u2019environnement avec les enfants et les animateurs de Champigny. Et bah, vous savez quoi\u00a0? <span style=\"color: #ff0000\">C\u2019\u00e9tait vraiment GENIAL\u00a0!<\/span><\/p>\n<p class=\"MsoNormal\">Dans leur grande cours de r\u00e9cr\u00e9ation, ils y avaient des stands un peu partout et nous avons particip\u00e9 \u00e0 tout\u00a0: les jeux en bois, les bracelets de graines, la fresque de peinture au jaune d\u2019\u0153uf et pigments, la confection de petits pains aux c\u00e9r\u00e9ales dans leur four \u00e0 pain, de pop-corn sur leur cuiseur \u00e0 bois (le m\u00eame que le notre), la pr\u00e9paration d\u2019une lessive bio, des jardini\u00e8res en guise de maison pour les insectes, la tisanerie pour boire quelque chose de chaud et m\u00eame le spa, pour se faire masser, se faire des masques \u00e0 l\u2019argile et respirer des huiles essentielles, bref tout pour se d\u00e9tendre.<\/p>\n<p class=\"MsoNormal\"><a href=\"http:\/\/recherche-action.fr\/intermedes\/files\/2013\/05\/IMG_1833.jpg\"><img loading=\"lazy\" decoding=\"async\" class=\"alignnone size-thumbnail wp-image-2122\" alt=\"IMG_1833\" src=\"http:\/\/recherche-action.fr\/intermedes\/files\/2013\/05\/IMG_1833-150x150.jpg\" width=\"150\" height=\"150\" \/><\/a>\u00a0\u00a0\u00a0\u00a0\u00a0\u00a0\u00a0\u00a0\u00a0\u00a0\u00a0\u00a0\u00a0\u00a0\u00a0\u00a0\u00a0\u00a0\u00a0\u00a0\u00a0\u00a0\u00a0\u00a0\u00a0\u00a0\u00a0\u00a0\u00a0\u00a0\u00a0\u00a0\u00a0\u00a0\u00a0\u00a0\u00a0\u00a0\u00a0\u00a0\u00a0\u00a0\u00a0\u00a0\u00a0\u00a0\u00a0\u00a0\u00a0\u00a0\u00a0\u00a0\u00a0 <a href=\"http:\/\/recherche-action.fr\/intermedes\/files\/2013\/05\/IMG_1883.jpg\"><img loading=\"lazy\" decoding=\"async\" class=\"alignnone size-thumbnail wp-image-2126\" alt=\"IMG_1883\" src=\"http:\/\/recherche-action.fr\/intermedes\/files\/2013\/05\/IMG_1883-150x150.jpg\" width=\"150\" height=\"150\" \/><\/a><\/p>\n<p class=\"MsoNormal\">A la fin, nous go\u00fbtons nos d\u00e9licieux petits pains et nos pop corn. C\u2019\u00e9taient vraiment une superbe rencontre, les enfants nous ont tr\u00e8s bien accueillis, certains m\u00eame nous ont reconnus. Donc , \u00e0 refaire\u00a0! Il y a une id\u00e9e d\u2019acrobranche dans l\u2019air avec G\u00fcrwan\u2026 De la bombe\u2026.<\/p>\n<p><a href=\"http:\/\/recherche-action.fr\/intermedes\/files\/2013\/05\/IMG_1880.jpg\"><img loading=\"lazy\" decoding=\"async\" class=\"aligncenter size-medium wp-image-2125\" alt=\"IMG_1880\" src=\"http:\/\/recherche-action.fr\/intermedes\/files\/2013\/05\/IMG_1880-300x224.jpg\" width=\"300\" height=\"224\" \/><\/a><\/p>\n<p><span style=\"color: #0000ff\"><strong>KroniKs des Robinsons de Grenoble: Madame Rutabaga\u00a0<\/strong><\/span><span style=\"color: #ff0000\">Semaine bien remplie pour Madame Ruetabaga.<\/span><em id=\"__mceDel\">Joseph joue avec les enfants \u00e0 la \u00ab\u00a0balle au mur\u00a0\u00bb. Pendant ce temps, Hager et sa copine se d\u00e9guisent.\u00a0<\/em><em id=\"__mceDel\"><em id=\"__mceDel\"><em id=\"__mceDel\"><em id=\"__mceDel\">Enrick prend en charge le jardin. Nous plantons des fleurs en attendant que nos plantations poussent. C&rsquo;est tout de suite plus beau.\u00a0<\/em><\/em><\/em><\/em><\/p>\n<p><em id=\"__mceDel\"><em id=\"__mceDel\"><em id=\"__mceDel\"><em id=\"__mceDel\"><br \/>\nVendredi :\u00a0 c&rsquo;est la f\u00eate des voisins et comme le temps n&rsquo;est pas en notre faveur nous d\u00e9cidons de partager la f\u00eate entre nos jardins et de nous retrouver au chaud au caf\u00e9 associatif le barathym.<\/em><\/em><\/em><\/em><\/p>\n<p>Samedi : c&rsquo;est les 4o ans de la Villeneuve, nous proposons pour participer aux festivit\u00e9s\u00a0 par un atelier de rue . Je maquille quelques enfants, je transforme des visages en fleurs et papillons.<\/p>\n<p><a href=\"http:\/\/recherche-action.fr\/intermedes\/files\/2013\/05\/RomGren-e1370378781165.jpg\"><img loading=\"lazy\" decoding=\"async\" class=\"alignleft size-medium wp-image-2136\" alt=\"RomGren\" src=\"http:\/\/recherche-action.fr\/intermedes\/files\/2013\/05\/RomGren-e1370378781165-224x300.jpg\" width=\"224\" height=\"300\" \/><\/a><br \/>\nNous commen\u00e7ons a disposer d&rsquo;un fond\u00a0 de jeux de soci\u00e9tes et qui me permet d&rsquo;en pr\u00eater aux familles.<br \/>\nL\u2019abri \u00e0 outils que nous avons construit est tr\u00e8s utilis\u00e9.<\/p>\n<p>Mardi\u00a0 :<br \/>\n<strong>1er atelier de rue dans le camp roms<\/strong> qui se trouve non loin de la maison de la culture. Je ram\u00e8ne avec moi feuilles, feutres et crayons. Nous nous installons et puis les enfants s&#8217;emparent du mat\u00e9riels. Je vois des dessins de maisons, de c\u0153urs, de bonhommes et tout \u00e7a dans une tr\u00e8s bonne ambiance.<br \/>\n3 enfants me demandent de les aider \u00e0 compter et \u00e9crire , je m&rsquo;improvise pour temps ma\u00eetresse d&rsquo;\u00e9cole.<\/p>\n<p><a href=\"http:\/\/recherche-action.fr\/intermedes\/files\/2013\/05\/JardGren.jpg\"><img loading=\"lazy\" decoding=\"async\" class=\"alignleft size-large wp-image-2135\" alt=\"JardGren\" src=\"http:\/\/recherche-action.fr\/intermedes\/files\/2013\/05\/JardGren-1024x768.jpg\" width=\"584\" height=\"438\" \/><\/a><\/p>\n","protected":false},"excerpt":{"rendered":"<p>\u00ab\u00a0Quand on est ensemble, on apprend \u00e0 changer\u00a0\u00bb\u00a0(assoc PEROU) Dans notre association, nous\u00a0apprenons\u00a0\u00e0 changer. \u00a0Nous le faisons tous les jours, dans tous nos ateliers, au jardin, \u00a0au bidonville, dans la rue. Nous le faisons avec les enfants, les adultes, et tous les \u00e2ges. \u00a0Comprenez bien, il ne s&rsquo;agit de changer personne; il\u00a0s&rsquo;agit\u00a0de changer ensemble, ce &hellip; <a href=\"https:\/\/recherche-action.fr\/intermedes\/2013\/05\/30\/apprendre-a-changer\/\" class=\"more-link\">Continuer la lecture<span class=\"screen-reader-text\"> de &laquo;&nbsp;Apprendre \u00e0 changer&nbsp;&raquo;<\/span><\/a><\/p>\n","protected":false},"author":1,"featured_media":0,"comment_status":"open","ping_status":"open","sticky":false,"template":"","format":"standard","meta":{"footnotes":""},"categories":[1],"tags":[],"class_list":["post-2055","post","type-post","status-publish","format-standard","hentry","category-non-classe"],"jetpack_featured_media_url":"","_links":{"self":[{"href":"https:\/\/recherche-action.fr\/intermedes\/wp-json\/wp\/v2\/posts\/2055","targetHints":{"allow":["GET"]}}],"collection":[{"href":"https:\/\/recherche-action.fr\/intermedes\/wp-json\/wp\/v2\/posts"}],"about":[{"href":"https:\/\/recherche-action.fr\/intermedes\/wp-json\/wp\/v2\/types\/post"}],"author":[{"embeddable":true,"href":"https:\/\/recherche-action.fr\/intermedes\/wp-json\/wp\/v2\/users\/1"}],"replies":[{"embeddable":true,"href":"https:\/\/recherche-action.fr\/intermedes\/wp-json\/wp\/v2\/comments?post=2055"}],"version-history":[{"count":0,"href":"https:\/\/recherche-action.fr\/intermedes\/wp-json\/wp\/v2\/posts\/2055\/revisions"}],"wp:attachment":[{"href":"https:\/\/recherche-action.fr\/intermedes\/wp-json\/wp\/v2\/media?parent=2055"}],"wp:term":[{"taxonomy":"category","embeddable":true,"href":"https:\/\/recherche-action.fr\/intermedes\/wp-json\/wp\/v2\/categories?post=2055"},{"taxonomy":"post_tag","embeddable":true,"href":"https:\/\/recherche-action.fr\/intermedes\/wp-json\/wp\/v2\/tags?post=2055"}],"curies":[{"name":"wp","href":"https:\/\/api.w.org\/{rel}","templated":true}]}}