{"id":24,"date":"2012-07-19T09:28:41","date_gmt":"2012-07-19T08:28:41","guid":{"rendered":"http:\/\/recherche-action.fr\/intermedes\/2012\/07\/19\/association-transformatrice-de-destins\/"},"modified":"2012-07-19T09:28:41","modified_gmt":"2012-07-19T08:28:41","slug":"association-transformatrice-de-destins","status":"publish","type":"post","link":"https:\/\/recherche-action.fr\/intermedes\/2012\/07\/19\/association-transformatrice-de-destins\/","title":{"rendered":"Association transformatrice de destins"},"content":{"rendered":"<p>Nous ne semons pas \u00e0 tout vent, nous semons m\u00e9thodiquement; nos actions stables, r\u00e9guli\u00e8res, rencontrent leur public, leur terrain, leur temps. \u00a0Il n&#8217;est pas \u00e9tonnant qu&#8217;il y ait des effets et cela ne manque pas de se produire.<\/p>\n<p><a href=\"http:\/\/blog.recherche-action.fr\/intermedes\/files\/2012\/07\/DSC01267.jpg\"><img fetchpriority=\"high\" decoding=\"async\" class=\"aligncenter\" src=\"http:\/\/blog.recherche-action.fr\/intermedes\/files\/2012\/07\/DSC01267-300x224.jpg\" alt=\"\" width=\"300\" height=\"224\" \/><\/a><\/p>\n<p>Les adolescents qui ont connu notre association sont nombreux \u00e0 aspirer aux professions du social; beaucoup reviennent ou t\u00e9moignent de ce que l&#8217;association leur a permis de trouver , de rencontrer. Ils confient en quoi elle a \u00e9t\u00e9 importante pour eux; en quoi elle influe leur fa\u00e7on de voir les choses et la vie.<\/p>\n<p>Nous savons aussi par exp\u00e9rience comme il est fr\u00e9quent que ce soit les enfants ou les adolescents qui nous ont donn\u00e9 le plus &#8220;de fil \u00e0 retordre&#8221; qui deviennent par la suite les &#8220;supporters&#8221; les plus convaincus&#8230;<\/p>\n<p>Aucune action, aucune association ne peut renverser l&#8217;ordre \u00e9conomique et social, ou\u00a0surseoir\u00a0\u00e0 la violence des in\u00e9galit\u00e9s et des\u00a0discriminations. <strong>Mais certaines peuvent donner envie de le faire, peuvent trouver une raison de le faire&#8230; voire m\u00eame une vocation \u00e0 s&#8217;y investir.<\/strong><\/p>\n<p>Transformer les destins, voil\u00e0 qui para\u00eet d\u00e9mesur\u00e9ment ambitieux, et pourtant&#8230; \u00a0c&#8217;est peut \u00eatre le seul domaine o\u00f9 nous autres, acteurs sociaux, p\u00e9dagogues sociaux, pouvons r\u00e9ellement agir. C&#8217;est peut \u00eatre notre seule libert\u00e9.<\/p>\n<p>Cela passe d&#8217;abord par la libert\u00e9 d&#8217;expression, puis par l&#8217;\u00e9tablissement de relations de confiance, &#8230; <strong>puis des relations de conscience<\/strong>: de soi, des autres, de nous et de l&#8217;environnement.<\/p>\n<p>Enfin, cela passe par l&#8217;action partag\u00e9e, le travail et l&#8217;apprentissage de la r\u00e9alit\u00e9.<\/p>\n<p>&#8220;<strong>Association transformatrice de destins&#8221;<\/strong>, rappelle &#8220;<strong>l&#8217;\u00e9cole transformatrice de destins&#8221;<\/strong>, qu&#8217;appelait de ses v\u0153ux et b\u00e2tissait Paul le Bohec, compagnon de Freinet; c&#8217;est \u00a0dire comment ce th\u00e8me est ins\u00e9parable de la P\u00e9dagogie Sociale; car il s&#8217;agit de transformer et de cr\u00e9er pour cela un &#8220;Milieu&#8221; \u00e9ducatif et durable.<\/p>\n<p><em>\u00ab Il est des natures [\u2026] rares qui aiment mieux p\u00e9rir que travailler sans joie ; des difficiles, des gens q<\/em><strong><\/strong><em>ui ne se contentent pas de peu et qu\u2019un gain abondant ne satisfera pas s\u2019ils ne voient pas le gain des gains dans le travail m\u00eame. \u00bb<\/em><br \/>\n<span style=\"font-family:Helvetica, Arial, sans-serif\">Nietzsche, Le Gai savoir<\/span><\/p>\n<p><strong><span style=\"text-decoration:underline\">Bivouac et Dimanche au jardin de Saulx\u00a0:<\/span><\/strong><\/p>\n<p><a href=\"http:\/\/blog.recherche-action.fr\/intermedes\/files\/2012\/07\/DSCN1761.jpg\"><img decoding=\"async\" class=\"alignleft size-medium wp-image-2159\" src=\"http:\/\/blog.recherche-action.fr\/intermedes\/files\/2012\/07\/DSCN1761-225x300.jpg\" alt=\"\" width=\"225\" height=\"300\" \/><\/a>Ce samedi, nous partons \u00ab\u00a0bivouaquer\u00a0\u00bb au jardin, \u00a0avec un petit groupe de jeunes adolescentes. Cinq filles du camp de Moulin Galant et de<strong><\/strong>ux du quartier sud de Longjumeau. Le samedi, nous commen\u00e7ons par monter les tentes, et prendre nos aises au jardin. <strong>Par la suite nous donnons un autre visage aux chaises et \u00e0 la table du jardin avec des bombes et des pochoirs.<\/strong><\/p>\n<p>Nous prenons le temps de pr\u00e9parer le diner ensemble\u00a0 et faisons cuire le poulet sur le feu. Vient la tomb\u00e9e de la nuit, nous avons juste le temps de faire un petit bac. Les filles s\u2019endorment a<strong><\/strong>vec de la musique Tsigane.<\/p>\n<p><a href=\"http:\/\/blog.recherche-action.fr\/intermedes\/files\/2012\/07\/DSCN1731.jpg\"><img decoding=\"async\" class=\"alignnone size-medium wp-image-2160\" src=\"http:\/\/blog.recherche-action.fr\/intermedes\/files\/2012\/07\/DSCN1731-300x225.jpg\" alt=\"\" width=\"300\" height=\"225\" \/><\/a>\u00a0 <strong><a href=\"http:\/\/blog.recherche-action.fr\/intermedes\/files\/2012\/07\/DSCN1737.jpg\"><img loading=\"lazy\" decoding=\"async\" class=\"alignnone size-medium wp-image-2161\" src=\"http:\/\/blog.recherche-action.fr\/intermedes\/files\/2012\/07\/DSCN1737-300x225.jpg\" alt=\"\" width=\"300\" height=\"225\" \/><\/a><\/strong><\/p>\n<p><a href=\"http:\/\/blog.recherche-action.fr\/intermedes\/files\/2012\/07\/DSCN1743.jpg\"><img loading=\"lazy\" decoding=\"async\" class=\"alignnone size-medium wp-image-2163\" src=\"http:\/\/blog.recherche-action.fr\/intermedes\/files\/2012\/07\/DSCN1743-225x300.jpg\" alt=\"\" width=\"225\" height=\"300\" \/><\/a>\u00a0 <a href=\"http:\/\/blog.recherche-action.fr\/intermedes\/files\/2012\/07\/DSCN1764.jpg\"><img loading=\"lazy\" decoding=\"async\" class=\"alignnone size-medium wp-image-2164\" src=\"http:\/\/blog.recherche-action.fr\/intermedes\/files\/2012\/07\/DSCN1764-225x300.jpg\" alt=\"\" width=\"225\" height=\"300\" \/><\/a><\/p>\n<p>&nbsp;<\/p>\n<p><a href=\"http:\/\/blog.recherche-action.fr\/intermedes\/files\/2012\/07\/DSCN1770.jpg\"><img loading=\"lazy\" decoding=\"async\" class=\"alignleft size-medium wp-image-2165\" src=\"http:\/\/blog.recherche-action.fr\/intermedes\/files\/2012\/07\/DSCN1770-300x225.jpg\" alt=\"\" width=\"300\" height=\"225\" \/><\/a>Le lendemain, nous partageons le petit d\u00e9jeuner avant de tout ranger et de laisser le jardin accessible puisque le groupe du dimanche va arriver.<\/p>\n<p>&nbsp;<\/p>\n<p>&nbsp;<\/p>\n<p>&nbsp;<\/p>\n<p>Nous les accueillons et commen\u00e7ons \u00e0 arroser car la chaleur a rendu le jardin bien sec. Luis, Dylan et Safiatou pr\u00e9parent le feu tandis que les filles pr\u00e9parent la salade. Nous d\u00e9jeunons, faisons une sieste de 20 min et nous voil\u00e0 repartis\u00a0!!! Nous retournons toute une parcelle et nous y plantons des choux. Nous faisons une belle cueillette de courgettes et d\u2019haricots verts.<\/p>\n<p style=\"text-align:left\"><a href=\"http:\/\/blog.recherche-action.fr\/intermedes\/files\/2012\/07\/DSCN1785.jpg\"><img loading=\"lazy\" decoding=\"async\" class=\"size-medium wp-image-2162\" src=\"http:\/\/blog.recherche-action.fr\/intermedes\/files\/2012\/07\/DSCN1785-225x300.jpg\" alt=\"\" width=\"225\" height=\"300\" \/><\/a>\u00a0 <a href=\"http:\/\/blog.recherche-action.fr\/intermedes\/files\/2012\/07\/DSCN1796.jpg\"><img loading=\"lazy\" decoding=\"async\" class=\"alignnone size-medium wp-image-2166\" src=\"http:\/\/blog.recherche-action.fr\/intermedes\/files\/2012\/07\/DSCN1796-225x300.jpg\" alt=\"\" width=\"225\" height=\"300\" \/><\/a><\/p>\n<p><strong>Samedi\u00a0<\/strong><\/p>\n<p><span style=\"text-decoration:underline\">A la Villa Saint Martin\u00a0:<\/span><\/p>\n<p><a href=\"http:\/\/blog.recherche-action.fr\/intermedes\/files\/2012\/07\/DSC01252.jpg\"><img loading=\"lazy\" decoding=\"async\" class=\"alignnone size-medium wp-image-2168\" src=\"http:\/\/blog.recherche-action.fr\/intermedes\/files\/2012\/07\/DSC01252-300x224.jpg\" alt=\"\" width=\"300\" height=\"224\" \/><\/a>\u00a0 <a href=\"http:\/\/blog.recherche-action.fr\/intermedes\/files\/2012\/07\/DSC01250.jpg\"><img loading=\"lazy\" decoding=\"async\" class=\"alignnone size-medium wp-image-2170\" src=\"http:\/\/blog.recherche-action.fr\/intermedes\/files\/2012\/07\/DSC01250-224x300.jpg\" alt=\"\" width=\"224\" height=\"300\" \/><\/a><\/p>\n<p>Une petite apr\u00e8s-midi tranquille, sur nos tapis. Gabrielle, la maman de T\u00e9o, est venue donner un coup de main \u00e0 Aline et Corentin pour l\u2019atelier. Nous avons fait un peu de jardinage\u00a0: arrosage, ajout d\u2019un peu de terreau. A c\u00f4t\u00e9, Gabrielle a jou\u00e9 avec les gar\u00e7ons aux jeux de soci\u00e9t\u00e9, et Aline a fait un peu de port\u00e9s acrobatiques.<\/p>\n<p><a href=\"http:\/\/blog.recherche-action.fr\/intermedes\/files\/2012\/07\/DSC01261.jpg\"><img loading=\"lazy\" decoding=\"async\" class=\"alignnone size-medium wp-image-2171\" src=\"http:\/\/blog.recherche-action.fr\/intermedes\/files\/2012\/07\/DSC01261-300x224.jpg\" alt=\"\" width=\"300\" height=\"224\" \/><\/a> <a href=\"http:\/\/blog.recherche-action.fr\/intermedes\/files\/2012\/07\/DSC01267.jpg\"><img loading=\"lazy\" decoding=\"async\" class=\"alignnone size-medium wp-image-2172\" src=\"http:\/\/blog.recherche-action.fr\/intermedes\/files\/2012\/07\/DSC01267-300x224.jpg\" alt=\"\" width=\"300\" height=\"224\" \/><\/a><\/p>\n<p><strong><span style=\"text-decoration:underline\">Vendredi<\/span><\/strong><\/p>\n<p><span style=\"text-decoration:underline\">A la Rocade\u00a0:<\/span><\/p>\n<p><a href=\"http:\/\/blog.recherche-action.fr\/intermedes\/files\/2012\/07\/DSC01243.jpg\"><img loading=\"lazy\" decoding=\"async\" class=\"alignleft size-medium wp-image-2175\" src=\"http:\/\/blog.recherche-action.fr\/intermedes\/files\/2012\/07\/DSC01243-300x225.jpg\" alt=\"\" width=\"300\" height=\"225\" \/><\/a>Un temps un peu lourd, mais qui rassemble tout de m\u00eame de nombreux enfants \u00e0 la Rocade. Les mamans arrivent au compte goutte. Le groupe grossit peu \u00e0 peu. Les plus petits s\u2019essaient au coloriage. Les plus grands dessinent des maisons imaginaires.<\/p>\n<p>&nbsp;<\/p>\n<p>&nbsp;<\/p>\n<p><a href=\"http:\/\/blog.recherche-action.fr\/intermedes\/files\/2012\/07\/DSC01246.jpg\"><img loading=\"lazy\" decoding=\"async\" class=\"alignnone size-medium wp-image-2173\" src=\"http:\/\/blog.recherche-action.fr\/intermedes\/files\/2012\/07\/DSC01246-300x225.jpg\" alt=\"\" width=\"300\" height=\"225\" \/><\/a>\u00a0 <a href=\"http:\/\/blog.recherche-action.fr\/intermedes\/files\/2012\/07\/DSC01247.jpg\"><img loading=\"lazy\" decoding=\"async\" class=\"alignnone size-medium wp-image-2174\" src=\"http:\/\/blog.recherche-action.fr\/intermedes\/files\/2012\/07\/DSC01247-225x300.jpg\" alt=\"\" width=\"225\" height=\"300\" \/><\/a><\/p>\n<p><span style=\"text-decoration:underline\">Au jardin de Chilly\u00a0:<\/span><\/p>\n<p><a href=\"http:\/\/blog.recherche-action.fr\/intermedes\/files\/2012\/07\/DSCN1692.jpg\"><img loading=\"lazy\" decoding=\"async\" class=\"alignleft size-medium wp-image-2176\" src=\"http:\/\/blog.recherche-action.fr\/intermedes\/files\/2012\/07\/DSCN1692-224x300.jpg\" alt=\"\" width=\"224\" height=\"300\" \/><\/a>Enfin un peu de soleil et de chaleur au terrain de Chilly, cela faisait longtemps. Nous en, profitons donc au maximum. Il y a beaucoup d\u2019activit\u00e9s entre la cueillette des framboises, groseilles, haricots verts et oignons. Le d\u00e9sherbage \u00e9tait bien \u00e9videmment de la partie, ainsi que l\u2019arrosage car le terrain \u00e9tait tr\u00e8s sec. Nous avons \u00e9galement accueilli le groupe de la r\u00e9sidence soleil qui nous \u00e0 donner un bon coup de main. C\u2019est donc dans la bonne humeur que cet atelier c\u2019est d\u00e9roul\u00e9.<\/p>\n<p>&nbsp;<\/p>\n<p>&nbsp;<\/p>\n<p><a href=\"http:\/\/blog.recherche-action.fr\/intermedes\/files\/2012\/07\/DSCN1697.jpg\"><img loading=\"lazy\" decoding=\"async\" class=\"alignnone size-medium wp-image-2177\" src=\"http:\/\/blog.recherche-action.fr\/intermedes\/files\/2012\/07\/DSCN1697-300x224.jpg\" alt=\"\" width=\"300\" height=\"224\" \/><\/a>\u00a0 <a href=\"http:\/\/blog.recherche-action.fr\/intermedes\/files\/2012\/07\/DSCN1704.jpg\"><img loading=\"lazy\" decoding=\"async\" class=\"alignnone size-medium wp-image-2178\" src=\"http:\/\/blog.recherche-action.fr\/intermedes\/files\/2012\/07\/DSCN1704-300x224.jpg\" alt=\"\" width=\"300\" height=\"224\" \/><\/a><\/p>\n<p><a href=\"http:\/\/blog.recherche-action.fr\/intermedes\/files\/2012\/07\/DSCN1721.jpg\"><img loading=\"lazy\" decoding=\"async\" class=\"aligncenter size-medium wp-image-2179\" src=\"http:\/\/blog.recherche-action.fr\/intermedes\/files\/2012\/07\/DSCN1721-300x224.jpg\" alt=\"\" width=\"300\" height=\"224\" \/><\/a><\/p>\n<p><strong><span style=\"text-decoration:underline\">Jeudi\u00a0:<\/span><\/strong><\/p>\n<p><span style=\"text-decoration:underline\">Wissous\u00a0:<\/span><\/p>\n<p><a href=\"http:\/\/blog.recherche-action.fr\/intermedes\/files\/2012\/07\/DSCN1679.jpg\"><img loading=\"lazy\" decoding=\"async\" class=\"alignleft size-medium wp-image-2180\" src=\"http:\/\/blog.recherche-action.fr\/intermedes\/files\/2012\/07\/DSCN1679-300x224.jpg\" alt=\"\" width=\"300\" height=\"224\" \/><\/a>Aujourd\u2019hui nous \u00e9tions un petit groupe, sur les tapis. Les enfants ont dessin\u00e9, cr\u00e9\u00e9 des fleurs et jou\u00e9 aux jeux de soci\u00e9t\u00e9. D\u2019autres enfants ont fait du tennis et jou\u00e9 au foot. Apr\u00e8s toute ces activit\u00e9, nous avons pris le go\u00fbter que Ricardo a distribu\u00e9.<\/p>\n<p>&nbsp;<\/p>\n<p>&nbsp;<\/p>\n<p><a href=\"http:\/\/blog.recherche-action.fr\/intermedes\/files\/2012\/07\/DSCN1665.jpg\"><img loading=\"lazy\" decoding=\"async\" class=\"alignnone size-medium wp-image-2181\" src=\"http:\/\/blog.recherche-action.fr\/intermedes\/files\/2012\/07\/DSCN1665-224x300.jpg\" alt=\"\" width=\"224\" height=\"300\" \/><\/a>\u00a0 <a href=\"http:\/\/blog.recherche-action.fr\/intermedes\/files\/2012\/07\/DSCN1672.jpg\"><img loading=\"lazy\" decoding=\"async\" class=\"alignnone size-medium wp-image-2182\" src=\"http:\/\/blog.recherche-action.fr\/intermedes\/files\/2012\/07\/DSCN1672-224x300.jpg\" alt=\"\" width=\"224\" height=\"300\" \/><\/a><\/p>\n<p><a href=\"http:\/\/blog.recherche-action.fr\/intermedes\/files\/2012\/07\/DSCN1677.jpg\"><img loading=\"lazy\" decoding=\"async\" class=\"alignnone size-medium wp-image-2183\" src=\"http:\/\/blog.recherche-action.fr\/intermedes\/files\/2012\/07\/DSCN1677-224x300.jpg\" alt=\"\" width=\"224\" height=\"300\" \/><\/a><\/p>\n<p><span style=\"text-decoration:underline\">Croix breton\u00a0:<\/span><\/p>\n<p>Nous n\u2019\u00e9tions que trois aujourd\u2019hui. Deux enfants et une permanente ont pass\u00e9s du temps \u00e0 discuter et \u00e0 \u00e9changer entre deux petits bac et du coloriage.<\/p>\n<p><span style=\"text-decoration:underline\">Skatepark\u00a0:<\/span><\/p>\n<p><a href=\"http:\/\/blog.recherche-action.fr\/intermedes\/files\/2012\/07\/DSC01229.jpg\"><img loading=\"lazy\" decoding=\"async\" class=\"alignleft size-medium wp-image-2184\" src=\"http:\/\/blog.recherche-action.fr\/intermedes\/files\/2012\/07\/DSC01229-300x225.jpg\" alt=\"\" width=\"300\" height=\"225\" \/><\/a>Nous sommes partis ravis du temps en pensant \u00eatre attendu par les enfants. Mais nous avons beaucoup attendu d\u2019avoir du monde aujourd\u2019hui\u00a0! <strong>Finalement nous avons eu beaucoup de succ\u00e8s\u00a0 et avons du nous press\u00e9 pour prendre le gouter.<\/strong><\/p>\n<p>&nbsp;<\/p>\n<p>&nbsp;<\/p>\n<p><a href=\"http:\/\/blog.recherche-action.fr\/intermedes\/files\/2012\/07\/DSC012391.jpg\"><img loading=\"lazy\" decoding=\"async\" class=\"alignnone size-medium wp-image-2186\" src=\"http:\/\/blog.recherche-action.fr\/intermedes\/files\/2012\/07\/DSC012391-300x225.jpg\" alt=\"\" width=\"300\" height=\"225\" \/><\/a>\u00a0 <a href=\"http:\/\/blog.recherche-action.fr\/intermedes\/files\/2012\/07\/DSC01240.jpg\"><img loading=\"lazy\" decoding=\"async\" class=\"alignnone size-medium wp-image-2187\" src=\"http:\/\/blog.recherche-action.fr\/intermedes\/files\/2012\/07\/DSC01240-300x225.jpg\" alt=\"\" width=\"300\" height=\"225\" \/><\/a><\/p>\n<p><span style=\"text-decoration:underline\">Au jardin de Saulx\u00a0:<\/span><\/p>\n<p><a href=\"http:\/\/blog.recherche-action.fr\/intermedes\/files\/2012\/07\/DSCN1681.jpg\"><img loading=\"lazy\" decoding=\"async\" class=\"alignleft size-medium wp-image-2188\" src=\"http:\/\/blog.recherche-action.fr\/intermedes\/files\/2012\/07\/DSCN1681-300x224.jpg\" alt=\"\" width=\"300\" height=\"224\" \/><\/a>Trois enfants et quatre adultes se sont rendus au jardin de l\u2019Equerre aujourd\u2019hui. Nous avons arros\u00e9s sous la serre, et d\u00e9terrer des pommes de terre qui sont tr\u00e8s belles cette ann\u00e9e\u00a0! Apr\u00e8s la r\u00e9colte des haricots verts et des salades, nous avons d\u00e9sherb\u00e9 une partie de la serre.<\/p>\n<p>&nbsp;<\/p>\n<p><a href=\"http:\/\/blog.recherche-action.fr\/intermedes\/files\/2012\/07\/DSCN1684.jpg\"><img loading=\"lazy\" decoding=\"async\" class=\"alignnone size-medium wp-image-2189\" src=\"http:\/\/blog.recherche-action.fr\/intermedes\/files\/2012\/07\/DSCN1684-300x224.jpg\" alt=\"\" width=\"300\" height=\"224\" \/><\/a>\u00a0 <a href=\"http:\/\/blog.recherche-action.fr\/intermedes\/files\/2012\/07\/DSCN1685.jpg\"><img loading=\"lazy\" decoding=\"async\" class=\"alignnone size-medium wp-image-2190\" src=\"http:\/\/blog.recherche-action.fr\/intermedes\/files\/2012\/07\/DSCN1685-300x224.jpg\" alt=\"\" width=\"300\" height=\"224\" \/><\/a><\/p>\n<p><strong><span style=\"text-decoration:underline\">Mercredi\u00a0:<\/span><\/strong><\/p>\n<p><span style=\"text-decoration:underline\">Moulin<\/span><a href=\"http:\/\/blog.recherche-action.fr\/intermedes\/files\/2012\/07\/DSC01206.jpg\"><img loading=\"lazy\" decoding=\"async\" class=\"alignleft size-medium wp-image-2192\" src=\"http:\/\/blog.recherche-action.fr\/intermedes\/files\/2012\/07\/DSC01206-300x225.jpg\" alt=\"\" width=\"300\" height=\"225\" \/><\/a><span style=\"text-decoration:underline\"> Galant\u00a0:<\/span><\/p>\n<p>Les enfants ainsi que certaines mamans viennent parmi nous sur les tapis pour confectionner des fleurs en papiers cr\u00e9pon de toute sorte de couleurs. En parall\u00e8le d\u2019autres font de la peinture \u00e0 l\u2019eau.<\/p>\n<p>&nbsp;<\/p>\n<p>&nbsp;<\/p>\n<p><a href=\"http:\/\/blog.recherche-action.fr\/intermedes\/files\/2012\/07\/DSC01212.jpg\"><img loading=\"lazy\" decoding=\"async\" class=\"alignnone size-medium wp-image-2193\" src=\"http:\/\/blog.recherche-action.fr\/intermedes\/files\/2012\/07\/DSC01212-300x225.jpg\" alt=\"\" width=\"300\" height=\"225\" \/><\/a>\u00a0 <a href=\"http:\/\/blog.recherche-action.fr\/intermedes\/files\/2012\/07\/DSC01223.jpg\"><img loading=\"lazy\" decoding=\"async\" class=\"alignnone size-medium wp-image-2194\" src=\"http:\/\/blog.recherche-action.fr\/intermedes\/files\/2012\/07\/DSC01223-225x300.jpg\" alt=\"\" width=\"225\" height=\"300\" \/><\/a><\/p>\n<p><span style=\"text-decoration:underline\">Au jardin de Saulx<\/span><strong><span style=\"text-decoration:underline\">\u00a0:<\/span><\/strong><\/p>\n<p><a href=\"http:\/\/blog.recherche-action.fr\/intermedes\/files\/2012\/07\/DSCN1662.jpg\"><img loading=\"lazy\" decoding=\"async\" class=\"alignleft size-medium wp-image-2195\" src=\"http:\/\/blog.recherche-action.fr\/intermedes\/files\/2012\/07\/DSCN1662-300x224.jpg\" alt=\"\" width=\"300\" height=\"224\" \/><\/a>Nous sommes partis ravis que le soleil soit enfin de la partie\u00a0! Nous \u00e9tions, n\u00e9anmoins en petit comit\u00e9 pour ce jardin.\u00a0 Nous n\u2019avons pas ch\u00f4m\u00e9, nous avons trait\u00e9 les pieds de tomates \u00e0 la bouillie bordelaise, arros\u00e9 le jardin, pos\u00e9 du BRF, r\u00e9par\u00e9 des outils. Les filles ont vid\u00e9 puis nettoy\u00e9 le camion. Nous avons ensuite profit\u00e9 d\u2019un gouter bien m\u00e9rit\u00e9 puis nous somme rentr\u00e9s.<\/p>\n<p><a href=\"http:\/\/blog.recherche-action.fr\/intermedes\/files\/2012\/07\/DSCN1663.jpg\"><img loading=\"lazy\" decoding=\"async\" class=\"alignnone size-medium wp-image-2196\" src=\"http:\/\/blog.recherche-action.fr\/intermedes\/files\/2012\/07\/DSCN1663-224x300.jpg\" alt=\"\" width=\"224\" height=\"300\" \/><\/a>\u00a0 <a href=\"http:\/\/blog.recherche-action.fr\/intermedes\/files\/2012\/07\/DSCN1664.jpg\"><img loading=\"lazy\" decoding=\"async\" class=\"alignnone size-medium wp-image-2197\" src=\"http:\/\/blog.recherche-action.fr\/intermedes\/files\/2012\/07\/DSCN1664-300x224.jpg\" alt=\"\" width=\"300\" height=\"224\" \/><\/a><\/p>\n<p><strong><span style=\"text-decoration:underline\">Mardi\u00a0:<\/span><\/strong><\/p>\n<p><strong><span style=\"text-decoration:underline\">Sortie Tour Eiffel\u00a0:<\/span><\/strong><\/p>\n<p><a href=\"http:\/\/blog.recherche-action.fr\/intermedes\/files\/2012\/07\/DSCN1636.jpg\"><img loading=\"lazy\" decoding=\"async\" class=\"alignleft size-medium wp-image-2198\" src=\"http:\/\/blog.recherche-action.fr\/intermedes\/files\/2012\/07\/DSCN1636-300x225.jpg\" alt=\"\" width=\"300\" height=\"225\" \/><\/a>Le soleil \u00e9tait radieux, la chaleur \u00e9tait au rendez vous\u00a0; un temps ad\u00e9quat pour une sortie r\u00e9ussie \u00e0 Paris\u00a0!<\/p>\n<p>&nbsp;<\/p>\n<p>&nbsp;<\/p>\n<p>&nbsp;<\/p>\n<p>&nbsp;<\/p>\n<p><a href=\"http:\/\/blog.recherche-action.fr\/intermedes\/files\/2012\/07\/DSCN1627.jpg\"><img loading=\"lazy\" decoding=\"async\" class=\"alignright size-medium wp-image-2199\" src=\"http:\/\/blog.recherche-action.fr\/intermedes\/files\/2012\/07\/DSCN1627-225x300.jpg\" alt=\"\" width=\"225\" height=\"300\" \/><\/a>Vers 12h nous voil\u00e0 partis de Moulin Galant pour prendre le rer direction la capitale. Des enfants Rroms \u00e2g\u00e9s de 7 \u00e0 12 ans constituent le groupe. Nous nous rendons au champ de Mars avec le m\u00e9tro pour d\u00e9jeuner et hop en route \u2026 nous montons les tr\u00e8s nombreuses marches de la Tour Eiffel pour acc\u00e9der au deuxi\u00e8me \u00e9tage.<\/p>\n<p>&nbsp;<\/p>\n<p>&nbsp;<\/p>\n<p>&nbsp;<\/p>\n<p><a href=\"http:\/\/blog.recherche-action.fr\/intermedes\/files\/2012\/07\/DSCN1635.jpg\"><img loading=\"lazy\" decoding=\"async\" class=\"alignnone size-medium wp-image-2200\" src=\"http:\/\/blog.recherche-action.fr\/intermedes\/files\/2012\/07\/DSCN1635-225x300.jpg\" alt=\"\" width=\"225\" height=\"300\" \/><\/a>\u00a0 <a href=\"http:\/\/blog.recherche-action.fr\/intermedes\/files\/2012\/07\/DSCN1659.jpg\"><img loading=\"lazy\" decoding=\"async\" class=\"alignnone size-medium wp-image-2201\" src=\"http:\/\/blog.recherche-action.fr\/intermedes\/files\/2012\/07\/DSCN1659-300x225.jpg\" alt=\"\" width=\"300\" height=\"225\" \/><\/a><\/p>\n<p style=\"text-align:center\">\u00a0 \u00a0 <span style=\"text-decoration:underline\"><strong>Chroniques des Robinsons de DIE<\/strong><\/span><\/p>\n<p style=\"text-align:center\">\n<p style=\"text-align:center\"><span style=\"text-decoration:underline\"><strong> <a href=\"http:\/\/blog.recherche-action.fr\/intermedes\/files\/2012\/07\/DIESol.jpg\"><img loading=\"lazy\" decoding=\"async\" class=\"aligncenter size-medium wp-image-2205\" src=\"http:\/\/blog.recherche-action.fr\/intermedes\/files\/2012\/07\/DIESol-300x225.jpg\" alt=\"\" width=\"300\" height=\"225\" \/><\/a><\/strong><\/span><\/p>\n<p>Quatorze heures, personne&#8230;C&#8217;est vrai qu&#8217;il fait chaud aujourd&#8217;hui. Je sors le mat\u00e9riel quand Cassandra et Ma\u00eblys apparaissent. Puis Sofian, et d&#8217;autres encore. Souheil s&#8217;est fait couper les cheveux, on le reconnait \u00e0 peine.<\/p>\n<p>Je pr\u00e9pare la colle \u00e0 papier peint car il y a deux gros bidons \u00e0 recouvrir de papier.<\/p>\n<p>In\u00e8s est venue sans sa s\u0153ur Nargis, qui fait le ramadan puisqu&#8217;elle a ses r\u00e8gles. Les petites filles disent quelques mots en arabe que je r\u00e9p\u00e8te, racontent un peu le Maroc&#8230;<\/p>\n<p>Finalement, le groupe compte une dizaine de personnes. Alin vient sans sa s\u0153ur, et donc sans l&#8217;accord\u00e9on. Cassandra semble heureuse d&#8217;\u00eatre l\u00e0 mais ne met pas la main \u00e0 la colle. Elle parle encore de guitare. Je ne dis rien mais n&#8217;en pense pas moins&#8230; \u00e0 une contrebassine.<\/p>\n<p>Alin a ramen\u00e9 deux cagettes de courgettes qu&#8217;un maraicher avait en trop. Les enfants en ram\u00e8neront chez eux \u00e0 la fin de la s\u00e9ance, et moi aussi !<\/p>\n","protected":false},"excerpt":{"rendered":"<p>Nous ne semons pas \u00e0 tout vent, nous semons m\u00e9thodiquement; nos actions stables, r\u00e9guli\u00e8res, rencontrent leur public, leur terrain, leur temps. \u00a0Il n&#8217;est pas \u00e9tonnant qu&#8217;il y ait des effets et cela ne manque pas de se produire. Les adolescents qui ont connu notre association sont nombreux \u00e0 aspirer aux professions du social; beaucoup reviennent [&#8230;]<\/p>\n","protected":false},"author":1,"featured_media":0,"comment_status":"open","ping_status":"open","sticky":false,"template":"","format":"standard","meta":{"footnotes":""},"categories":[1],"tags":[],"class_list":["post-24","post","type-post","status-publish","format-standard","hentry","category-non-classe"],"jetpack_featured_media_url":"","_links":{"self":[{"href":"https:\/\/recherche-action.fr\/intermedes\/wp-json\/wp\/v2\/posts\/24","targetHints":{"allow":["GET"]}}],"collection":[{"href":"https:\/\/recherche-action.fr\/intermedes\/wp-json\/wp\/v2\/posts"}],"about":[{"href":"https:\/\/recherche-action.fr\/intermedes\/wp-json\/wp\/v2\/types\/post"}],"author":[{"embeddable":true,"href":"https:\/\/recherche-action.fr\/intermedes\/wp-json\/wp\/v2\/users\/1"}],"replies":[{"embeddable":true,"href":"https:\/\/recherche-action.fr\/intermedes\/wp-json\/wp\/v2\/comments?post=24"}],"version-history":[{"count":0,"href":"https:\/\/recherche-action.fr\/intermedes\/wp-json\/wp\/v2\/posts\/24\/revisions"}],"wp:attachment":[{"href":"https:\/\/recherche-action.fr\/intermedes\/wp-json\/wp\/v2\/media?parent=24"}],"wp:term":[{"taxonomy":"category","embeddable":true,"href":"https:\/\/recherche-action.fr\/intermedes\/wp-json\/wp\/v2\/categories?post=24"},{"taxonomy":"post_tag","embeddable":true,"href":"https:\/\/recherche-action.fr\/intermedes\/wp-json\/wp\/v2\/tags?post=24"}],"curies":[{"name":"wp","href":"https:\/\/api.w.org\/{rel}","templated":true}]}}