{"id":25,"date":"2012-07-15T09:41:40","date_gmt":"2012-07-15T08:41:40","guid":{"rendered":"http:\/\/recherche-action.fr\/intermedes\/2012\/07\/15\/ne-rien-dire-que-lon-nait-fait-f-oury\/"},"modified":"2012-07-15T09:41:40","modified_gmt":"2012-07-15T08:41:40","slug":"ne-rien-dire-que-lon-nait-fait-f-oury","status":"publish","type":"post","link":"https:\/\/recherche-action.fr\/intermedes\/2012\/07\/15\/ne-rien-dire-que-lon-nait-fait-f-oury\/","title":{"rendered":"Ne rien dire que l\u2019on n\u2019ait fait (F. Oury)"},"content":{"rendered":"<p><a href=\"http:\/\/blog.recherche-action.fr\/intermedes\/files\/2012\/07\/FinPat.jpg\"><img fetchpriority=\"high\" decoding=\"async\" class=\"aligncenter size-medium wp-image-2117\" src=\"http:\/\/blog.recherche-action.fr\/intermedes\/files\/2012\/07\/FinPat-300x168.jpg\" alt=\"\" width=\"300\" height=\"168\" \/><\/a><\/p>\n<p style=\"color:#2a1ee0;text-align:center\"><em>Voici une premi\u00e8re r\u00e9colte (Buno, samedi 14\/07)<\/em><\/p>\n<p>Tout le monde conna\u00eet cette morale \u00e9l\u00e9mentaire, celle des enfants et des \u00e9ducateurs: <strong>&#8220;Dire ce que l&#8217;on fait et faire ce que l&#8217;on dit&#8221;<\/strong>. C&#8217;est l\u00e0 une base de la parole, une base de langage , <em>une base d&#8217;humanit\u00e9<\/em>.<\/p>\n<p>A <em>Interm\u00e8des Robinso<\/em>n, nous faisons de la th\u00e9orie par la pratique; nous th\u00e9orisons nos pratiques et <em>pratiquons nos th\u00e9ories<\/em>qui sont des inventions collectives. D&#8217;o\u00f9 les deux livres \u00a0que nous publions chez Chronique Sociale :\u00a0<strong><a href=\"http:\/\/www.chroniquesociale.com\/index.php?ID=1011992&amp;detailObjID=3005292&amp;detailResults=1012241&amp;dataType=cata&amp;wuFilter=+and+%28indx2%3D%27Ott+Laurent%27+or+indx3%3D%27Ott+Laurent%27%29\">P\u00e9dagogie Sociale\u00a0 <\/a>\u00a0<\/strong>\u00a0(la th\u00e9orie) et &#8220;Des lieux pour habiter le monde&#8221; (la pratique)<\/p>\n<p>D&#8217;o\u00f9 surtout <strong>la r\u00e9gularit\u00e9 et la fiabilit\u00e9<\/strong>\u00a0 (s\u00e9curit\u00e9 affective) de nos actions, de nos travaux, de nos propositions: \u00a0c&#8217;est r\u00e9gl\u00e9 comme un m\u00e9tronome.<\/p>\n<p><strong>&#8220;Ne rien dire que l&#8217;on n&#8217;ait fait&#8221;<\/strong> , est un principe qui t\u00e9moigne de la vari\u00e9t\u00e9 de ce que nous faisons.<\/p>\n<p><strong>Nous \u00a0sommes oblig\u00e9s d&#8217;en faire des choses<\/strong> (et pas qu&#8217;un peu) si on ne veut pas \u00eatre limit\u00e9s dans ce que nous disons; et c&#8217;est ainsi que les &#8220;Week-ends Famille&#8221; (au ch\u00e2teau) prennent la suite des &#8220;Missions jardins&#8221;,&#8230; qui s&#8217;inspirent des chantiers de p\u00e9dagogie sociale (bient\u00f4t des stages de formation), &#8230;qui s&#8217;inspirent des rencontres des enfants du quartier et des bidonvilles, &#8230;qui reposent sur le \u00a0TRAVAIL COMMUNAUTAIRE CONSTANT, qui donne&#8230; <em>de l&#8217;unit\u00e9 au tout<\/em>.<\/p>\n<p>&#8220;Ne rien faire que l&#8217;on n&#8217;ait dit &#8220;, <strong>voil\u00e0 qui tranche avec la bavarde et grise p\u00e9dagogie de projets<\/strong> , avec l&#8217;accumulation des bons sentiments, des objectifs vertueux et g\u00e9n\u00e9raux que l&#8217;on rencontre partout, qui deviennent l&#8217;ordinaire del&#8217;action sociale.<\/p>\n<p>Nous \u00a0essayons de n&#8217;avoir pas \u00a0d\u2019objectifs\u00a0qui portent sur autre chose que sur nous m\u00eames, ou sur nos propres pratiques. <strong>\u00a0Nous ne d\u00e9veloppons pas la solidarit\u00e9, nous essayons juste d&#8217;\u00eatre plus solidaires; nous ne soutenons pas la parentalit\u00e9, nous sommes plus familiers<\/strong>; nous ne d\u00e9veloppons pas le lien social, &#8230;nous sommes li\u00e9s.<\/p>\n<p><strong>Samedi 14 Juillet et Dimanche 15: Week end familles \u00e0 Buno<\/strong><\/p>\n<p><a href=\"http:\/\/blog.recherche-action.fr\/intermedes\/files\/2012\/07\/DrapTent.jpg\"><img decoding=\"async\" class=\"aligncenter size-medium wp-image-2118\" src=\"http:\/\/blog.recherche-action.fr\/intermedes\/files\/2012\/07\/DrapTent-300x168.jpg\" alt=\"\" width=\"300\" height=\"168\" \/><\/a><\/p>\n<p>Face \u00e0 un \u00e9t\u00e9 qualifi\u00e9 de &#8220;pourri&#8221;, <em>nous avons forc\u00e9 le temps en notre faveur<\/em> et il l&#8217;a \u00a0\u00e9t\u00e9; le &#8220;Week-end Familles \u00e0 \u00a0Buno&#8221; avec les Robinsons et Rrombinsons, a \u00e9t\u00e9 r\u00e9ussi.<\/p>\n<p><strong>\u00a0Nous avons pu tout faire<\/strong>: de la r\u00e9colte monumentale des patates (distribu\u00e9e au quartier, comme au camp), en passant par la rivi\u00e8re, le v\u00e9lo, \u00a0et la visite &#8230;\u00a0<strong><a href=\"http:\/\/fr.wikipedia.org\/wiki\/Le_Cyclop\">du Cyclop\u00a0<\/a>\u00a0<\/strong>(statue\/mus\u00e9e\u00a0monumentale\u00a0r\u00e9alis\u00e9e sur plus de 25 ans par le couple d&#8217;artiste <em>Tinguely<\/em>\u00a0et\u00a0<em>Niki<\/em>\u00a0de Saint Phalle)<\/p>\n<p><a href=\"http:\/\/blog.recherche-action.fr\/intermedes\/files\/2012\/07\/RecPat.jpg\"><img decoding=\"async\" class=\"aligncenter size-medium wp-image-2119\" src=\"http:\/\/blog.recherche-action.fr\/intermedes\/files\/2012\/07\/RecPat-300x168.jpg\" alt=\"\" width=\"300\" height=\"168\" \/><\/a><\/p>\n<p>Mais un week-end \u00e0 Buno, c&#8217;ets surtout du d\u00e9crochage de la vie quotidienne, une aventure ensemble, \u00a0un concentr\u00e9 \u00a0de partage et de vie communautaire dans le cadre magique du ch\u00e2teau. C&#8217;est une fen\u00eatre sur autre chose.<\/p>\n<p><a href=\"http:\/\/blog.recherche-action.fr\/intermedes\/files\/2012\/07\/BunBat.jpg\"><img loading=\"lazy\" decoding=\"async\" class=\"aligncenter size-medium wp-image-2120\" src=\"http:\/\/blog.recherche-action.fr\/intermedes\/files\/2012\/07\/BunBat-300x168.jpg\" alt=\"\" width=\"300\" height=\"168\" \/><\/a><\/p>\n<p>Oumar (9 ans) \u00a0a \u00e9crit ce dimanche:<\/p>\n<p>&#8220;Qu&#8217;est ce que j&#8217;aimerais? C&#8217;est que l&#8217;on voyage \u00e0 v\u00e9lo de Longjumeau , \u00e0 Buno, avec un K Way et un horaire de 11H00 \u00e0 20h00. Vincent (lire C partir) pourra pr\u00eater les v\u00e9los)&#8221;<\/p>\n<p><strong>Dimanche au jardin de Saulx\u00a0:<\/strong><\/p>\n<p><a href=\"http:\/\/blog.recherche-action.fr\/intermedes\/files\/2012\/07\/DSC01185.jpg\"><img loading=\"lazy\" decoding=\"async\" class=\"aligncenter size-medium wp-image-2125\" src=\"http:\/\/blog.recherche-action.fr\/intermedes\/files\/2012\/07\/DSC01185-300x224.jpg\" alt=\"\" width=\"300\" height=\"224\" \/><\/a>Nous sommes partis nombreux et enthousiastes aux jardins, il y a m\u00eame eu un petit groupe \u00e0 pied ! \u00a0 \u00a0 \u00a0 \u00a0 \u00a0 \u00a0 \u00a0 \u00a0 \u00a0 \u00a0 \u00a0 \u00a0 \u00a0 \u00a0 \u00a0 \u00a0 \u00a0 \u00a0 \u00a0 \u00a0 \u00a0 \u00a0 \u00a0 \u00a0 \u00a0 \u00a0 \u00a0 \u00a0 \u00a0 \u00a0 \u00a0 \u00a0 \u00a0 \u00a0 \u00a0 \u00a0 \u00a0 \u00a0 \u00a0 \u00a0 \u00a0 \u00a0 \u00a0 \u00a0 \u00a0 \u00a0 \u00a0 \u00a0 \u00a0 \u00a0 \u00a0 \u00a0 \u00a0 \u00a0 \u00a0 \u00a0 \u00a0 \u00a0 \u00a0 \u00a0\u00a0Lorsque tout le monde est arriv\u00e9 nous avons commenc\u00e9 \u00e0 pr\u00e9parer le d\u00e9jeuner. \u00a0 \u00a0 \u00a0 \u00a0 \u00a0 \u00a0 \u00a0 \u00a0Un petit groupe a entam\u00e9 le d\u00e9placement du BRF.<a href=\"http:\/\/blog.recherche-action.fr\/intermedes\/files\/2012\/07\/DSC01189.jpg\"><img loading=\"lazy\" decoding=\"async\" class=\"aligncenter size-medium wp-image-2126\" src=\"http:\/\/blog.recherche-action.fr\/intermedes\/files\/2012\/07\/DSC01189-300x224.jpg\" alt=\"\" width=\"300\" height=\"224\" \/><\/a><\/p>\n<p><img loading=\"lazy\" decoding=\"async\" class=\"size-medium wp-image-2124 alignleft\" src=\"http:\/\/blog.recherche-action.fr\/intermedes\/files\/2012\/07\/DSC01181-224x300.jpg\" alt=\"\" width=\"224\" height=\"300\" \/><\/p>\n<p>Puis nous sommes tous pass\u00e9s \u00e0 table dans la joie et la bonne humeur\u00a0!!!<\/p>\n<p>Ensuite nous avons effectu\u00e9 divers travaux, BRF et traitement \u00e0 la bouillie bordelaise sur les pieds de tomates, d\u00e9sherbages, r\u00e9colte de courgette et r\u00e9paration de la barri\u00e8re.<\/p>\n<p>Les enfants\u00a0 ont m\u00eame construit une cabane\u00a0! Puis nous avons go\u00fbt\u00e9, repli\u00e9 les affaires et sommes partis. pour nous \u00e9viter la pluie, le soleil a m\u00eame fait quelques perc\u00e9es\u00a0!!!!<\/p>\n<p>&nbsp;<\/p>\n<p><strong>Vendredi<\/strong><\/p>\n<p><span style=\"text-decoration:underline\">A la Rocade<\/span><\/p>\n<p>On joue entre les gouttes\u2026<\/p>\n<p><a href=\"http:\/\/blog.recherche-action.fr\/intermedes\/files\/2012\/07\/DSCN1609.jpg\"><img loading=\"lazy\" decoding=\"async\" class=\"aligncenter size-medium wp-image-2128\" src=\"http:\/\/blog.recherche-action.fr\/intermedes\/files\/2012\/07\/DSCN1609-224x300.jpg\" alt=\"\" width=\"224\" height=\"300\" \/><\/a>Khadidja imite un escargot qui sort sous la pluie. Du coup, on improvise un jeu de mimes avec Aline\u00a0: flamand rose, otarie, crocodile, tortue\u2026 trop dr\u00f4le\u00a0!<a href=\"http:\/\/blog.recherche-action.fr\/intermedes\/files\/2012\/07\/DSCN1616.jpg\"><img loading=\"lazy\" decoding=\"async\" class=\"aligncenter size-medium wp-image-2129\" src=\"http:\/\/blog.recherche-action.fr\/intermedes\/files\/2012\/07\/DSCN1616-300x224.jpg\" alt=\"\" width=\"300\" height=\"224\" \/><\/a><\/p>\n<p>On fini par \u00eatre vraiment mouill\u00e9 alors on remballe pour prendre notre petit go\u00fbter.<a href=\"http:\/\/blog.recherche-action.fr\/intermedes\/files\/2012\/07\/DSCN1607.jpg\"><img loading=\"lazy\" decoding=\"async\" class=\"aligncenter size-medium wp-image-2127\" src=\"http:\/\/blog.recherche-action.fr\/intermedes\/files\/2012\/07\/DSCN1607-300x224.jpg\" alt=\"\" width=\"300\" height=\"224\" \/><\/a><\/p>\n<p><span style=\"text-decoration:underline\">Au jardin de Chilly<\/span><\/p>\n<p><a href=\"http:\/\/blog.recherche-action.fr\/intermedes\/files\/2012\/07\/DSC01159.jpg\"><img loading=\"lazy\" decoding=\"async\" class=\"aligncenter size-medium wp-image-2132\" src=\"http:\/\/blog.recherche-action.fr\/intermedes\/files\/2012\/07\/DSC01159-300x224.jpg\" alt=\"\" width=\"300\" height=\"224\" \/><\/a>La pluie, la pluie, encore la pluie elle nous accompagne depuis un quelques semaines d\u00e9sormais <strong>mais elle ne nous emp\u00eache pas d\u2019\u00eatre actifs sur le terrain.<\/strong><a href=\"http:\/\/blog.recherche-action.fr\/intermedes\/files\/2012\/07\/DSC01157.jpg\"><img loading=\"lazy\" decoding=\"async\" class=\"aligncenter size-medium wp-image-2131\" src=\"http:\/\/blog.recherche-action.fr\/intermedes\/files\/2012\/07\/DSC01157-300x224.jpg\" alt=\"\" width=\"300\" height=\"224\" \/><\/a><\/p>\n<p>Nous commen\u00e7ons par r\u00e9colter de nombreuses framboises et groseilles. \u00a0 \u00a0 \u00a0 \u00a0 \u00a0 \u00a0 \u00a0 \u00a0 \u00a0 \u00a0 \u00a0 \u00a0 \u00a0 \u00a0 Ensuite nous d\u00e9sherbons la parcelle r\u00e9serv\u00e9e aux fruits rouges et y ajoutons du BRF. \u00a0 \u00a0 \u00a0 De nombreux arbustes sont \u00e9galement taill\u00e9s ainsi que les haies de Buis d\u00e9limitant chaque parcelle.<a href=\"http:\/\/blog.recherche-action.fr\/intermedes\/files\/2012\/07\/DSC01130.jpg\"><img loading=\"lazy\" decoding=\"async\" class=\"aligncenter size-medium wp-image-2130\" src=\"http:\/\/blog.recherche-action.fr\/intermedes\/files\/2012\/07\/DSC01130-300x224.jpg\" alt=\"\" width=\"300\" height=\"224\" \/><\/a><\/p>\n<p><strong>Jeudi\u00a0:<\/strong><\/p>\n<p><span style=\"text-decoration:underline\">Wissous\u00a0:<\/span><\/p>\n<p><a href=\"http:\/\/blog.recherche-action.fr\/intermedes\/files\/2012\/07\/DSCN1573.jpg\"><img loading=\"lazy\" decoding=\"async\" class=\"alignleft size-thumbnail wp-image-2135\" src=\"http:\/\/blog.recherche-action.fr\/intermedes\/files\/2012\/07\/DSCN1573-150x150.jpg\" alt=\"\" width=\"150\" height=\"150\" \/><\/a><a href=\"http:\/\/blog.recherche-action.fr\/intermedes\/files\/2012\/07\/DSCN1568.jpg\"><img loading=\"lazy\" decoding=\"async\" class=\"alignright size-thumbnail wp-image-2134\" src=\"http:\/\/blog.recherche-action.fr\/intermedes\/files\/2012\/07\/DSCN1568-150x150.jpg\" alt=\"\" width=\"150\" height=\"150\" \/><\/a>Nous avons retrouv\u00e9 \u00ab\u00a0notre petit monde\u00a0\u00bb \u00e0 Wissous malgr\u00e9 l\u2019expulsion de mercredi matin. En effet, apr\u00e8s avoir \u00e9t\u00e9 voir un terrain pr\u00e8s de Clamart, toutes les familles sont revenues s\u2019installer pratiquement au m\u00eame endroit, juste derri\u00e8re le chemin bitum\u00e9, sur une parcelle g\u00e9r\u00e9e par une agence fonci\u00e8re, qui pour l\u2019instant, ne r\u00e9clame rien.<a href=\"http:\/\/blog.recherche-action.fr\/intermedes\/files\/2012\/07\/DSCN1587.jpg\"><img loading=\"lazy\" decoding=\"async\" class=\"aligncenter size-medium wp-image-2136\" src=\"http:\/\/blog.recherche-action.fr\/intermedes\/files\/2012\/07\/DSCN1587-300x225.jpg\" alt=\"\" width=\"300\" height=\"225\" \/><\/a><\/p>\n<p><strong><em>Nous avons donc fait notre petit atelier comme d\u2019habitude, bien contents de ne pas avoir perdu brusquement contact avec ces familles et enfants avec qui nous sommes maintenant li\u00e9s.<\/em><\/strong><a href=\"http:\/\/blog.recherche-action.fr\/intermedes\/files\/2012\/07\/DSCN1564.jpg\"><img loading=\"lazy\" decoding=\"async\" class=\"aligncenter size-medium wp-image-2133\" src=\"http:\/\/blog.recherche-action.fr\/intermedes\/files\/2012\/07\/DSCN1564-300x225.jpg\" alt=\"\" width=\"300\" height=\"225\" \/><\/a><\/p>\n<p><span style=\"text-decoration:underline\">La croix Breton\u00a0:<\/span><\/p>\n<p><a href=\"http:\/\/blog.recherche-action.fr\/intermedes\/files\/2012\/07\/DSCN1591.jpg\"><img loading=\"lazy\" decoding=\"async\" class=\"aligncenter size-medium wp-image-2137\" src=\"http:\/\/blog.recherche-action.fr\/intermedes\/files\/2012\/07\/DSCN1591-300x224.jpg\" alt=\"\" width=\"300\" height=\"224\" \/><\/a>Malgr\u00e9 le temps incertain des enfants nous ont rejoints au quartier de la croix breton. Apr\u00e8s un petit atelier dessin pendant lequel les enfants dessinaient la maison de leur r\u00eave, Khadija a sorti le classeur \u00e0 chanson des robinsons.<a href=\"http:\/\/blog.recherche-action.fr\/intermedes\/files\/2012\/07\/DSCN1606.jpg\"><img loading=\"lazy\" decoding=\"async\" class=\"aligncenter size-medium wp-image-2138\" src=\"http:\/\/blog.recherche-action.fr\/intermedes\/files\/2012\/07\/DSCN1606-300x224.jpg\" alt=\"\" width=\"300\" height=\"224\" \/><\/a><\/p>\n<p>L\u2019atelier s\u2019est vite transform\u00e9 en chorale, nous avons entonn\u00e9 des refrains choisis par les enfants tels que \u00ab\u00a0La souris verte\u00a0\u00bb, \u00ab\u00a0Zamina\u00a0\u00bb, ou encore \u00ab\u00a0La chanson du petit prince\u00a0\u00bb.<\/p>\n<p><span style=\"text-decoration:underline\">Au skate Park\u00a0:<\/span><\/p>\n<p>C\u2019est le premier jeudi des grandes vacances, mais comme nous sommes en ce moment nombreux dans l\u2019\u00e9quipe, nous nous sommes dispatch\u00e9s entre la Croix Breton et le Skate Park. Essai concluant, l\u2019atelier du Skate Park, pendant les vacances, \u00e7a marche aussi\u00a0!<\/p>\n<p>C\u2019est diff\u00e9rent de d\u2019habitude car on est un petit groupe. Mais, c\u2019est bien aussi, on discute avec les mamans et on passe des moments privil\u00e9gi\u00e9s avec les enfants. La grande Estelle de la Rocade, d\u2019habitude un peu distante, a pass\u00e9 tout l\u2019atelier avec nous.<\/p>\n<p><span style=\"text-decoration:underline\">Au jardin de Saulx\u00a0:<\/span><\/p>\n<p><a href=\"http:\/\/blog.recherche-action.fr\/intermedes\/files\/2012\/07\/DSC01123-Copie.jpg\"><img loading=\"lazy\" decoding=\"async\" class=\"aligncenter size-medium wp-image-2142\" src=\"http:\/\/blog.recherche-action.fr\/intermedes\/files\/2012\/07\/DSC01123-Copie-300x224.jpg\" alt=\"\" width=\"300\" height=\"224\" \/><\/a>Quelle activit\u00e9 a l\u2019\u00e9querre cet apr\u00e8s-midi\u00a0!! \u00a0 \u00a0 \u00a0 \u00a0 \u00a0 \u00a0 \u00a0 \u00a0 \u00a0 \u00a0 \u00a0 \u00a0 \u00a0 \u00a0 \u00a0 \u00a0 \u00a0 \u00a0 \u00a0 \u00a0 \u00a0 \u00a0 \u00a0 \u00a0 \u00a0 \u00a0 \u00a0 \u00a0 \u00a0 \u00a0 \u00a0 \u00a0 \u00a0 \u00a0 \u00a0 \u00a0 \u00a0 \u00a0 \u00a0 \u00a0 \u00a0La d\u00e9broussailleuse est de sortie et les adultes se relaient sur la machine. \u00a0 \u00a0 \u00a0 \u00a0 \u00a0 \u00a0 \u00a0 \u00a0 \u00a0 \u00a0 \u00a0 \u00a0 Nous continuons le d\u00e9sherbage et la mise en place de BRF autour de certaines cultures (tomates, courges). <a href=\"http:\/\/blog.recherche-action.fr\/intermedes\/files\/2012\/07\/DSC01098.jpg\"><img loading=\"lazy\" decoding=\"async\" class=\"aligncenter size-medium wp-image-2140\" src=\"http:\/\/blog.recherche-action.fr\/intermedes\/files\/2012\/07\/DSC01098-300x224.jpg\" alt=\"\" width=\"300\" height=\"224\" \/><\/a>Nous r\u00e9cup\u00e9rons et coupons du bois et terminons par un go\u00fbter \u00e0 l\u2019abri des averses de pluie.<a href=\"http:\/\/blog.recherche-action.fr\/intermedes\/files\/2012\/07\/DSC01100.jpg\"><img loading=\"lazy\" decoding=\"async\" class=\"aligncenter size-medium wp-image-2141\" src=\"http:\/\/blog.recherche-action.fr\/intermedes\/files\/2012\/07\/DSC01100-300x224.jpg\" alt=\"\" width=\"300\" height=\"224\" \/><\/a><\/p>\n<p><strong>Mercredi\u00a0:<\/strong><\/p>\n<p><span style=\"text-decoration:underline\">Moulin Galant\u00a0:<\/span><\/p>\n<p><a href=\"http:\/\/blog.recherche-action.fr\/intermedes\/files\/2012\/07\/DSCN1531.jpg\"><img loading=\"lazy\" decoding=\"async\" class=\"aligncenter size-medium wp-image-2144\" src=\"http:\/\/blog.recherche-action.fr\/intermedes\/files\/2012\/07\/DSCN1531-300x224.jpg\" alt=\"\" width=\"300\" height=\"224\" \/><\/a>Il y avait beaucoup d\u2019enfants pr\u00e9sents aujourd\u2019hui \u00e0 Moulin galant\u00a0et ils avaient de l\u2019\u00e9nergie \u00e0 revendre.<a href=\"http:\/\/blog.recherche-action.fr\/intermedes\/files\/2012\/07\/DSCN1513.jpg\"><img loading=\"lazy\" decoding=\"async\" class=\"aligncenter size-medium wp-image-2143\" src=\"http:\/\/blog.recherche-action.fr\/intermedes\/files\/2012\/07\/DSCN1513-300x224.jpg\" alt=\"\" width=\"300\" height=\"224\" \/><\/a><\/p>\n<p>Quelques enfants ont un peu chahut\u00e9, d\u2019autres plus calmes s\u2019appliquaient \u00e0 colorier ou dessiner.<a href=\"http:\/\/blog.recherche-action.fr\/intermedes\/files\/2012\/07\/DSCN1555.jpg\"><img loading=\"lazy\" decoding=\"async\" class=\"aligncenter size-medium wp-image-2145\" src=\"http:\/\/blog.recherche-action.fr\/intermedes\/files\/2012\/07\/DSCN1555-300x224.jpg\" alt=\"\" width=\"300\" height=\"224\" \/><\/a><\/p>\n<p><span style=\"text-decoration:underline\">Au jardin de Saulx\u00a0:<\/span><\/p>\n<p><a href=\"http:\/\/blog.recherche-action.fr\/intermedes\/files\/2012\/07\/DSC01085.jpg\"><img loading=\"lazy\" decoding=\"async\" class=\"aligncenter size-medium wp-image-2147\" src=\"http:\/\/blog.recherche-action.fr\/intermedes\/files\/2012\/07\/DSC01085-300x225.jpg\" alt=\"\" width=\"300\" height=\"225\" \/><\/a>Beaucoup de monde au jardin aujourd\u2019hui pour la r\u00e9colte des pommes de terre. \u00a0 \u00a0 \u00a0 \u00a0 \u00a0 \u00a0 \u00a0Nous avons \u00e9t\u00e9 oblig\u00e9s de faire deux groupes (un \u00e0 pied et l\u2019autre en camion).<\/p>\n<p><a href=\"http:\/\/blog.recherche-action.fr\/intermedes\/files\/2012\/07\/DSC01066.jpg\"><img loading=\"lazy\" decoding=\"async\" class=\"aligncenter size-medium wp-image-2146\" src=\"http:\/\/blog.recherche-action.fr\/intermedes\/files\/2012\/07\/DSC01066-300x225.jpg\" alt=\"\" width=\"300\" height=\"225\" \/><\/a>La terre a vite \u00e9t\u00e9 retourn\u00e9e pour saisir les pommes de terre, quelques enfants ont mis du BRF autour des pieds de tomates, certains ont m\u00eame eu le temps d\u2019arroser et de cueillir des framboises.<a href=\"http:\/\/blog.recherche-action.fr\/intermedes\/files\/2012\/07\/DSC01090.jpg\"><img loading=\"lazy\" decoding=\"async\" class=\"aligncenter size-medium wp-image-2148\" src=\"http:\/\/blog.recherche-action.fr\/intermedes\/files\/2012\/07\/DSC01090-300x225.jpg\" alt=\"\" width=\"300\" height=\"225\" \/><\/a><\/p>\n<p>Nous avons ensuite profit\u00e9 d\u2019un gouter \u00e0 l\u2019ombre des arbres avant de tout ramasser et de repartir. <strong>Nous avons distribu\u00e9 la r\u00e9colte \u00e0 cot\u00e9 des dazibaos<\/strong>. L\u2019ambiance \u00e9tait bonne, les petits et grands \u00e9taient contents de repartir avec les pommes de terre.<\/p>\n<p><a href=\"http:\/\/blog.recherche-action.fr\/intermedes\/files\/2012\/07\/DSC01097.jpg\"><img loading=\"lazy\" decoding=\"async\" class=\"aligncenter size-medium wp-image-2149\" src=\"http:\/\/blog.recherche-action.fr\/intermedes\/files\/2012\/07\/DSC01097-300x225.jpg\" alt=\"\" width=\"300\" height=\"225\" \/><\/a><\/p>\n<p style=\"text-align:center\">\n<p style=\"text-align:center\"><strong>Chronique des Robinsons de DIE\u00a0<\/strong><\/p>\n<div style=\"font-family:Arial, Helvetica, sans-serif;font-size:14px\">Nous nous installons rapidement et je sors de mon grand sac des canettes vides, des boites de conserve, bouteilles en plastique&#8230; et du riz, des lentilles, des haricots secs. <strong>Avec \u00e7a nous allons faire des maracas.<\/strong> Nous habillons nos instruments avec des revues, des journaux et de la colle \u00e0 papier peint.<\/div>\n<div style=\"font-family:Arial, Helvetica, sans-serif;font-size:14px\">\u00a0Et Val\u00e9rie, maman de Cassandra et Ma\u00e9lys passe en coup de vent pour d\u00e9poser deux paquets de bonbons que je distribue aussit\u00f4t .<\/div>\n<div style=\"font-family:Arial, Helvetica, sans-serif;font-size:14px\">Les enfants ont vite compris l&#8217;int\u00e9r\u00eat des percussions et se mettent \u00e0 l&#8217;ouvrage avec entrain. Nous l\u00e2chons vite les pinceaux pour tartiner la colle avec les mains, lisser le papier sur la surface pour qu&#8217;il adh\u00e8re bien. Des images apparaissent, disparaissent, recouvertes par d&#8217;autres. Les enfants y pr\u00eatent beaucoup d&#8217;attention.<\/div>\n<div style=\"font-family:Arial, Helvetica, sans-serif;font-size:14px\">Nous avons eu la visite de Wim et Aur\u00e9lie, les animateurs de l&#8217;espace jeunes.<\/div>\n<div style=\"font-family:Arial, Helvetica, sans-serif;font-size:14px\">Aujourd&#8217;hui, personne n&#8217;a \u00e9t\u00e9 d\u00e9sign\u00e9 responsable du go\u00fbter. \u00c7a s&#8217;est distribu\u00e9 tout seul apr\u00e8s le rangement. Et la semaine prochaine, nous aurons besoin de peinture pour d\u00e9corer nos instruments.<\/div>\n","protected":false},"excerpt":{"rendered":"<p>Voici une premi\u00e8re r\u00e9colte (Buno, samedi 14\/07) Tout le monde conna\u00eet cette morale \u00e9l\u00e9mentaire, celle des enfants et des \u00e9ducateurs: &#8220;Dire ce que l&#8217;on fait et faire ce que l&#8217;on dit&#8221;. C&#8217;est l\u00e0 une base de la parole, une base de langage , une base d&#8217;humanit\u00e9. A Interm\u00e8des Robinson, nous faisons de la th\u00e9orie par [&#8230;]<\/p>\n","protected":false},"author":1,"featured_media":0,"comment_status":"open","ping_status":"open","sticky":false,"template":"","format":"standard","meta":{"footnotes":""},"categories":[1],"tags":[],"class_list":["post-25","post","type-post","status-publish","format-standard","hentry","category-non-classe"],"jetpack_featured_media_url":"","_links":{"self":[{"href":"https:\/\/recherche-action.fr\/intermedes\/wp-json\/wp\/v2\/posts\/25","targetHints":{"allow":["GET"]}}],"collection":[{"href":"https:\/\/recherche-action.fr\/intermedes\/wp-json\/wp\/v2\/posts"}],"about":[{"href":"https:\/\/recherche-action.fr\/intermedes\/wp-json\/wp\/v2\/types\/post"}],"author":[{"embeddable":true,"href":"https:\/\/recherche-action.fr\/intermedes\/wp-json\/wp\/v2\/users\/1"}],"replies":[{"embeddable":true,"href":"https:\/\/recherche-action.fr\/intermedes\/wp-json\/wp\/v2\/comments?post=25"}],"version-history":[{"count":0,"href":"https:\/\/recherche-action.fr\/intermedes\/wp-json\/wp\/v2\/posts\/25\/revisions"}],"wp:attachment":[{"href":"https:\/\/recherche-action.fr\/intermedes\/wp-json\/wp\/v2\/media?parent=25"}],"wp:term":[{"taxonomy":"category","embeddable":true,"href":"https:\/\/recherche-action.fr\/intermedes\/wp-json\/wp\/v2\/categories?post=25"},{"taxonomy":"post_tag","embeddable":true,"href":"https:\/\/recherche-action.fr\/intermedes\/wp-json\/wp\/v2\/tags?post=25"}],"curies":[{"name":"wp","href":"https:\/\/api.w.org\/{rel}","templated":true}]}}