{"id":3573,"date":"2014-02-22T23:50:53","date_gmt":"2014-02-22T22:50:53","guid":{"rendered":"http:\/\/recherche-action.fr\/intermedes\/?p=3573"},"modified":"2014-02-22T23:50:53","modified_gmt":"2014-02-22T22:50:53","slug":"nous-vivons-dans-loubli-e-nos-metamorphoses","status":"publish","type":"post","link":"https:\/\/recherche-action.fr\/intermedes\/2014\/02\/22\/nous-vivons-dans-loubli-e-nos-metamorphoses\/","title":{"rendered":"Nous vivons dans l&rsquo;oubli de nos m\u00e9tamorphoses"},"content":{"rendered":"<p><span style=\"color: #ff0000\">Nous vivons dans l&rsquo;oubli de nos m\u00e9tamorphoses (Paul Eluard)<\/span><\/p>\n<p>Un des grands probl\u00e8mes de l&rsquo;individualisme est son \u00e9vidence. L&rsquo;individu ne doute pas une seconde qu&rsquo;il en est un, m\u00eame si ceci ne lui apporte aucune information en soi sur son identit\u00e9 et encore moins sur son contenu.<\/p>\n<p>Pour autant, l&rsquo;individu est un leurre ; comment peut on y croire? D&rsquo;o\u00f9 vient il ? Qui l&rsquo;a fait? Et voil\u00e0 que nous retrouvons \u00ab\u00a0le Social\u00a0\u00bb, le groupe, la communaut\u00e9 qui ont produit cet individu qui peut \u00e0 pr\u00e9sent oublier son histoire.<\/p>\n<p>Nous produisons nos oublis, nos indiff\u00e9rences, nos amn\u00e9sies et nos angoisses. Nous les entretenons jour apr\u00e8s jour; ils n&rsquo;ont rien de naturel, mais tout nous y encourage: ordre social, m\u00e9rite, \u00e9cole, r\u00e9ussite scolaire et sociale, organisation du travail, police et m\u00e9dias.<\/p>\n<p>L&rsquo;\u00e9vidence de l&rsquo;individu, c&rsquo;est cela qu&rsquo;on appelle id\u00e9ologie; lutter contre, c&rsquo;est faire de la politique.<\/p>\n<p>En P\u00e9dagogie Freinet, nous postulons que l&rsquo;individu seul ne compte pas, qu&rsquo;il faut y ajouter \u00e9galement le fait d&rsquo;\u00eatre un sujet, pour pouvoir donner une personne.<\/p>\n<p>Etre un sujet, c&rsquo;est avant tout pouvoir dire \u00ab\u00a0je\u00a0\u00bb, c&rsquo;est \u00e0 dire \u00eatre le sujet d&rsquo;une action, d&rsquo;une parole, en un mot d&rsquo;un verbe. Par le sujet, l&rsquo;individu s&rsquo;engage, se confronte \u00e0 ses limites et peut impacter la r\u00e9alit\u00e9 , autant qu&rsquo;elle l&rsquo;impacte lui m\u00eame.<\/p>\n<p>C&rsquo;est une m\u00e9tamorphose, la premi\u00e8re, la plus importante, celle la m\u00eame qui nous fera aimer et r\u00eaver de toutes les autres.<\/p>\n<p>Lutter contre l&rsquo;oubli c&rsquo;est se souvenir de ses dettes originelles, de tout ce que le moi doit aux nous et aux autres, de tout ce que le pr\u00e9sent doit au pass\u00e9 , de tout ce que nous devons au monde.<\/p>\n<p><a title=\"SAM_1224\" href=\"http:\/\/www.flickr.com\/photos\/100872287@N06\/12769280245\"><img fetchpriority=\"high\" decoding=\"async\" alt=\"SAM_1224\" src=\"http:\/\/farm4.staticflickr.com\/3743\/12769280245_5402fdeac3.jpg\" width=\"500\" height=\"375\" \/><\/a><\/p>\n<p>Il faut une p\u00e9dagogie pour se souvenir, comme pour apprendre \u00e0 penser par soi m\u00eame et parmi les autres; c&rsquo;est le projet de la P\u00e9dagogie Sociale , ce \u00e0 quoi dans notre association, nous nous employons chaque jour, m\u00ealant les \u00e2ges , les cultures, les identit\u00e9s. Nous cultivons les m\u00e9tamorphoses.<\/p>\n<p><em><strong><span style=\"color: #ff0000\">\u00ab\u00a0L\u2019enfer des vivants n\u2019est pas chose \u00e0 venir\u00a0<\/span><\/strong>; s\u2019il y en a un, c\u2019est celui qui est d\u00e9j\u00e0 l\u00e0, l\u2019enfer que nous habitons tous les jours, que nous formons d\u2019\u00eatre ensemble. Il y a deux fa\u00e7ons de ne pas en souffrir. La premi\u00e8re r\u00e9ussit ais\u00e9ment \u00e0 la plupart\u00a0: accepter l\u2019enfer, en devenir une part au point de ne plus le voir. La seconde est risqu\u00e9e et elle demande une attention, un apprentissage, continuels\u00a0: chercher et savoir reconna\u00eetre qui et quoi, au milieu de l\u2019enfer, n\u2019est pas l\u2019enfer, et le faire durer, et lui faire de la place.\u00a0\u00bb<\/em><\/p>\n<p>Italo Calvino,\u00a0<em>Les villes invisibles<\/em><\/p>\n<p>&nbsp;<\/p>\n<p><em><span style=\"color: #ff0000\"><big>Dimanche<\/big><\/span><br \/>\n<\/em><\/p>\n<div lang=\"x-western\">\n<div>\n<div>C&rsquo;est un beau soleil qui nous accompagne en ce dimanche.<\/div>\n<div>Un grand groupe de Robinsons est present pour passer cette journ\u00e9e.<\/div>\n<div>Tr\u00e8s vite des petits groupes s&rsquo;organisent! Rabia,Monira aid\u00e9 de quelques enfants pr\u00e9parent<\/div>\n<div>le repas,pendant que Donya,Farid ainsi que Losseni s&rsquo;affaire a nous pr\u00e9pare une superbe table.<\/div>\n<div>Madalin de son c\u00f4t\u00e9 fini la fabrication du fabrication du Four \u00e0 pain, commenc\u00e9 par sa maman la semaine pr\u00e9c\u00e9dente.<\/div>\n<div>JJ ;\u00a0 aid\u00e9 de Yannick , s&rsquo;occupe de faire des mauvaises herbes,un grand feu.<br \/>\nApr\u00e8s le repas,nous nous organisons \u00a0pour ramasser tout ce qui tra\u00eene sur le terrain.<br \/>\nUn autre groupe part avec Melissa au bois afin de faire une balade et ramasser du bois afin d&rsquo;alimenter le stock du jardin.<br \/>\nLes mamans de leur c\u00f4t\u00e9 nous pr\u00e9parent un bon th\u00e9 a tous,elle prennent du temps pour elles autour du feu. Nous finissons la journ\u00e9e par la cuisson d&rsquo;un pain dans notre four. Nous le partageons tous ensemble tout chaud&#8230;comme cette belle journ\u00e9e que nous avons pass\u00e9 tous ensemble.<\/div>\n<div><\/div>\n<\/div>\n<\/div>\n<p><strong>Samedi<\/strong><\/p>\n<p><b><span style=\"text-decoration: underline\">VSM\u00a0:<\/span><\/b><\/p>\n<p><span style=\"color: #ff0000\">Cet apr\u00e8s-midi au ciel douteux, nous avons \u00e9t\u00e9 goul\u00fbment berc\u00e9s au rythme de\u00a0 la confection d\u2019une \u00ab\u00a0flop\u00e9e\u00a0\u00bb de cookies chocolat-noisettes<\/span>, de leur cuisson qui a laiss\u00e9 s\u2019\u00e9chapper du four une d\u00e9licieuse odeur qui faisait fr\u00e9tiller les narines puis enfin de leur d\u00e9gustation\u00a0!<\/p>\n<p style=\"text-align: center\"><a title=\"SAM_1287\" href=\"http:\/\/www.flickr.com\/photos\/100872287@N06\/12768209395\"><img decoding=\"async\" class=\"aligncenter\" alt=\"SAM_1287\" src=\"http:\/\/farm8.staticflickr.com\/7349\/12768209395_70886d5b5d.jpg\" width=\"500\" height=\"375\" \/><\/a><\/p>\n<p>&nbsp;<\/p>\n<p>Autour de cet atelier cuisine se d\u00e9roulaient un atelier jeux de soci\u00e9t\u00e9s o\u00f9 nous avons jou\u00e9 au \u00ab\u00a0Myto\u00a0\u00bb,<\/p>\n<p><a title=\"SAM_1099\" href=\"http:\/\/www.flickr.com\/photos\/100872287@N06\/12768663594\"><img decoding=\"async\" class=\"alignleft\" alt=\"SAM_1099\" src=\"http:\/\/farm8.staticflickr.com\/7399\/12768663594_1349217590.jpg\" width=\"350\" height=\"233\" \/><\/a><\/p>\n<p>&nbsp;<\/p>\n<p>un atelier petite enfance o\u00f9 quelques histoires ont \u00e9t\u00e9 lues enroul\u00e9s dans des couvertures, un atelier cirque avec la d\u00e9sormais habituelle slackline,<\/p>\n<p>&nbsp;<\/p>\n<p>&nbsp;<\/p>\n<p><a title=\"SAM_1292\" href=\"http:\/\/www.flickr.com\/photos\/100872287@N06\/12768194605\"><img loading=\"lazy\" decoding=\"async\" class=\"alignright\" alt=\"SAM_1292\" src=\"http:\/\/farm4.staticflickr.com\/3673\/12768194605_a6fb83df7c.jpg\" width=\"350\" height=\"263\" \/><\/a><\/p>\n<p>un atelier \u00ab\u00a0po\u00e9sik\u00a0\u00bb qui a fait sonner les percussions et inspir\u00e9 de dr\u00f4les de rimes<\/p>\n<p>&nbsp;<\/p>\n<p>&nbsp;<\/p>\n<p>&nbsp;<\/p>\n<p>&nbsp;<\/p>\n<p>&nbsp;<\/p>\n<p>Et enfin un atelier cerf-volant qui a fait voler au-dessus de nous un grand papillon bleu.<\/p>\n<p style=\"text-align: center\"><a title=\"SAM_1097\" href=\"http:\/\/www.flickr.com\/photos\/100872287@N06\/12768670094\"><img loading=\"lazy\" decoding=\"async\" class=\"aligncenter\" alt=\"SAM_1097\" src=\"http:\/\/farm6.staticflickr.com\/5528\/12768670094_1c9080c944.jpg\" width=\"500\" height=\"333\" \/><\/a><\/p>\n<p>Le conseil de quartier a laiss\u00e9 fleurir de nouvelles propositions\u00a0: \u00ab\u00a0faire un g\u00e2teau \u00e0 \u00e9tages comme dans les mariages\u00a0\u00bb, \u00ab\u00a0organiser une course de v\u00e9lo dans le quartier\u00a0\u00bb, \u00ab\u00a0faire une ballade \u00e0 v\u00e9lo\u00a0\u00bb, \u00ab\u00a0faire un g\u00e2teau au chocolat\u00a0\u00bb, \u00ab\u00a0faire un conseil de quartier tout en rimes comme les textes de l\u2019atelier po\u00e9zik\u00a0\u00bb, \u2026encore tout un programme\u00a0!<\/p>\n<p><span style=\"text-decoration: underline\">A Champlan\u00a0:<\/span><\/p>\n<p>L\u2019atelier d\u00e9bute sous un grand soleil et \u00e7a nous fait un grand bien. Mais, \u00e0 notre arriv\u00e9e seule Maria, Kosmin et Ricardo sont l\u00e0. Nous d\u00e9butons donc, en attendant les autres enfants, par se faire des passes et nous jouons \u00e9galement \u00e0 chat.<\/p>\n<p>&nbsp;<\/p>\n<p style=\"text-align: center\"><a title=\".\" href=\"http:\/\/www.flickr.com\/photos\/100872287@N06\/12768304203\"><img loading=\"lazy\" decoding=\"async\" class=\"aligncenter\" alt=\".\" src=\"http:\/\/farm4.staticflickr.com\/3781\/12768304203_c64acc955f.jpg\" width=\"448\" height=\"336\" \/><\/a><\/p>\n<p>Pendant ce temps, Ramona va chercher les enfants de l\u2019autre camp. A leur arriv\u00e9e nous faisons deux \u00e9quipes, avec pour chef Kosmin et Ionut, et jouons \u00e0 la balle au prisonnier. L\u2019\u00e9quipe de Kosmin remporte cette partie. Les gar\u00e7ons embraillent ensuite sur une partie de foot endiabl\u00e9e.<\/p>\n<p>&nbsp;<\/p>\n<p><a title=\".\" href=\"http:\/\/www.flickr.com\/photos\/100872287@N06\/12768608034\"><img loading=\"lazy\" decoding=\"async\" class=\"alignnone\" alt=\".\" src=\"http:\/\/farm4.staticflickr.com\/3776\/12768608034_1daba9d362.jpg\" width=\"314\" height=\"235\" \/><\/a>\u00a0\u00a0<a title=\".\" href=\"http:\/\/www.flickr.com\/photos\/100872287@N06\/12768607584\"><img loading=\"lazy\" decoding=\"async\" class=\"alignright\" alt=\".\" src=\"http:\/\/farm8.staticflickr.com\/7445\/12768607584_20715ef185.jpg\" width=\"269\" height=\"202\" \/><\/a><\/p>\n<p>&nbsp;<\/p>\n<p>Mais tr\u00e8s vite voil\u00e0 d\u00e9j\u00e0 l\u2019heure du go\u00fbter, tous et toutes assis-es, nous partageons un quatre-quart et quelques carreaux de chocolats ainsi qu\u2019un chocolat chaud, <i>\u00e9videment\u00a0<\/i>!<\/p>\n<p>&nbsp;<\/p>\n<p>&nbsp;<\/p>\n<p><b><span style=\"text-decoration: underline\">Vendredi<\/span><\/b><\/p>\n<p><b><span style=\"text-decoration: underline\">Au jardin\u00a0:<\/span><\/b><\/p>\n<p>Au contraire de la veille, nous allons cette fois ci profiter d\u2019un beau soleil qui nous accompagnera tout l\u2019apr\u00e8s-midi.<\/p>\n<p>Nous allons au terrain des ruches avec notamment Th\u00e9o et Najamie, nous partons donc avec un groupe o\u00f9 presque toutes les g\u00e9n\u00e9rations se rencontrent.<\/p>\n<p style=\"text-align: center\"><a title=\"SAM_1009\" href=\"http:\/\/www.flickr.com\/photos\/100872287@N06\/12768291075\"><img loading=\"lazy\" decoding=\"async\" class=\"aligncenter\" alt=\"SAM_1009\" src=\"http:\/\/farm4.staticflickr.com\/3720\/12768291075_bf19dd2b0b.jpg\" width=\"450\" height=\"300\" \/><\/a><\/p>\n<p>Plusieurs activit\u00e9s sont au programme. Tout d\u2019abord nous nettoyons nos vieux cadres des ruches. Il faut les d\u00e9sinfecter \u00e0 l\u2019aide de petits chalumeaux et enlever la vieille cire.<\/p>\n<p style=\"text-align: center\"><a title=\"SAM_1013\" href=\"http:\/\/www.flickr.com\/photos\/100872287@N06\/12768427993\"><img loading=\"lazy\" decoding=\"async\" class=\"aligncenter\" alt=\"SAM_1013\" src=\"http:\/\/farm4.staticflickr.com\/3755\/12768427993_65c143fa4c.jpg\" width=\"500\" height=\"333\" \/><\/a><\/p>\n<p>Cette derni\u00e8re va nous aider \u00e0 d\u00e9marrer un grand feu o\u00f9 nous br\u00fblons nos tas de ronces et d\u2019herbes qui ont \u00e9t\u00e9 fauch\u00e9s.<\/p>\n<p><a title=\"SAM_1037\" href=\"http:\/\/www.flickr.com\/photos\/100872287@N06\/12768414533\"><img loading=\"lazy\" decoding=\"async\" class=\"alignleft\" alt=\"SAM_1037\" src=\"http:\/\/farm8.staticflickr.com\/7355\/12768414533_3617df097f.jpg\" width=\"350\" height=\"233\" \/><\/a><\/p>\n<p>&nbsp;<\/p>\n<p>&nbsp;<\/p>\n<p>Nous avons ramen\u00e9 une d\u00e9broussailleuse et nous sommes plusieurs \u00e0 s\u2019y relayer, chacun nettoyant le terrain parfaitement.<\/p>\n<p>&nbsp;<\/p>\n<p>&nbsp;<\/p>\n<p>&nbsp;<\/p>\n<p>Nous ramassons donc ce qui \u00e0 \u00e9t\u00e9 coup\u00e9 puis nous le mettons au feu directement. Nous pouvons circuler plus agr\u00e9ablement au terrain sans avoir \u00e0 slalomer entre les ronces.<\/p>\n<p style=\"text-align: center\"><a title=\"SAM_1036\" href=\"http:\/\/www.flickr.com\/photos\/100872287@N06\/12768421043\"><img loading=\"lazy\" decoding=\"async\" class=\"aligncenter\" alt=\"SAM_1036\" src=\"http:\/\/farm3.staticflickr.com\/2845\/12768421043_5dbac06ebc.jpg\" width=\"500\" height=\"333\" \/><\/a><\/p>\n<p>Enfin un th\u00e9 pris au soleil conclut de belle mani\u00e8re cette apr\u00e8s-midi riche en activit\u00e9.<\/p>\n<p><b><span style=\"text-decoration: underline\">A la Rocade\u00a0:<\/span><\/b><\/p>\n<p>Aujourd\u2019hui le soleil est au rendez-vous et cela se ressent, beaucoup d\u2019enfants et de mamans sont pr\u00e9sent-es.<\/p>\n<p>Le\u00efla propose aujourd\u2019hui un atelier \u00ab\u00a0Carrot cake\u00a0\u00bb. Plusieurs enfants et m\u00eame des mamans viennent lui pr\u00eater mains-fortes.<\/p>\n<p style=\"text-align: center\"><a title=\"SAM_5338\" href=\"http:\/\/www.flickr.com\/photos\/100872287@N06\/12768449243\"><img loading=\"lazy\" decoding=\"async\" class=\"aligncenter\" alt=\"SAM_5338\" src=\"http:\/\/farm6.staticflickr.com\/5493\/12768449243_c8cbdd65bc.jpg\" width=\"500\" height=\"375\" \/><\/a><\/p>\n<p>&nbsp;<\/p>\n<p>Certain-es s\u2019occupent de broyer les sp\u00e9culos de sorte \u00e0 ce qu\u2019ils ressemblent \u00e0 du sable.<\/p>\n<p>D\u2019autres s\u2019occupent de casser les \u0153ufs et de s\u00e9parer les jaunes des blancs. Il faut \u00e9galement touiller, m\u00e9langer, et m\u00eame go\u00fbter de temps \u00e0 autre. Il y a du travail pour tout le monde\u00a0!<\/p>\n<p>Souad a apport\u00e9 la sono portable et un bon grand groupe de jeunes filles se lancent alors dans une chor\u00e9graphie, chacune apporte son id\u00e9e et la partage avec les autres.<\/p>\n<p>La musique contribue grandement \u00e0 rendre l\u2019atelier vraiment agr\u00e9able.<\/p>\n<p><a title=\"SAM_5318\" href=\"http:\/\/www.flickr.com\/photos\/100872287@N06\/12768449773\"><img loading=\"lazy\" decoding=\"async\" class=\"alignright\" alt=\"SAM_5318\" src=\"http:\/\/farm4.staticflickr.com\/3798\/12768449773_72c66a5d8e.jpg\" width=\"350\" height=\"263\" \/><\/a><\/p>\n<p>&nbsp;<\/p>\n<p>Le papa d\u2019Enrique et Elisabeth est l\u00e0 aujourd\u2019hui et apprend aux enfants \u00e0 utiliser le cerf-volant. Tout le long de l\u2019atelier, vol ainsi un beau et gros papillon.<\/p>\n<p>&nbsp;<\/p>\n<p>&nbsp;<\/p>\n<p>&nbsp;<\/p>\n<p>A tour de r\u00f4le les enfants prennent les rennes et court afin qu\u2019il prenne son envol.<\/p>\n<p style=\"text-align: center\"><a title=\"SAM_5357\" href=\"http:\/\/www.flickr.com\/photos\/100872287@N06\/12768304675\"><img loading=\"lazy\" decoding=\"async\" class=\"aligncenter\" alt=\"SAM_5357\" src=\"http:\/\/farm3.staticflickr.com\/2887\/12768304675_5b6ddf4543.jpg\" width=\"500\" height=\"375\" \/><\/a><\/p>\n<p>Dans la tente petite enfance, beaucoup d\u2019enfants sont \u00e9galement pr\u00e9sents et jouent \u00e0 la d\u00eenette et \u00e0 divers jeux d\u2019assemblages.<\/p>\n<p>Florian improvise une partie de ninja qui conna\u00eet toujours autant de succ\u00e8s.<\/p>\n<p>Dans la tente des grand-es les dessins vont bon train, chacun-e laisse place \u00e0 sa cr\u00e9ativit\u00e9.<\/p>\n<p style=\"text-align: center\"><a title=\"SAM_5307\" href=\"http:\/\/www.flickr.com\/photos\/100872287@N06\/12768752434\"><img loading=\"lazy\" decoding=\"async\" class=\"aligncenter\" alt=\"SAM_5307\" src=\"http:\/\/farm8.staticflickr.com\/7356\/12768752434_2fd6fec212.jpg\" width=\"500\" height=\"375\" \/><\/a><\/p>\n<p>Au go\u00fbter nous r\u00e9alisons l\u2019ampleur de l\u2019atelier. Nous sommes effectivement tr\u00e8s nombreux, heureusement que le \u00ab\u00a0Carrot cake\u00a0\u00bb vient combler les plus gourmand-es\u00a0! M\u00eame les plus r\u00e9ticent-es se r\u00e9galent.<\/p>\n<p><b><span style=\"text-decoration: underline\">Jeudi<\/span><\/b><\/p>\n<p><span style=\"text-decoration: underline\">Au jardin<\/span><\/p>\n<p>Nous arrivons au terrain mais la pluie n\u2019est pas l\u00e0\u00a0! Peu de temps apr\u00e8s elle arrive et ne nous l\u00e2chera pas de l\u2019apr\u00e8s-midi.<\/p>\n<p>Difficile donc de jardiner dans ces conditions. Mais les participants sont courageux car les \u00e9l\u00e9ments ne les d\u00e9rangent pas, certes, de temps en temps, un passage \u00e0 l\u2019abri sous la serre est le bienvenue.<\/p>\n<p style=\"text-align: center\"><a title=\"SAM_5291\" href=\"http:\/\/www.flickr.com\/photos\/100872287@N06\/12768329465\"><img loading=\"lazy\" decoding=\"async\" class=\"aligncenter\" alt=\"SAM_5291\" src=\"http:\/\/farm8.staticflickr.com\/7434\/12768329465_1082b6fd4e.jpg\" width=\"500\" height=\"375\" \/><\/a><\/p>\n<p>Dimanche nous avions grignot\u00e9 un peu de terrain pour agrandir deux parcelles, nous avons d\u00e9sherb\u00e9 puis ajouter un peu de fumier ces deux parcelles. Un travail important de d\u00e9frichage avait \u00e9t\u00e9 effectu\u00e9 dimanche pour permettre l\u2019agrandissement de la parcelle situ\u00e9e \u00e0 droite de la serre.<\/p>\n<p>&nbsp;<\/p>\n<p><a title=\"SAM_5289\" href=\"http:\/\/www.flickr.com\/photos\/100872287@N06\/12768473083\"><img decoding=\"async\" class=\"alignnone \" alt=\"SAM_5289\" src=\"http:\/\/farm8.staticflickr.com\/7317\/12768473083_d4a958a109.jpg\" \/><\/a><\/p>\n<p>Les b\u00e2ches du DAEV avec ce temps on pu \u00eatre bien rinc\u00e9es avec toute cette pluie. Enfin nous avons lancer un feu dans notre four \u00e0 pain flambant neuf afin de faire s\u00e9cher le m\u00e9lange sable\/terre.<\/p>\n<p><b><span style=\"text-decoration: underline\">Skate-park\u00a0:<\/span><\/b><\/p>\n<p>Nous arrivons sous la pluie, mais bien que timidement les enfants arrivent un \u00e0 un.<\/p>\n<p><a title=\"SAM_0988\" href=\"http:\/\/www.flickr.com\/photos\/100872287@N06\/12768804054\"><img loading=\"lazy\" decoding=\"async\" class=\"alignleft\" alt=\"SAM_0988\" src=\"http:\/\/farm4.staticflickr.com\/3784\/12768804054_97d4d87d1a.jpg\" width=\"400\" height=\"266\" \/><\/a><\/p>\n<p>&nbsp;<\/p>\n<p>Deux \u00e9quipes se forment alors, l\u2019une part faire un grand tournoi de foot, du skateboard et jouer au basket.<\/p>\n<p>&nbsp;<\/p>\n<p>&nbsp;<\/p>\n<p>De l\u2019autre c\u00f4t\u00e9, une \u00e9quipe entame une partie de \u00ab\u00a0Tic tac boum\u00a0\u00bb. Il faut trouver des mots li\u00e9s au th\u00e8me impos\u00e9. Les id\u00e9es fusent\u00a0! C\u2019est vraiment tr\u00e8s sympa comme jeux, petit-es et grand-es peuvent facilement y participer. Plus tard un grand jeu de mime s\u2019improvise, en duo ou en solo, tout le monde s\u2019applique \u00e0 faire deviner aux autres une action.<\/p>\n<p style=\"text-align: center\"><a title=\"SAM_0984\" href=\"http:\/\/www.flickr.com\/photos\/100872287@N06\/12768515753\"><img loading=\"lazy\" decoding=\"async\" class=\"aligncenter\" alt=\"SAM_0984\" src=\"http:\/\/farm8.staticflickr.com\/7330\/12768515753_516ca3326c.jpg\" width=\"333\" height=\"500\" \/><\/a><\/p>\n<p>C\u2019est au moment de prendre le go\u00fbter que la pluie cesse enfin, comme de par hasard\u2026 mais heureusement que nos petits Robinsons ne se d\u00e9couragent pour quelques gouttes de pluie\u00a0! Nous avons gr\u00e2ce \u00e0 eux-elles put passer un chouette atelier\u00a0!<\/p>\n<p style=\"text-align: center\"><a title=\"SAM_0985\" href=\"http:\/\/www.flickr.com\/photos\/100872287@N06\/12768508813\"><img loading=\"lazy\" decoding=\"async\" class=\"aligncenter\" alt=\"SAM_0985\" src=\"http:\/\/farm4.staticflickr.com\/3778\/12768508813_f9d9490677.jpg\" width=\"500\" height=\"333\" \/><\/a><\/p>\n<p><b><span style=\"text-decoration: underline\">La Croix Breton\u00a0:<\/span><\/b><\/p>\n<p>Aujourd\u2019hui, la pluie nous a accompagn\u00e9s pendant tout l\u2019atelier. Mais cela n\u2019a pas fait peur \u00e0 notre petit noyau dur de Robinsons\u00a0! Nous avons commenc\u00e9 par un Ninja pour nous r\u00e9chauffer, puis Im\u00e8ne est arriv\u00e9e avec un petit sachet dans lequel elle avait r\u00e9colt\u00e9 une dizaine de p\u00e9pins de pommes\u2026tr\u00e8s motiv\u00e9e pour qu\u2019on les plante tous ensemble\u00a0: \u00ab\u00a0Ce serait cool d\u2019avoir des pommiers dans le quartier\u00a0!!!\u00a0\u00bb. Apr\u00e8s quelques h\u00e9sitations\u00a0: \u00ab\u00a0Beurk, il va falloir creuser dans la bouillasse pour les semer\u2026\u00a0\u00bb, \u00ab Moi je veux bien mais c\u2019est pas moi qui mets les mains dans la terre\u00a0\u00bb\u2026notre petite \u00e9quipe de jardiniers improvis\u00e9s s\u2019est affair\u00e9e \u00e0 aller trouver les emplacements id\u00e9aux pour ces quelques futurs pommiers\u00a0! Nous nous en sommes sorti les mains pleines de gadoue, mais pas peu fiers de cette initiative.<\/p>\n<p>Apr\u00e8s quoi nous nous sommes lanc\u00e9s dans une tr\u00e8s rigolote partie d\u2019\u00e9lastique tous ensemble, \u00e0 laquelle m\u00eame les plus petits ont particip\u00e9.<\/p>\n<p>Nous avons fait beaucoup de jeux pour bouger car la pluie ne nous a pas quitt\u00e9s\u00a0: un chat famille endiabl\u00e9, un cache-cache d\u00e9cha\u00een\u00e9, etc. Pendant ce temps-l\u00e0, Khadija, la plus petite (2 ans et demi) a tranquillement fait des dessins de serpents et de magasins de mamans sur l\u2019ardoise magique.<\/p>\n<p>Puis a sonn\u00e9 l\u2019heure du go\u00fbter\u2026aujourd\u2019hui, le temps n\u2019\u00e9tait pas avec nous, mais les g\u00e2teaux \u00e9taient au rendez-vous\u00a0! Fatima nous avait concoct\u00e9 un d\u00e9licieux flan aux pruneaux et une autre maman un succulent g\u00e2teau parfum\u00e9 \u00e0 la vanille et \u00e0 l\u2019orange. Ce bon go\u00fbter s\u2019est agr\u00e9ablement laiss\u00e9 d\u00e9vorer\u00a0!<\/p>\n<p><b>Mercredi\u00a0:<\/b><\/p>\n<p><span style=\"text-decoration: underline\">Ludoth\u00e8que\u00a0: <\/span><\/p>\n<p>Nous ne sommes pas nombreux au commencement mais finalement pas mal au bout du compte.<\/p>\n<p><a title=\"SAM_0971\" href=\"http:\/\/www.flickr.com\/photos\/100872287@N06\/12769183085\"><img loading=\"lazy\" decoding=\"async\" class=\"alignleft\" alt=\"SAM_0971\" src=\"http:\/\/farm8.staticflickr.com\/7365\/12769183085_b77c4a5e46.jpg\" width=\"400\" height=\"266\" \/><\/a><\/p>\n<p>&nbsp;<\/p>\n<p>&nbsp;<\/p>\n<p>D\u2019abord du billard,<\/p>\n<p>&nbsp;<\/p>\n<p>&nbsp;<\/p>\n<p>&nbsp;<\/p>\n<p>&nbsp;<\/p>\n<p>puis le Memory de Winnie l\u2019Ourson mais aussi le jeu de quille que nous avons retrouv\u00e9 au fond du placard\u00a0! Ca marche bien, les enfants se relaient pour y jouer.<\/p>\n<p style=\"text-align: center\"><a title=\"SAM_0947\" href=\"http:\/\/www.flickr.com\/photos\/100872287@N06\/12769191455\"><img loading=\"lazy\" decoding=\"async\" class=\"aligncenter\" alt=\"SAM_0947\" src=\"http:\/\/farm4.staticflickr.com\/3805\/12769191455_86c39e6b05.jpg\" width=\"500\" height=\"333\" \/><\/a><\/p>\n<p>Sur le banc, \u00e0 c\u00f4t\u00e9, Elisabeth, Isabela, Myriam et Marwa mais aussi la maman Rachida, \u00e9crivent la lettre pour nos correspondants de Toulouse pour accompagner le petit film de jeudi dernier.<\/p>\n<p><a title=\"SAM_0939\" href=\"http:\/\/www.flickr.com\/photos\/100872287@N06\/12769642134\"><img decoding=\"async\" class=\"alignnone \" alt=\"SAM_0939\" src=\"http:\/\/farm8.staticflickr.com\/7343\/12769642134_97ea6be977.jpg\" \/><\/a><\/p>\n<p>Elles d\u00e9crivent ce qu\u2019elles font avec notre association et posent aussi des questions pour les enfants, l\u00e0 bas. On aura tout juste terminer pour le go\u00fbter\u00a0!<\/p>\n<p><a title=\"SAM_0938\" href=\"http:\/\/www.flickr.com\/photos\/100872287@N06\/12769650304\"><img decoding=\"async\" class=\"alignnone \" alt=\"SAM_0938\" src=\"http:\/\/farm8.staticflickr.com\/7409\/12769650304_9098b65f76.jpg\" \/><\/a><\/p>\n<p><span style=\"text-decoration: underline\">Au jardin\u00a0:<\/span><\/p>\n<p>C\u2019est le d\u00e9but des vacances et les enfants sont ravis. Nous allons au terrain de l\u2019\u00e9querre cet apr\u00e8s-midi. Nous avons pas mal d\u2019activit\u00e9s et de chantiers en cours.<\/p>\n<p><a title=\".\" href=\"http:\/\/www.flickr.com\/photos\/100872287@N06\/12769685394\"><img loading=\"lazy\" decoding=\"async\" class=\"alignright\" alt=\".\" src=\"http:\/\/farm3.staticflickr.com\/2830\/12769685394_2948fbee40.jpg\" width=\"358\" height=\"269\" \/><\/a><\/p>\n<p>&nbsp;<\/p>\n<p>Nous voulons fait un grand feu mais nous avons des difficult\u00e9s \u00e0 le lancer.<\/p>\n<p>&nbsp;<\/p>\n<p>&nbsp;<\/p>\n<p>&nbsp;<\/p>\n<p>Nous allons plut\u00f4t essayer de le faire dans notre nouveau four \u00e0 pain. Nous testons son efficacit\u00e9, \u00e7a \u00e0 l\u2019air de bien fonctionner.<\/p>\n<p style=\"text-align: center\"><a title=\".\" href=\"http:\/\/www.flickr.com\/photos\/100872287@N06\/12769685184\"><img loading=\"lazy\" decoding=\"async\" class=\"aligncenter\" alt=\".\" src=\"http:\/\/farm8.staticflickr.com\/7350\/12769685184_e75653be40.jpg\" width=\"448\" height=\"336\" \/><\/a><\/p>\n<p>Cela va permettre \u00e9galement \u00e0 notre m\u00e9lange terre\/sable de s\u00e9cher.<\/p>\n<p><a title=\".\" href=\"http:\/\/www.flickr.com\/photos\/100872287@N06\/12769243055\"><img loading=\"lazy\" decoding=\"async\" class=\"alignleft\" alt=\".\" src=\"http:\/\/farm8.staticflickr.com\/7326\/12769243055_dc601e9005.jpg\" width=\"358\" height=\"269\" \/><\/a><\/p>\n<p>&nbsp;<\/p>\n<p>Comme tous les mercredis d\u00e9sormais, les b\u00e2ches du DAEV sont nettoy\u00e9es, nous les laissons s\u00e9cher au terrain.<\/p>\n<p>&nbsp;<\/p>\n<p>&nbsp;<\/p>\n<p>&nbsp;<\/p>\n<p>Nous terminons l\u2019apr\u00e8s-midi par un go\u00fbter en pr\u00e9voyant d\u00e9j\u00e0 les activit\u00e9s de demain.<\/p>\n<p style=\"text-align: center\"><a title=\".\" href=\"http:\/\/www.flickr.com\/photos\/100872287@N06\/12769684784\"><img loading=\"lazy\" decoding=\"async\" class=\"aligncenter\" alt=\".\" src=\"http:\/\/farm8.staticflickr.com\/7303\/12769684784_447de7bcac.jpg\" width=\"448\" height=\"336\" \/><\/a><\/p>\n<p>&nbsp;<\/p>\n<p><span style=\"text-decoration: underline\">A Villebon\u00a0:<\/span><\/p>\n<p>Atelier th\u00e9\u00e2tre\u00a0:<\/p>\n<p>Premier atelier th\u00e9\u00e2tre pour moi, je retrouve les gen-te-s d\u2019Animakt et les adolescent-es du terrain. Nous mettons un peu de temps \u00e0 tous et toutes nous rassembler mais commen\u00e7ons par des \u00ab\u00a0jeux d\u2019\u00e9coute\u00a0\u00bb.<\/p>\n<p>Dans un premier temps nous nous mettons tous et toutes en cercle et nous faisons passer de l\u2019\u00e9lectricit\u00e9 dans les mains. Il faut que l\u2019impulsion revienne le plus rapidement possible \u00e0 l\u2019envoyeur. Notre record est 4, ce qui n\u2019est vraiment pas mal\u00a0!<\/p>\n<p>Pendant que nous jouons, un h\u00e9licopt\u00e8re survole le camp et en profite pour faire du rep\u00e9rage\u2026 Cela perturbe forcement l\u2019atelier. Nous r\u00e9ussissons \u00e0 son d\u00e9part \u00e0 nous remettre \u00e0 jouer ensemble. Nous devons piocher dans\u00a0 une enveloppe des actions de la vie quotidienne, telles que \u00ab\u00a0se laver\u00a0\u00bb, \u00ab\u00a0faire le m\u00e9nage\u00a0\u00bb et nous devons les mimer et trouver le nom des actions en fran\u00e7ais.<\/p>\n<p>&nbsp;<\/p>\n<p>C\u2019est \u00e0 ce moment l\u00e0 que des cochons, oui, oui de vrais gros cochons d\u00e9barquent dans un boucan d\u2019enfer.\u00a0 D\u2019autres cochons apparaissent les uns \u00e0 la suite des autres, charg\u00e9s dans des chariots. Je me demande si l\u2019abattage va se faire \u00e0 la cha\u00eene. C\u2019est tr\u00e8s perturbant. Un homme s\u2019amuse \u00e0 promener l\u2019un des cochons de baraques en baraque en le faisant rentrer \u00e0 l\u2019int\u00e9rieur. Les gens rigolent et d\u2019autres sont effray\u00e9s. Personnellement je ne me sens pas hyper \u00e0 l\u2019aise. C\u2019est un peu fou, on se croirait dans un film d\u2019Emir Kusturica. Nous tentons malgr\u00e9 tout de continuer \u00e0 jouer en tentant un jeu de confiance. Une personne doit se laisser tomber au centre du cercle et les autres doivent le r\u00e9ceptionner et le faire se balancer.<\/p>\n<p style=\"text-align: center\"><a title=\"SAM_1222\" href=\"http:\/\/www.flickr.com\/photos\/100872287@N06\/12769733384\"><img loading=\"lazy\" decoding=\"async\" class=\"aligncenter\" alt=\"SAM_1222\" src=\"http:\/\/farm4.staticflickr.com\/3818\/12769733384_ffdcc3d531.jpg\" width=\"500\" height=\"375\" \/><\/a><\/p>\n<p>Mais, comme un incident n\u2019arrive jamais seul, nous nous retrouvons de nouveau perturb\u00e9-es par l\u2019arriv\u00e9e des gendarmes \u00e0 la recherche des cochons. Sc\u00e9nario improbable\u00a0! Les gendarmes et m\u00eame la BAC se mettent \u00e0 recherche activement des animaux agonisants. Je ne savais pas que la cause animale \u00e9tait leur pr\u00e9occupation\u2026 L\u2019atelier s\u2019ach\u00e8ve ainsi, dans une ambiance particuli\u00e8rement \u00e9trange et oppressante.<\/p>\n<p><span style=\"text-decoration: underline\">Atelier avec les enfants\u00a0:<\/span><\/p>\n<p>Cet atelier fut tr\u00e8s particulier\u2026les enfants \u00e9taient tr\u00e8s perturb\u00e9s\u2026par o\u00f9 commencer\u2026\u00a0? \u2026l\u2019arriv\u00e9e des cochons calfeutr\u00e9s dans des caddies\u00a0? \u2026l\u2019h\u00e9licopt\u00e8re de la police qui survolait notre atelier en prenant des photos\u00a0? \u2026les enfants qui criaient \u00ab\u00a0police, police\u00a0!\u00a0\u00bb, \u00ab\u00a0photo, photo\u00a0!\u00a0\u00bb en leur faisant coucou\u00a0?&#8230;le cri strident du premier cochon \u00e9gorg\u00e9 qui a retenti pendant qu\u2019Emma racontait une histoire aux enfants\u00a0?&#8230;l\u2019arriv\u00e9e de la gendarmerie, qui faisait ouvrir toutes les baraques, \u00e0 la recherche des cochons dissimul\u00e9s\u00a0?&#8230;les cochons n\u2019avaient pas leurs papiers\u2026puis l\u2019arriv\u00e9e de la B.A.C. en renfort \u00e0 la recherche des cochons en situation irr\u00e9guli\u00e8re\u2026<\/p>\n<p style=\"text-align: center\"><a title=\"SAM_1224\" href=\"http:\/\/www.flickr.com\/photos\/100872287@N06\/12769280245\"><img loading=\"lazy\" decoding=\"async\" class=\"aligncenter\" alt=\"SAM_1224\" src=\"http:\/\/farm4.staticflickr.com\/3743\/12769280245_5402fdeac3.jpg\" width=\"500\" height=\"375\" \/><\/a><\/p>\n<p>Au milieu de tout cela, nous avons tout de m\u00eame eu un peu de temps pour poursuivre la confection des marionnettes commenc\u00e9es la semaine pr\u00e9c\u00e9dente.<\/p>\n<p><a title=\"SAM_1233\" href=\"http:\/\/www.flickr.com\/photos\/100872287@N06\/12769714034\"><img loading=\"lazy\" decoding=\"async\" class=\"alignleft\" alt=\"SAM_1233\" src=\"http:\/\/farm4.staticflickr.com\/3731\/12769714034_2e92d0cfed.jpg\" width=\"400\" height=\"300\" \/><\/a><\/p>\n<p>Nous avons r\u00e9ussi \u00e0 nous attabler, un peu plus au calme et les enfants se sont affair\u00e9s \u00e0 les peindre, les d\u00e9couper et lier les diff\u00e9rentes parties du corps de ces dr\u00f4les de mannequins avec des attaches parisiennes.<\/p>\n<p>&nbsp;<\/p>\n<p>Le go\u00fbter fut perturb\u00e9 par la pr\u00e9sence de la police au niveau des maisons \u00e0 l\u2019int\u00e9rieur du camp\u2026beaucoup d\u2019aller-retour des adultes et des enfants mais tout de m\u00eame un moment partag\u00e9 pour discuter un peu avec tous de tous ces \u00e9v\u00e9nements\u2026<\/p>\n<p style=\"text-align: center\"><a title=\"SAM_1242\" href=\"http:\/\/www.flickr.com\/photos\/100872287@N06\/12769403613\"><img loading=\"lazy\" decoding=\"async\" class=\"aligncenter\" alt=\"SAM_1242\" src=\"http:\/\/farm4.staticflickr.com\/3741\/12769403613_5927240245.jpg\" width=\"500\" height=\"375\" \/><\/a><\/p>\n","protected":false},"excerpt":{"rendered":"<p>Nous vivons dans l&rsquo;oubli de nos m\u00e9tamorphoses (Paul Eluard) Un des grands probl\u00e8mes de l&rsquo;individualisme est son \u00e9vidence. L&rsquo;individu ne doute pas une seconde qu&rsquo;il en est un, m\u00eame si ceci ne lui apporte aucune information en soi sur son identit\u00e9 et encore moins sur son contenu. Pour autant, l&rsquo;individu est un leurre ; comment &hellip; <a href=\"https:\/\/recherche-action.fr\/intermedes\/2014\/02\/22\/nous-vivons-dans-loubli-e-nos-metamorphoses\/\" class=\"more-link\">Continuer la lecture<span class=\"screen-reader-text\"> de &laquo;&nbsp;Nous vivons dans l&rsquo;oubli de nos m\u00e9tamorphoses&nbsp;&raquo;<\/span><\/a><\/p>\n","protected":false},"author":1,"featured_media":0,"comment_status":"open","ping_status":"open","sticky":false,"template":"","format":"standard","meta":{"footnotes":""},"categories":[1],"tags":[],"class_list":["post-3573","post","type-post","status-publish","format-standard","hentry","category-non-classe"],"jetpack_featured_media_url":"","_links":{"self":[{"href":"https:\/\/recherche-action.fr\/intermedes\/wp-json\/wp\/v2\/posts\/3573","targetHints":{"allow":["GET"]}}],"collection":[{"href":"https:\/\/recherche-action.fr\/intermedes\/wp-json\/wp\/v2\/posts"}],"about":[{"href":"https:\/\/recherche-action.fr\/intermedes\/wp-json\/wp\/v2\/types\/post"}],"author":[{"embeddable":true,"href":"https:\/\/recherche-action.fr\/intermedes\/wp-json\/wp\/v2\/users\/1"}],"replies":[{"embeddable":true,"href":"https:\/\/recherche-action.fr\/intermedes\/wp-json\/wp\/v2\/comments?post=3573"}],"version-history":[{"count":0,"href":"https:\/\/recherche-action.fr\/intermedes\/wp-json\/wp\/v2\/posts\/3573\/revisions"}],"wp:attachment":[{"href":"https:\/\/recherche-action.fr\/intermedes\/wp-json\/wp\/v2\/media?parent=3573"}],"wp:term":[{"taxonomy":"category","embeddable":true,"href":"https:\/\/recherche-action.fr\/intermedes\/wp-json\/wp\/v2\/categories?post=3573"},{"taxonomy":"post_tag","embeddable":true,"href":"https:\/\/recherche-action.fr\/intermedes\/wp-json\/wp\/v2\/tags?post=3573"}],"curies":[{"name":"wp","href":"https:\/\/api.w.org\/{rel}","templated":true}]}}