{"id":3582,"date":"2014-02-28T16:06:58","date_gmt":"2014-02-28T15:06:58","guid":{"rendered":"http:\/\/recherche-action.fr\/intermedes\/?p=3582"},"modified":"2014-02-28T16:06:58","modified_gmt":"2014-02-28T15:06:58","slug":"faire-de-la-politique-la-ou-elle-se-defait","status":"publish","type":"post","link":"https:\/\/recherche-action.fr\/intermedes\/2014\/02\/28\/faire-de-la-politique-la-ou-elle-se-defait\/","title":{"rendered":"Faire de la politique l\u00e0 o\u00f9 elle se d\u00e9fait"},"content":{"rendered":"<p><em><strong>Faire de la politique l\u00e0 o\u00f9 elle se d\u00e9fait (S. Thierry)<\/strong><\/em><\/p>\n<p>Nous vivons l&rsquo;\u00e8re de toutes les d\u00e9sillusions \u00e9lectorales et politiques; \u00e0 quoi bon disent tous les passants. Ce qui semble aujourd&rsquo;hui interdit est m\u00eame de penser que quelque chose pourrait \u00eatre meilleur.<\/p>\n<p><em><strong>Et voici que ceux qui ont le plus pour se plaindre, ceux qui savent mieux que quiconque ce qui ne va pas, ce qui se d\u00e9fait, ce qui se d\u00e9truit , sont aujourd&rsquo;hui les premiers \u00e0 se retrancher, \u00e0 se diminuer, \u00e0 se faire oublier.<\/strong><\/em><\/p>\n<p><strong>\u00a0<a title=\"SAM_5594\" href=\"http:\/\/www.flickr.com\/photos\/100872287@N06\/12928937944\"><img fetchpriority=\"high\" decoding=\"async\" alt=\"SAM_5594\" src=\"http:\/\/farm4.staticflickr.com\/3711\/12928937944_08fd4a3512.jpg\" width=\"263\" height=\"350\" \/><\/a><\/strong><\/p>\n<p><span style=\"color: #ff0000\"><strong>Nous voudrions faire de la politique l\u00e0 o\u00f9 elle se d\u00e9fait:<\/strong><\/span> dans la rue, dans le vivre ensemble, au travail , au ch\u00f4mage, dans les transports , pendant l&rsquo;\u00e9ducation des enfants, durant les loisirs, et l&rsquo;absence de loisirs.<\/p>\n<p><span style=\"color: #ff0000\"><strong>Nous voudrions faire de la politique l\u00e0 o\u00f9 on nous dit qu&rsquo;il n&rsquo;y en a plus,<\/strong><\/span> ou u&rsquo;il n&rsquo;y en a qu&rsquo;une , l\u00e0 o\u00f9 on nous dit qu&rsquo;il n&rsquo;y a pas le choix, l\u00e0 o\u00f9 on nous dit de \u00ab\u00a0circuler, y&rsquo;a rien \u00e0 voir\u00a0\u00bb.<\/p>\n<p><span style=\"color: #ff0000\"><strong>Nous voudrions faire de la politique pour chaque enfant,<\/strong><\/span> pour qu&rsquo;il ait une place, une parole, pour qu&rsquo;il soit membre ici et maintenant d&rsquo;une soci\u00e9t\u00e9 qui l&rsquo;accueille. Nous voudrions faire de la politique dans la politique de la ville, dans la politique sociale, dans la politique de l&rsquo;enfance&#8230; l\u00e0 o\u00f9 elle fait clairement d\u00e9faut!<\/p>\n<p><a title=\"SAM_1389\" href=\"http:\/\/www.flickr.com\/photos\/100872287@N06\/12929099445\"><img decoding=\"async\" alt=\"SAM_1389\" src=\"http:\/\/farm8.staticflickr.com\/7372\/12929099445_1321526168.jpg\" \/><\/a><\/p>\n<p>Nous voudrions reconqu\u00e9rir la possibilit\u00e9 de penser la vie sociale, le travail, la Cit\u00e9, la rue et le travail. Nous voudrions reprendre et partager les responsabilit\u00e9s.<\/p>\n<p><strong>A Robinson, nous \u00e9tendons nos tapis, avec politique, nous faisons nos tartines, avec de la politique ,<\/strong> nous jouons avec de la politique, nous dessinons et cr\u00e9ons avec la politique dans la t\u00eate et dans nos actes.<\/p>\n<p>Il y a \u00a0bien longtemps, Freinet avait voulu donner une autre image de la politique. Il apportait une exigence de coh\u00e9rence entre les id\u00e9es et les actes de la vie de tous les jours. Pour lui la politique c&rsquo;\u00e9tait ici et maintenant avec les plus petits, l\u00e0 o\u00f9 il est dit qu&rsquo;il n&rsquo;y en a pas.<\/p>\n<p><em><span style=\"color: #000000\"><strong>Sinon, il n&rsquo;y a nulle part de politique, il n&rsquo;y a que du pouvoir.<\/strong><\/span><\/em> C&rsquo;est pr\u00e9cis\u00e9ment l\u00e0 o\u00f9 elle se d\u00e9fait, l\u00e0 o\u00f9 elle fait d\u00e9faut, qu&rsquo;il faut en faire.<\/p>\n<p><span style=\"color: #3366ff\">Et tout s&rsquo;encha\u00eene:<\/span><\/p>\n<p><em><strong>Voici que nous faisons de l&rsquo;\u00e9ducation l\u00e0 o\u00f9 elle se d\u00e9fait,<\/strong> <\/em>l\u00e0 o\u00f9 il n&rsquo;y en a plus, l\u00e0 o\u00f9 il n&rsquo;y en a plus projet, dans les friches et terrains vagues de nos vies modernes.<\/p>\n<p><em><strong>Et voici que nous faisons du social, l\u00e0 o\u00f9 il n&rsquo;y en a plus<\/strong><\/em>, l\u00e0 m\u00eame o\u00f9 on dit que le social n&rsquo;est pas \u00a0possible.<\/p>\n<p class=\"MsoNormal\"><b><span style=\"text-decoration: underline\">Dimanche au jardin\u00a0: <\/span><\/b><\/p>\n<p class=\"MsoNormal\">Un grand soleil nous accueille aujourd\u2019hui\u00a0! On a bien envie de croire que le printemps est en avance\u2026mais c\u2019est encore un soleil d\u2019hiver\u2026ne nous pr\u00e9cipitons pas, il fait encore bien frisquet\u00a0!<\/p>\n<p class=\"MsoNormal\"><a title=\"SAM_5704\" href=\"http:\/\/www.flickr.com\/photos\/100872287@N06\/12928416585\"><img decoding=\"async\" class=\"alignnone \" alt=\"SAM_5704\" src=\"http:\/\/farm3.staticflickr.com\/2871\/12928416585_eb09b39ba3.jpg\" \/><\/a><a title=\"SAM_5707\" href=\"http:\/\/www.flickr.com\/photos\/100872287@N06\/12928825064\"><img decoding=\"async\" class=\"alignnone \" alt=\"SAM_5707\" src=\"http:\/\/farm8.staticflickr.com\/7315\/12928825064_8df6bc7b60.jpg\" \/><\/a><\/p>\n<p class=\"MsoNormal\">\u00ab\u00a0Pour moi, le dimanche, c\u2019est pas le jour du Seigneur, c\u2019est le jour du jardin\u00a0!\u00a0\u00bb,\u00a0annonce avec \u00e9nergie Jean-Jacques. Nous voil\u00e0 tous \u00e0 bord du camion du jardin, en route pour une belle journ\u00e9e de travail dominical. La joyeuse petite \u00e9quipe que nous constituons, avec des grands, des tr\u00e8s grands et des plus petits, s\u2019affaire d\u00e8s notre arriv\u00e9e\u00a0:<\/p>\n<p class=\"MsoNormal\">Jean-Jacques ne perd pas une seule seconde pour empoigner un r\u00e2teau et se mettre au travail. Il se met sans transition \u00e0 l\u2019\u00e9talage de crottin de cheval sur le terrain des pommes de terre\u2026\u00a0\u00ab\u00a0baaaaaaah\u00a0!!!!\u00a0\u00bb, s\u2019exclameront les plus jeunes de la troupe, Corentin et Tony\u2026\u00a0des pommes de terre nourries au crottin de cheval, \u00e7a fait regarder les frites d\u2019un autre \u0153il.<\/p>\n<p class=\"MsoNormal\">De son c\u00f4t\u00e9, Zora se dresse en v\u00e9ritable ma\u00eetresse du feu malgr\u00e9 les difficult\u00e9s (barbecue tremp\u00e9 et bois humide), avec grand succ\u00e8s, au plus grand plaisir de notre petite troupe qui se r\u00e9jouira de d\u00e9guster des merguez grill\u00e9es pour le d\u00e9jeuner\u00a0!<\/p>\n<p class=\"MsoNormal\"><a title=\"SAM_5638\" href=\"http:\/\/www.flickr.com\/photos\/100872287@N06\/12928831944\"><img decoding=\"async\" class=\"alignnone \" alt=\"SAM_5638\" src=\"http:\/\/farm4.staticflickr.com\/3665\/12928831944_2f691c7dbf.jpg\" \/><\/a><a title=\"SAM_5681\" href=\"http:\/\/www.flickr.com\/photos\/100872287@N06\/12928524543\"><img decoding=\"async\" class=\"alignright\" alt=\"SAM_5681\" src=\"http:\/\/farm8.staticflickr.com\/7444\/12928524543_b861cdce3f.jpg\" width=\"375\" height=\"500\" \/><\/a><\/p>\n<p class=\"MsoNormal\">Apr\u00e8s un bon repas, nous mettons tous les mains \u00e0 la terre pour d\u00e9sherber les fraisiers puis finissons ensemble d\u2019\u00e9taler le fameux crottin de cheval de l\u2019\u00e9curie voisine sur le terrain de nos future pommes de terre qui seront bien nourries\u00a0!<\/p>\n<p class=\"MsoNormal\"><a title=\"SAM_5700\" href=\"http:\/\/www.flickr.com\/photos\/100872287@N06\/12928418555\"><img decoding=\"async\" class=\"alignnone \" alt=\"SAM_5700\" src=\"http:\/\/farm4.staticflickr.com\/3683\/12928418555_73701fb6ac.jpg\" \/><\/a><\/p>\n<p class=\"MsoNormal\"><span style=\"color: #3366ff\">Et n\u2019oublions pas, l\u2019id\u00e9e nous est venue qu\u2019il serait utile pour nous aider \u00e0 d\u00e9marrer les prochains feux de r\u00e9colter des pommes de pins dans les parcs du quartier\u00a0! Affaire \u00e0 suivre\u2026<\/span><\/p>\n<p class=\"MsoNormal\"><!--[if gte mso 9]&gt;--><\/p>\n<p class=\"MsoNormal\"><span style=\"text-decoration: underline\">SAMEDI\u00a0:<\/span><\/p>\n<p class=\"MsoNormal\"><b><span style=\"text-decoration: underline\">VSM\u00a0:<\/span><\/b><\/p>\n<p class=\"MsoNormal\">Bel apr\u00e8s-midi \u00e0 la Villa St Martin o\u00f9 le soleil \u00e9tait pr\u00e9sent pour nous r\u00e9chauffer, \u00e7a nous change un peu de la pluie incessante de ces derniers jours. Le DAEV est donc d\u00e9ploy\u00e9 sur le terrain.<\/p>\n<p class=\"MsoNormal\">L\u2019atelier cuisine d\u00e9marre. Les apprentis cuisiniers concoctent un g\u00e2teau fondant chocolat noisette, la cuisson parfume l\u2019air de la villa. Les enfants doivent notamment casser les noisettes pour la pr\u00e9paration.<\/p>\n<p class=\"MsoNormal\"><a title=\"SAM_5589\" href=\"http:\/\/www.flickr.com\/photos\/100872287@N06\/12928636743\"><img decoding=\"async\" class=\"alignnone \" alt=\"SAM_5589\" src=\"http:\/\/farm4.staticflickr.com\/3732\/12928636743_c64aa4378b.jpg\" \/><\/a><\/p>\n<p class=\"MsoNormal\">La slack-line est install\u00e9e et \u00e0 beaucoup de succ\u00e8s, certains n\u2019ont pas besoin d \u2018aide pour tenir l\u2019\u00e9quilibre, sinon les adultes sont l\u00e0 pour assurer la travers\u00e9e de la slack-line.<\/p>\n<p class=\"MsoNormal\"><a title=\"SAM_5571\" href=\"http:\/\/www.flickr.com\/photos\/100872287@N06\/12928535345\"><img decoding=\"async\" class=\"alignnone \" alt=\"SAM_5571\" src=\"http:\/\/farm4.staticflickr.com\/3787\/12928535345_5f397e7c92.jpg\" \/><\/a><a title=\"SAM_5582\" href=\"http:\/\/www.flickr.com\/photos\/100872287@N06\/12928942784\"><img decoding=\"async\" class=\"alignnone \" alt=\"SAM_5582\" src=\"http:\/\/farm8.staticflickr.com\/7425\/12928942784_25e1825b86.jpg\" width=\"300\" height=\"400\" \/><\/a><\/p>\n<p class=\"MsoNormal\">La tente petite enfance est investie o\u00f9 ont \u00e9t\u00e9 fait notamment des pendus et de l\u2019initiation musicale.<\/p>\n<p class=\"MsoNormal\"><a title=\"SAM_5590\" href=\"http:\/\/www.flickr.com\/photos\/100872287@N06\/12928530655\"><img decoding=\"async\" class=\"alignnone \" alt=\"SAM_5590\" src=\"http:\/\/farm4.staticflickr.com\/3702\/12928530655_4f33672735.jpg\" \/><\/a><\/p>\n<p class=\"MsoNormal\">De grandes parties de Dobble et de devine-t\u00eate sont lanc\u00e9es sous la seconde tente. Il y a du niveau\u00a0!! Les parties sont serr\u00e9es.<\/p>\n<p class=\"MsoNormal\"><a title=\"SAM_5598\" href=\"http:\/\/www.flickr.com\/photos\/100872287@N06\/12928527095\"><img decoding=\"async\" class=\"alignnone \" alt=\"SAM_5598\" src=\"http:\/\/farm8.staticflickr.com\/7453\/12928527095_f0f143a32e.jpg\" \/><\/a><\/p>\n<p class=\"MsoNormal\"><span style=\"color: #ff0000\"><strong>Puis notre conseil de quartier des enfants tr\u00e8s nombreux,<\/strong> <\/span>nous revenons sur les bases du conseil car de nouveaux enfants sont pr\u00e9sents. Enfin, le go\u00fbter est pris sous le soleil tout en d\u00e9gustant le fameux g\u00e2teau au chocolat \u00e9labor\u00e9 par nos robinsons.<\/p>\n<p class=\"MsoNormal\"><a title=\"SAM_5594\" href=\"http:\/\/www.flickr.com\/photos\/100872287@N06\/12928937944\"><img loading=\"lazy\" decoding=\"async\" class=\"alignnone \" alt=\"SAM_5594\" src=\"http:\/\/farm4.staticflickr.com\/3711\/12928937944_08fd4a3512.jpg\" width=\"263\" height=\"350\" \/><\/a><a title=\"SAM_5619\" href=\"http:\/\/www.flickr.com\/photos\/100872287@N06\/12928629453\"><img loading=\"lazy\" decoding=\"async\" class=\"alignright\" alt=\"SAM_5619\" src=\"http:\/\/farm8.staticflickr.com\/7405\/12928629453_f22d32ed03.jpg\" width=\"500\" height=\"375\" \/><\/a><\/p>\n<p class=\"MsoNormal\"><b><span style=\"text-decoration: underline\">A\u00a0<\/span><\/b><b><span style=\"text-decoration: underline\">Champlan\u00a0:<\/span><\/b><\/p>\n<p class=\"MsoNormal\">Petit comit\u00e9 pour cet apr\u00e8s-midi \u00e0 Champlan. On tente le jeu \u00ab\u00a0accroche-d\u00e9croche\u00a0\u00bb et on s\u2019\u00e9clate\u00a0!! On court \u00e0 en perdre son souffle et on rigole\u00a0! Qu\u2019est-ce qu\u2019on rigole\u00a0! Apr\u00e8s \u00eatre bien essouffl\u00e9, on continue \u00e0 courir en jouant \u00e0 chat glac\u00e9, propos\u00e9 par la petite Denisa.<\/p>\n<p class=\"MsoNormal\"><a title=\"SAM_1335\" href=\"http:\/\/www.flickr.com\/photos\/100872287@N06\/12929189804\"><img decoding=\"async\" class=\"alignnone \" alt=\"SAM_1335\" src=\"http:\/\/farm3.staticflickr.com\/2824\/12929189804_387355d084.jpg\" \/><\/a><\/p>\n<p class=\"MsoNormal\">Apr\u00e8s quoi, chacun s\u2019assoit \u00e0 son aise soit autour de la table, soit sur le tapis.<\/p>\n<p class=\"MsoNormal\"><a title=\"SAM_1375\" href=\"http:\/\/www.flickr.com\/photos\/100872287@N06\/12928701155\"><img decoding=\"async\" class=\"alignnone \" alt=\"SAM_1375\" src=\"http:\/\/farm8.staticflickr.com\/7365\/12928701155_58cf2e87ca.jpg\" \/><\/a><\/p>\n<p class=\"MsoNormal\">On distribue les cahiers aux enfants pour qu\u2019ils terminent les exercices en cours, puis chacun d\u00e9cide s\u2019il veut faire de l\u2019\u00e9criture, dessiner ou jouer \u00e0 la dinette, ou avec les puzzles. Le petit fr\u00e8re de Denisa, Andrei d\u00e9couvre notre atelier avec timidit\u00e9 et ne quitte pas notre coll\u00e8gue Maria, qu\u2019il conna\u00eet bien.<\/p>\n<p class=\"MsoNormal\"><a title=\"SAM_1344\" href=\"http:\/\/www.flickr.com\/photos\/100872287@N06\/12928755155\"><img loading=\"lazy\" decoding=\"async\" class=\"alignnone \" alt=\"SAM_1344\" src=\"http:\/\/farm8.staticflickr.com\/7302\/12928755155_ce9207bfe1.jpg\" width=\"400\" height=\"266\" \/><\/a><a title=\"SAM_1351\" href=\"http:\/\/www.flickr.com\/photos\/100872287@N06\/12929133014\"><img decoding=\"async\" class=\"alignnone \" alt=\"SAM_1351\" src=\"http:\/\/farm3.staticflickr.com\/2823\/12929133014_fc23cdd691.jpg\" \/><\/a><\/p>\n<p class=\"MsoNormal\">Notre petit groupe se rassemble ensuite pour le go\u00fbter\u00a0: cl\u00e9mentines, chocolat chaud et cornflakes et quelques petits fruits secs\u00a0! Ciao\u00a0!<\/p>\n<p class=\"MsoNormal\"><b><span style=\"text-decoration: underline\">Vendredi<\/span><\/b><\/p>\n<p class=\"MsoNormal\"><b><span style=\"text-decoration: underline\">Au jardin\u00a0:<\/span><\/b><\/p>\n<p class=\"MsoNormal\">C\u2019est avec un groupe de robinsons motiv\u00e9s, petits et grands que nous nous dirigeons au terrain des ruches pour continuer notre \u00ab\u00a0grand d\u00e9frichage\u00a0\u00bb.<\/p>\n<p class=\"MsoNormal\"><a title=\"SAM_1273\" href=\"http:\/\/www.flickr.com\/photos\/100872287@N06\/12929397254\"><img decoding=\"async\" class=\"alignnone \" alt=\"SAM_1273\" src=\"http:\/\/farm8.staticflickr.com\/7296\/12929397254_cc95c861ab.jpg\" \/><\/a><\/p>\n<p class=\"MsoNormal\">La pluie nous accueille puis fait place au soleil, le temps alternera ainsi tout l\u2019apr\u00e8s-midi et nous observons alors un magnifique arc-en-ciel qui se forme tout pr\u00eat du terrain.<\/p>\n<p class=\"MsoNormal\"><a title=\"SAM_1307\" href=\"http:\/\/www.flickr.com\/photos\/100872287@N06\/12929077063\"><img decoding=\"async\" class=\"alignnone \" alt=\"SAM_1307\" src=\"http:\/\/farm8.staticflickr.com\/7369\/12929077063_85f1ee506c.jpg\" \/><\/a><\/p>\n<p class=\"MsoNormal\">Les d\u00e9broussailleuses rugissent sur le terrain et r\u00e9sonnent dans le bois. Chacun\u00a0 se relaie sur les 2 machines. Il faut aussi changer le fil et affuter les lames de chacune d\u2019elles. Un feu est \u00e9galement lanc\u00e9 pour br\u00fbler touts nos tas de ronces, d\u2019herbe et de bois mort qui jonchent le sol.<\/p>\n<p class=\"MsoNormal\"><a title=\"SAM_1293\" href=\"http:\/\/www.flickr.com\/photos\/100872287@N06\/12929387554\"><img loading=\"lazy\" decoding=\"async\" class=\"alignnone \" alt=\"SAM_1293\" src=\"http:\/\/farm4.staticflickr.com\/3814\/12929387554_e0569fa2c3.jpg\" width=\"450\" height=\"300\" \/><\/a><a title=\"SAM_1315\" href=\"http:\/\/www.flickr.com\/photos\/100872287@N06\/12929367884\"><img loading=\"lazy\" decoding=\"async\" class=\"alignright\" alt=\"SAM_1315\" src=\"http:\/\/farm4.staticflickr.com\/3803\/12929367884_424d695f5e.jpg\" width=\"500\" height=\"333\" \/><\/a><\/p>\n<p class=\"MsoNormal\">Un beau travail d\u2019\u00e9quipe, et on se d\u00e9tend un peu pour une s\u00e9ance de grimpe dans les arbres. Mais l\u2019heure passe, vite nous prenons le go\u00fbter et la pluie arrive, nous rentrons donc \u00e0 grandes enjamb\u00e9es au camion.<\/p>\n<p class=\"MsoNormal\"><b><span style=\"text-decoration: underline\">A la Rocade\u00a0:<\/span><\/b><\/p>\n<p class=\"MsoNormal\">La pluie, encore la pluie\u2026Mais pas de quoi d\u00e9courager les robinsons\u00a0!<\/p>\n<p class=\"MsoNormal\">On profite d\u2019une \u00e9claircie pour sortir les cerfs-volants, mais difficile de les faire d\u00e9coller malgr\u00e9 tous les pilotes de l\u2019air volontaires. On a bien ri en regardant Aline, H\u00e9lo\u00efse ou Abdel courir sous la pluie battante, le cerf-volant refusant de voler.<\/p>\n<p class=\"MsoNormal\"><a title=\"SAM_1389\" href=\"http:\/\/www.flickr.com\/photos\/100872287@N06\/12929099445\"><img decoding=\"async\" class=\"alignnone \" alt=\"SAM_1389\" src=\"http:\/\/farm8.staticflickr.com\/7372\/12929099445_1321526168.jpg\" \/><\/a><\/p>\n<p class=\"MsoNormal\">Sous les tentes c\u2019est l\u2019affluence, l\u2019occasion de tester des nouveaux jeux de soci\u00e9t\u00e9 comme \u00ab\u00a0Mirorigolo\u00a0\u00bb un jeu o\u00f9 il faut faire deviner des objets en les dessinant tout en portant des lunettes aux verres d\u00e9formants.<\/p>\n<p class=\"MsoNormal\"><a title=\"SAM_1362\" href=\"http:\/\/www.flickr.com\/photos\/100872287@N06\/12929213623\"><img loading=\"lazy\" decoding=\"async\" class=\"alignnone \" alt=\"SAM_1362\" src=\"http:\/\/farm8.staticflickr.com\/7408\/12929213623_061fb83441.jpg\" width=\"400\" height=\"300\" \/><\/a><a title=\"SAM_1419\" href=\"http:\/\/www.flickr.com\/photos\/100872287@N06\/12929480354\"><img loading=\"lazy\" decoding=\"async\" class=\"alignright\" alt=\"SAM_1419\" src=\"http:\/\/farm3.staticflickr.com\/2884\/12929480354_3bccfba52d.jpg\" width=\"400\" height=\"300\" \/><\/a><\/p>\n<p class=\"MsoNormal\">Dans la tente petite enfance Shaineze et Ramdalla et Iasmina se r\u00e9galent autour d\u2019une bonne dinette.<\/p>\n<p class=\"MsoNormal\"><a title=\"SAM_1402\" href=\"http:\/\/www.flickr.com\/photos\/100872287@N06\/12929191713\"><img decoding=\"async\" class=\"alignnone \" alt=\"SAM_1402\" src=\"http:\/\/farm4.staticflickr.com\/3818\/12929191713_333dcdc798.jpg\" \/><\/a><\/p>\n<p class=\"MsoNormal\">On restera abrit\u00e9s pour le go\u00fbter, l\u2019occasion de go\u00fbter aux marrons glac\u00e9s gentiment offerts par Jo\u00eblle.<\/p>\n<p class=\"MsoNormal\"><em><strong><span style=\"text-decoration: underline\">Soir\u00e9e conviviale \u00e0 la Salle Bretten\u00a0:<\/span><\/strong><\/em><\/p>\n<p class=\"MsoNormal\"><em><strong>Quelle soir\u00e9e\u00a0!<\/strong><\/em> Cela faisait un bon moment que nous n\u2019\u00e9tions pas all\u00e9s \u00e0 la Salle Bretten pour notre f\u00eate. Nous \u00e9tions tr\u00e8s nombreux et l\u2019ambiance \u00e9tait survolt\u00e9e\u00a0: des familles, des enfants du quartier,\u00a0 des enfants de Champlan, accompagn\u00e9s de Csilla, mais aussi des jeunes de Villebon, venus avec nos partenaires de SAVALFERR\u00a0; Claude et Robi. Malgr\u00e9 nos efforts pour que les enfants viennent en famille, ils sont nombreux \u00e0 \u00eatre seuls et ont de l\u2019\u00e9nergie \u00e0 revendre. Ils passent de leur assiette, au maquillage, \u00e0 l\u2019ext\u00e9rieur de la salle, et courent partout\u00a0!<\/p>\n<p class=\"MsoNormal\"><a title=\"SAM_5537\" href=\"http:\/\/www.flickr.com\/photos\/100872287@N06\/12929582584\"><img decoding=\"async\" class=\"alignnone \" alt=\"SAM_5537\" src=\"http:\/\/farm8.staticflickr.com\/7403\/12929582584_b3c0849496.jpg\" \/><\/a><a title=\"SAM_5563\" href=\"http:\/\/www.flickr.com\/photos\/100872287@N06\/12929175735\"><img loading=\"lazy\" decoding=\"async\" class=\"alignright\" alt=\"SAM_5563\" src=\"http:\/\/farm8.staticflickr.com\/7425\/12929175735_1c1db3011a.jpg\" width=\"500\" height=\"375\" \/><\/a><\/p>\n<p class=\"MsoNormal\"><span style=\"color: #3366ff\">Jessica, qui \u00e9tait venue en stage chez nous, vient ce soir participer \u00e0 la f\u00eate et \u00e7a nous fait tr\u00e8s plaisir de la revoir.<\/span> Il y a aussi Ramona, notre ancienne coll\u00e8gue et encore beaucoup de monde. Heureusement, nous avions pr\u00e9vu 3 grands plats, cuisin\u00e9s avec des mamans du quartier\u00a0: Tiebe et Yassa du Mali et couscous du Maroc. C\u2019est un r\u00e9gal\u00a0!<\/p>\n<p class=\"MsoNormal\"><a title=\"SAM_5541\" href=\"http:\/\/www.flickr.com\/photos\/100872287@N06\/12929177835\"><img decoding=\"async\" class=\"alignnone \" alt=\"SAM_5541\" src=\"http:\/\/farm8.staticflickr.com\/7375\/12929177835_c3bf9b31fd.jpg\" \/><\/a><\/p>\n<p class=\"MsoNormal\"><em><strong>Nous proposons une fresque \u00e0 la pastelle avant que les spectacles d\u2019enfants commencent\u00a0 :<\/strong><\/em> de la danse et encore de la danse, par 2 groupes de filles, et les Red Scorpion Crew. Ils sont vraiment dou\u00e9s nos Robinsons et on les encourage.<\/p>\n<p class=\"MsoNormal\">Apr\u00e8s tout \u00e7a, tout le monde sur le dance floor pour finir la soir\u00e9e\u00a0!<\/p>\n<p class=\"MsoNormal\"><!--[if gte mso 9]&gt;--><\/p>\n<p><img decoding=\"async\" class=\"alignnone \" alt=\"SAM_5560\" src=\"http:\/\/farm8.staticflickr.com\/7363\/12929176855_db648d1987.jpg\" \/><\/p>\n<p class=\"MsoNormal\"><strong><span style=\"text-decoration: underline\">Jeudi<\/span><\/strong><\/p>\n<p class=\"MsoNormal\"><strong><span style=\"text-decoration: underline\">Au jardin<\/span><\/strong><\/p>\n<p class=\"MsoNormal\">C\u2019est partit pour une nouvelle apr\u00e8s-midi au terrain de l\u2019\u00e9querre.<\/p>\n<p class=\"MsoNormal\">Nous arrivons au jardin sous le soleil, parfait pour d\u00e9marrer les travaux\u00a0! Nous avons ramen\u00e9 la motobineuse. Nous allons pouvoir retourner le terrain \u00e0 notre guise.<\/p>\n<p class=\"MsoNormal\"><a title=\"SAM_5472\" href=\"http:\/\/www.flickr.com\/photos\/100872287@N06\/12929349323\"><img decoding=\"async\" class=\"alignnone \" alt=\"SAM_5472\" src=\"http:\/\/farm8.staticflickr.com\/7311\/12929349323_9d43c39bd1.jpg\" \/><\/a><\/p>\n<p class=\"MsoNormal\">Malheureusement la machine n\u2019en fait qu\u2019\u00e0 sa t\u00eate. Cela faisait longtemps qu\u2019elle n\u2019avait pas fonctionn\u00e9, depuis l\u2019automne dernier. Elle cale r\u00e9guli\u00e8rement et il faudra attendre la fin de l\u2019atelier pour qu\u2019elle se mette \u00e0 avancer correctement, on se demande si la motobineuse ne se moque pas de nous.<\/p>\n<p class=\"MsoNormal\"><a title=\"SAM_5473\" href=\"http:\/\/www.flickr.com\/photos\/100872287@N06\/12929648314\"><img loading=\"lazy\" decoding=\"async\" class=\"alignnone \" alt=\"SAM_5473\" src=\"http:\/\/farm4.staticflickr.com\/3735\/12929648314_5c50839db1.jpg\" width=\"400\" height=\"300\" \/><\/a><\/p>\n<p class=\"MsoNormal\"><a title=\"SAM_5481\" href=\"http:\/\/www.flickr.com\/photos\/100872287@N06\/12929244185\"><img decoding=\"async\" class=\"alignnone \" alt=\"SAM_5481\" src=\"http:\/\/farm8.staticflickr.com\/7317\/12929244185_1afeedeb96.jpg\" \/><\/a><\/p>\n<p class=\"MsoNormal\">Nous terminons donc d\u2019agrandir notre parcelle, de casser les mottes, d\u2019enlever l\u2019herbe puis nous passons la motobineuse sur ce nouveau terrain. Mais apr\u00e8s le soleil c\u2019est le d\u00e9luge\u00a0! Une pluie incessante fait son apparition nous allons donc tous \u00e0 l\u2019abri sous la serre, heureusement qu\u2019elle est l\u00e0 sans quoi nous aurions \u00e9t\u00e9 tremp\u00e9s jusqu\u2019aux os\u00a0!<\/p>\n<p class=\"MsoNormal\"><b><span style=\"text-decoration: underline\">Skate-park\u00a0:<\/span><\/b><\/p>\n<p class=\"MsoNormal\">En sortant du local Sofia et Khadija nous attendent et nous accompagnent jusqu\u2019au skate-park. Nous arrivons sous le soleil. Comme si la pluie avait d\u00e9cid\u00e9 de faire une tr\u00eave pour nous laisser faire l\u2019atelier. Nous installons alors, avec plein d\u2019entrain, les tapis et les diff\u00e9rents jeux. Khadija commence par lire \u00e0 haute voix la bande dessin\u00e9e sur les blagues toto.<\/p>\n<p class=\"MsoNormal\"><a title=\"SAM_1239\" href=\"http:\/\/www.flickr.com\/photos\/100872287@N06\/12929334265\"><img decoding=\"async\" class=\"alignnone \" alt=\"SAM_1239\" src=\"http:\/\/farm4.staticflickr.com\/3692\/12929334265_4253f46826.jpg\" \/><\/a><\/p>\n<p class=\"MsoNormal\">Nesrine et Nawelle nous rejoignent rapidement ainsi que Sadio, Fatima et Momo, mais l\u2019atelier \u00e0 peine d\u00e9but\u00e9 voil\u00e0 que la pluie pointe le bout de son nez et pas qu\u2019\u00e0 moiti\u00e9. Nous voil\u00e0 oblig\u00e9 de tout ranger \u00e0 la h\u00e2te et d\u2019aller nous abriter. Mais quelques courageux et courageuses se lancent tout de m\u00eame dans une partie de jeu \u00ab\u00a0du mur\u00a0\u00bb.<\/p>\n<p class=\"MsoNormal\"><a title=\"SAM_1217\" href=\"http:\/\/www.flickr.com\/photos\/100872287@N06\/12929343115\"><img decoding=\"async\" class=\"alignnone \" alt=\"SAM_1217\" src=\"http:\/\/farm8.staticflickr.com\/7420\/12929343115_bdf1b3a492.jpg\" \/><\/a><\/p>\n<p class=\"MsoNormal\">Avec Iasmina, Fatima et Nesrine nous commen\u00e7ons par jouer \u00e0 chat et nous encha\u00eenons sur une partie de cache-cache. Et, oh joie\u00a0! Le soleil revient\u00a0! Nous d\u00e9cidons donc de nous r\u00e9installer sur les tapis et jouons au \u00ab\u00a0Tic Tac Boum\u00a0\u00bb.<\/p>\n<p class=\"MsoNormal\"><a title=\"SAM_1207\" href=\"http:\/\/www.flickr.com\/photos\/100872287@N06\/12929765204\"><img decoding=\"async\" class=\"alignnone \" alt=\"SAM_1207\" src=\"http:\/\/farm3.staticflickr.com\/2819\/12929765204_c0e86d4a44.jpg\" \/><\/a><a title=\"SAM_1211\" href=\"http:\/\/www.flickr.com\/photos\/100872287@N06\/12929755344\"><img loading=\"lazy\" decoding=\"async\" class=\"alignleft\" alt=\"SAM_1211\" src=\"http:\/\/farm4.staticflickr.com\/3818\/12929755344_4fb60180f0.jpg\" width=\"500\" height=\"333\" \/><\/a><\/p>\n<p class=\"MsoNormal\">Nous rigolons beaucoup et Fatima est en super forme, sa timidit\u00e9 s\u2019est comme\u2026 envol\u00e9e\u00a0! Puis vient l\u2019heure du go\u00fbter, et sous l\u2019impulsion de Momo nous installons au soleil et \u00e7a nous fait le plus grand bien\u00a0! Un petit groupe du jardin nous rejoint m\u00eame et partageons notre go\u00fbter avec eux\/elle.<\/p>\n<p class=\"MsoNormal\">Pour r\u00e9sumer m\u00eame malgr\u00e9 cette pluie qui s\u2019est abattue sur nous avec tant d\u2019acharnement nous avons pass\u00e9 un super atelier, les petit-es et grand-es Robinson sont toujours l\u00e0 pour nous motiver\u00a0!<\/p>\n<p class=\"MsoNormal\"><b><span style=\"text-decoration: underline\">La Croix Breton\u00a0:<\/span><\/b><\/p>\n<p class=\"MsoNormal\">On croit au miracle quand on voit les premiers rayons de soleil de la journ\u00e9e inaugurer ce d\u00e9but d\u2019atelier. Mais la lueur d\u2019espoir fut br\u00e8ve, le temps d\u2019installer la slack-line et des trombes d\u2019eau s\u2019abattent sur nos t\u00eates. M\u00eame pas peur..\u00a0.<\/p>\n<p class=\"MsoNormal\"><a title=\"DSCN9210\" href=\"http:\/\/www.flickr.com\/photos\/100872287@N06\/12929603793\"><img decoding=\"async\" class=\"alignnone \" alt=\"DSCN9210\" src=\"http:\/\/farm3.staticflickr.com\/2837\/12929603793_7c7c1b1a37.jpg\" \/><\/a><\/p>\n<p class=\"MsoNormal\">A la demande g\u00e9n\u00e9rale on commence par un cache-cache g\u00e9ant.<\/p>\n<p class=\"MsoNormal\"><a title=\"DSCN9211\" href=\"http:\/\/www.flickr.com\/photos\/100872287@N06\/12929597563\"><img loading=\"lazy\" decoding=\"async\" class=\"alignnone \" alt=\"DSCN9211\" src=\"http:\/\/farm4.staticflickr.com\/3770\/12929597563_a545d57439.jpg\" width=\"400\" height=\"300\" \/><\/a><\/p>\n<p class=\"MsoNormal\">Muslim et Jason, rejoints par Srijan jouent les \u00e9quilibristes et parviennent m\u00eame \u00e0 sauter sur la slack-line, \u00e9patants\u00a0!!!<\/p>\n<p class=\"MsoNormal\"><a title=\"DSCN9202\" href=\"http:\/\/www.flickr.com\/photos\/100872287@N06\/12929480485\"><img decoding=\"async\" class=\"alignnone \" alt=\"DSCN9202\" src=\"http:\/\/farm8.staticflickr.com\/7367\/12929480485_15304abc2e.jpg\" \/><\/a><\/p>\n<p class=\"MsoNormal\">Dur de rester assis sur les tapis avec ce froid, il nous faut de l\u2019action\u00a0! Un jeu du ninja et un chat-famille nous maintiendront jusqu\u2019au bon go\u00fbter sal\u00e9 pr\u00e9par\u00e9 par Fatima. Aujourd\u2019hui on eu droit \u00e0 un super cake au thon, olives et courgettes, un r\u00e9gal encore merci\u00a0!<\/p>\n<p class=\"MsoNormal\"><a title=\"DSCN9224\" href=\"http:\/\/www.flickr.com\/photos\/100872287@N06\/12929591053\"><img loading=\"lazy\" decoding=\"async\" class=\"alignnone \" alt=\"DSCN9224\" src=\"http:\/\/farm3.staticflickr.com\/2816\/12929591053_630f9f5772.jpg\" width=\"300\" height=\"400\" \/><\/a><a title=\"DSCN9231\" href=\"http:\/\/www.flickr.com\/photos\/100872287@N06\/12929577923\"><img loading=\"lazy\" decoding=\"async\" class=\"alignnone \" alt=\"DSCN9231\" src=\"http:\/\/farm8.staticflickr.com\/7397\/12929577923_5383984aa0.jpg\" width=\"400\" height=\"300\" \/><\/a><\/p>\n<p class=\"MsoNormal\"><!--[if gte mso 9]&gt;--><\/p>\n<p>&nbsp;<\/p>\n<p class=\"MsoNormal\"><b>Mercredi\u00a0:<\/b><\/p>\n<p class=\"MsoNormal\"><span style=\"text-decoration: underline\">Ludoth\u00e8que\u00a0: <\/span><\/p>\n<p class=\"MsoNormal\">Il y a foule aujourd\u2019hui \u00e0 la ludoth\u00e8que. Le groupe de la formation en p\u00e9dagogie sociale de m\u00e9lodie nous accompagne pendant cet atelier, et les enfants sont nombreux au rendez vous.<\/p>\n<p class=\"MsoNormal\"><a title=\"SAM_1330\" href=\"http:\/\/www.flickr.com\/photos\/100872287@N06\/12929731185\"><img decoding=\"async\" class=\"alignnone \" alt=\"SAM_1330\" src=\"http:\/\/farm4.staticflickr.com\/3706\/12929731185_3890ec7e49.jpg\" \/><\/a><\/p>\n<p class=\"MsoNormal\">Au programme, nous avons ressortie le puissance 4 g\u00e9ant qui marche tr\u00e8s fort\u00a0!<\/p>\n<p class=\"MsoNormal\"><a title=\"SAM_1354\" href=\"http:\/\/www.flickr.com\/photos\/100872287@N06\/12929802513\"><img decoding=\"async\" class=\"alignnone \" alt=\"SAM_1354\" src=\"http:\/\/farm4.staticflickr.com\/3705\/12929802513_156c51acd0.jpg\" \/><\/a><\/p>\n<p class=\"MsoNormal\">Nous d\u00e9ployons aussi la Slake-line, et et les petit comme les grand s\u2019exercent au funambulisme.<\/p>\n<p class=\"MsoNormal\"><a title=\"SAM_1321\" href=\"http:\/\/www.flickr.com\/photos\/100872287@N06\/12929848933\"><img decoding=\"async\" class=\"alignnone \" alt=\"SAM_1321\" src=\"http:\/\/farm3.staticflickr.com\/2836\/12929848933_9e43f9cef2.jpg\" \/><\/a><\/p>\n<p class=\"MsoNormal\">Le jeu d\u2019\u00e9checs marche aussi tr\u00e8s bien et on constate que m\u00eame des adultes aguerries peuvent $\u00eatre mis en difficult\u00e9s par les enfants habitu\u00e9s de l\u2019atelier. Au fil de l\u2019apr\u00e8s midi, la ludoth\u00e8que grandis. Des familles nous rejoignent. Une maman nous offres des bonbons que l\u2019on partagera au gouter. Meissa perd un de ses gants \u00ab\u00a0squelette\u00a0\u00bb, on passe une annonce pendant le gouter, et on finira par le retrouver.<\/p>\n<p class=\"MsoNormal\"><a title=\"SAM_1360\" href=\"http:\/\/www.flickr.com\/photos\/100872287@N06\/12930086354\"><img decoding=\"async\" class=\"alignnone \" alt=\"SAM_1360\" src=\"http:\/\/farm4.staticflickr.com\/3782\/12930086354_e13dde5c96.jpg\" \/><\/a><\/p>\n<p class=\"MsoNormal\"><span style=\"text-decoration: underline\">Au jardin\u00a0:<\/span><\/p>\n<p class=\"MsoNormal\">Que d\u2019activit\u00e9 cet apr\u00e8s-midi au terrain de l\u2019\u00e9querre. Comme tous les mercredis nous commen\u00e7ons par nettoyer les b\u00e2ches des tentes du DAEV \u00e0 l\u2019aide d\u2019huile de coude. Et pour les s\u00e9cher un maximum un coup de serpill\u00e8re et un peu de vent.<\/p>\n<p class=\"MsoNormal\"><a title=\"SAM_5396\" href=\"http:\/\/www.flickr.com\/photos\/100872287@N06\/12929914755\"><img decoding=\"async\" class=\"alignnone \" alt=\"SAM_5396\" src=\"http:\/\/farm4.staticflickr.com\/3774\/12929914755_82b99ac0de.jpg\" \/><\/a><a title=\"SAM_5408\" href=\"http:\/\/www.flickr.com\/photos\/100872287@N06\/12930315464\"><img loading=\"lazy\" decoding=\"async\" class=\"alignright\" alt=\"SAM_5408\" src=\"http:\/\/farm8.staticflickr.com\/7409\/12930315464_abcffabe77.jpg\" width=\"400\" height=\"300\" \/><\/a><\/p>\n<p class=\"MsoNormal\">Aussi un grand chantier se lance\u00a0! <span style=\"color: #3366ff\"><strong>Nous d\u00e9cidons d\u2019agrandir notre grande parcelle du fond, tout le monde s\u2019y met, c\u2019est plus sympa \u00e0 plusieurs.<\/strong> <\/span>Les houes, b\u00eaches et pelles sont utilis\u00e9es, les r\u00e2teaux \u00e9galement pour enlever toutes les mottes d\u2019herbe, si quelqu\u2019un veut refaire s pelouse chez lui c\u2019est le moment\u00a0!<\/p>\n<p class=\"MsoNormal\"><a title=\"SAM_5406\" href=\"http:\/\/www.flickr.com\/photos\/100872287@N06\/12930315984\"><img loading=\"lazy\" decoding=\"async\" class=\"alignnone \" alt=\"SAM_5406\" src=\"http:\/\/farm3.staticflickr.com\/2868\/12930315984_9b4aab2b58.jpg\" width=\"263\" height=\"350\" \/><\/a><\/p>\n<p class=\"MsoNormal\">Nous sortons la d\u00e9broussailleuse car Th\u00e9o tenait \u00e0 la passer deans le terrain. Il commence alors \u00e0 d\u00e9gager les all\u00e9es, avec ce temps quasi printanier l\u2019herbe commence \u00e0 pousser, et certains fleurissent d\u00e9j\u00e0\u00a0!<\/p>\n<p class=\"MsoNormal\"><a title=\"SAM_5452\" href=\"http:\/\/www.flickr.com\/photos\/100872287@N06\/12930314684\"><img decoding=\"async\" class=\"alignnone \" alt=\"SAM_5452\" src=\"http:\/\/farm8.staticflickr.com\/7447\/12930314684_19e57ae19e.jpg\" \/><\/a><\/p>\n<p class=\"MsoNormal\">Une belle apr\u00e8s-midi pass\u00e9e tous ensemble au terrain.<\/p>\n<p class=\"MsoNormal\"><span style=\"text-decoration: underline\">A Villebon\u00a0:<\/span><\/p>\n<p class=\"MsoNormal\">Atelier th\u00e9\u00e2tre\u00a0:<\/p>\n<p class=\"MsoNormal\">Nous arrivons sous un air de printemps. Le soleil tape et nous r\u00e9chauffe. Nous nous \u00e9chauffons, en massant notre partenaire et nous mettons \u00e0 faire diff\u00e9rents exercices. Nous recommen\u00e7ons par le jeu de l\u2019\u00e9lectricit\u00e9 qui doit circuler dans les mains. Les ados aiment vraiment cet exercice. Nous sommes beaucoup moins vifs et vives que la semaine derri\u00e8re mais laborieusement nous arrivons quand m\u00eame au score de 4. Nous entreprenons ensuite une partie de mimes avec les gestes du quotidien. Des progr\u00e8s sont d\u00e9j\u00e0 visibles. Nous continuons ensuite par une grande partie de b\u00e9ret. Et nous rions vraiment beaucoup. Nous appelons des chiffres, d\u2019abord de 1 \u00e0 5, puis de 5 \u00e0 8 et ajoutons \u00e9galement les couleurs. Le jeu se complique lorsque chacun-e d\u2019entre nous a et un chiffre et une couleur. Il s\u2019agit d\u2019\u00eatre super concentr\u00e9-e\u00a0!!! Un autre jeu rythme l\u2019atelier et connait un franc succ\u00e8s, \u00ab\u00a0les jours de la semaine\u00a0\u00bb. Une fois tous et toutes en rond, nous devons chacun-e notre tour taper dans la main de son\/sa voisin-e en nommant un jour de la semaine, dans l\u2019ordre, et lorsqu\u2019arrive le dimanche il faut retirer sa main le plus vite possible pour ne pas \u00eatre touch\u00e9-e\u00a0! Nous faisons plusieurs parties, en fran\u00e7ais et en roumain.<\/p>\n<p class=\"MsoNormal\" style=\"text-align: center\"><strong>Vous trouverez quelques photos sur ce lien:\u00a0<\/strong><\/p>\n<p class=\"MsoNormal\" style=\"text-align: center\"><strong>http:\/\/www.flickr.com\/photos\/alexisnys\/sets\/72157641656348614\/<\/strong><\/p>\n<p class=\"MsoNormal\"><strong><span style=\"text-decoration: underline\">Atelier avec les enfants\u00a0:<\/span><\/strong><\/p>\n<p class=\"MsoNormal\">Du c\u00f4t\u00e9 des enfants, on retente \u00ab\u00a0accroche-d\u00e9croche\u00a0\u00bb, bras dessus, bras dessous, le \u00ab\u00a0sobolan\u00a0\u00bb et le \u00ab\u00a0pisica\u00a0\u00bb, courent autour de nous\u00a0: le sobolan doit courir vite et s\u2019accrocher \u00e0 l\u2019un d\u2019entre nous, pour ne pas se faire attrap\u00e9 par le \u00ab\u00a0pisica\u00a0\u00bb. C\u2019est mieux que la derni\u00e8re fois mais toujours un peu rock\u2019n\u2019 roll car tout le monde veut \u00eatre le chat ou la souris.<\/p>\n<p class=\"MsoNormal\"><a title=\"DSCN9169\" href=\"http:\/\/www.flickr.com\/photos\/100872287@N06\/12930382975\"><img decoding=\"async\" class=\"alignnone \" alt=\"DSCN9169\" src=\"http:\/\/farm3.staticflickr.com\/2877\/12930382975_30d8e3cb29.jpg\" \/><\/a><\/p>\n<p class=\"MsoNormal\">On jouera quelques minutes \u00e0 l\u2019\u00e9pervier pour que tout le monde coure un peu avant de s\u2019installer autour des tables.<\/p>\n<p class=\"MsoNormal\">Les grands r\u00e9cup\u00e8rent leur classeur et termine des exercices en cours\u00a0: des coloriages magiques et des points \u00e0 relier, mais aussi les petits pantins peints deux semaine auparavant \u00e0 d\u00e9couper et \u00e0 articuler avec les attaches parisiennes. Pour ceux qui ont termin\u00e9, on fait un peu d\u2019\u00e9criture, des boucles, des cercles, des lettres ou des mots selon le niveau de chacun.<\/p>\n<p class=\"MsoNormal\" style=\"text-align: center\"><a title=\"DSCN9183\" href=\"http:\/\/www.flickr.com\/photos\/100872287@N06\/12930483833\"><img loading=\"lazy\" decoding=\"async\" class=\"alignnone \" alt=\"DSCN9183\" src=\"http:\/\/farm8.staticflickr.com\/7442\/12930483833_f6371aa1d7.jpg\" width=\"450\" height=\"338\" \/><\/a><a title=\"DSCN9184\" href=\"http:\/\/www.flickr.com\/photos\/100872287@N06\/12930370615\"><img loading=\"lazy\" decoding=\"async\" class=\"aligncenter\" alt=\"DSCN9184\" src=\"http:\/\/farm8.staticflickr.com\/7392\/12930370615_34fcaa66dc.jpg\" width=\"400\" height=\"300\" \/><\/a><\/p>\n<p class=\"MsoNormal\">Du c\u00f4t\u00e9 des petits, on s\u2019arme de craies pour s\u2019entrainer \u00e0 faire des cercles sur une feuille blanche. Pour ceux qui ont un peu l\u2019habitude de tenir un crayon, on s\u2019entraine \u00e0 faire des cercles sur des lignes d\u2019\u00e9criture.<\/p>\n<p class=\"MsoNormal\"><a title=\"DSCN9193\" href=\"http:\/\/www.flickr.com\/photos\/100872287@N06\/12930767864\"><img decoding=\"async\" class=\"alignnone \" alt=\"DSCN9193\" src=\"http:\/\/farm8.staticflickr.com\/7407\/12930767864_79847d909c.jpg\" \/><\/a><\/p>\n<p>\u00a0 \u00a0 <span style=\"color: #ff0000\"><strong>KroniKs des Robinsons de GRENOBLE: Madame RUETABAGA<\/strong><\/span><\/p>\n<p>L&rsquo;association Madame Ruetabaga \u00e0 d\u00e9j\u00e0 1 ans d&rsquo;existence et pour notre plus grand plaisir.<\/p>\n<p>Nous continuons nos ateliers \u00e0 la Villeneuve o\u00f9 un grand nombre d&rsquo;enfants se joint \u00e0 nous chaque semaine.<\/p>\n<p>Merci \u00e0 tous pour vos soutiens.<\/p>\n","protected":false},"excerpt":{"rendered":"<p>Faire de la politique l\u00e0 o\u00f9 elle se d\u00e9fait (S. Thierry) Nous vivons l&rsquo;\u00e8re de toutes les d\u00e9sillusions \u00e9lectorales et politiques; \u00e0 quoi bon disent tous les passants. Ce qui semble aujourd&rsquo;hui interdit est m\u00eame de penser que quelque chose pourrait \u00eatre meilleur. Et voici que ceux qui ont le plus pour se plaindre, ceux &hellip; <a href=\"https:\/\/recherche-action.fr\/intermedes\/2014\/02\/28\/faire-de-la-politique-la-ou-elle-se-defait\/\" class=\"more-link\">Continuer la lecture<span class=\"screen-reader-text\"> de &laquo;&nbsp;Faire de la politique l\u00e0 o\u00f9 elle se d\u00e9fait&nbsp;&raquo;<\/span><\/a><\/p>\n","protected":false},"author":1,"featured_media":0,"comment_status":"open","ping_status":"open","sticky":false,"template":"","format":"standard","meta":{"footnotes":""},"categories":[1],"tags":[],"class_list":["post-3582","post","type-post","status-publish","format-standard","hentry","category-non-classe"],"jetpack_featured_media_url":"","_links":{"self":[{"href":"https:\/\/recherche-action.fr\/intermedes\/wp-json\/wp\/v2\/posts\/3582","targetHints":{"allow":["GET"]}}],"collection":[{"href":"https:\/\/recherche-action.fr\/intermedes\/wp-json\/wp\/v2\/posts"}],"about":[{"href":"https:\/\/recherche-action.fr\/intermedes\/wp-json\/wp\/v2\/types\/post"}],"author":[{"embeddable":true,"href":"https:\/\/recherche-action.fr\/intermedes\/wp-json\/wp\/v2\/users\/1"}],"replies":[{"embeddable":true,"href":"https:\/\/recherche-action.fr\/intermedes\/wp-json\/wp\/v2\/comments?post=3582"}],"version-history":[{"count":0,"href":"https:\/\/recherche-action.fr\/intermedes\/wp-json\/wp\/v2\/posts\/3582\/revisions"}],"wp:attachment":[{"href":"https:\/\/recherche-action.fr\/intermedes\/wp-json\/wp\/v2\/media?parent=3582"}],"wp:term":[{"taxonomy":"category","embeddable":true,"href":"https:\/\/recherche-action.fr\/intermedes\/wp-json\/wp\/v2\/categories?post=3582"},{"taxonomy":"post_tag","embeddable":true,"href":"https:\/\/recherche-action.fr\/intermedes\/wp-json\/wp\/v2\/tags?post=3582"}],"curies":[{"name":"wp","href":"https:\/\/api.w.org\/{rel}","templated":true}]}}