{"id":3593,"date":"2014-03-06T16:09:24","date_gmt":"2014-03-06T15:09:24","guid":{"rendered":"http:\/\/recherche-action.fr\/intermedes\/?p=3593"},"modified":"2014-03-06T16:09:24","modified_gmt":"2014-03-06T15:09:24","slug":"le-climat-change-et-vous","status":"publish","type":"post","link":"https:\/\/recherche-action.fr\/intermedes\/2014\/03\/06\/le-climat-change-et-vous\/","title":{"rendered":"Le climat change, et vous?"},"content":{"rendered":"<p><strong>A Paris , en 2015 va se tenir la prochaine conf\u00e9rence sur le climat.<\/strong> Car ce n&rsquo;est un scoop,pour personne, le climat change et avec lui de nombreux d\u00e9s\u00e9quilibres \u00e9conomiques, politiques, \u00e9cologiques vont s&rsquo;accentuer.<\/p>\n<p><a href=\"http:\/\/recherche-action.fr\/intermedes\/files\/2014\/03\/Climat-III.jpg\"><img fetchpriority=\"high\" decoding=\"async\" class=\"aligncenter size-full wp-image-3605\" alt=\"Climat III\" src=\"http:\/\/recherche-action.fr\/intermedes\/files\/2014\/03\/Climat-III.jpg\" width=\"640\" height=\"289\" \/><\/a><\/p>\n<p><span style=\"color: #000000\"><strong>Mais le climat est il seul \u00e0 changer?<\/strong><\/span> Et qu&rsquo;en est il de tous ces autres climats avec lesquels nous nous d\u00e9battons chaque jour?<\/p>\n<p><span style=\"color: #ff0000\"><strong>Comment le climat social change t il?<\/strong> <\/span>Lui qui se tend, s&rsquo;aiguise , se rigidifie? \u00a0 Nous vivons \u00a0des averses de pr\u00e9carit\u00e9, des temp\u00eates d&rsquo;ins\u00e9curit\u00e9 sociale, le grand gel des id\u00e9aux et illusions.<\/p>\n<p><span style=\"color: #ff0000\"><strong>Comment le climat \u00e9conomique, change t il ?<\/strong><\/span> Lui qui nous ass\u00e8ne les naufrages du ch\u00f4mage, la mont\u00e9e des eaux des emplois pr\u00e9caires? Lui qui charrie toujours plus d&rsquo;\u00e9paves de sans logis, de sans emploi, de sans papiers, de sans attaches?<\/p>\n<p><span style=\"color: #ff0000\"><strong>Comment le climat \u00e9ducatif , change t il?<\/strong><\/span> Lui \u00a0qui se d\u00e9r\u00e9gule, \u00a0s&rsquo;individualise depuis les plus petites classes. Il nous am\u00e8ne des rafales de l&rsquo;\u00e9valuation pr\u00e9coce, de l&rsquo;ennui, et des orientations subies , des pluies d&rsquo;\u00e9chec, \u00a0et la glaciation de la reproduction sociale.<\/p>\n<p><span style=\"color: #ff0000\"><strong>Et nous comment changeons nous ?<\/strong> <\/span>, alors que nous sommes sans arr\u00eat contraints de nous adapter \u00e0 des changements futiles et que rien , jamais rien, ne change sur le fond?<\/p>\n<p><strong>Il y a \u00a0longtemps, fort longtemps, les jeunes g\u00e9n\u00e9rations \u00e9taient pri\u00e9es de se pr\u00e9parer \u00e0 l&rsquo;avenir.<\/strong> On nous promettait: vous verrez , rien ne sera pareil . Tout sera diff\u00e9rent, plus moderne.<\/p>\n<p><span style=\"color: #3366ff\"><strong>C&rsquo;\u00e9tait le temps d&rsquo;avant, le temps o\u00f9 on croyait au futur.<\/strong><\/span><\/p>\n<p><span style=\"color: #ff0000\"><strong>Mais aujourd&rsquo;hui, il n&rsquo;y a plus d&rsquo;avenir, car \u00e0 la place nous avons le changement.<\/strong><\/span><\/p>\n<p><strong>Le\u00a0changement perp\u00e9tuel, le changement qui ne change rien: <\/strong>\u00a0les vieilles p\u00e9dagogies se renouvellent sur des supports High Tech; les vieilles in\u00e9galit\u00e9s sociales se renouvellent sur la forme d&rsquo;\u00e9checs personnels , \u00a0et les classiques dominations deviennent discriminations.<\/p>\n<p><strong>Somm\u00e9s au changement, nous ne changeons pas, nous ne changeons plus<\/strong>. Nos anciennes pratiques se perp\u00e9tuent. Rien ne vaut la bonne vielle autorit\u00e9, et puis les punitions, et puis les s\u00e9lections, et puis les exclusions (seulement on les appellera inclusions)&#8230;<\/p>\n<p>Les temps changent, chantait autrefois Dylan , et nous , nous avons perdu le pouvoir de changer, de changer les choses , de nous changer nous m\u00eames .<\/p>\n<p><strong><span style=\"color: #3366ff\">Le climat change, &#8230; \u00a0changeons tout!<\/span><\/strong><\/p>\n<p style=\"text-align: center\">\u00a0 \u00a0<span style=\"color: #ff0000\">Jeudi 27 Mars de 10: 00 \u00e0 16: 30, Interm\u00e8des et INDP-INDE, organisent avec leurs partenaires la premi\u00e8re r\u00e9union de pr\u00e9paration du CONTRE-SOMMET CLIMAT 2015, au Centre Social de Chilly Mazarin. C&rsquo;est ouvert &#8230; <span style=\"color: #3366ff\">Venez changer.<\/span><\/span><\/p>\n<p><strong><span style=\"text-decoration: underline\">Dimanche au jardin\u00a0:<\/span><\/strong><\/p>\n<p>Et bien ce fut une tr\u00e8s, tr\u00e8s belle journ\u00e9e au jardin de l&rsquo;Equerre. On se serait cru au d\u00e9but de l&rsquo;\u00e9t\u00e9 et nous avons tous abandonn\u00e9 manteaux et pulls sur les chaises pour nous mettre au travail. Nous sommes presque 20 personnes dont 3 familles, un b\u00e9b\u00e9, des jeunes Rroms qui veulent monter une asso, et Yannick, une amie de Laurent et H\u00e9l\u00e8ne.<\/p>\n<p><a title=\"SAM_5977\" href=\"http:\/\/www.flickr.com\/photos\/100872287@N06\/13083143024\"><img decoding=\"async\" class=\"alignnone \" alt=\"SAM_5977\" src=\"http:\/\/farm8.staticflickr.com\/7449\/13083143024_a0664e6aba.jpg\" \/><\/a><br \/>\nEn attendant le groupe parti \u00e0 pied, nous nous organisons et mettons la table. Les mamans, Sadio et Mariam font la salade, bien garnie. Abdel pour qui c&rsquo;est le dernier jardin aujourd&rsquo;hui, car il termine son stage, la semaine prochaine, montre a Tel comment faire marcher son allume feu. Ils entreprennent ensemble le feu de notre four a pain. Au menu, du pain et quelques pizzas.! C&rsquo;est g\u00e9nial de pouvoir faire \u00e7a au jardin !<\/p>\n<p style=\"text-align: center\"><a title=\"SAM_5962\" href=\"http:\/\/www.flickr.com\/photos\/100872287@N06\/13083145544\"><img decoding=\"async\" class=\"alignnone \" alt=\"SAM_5962\" src=\"http:\/\/farm8.staticflickr.com\/7372\/13083145544_62444eebcb.jpg\" \/><\/a><a title=\"SAM_5995\" href=\"http:\/\/www.flickr.com\/photos\/100872287@N06\/13082960183\"><img decoding=\"async\" class=\"aligncenter\" alt=\"SAM_5995\" src=\"http:\/\/farm3.staticflickr.com\/2518\/13082960183_02c5ee4e23.jpg\" width=\"281\" height=\"500\" \/><\/a><br \/>\nIl y aura aussi un rago\u00fbt, pr\u00e9par\u00e9 par Mariam.<br \/>\nPendant que tout \u00e7a chauffe, on rel\u00e8ve nos manches et commen\u00e7ons \u00e0 \u00e9taler du BRF dans les all\u00e9es pour \u00e9viter la gadoue et sur les parcelles pour \u00e9viter les mauvaises herbes. Ca bosse dur. Emilie et Ana\u00efs, les 2 copines, s&rsquo;occuperont de l&rsquo;all\u00e9e du c\u00f4t\u00e9 de l&rsquo;entr\u00e9e avec efficacit\u00e9. Juste avant de manger, j&rsquo;entreprends de d\u00e9sherber la parcelle de menthe avec Safiatou, Mariam, Sadio et Fatou.<\/p>\n<p><a title=\"SAM_5982\" href=\"http:\/\/www.flickr.com\/photos\/100872287@N06\/13082840715\"><img decoding=\"async\" class=\"alignnone \" alt=\"SAM_5982\" src=\"http:\/\/farm4.staticflickr.com\/3822\/13082840715_dfa831ae0f.jpg\" \/><\/a><a title=\"SAM_6046\" href=\"http:\/\/www.flickr.com\/photos\/100872287@N06\/13083136454\"><img decoding=\"async\" class=\"alignnone\" alt=\"SAM_6046\" src=\"http:\/\/farm3.staticflickr.com\/2313\/13083136454_fd96fcd668.jpg\" width=\"500\" height=\"281\" \/><\/a><\/p>\n<p style=\"text-align: center\">A table!\u00a0Un\u00a0r\u00e9gal,\u00a0agr\u00e9ment\u00e9 de th\u00e9, bissap et gingembre !<br \/>\nApr\u00e8s quoi, on retourne \u00e0 nos travaux : BRF sur la parcelle de menthe, autour des framboisiers, et de la rhubarbe, puis semis de salades sous la serre. Cette fois, je n&rsquo;ai fait que 5 lignes, avec Emilie et Fatou. Pas comme l&rsquo;ann\u00e9e derni\u00e8re o\u00f9 j&rsquo;avais sem\u00e9 dans toute la serre en une fois, et nous avions eu beaucoup de salade arriv\u00e9es a maturit\u00e9 en m\u00eame temps&#8230;.<br \/>\nDe son c\u00f4t\u00e9, Abdel entra\u00eene un groupe d&rsquo;enfants \u00e9largir l&rsquo;ancienne parcelle de patates et Laurent, H\u00e9l\u00e8ne, Jean-Jacques et Yannick font une r\u00e9union avec Florin et Nicolas pour pour parler et voir comment les aider dans leur projet associatif.<br \/>\nEn guise de go\u00fbter, nous mangeons le g\u00e2teau aux yahourts de Laurence, puis rangeons le jardin avant de quitter les lieux. Chacun repartira avec de jolis souvenirs de cette journ\u00e9e et peut-\u00eatre aussi avec de petits coups de soleil !<\/p>\n<p><strong><span style=\"text-decoration: underline\">SAMEDI\u00a0:<\/span><\/strong><\/p>\n<p><b><span style=\"text-decoration: underline\">VSM\u00a0:<\/span><\/b><\/p>\n<p>Un ciel bleu sans une seule trace des nuages r\u00e9cemment disparus\u2026on l\u2019esp\u00e8re, pour un bon bout de temps\u00a0! C\u2019est tr\u00e8s agr\u00e9able de ne plus avoir \u00e0 patauger dans la gadoue et \u00e0 s\u2019emmitoufler dans les gants, \u00e9charpes, doudounes et autres \u00e9quipements hivernaux&#8230;\u00a0!<\/p>\n<p><a title=\"SAM_1553\" href=\"http:\/\/www.flickr.com\/photos\/100872287@N06\/13083351054\"><img decoding=\"async\" class=\"alignnone \" alt=\"SAM_1553\" src=\"http:\/\/farm8.staticflickr.com\/7386\/13083351054_0f4cc98c1b.jpg\" \/><\/a><\/p>\n<p>Au menu de cet apr\u00e8s-midi\u00a0: un atelier cuisine avec Abdel\u2026l\u2019occasion de rassembler le pain sec accumul\u00e9 pour le transformer en pain perdu.<\/p>\n<p><a title=\"SAM_1530\" href=\"http:\/\/www.flickr.com\/photos\/100872287@N06\/13083194233\"><img decoding=\"async\" class=\"alignnone \" alt=\"SAM_1530\" src=\"http:\/\/farm3.staticflickr.com\/2879\/13083194233_3a2fdf3009.jpg\" \/><\/a><\/p>\n<p>Un atelier \u00e9checs avec Farid, nouvel arrivant au sein de l\u2019\u00e9quipe.<\/p>\n<p><a title=\"SAM_1560\" href=\"http:\/\/www.flickr.com\/photos\/100872287@N06\/13083332424\"><img decoding=\"async\" class=\"alignnone \" alt=\"SAM_1560\" src=\"http:\/\/farm4.staticflickr.com\/3507\/13083332424_50f5c7fea4.jpg\" \/><\/a><\/p>\n<p>Un atelier jeux pour la petite enfance avec Iasmina, un atelier \u00ab\u00a0Po\u00e9sik\u00a0\u00bb avec Florian et un atelier cirque avec Aline et Le\u00efla, qui fut l\u2019occasion de tester le nouveau mat\u00e9riel (diabolos, assiettes chinoises et nez de clown) en plus de la d\u00e9sormais habituelle slakline, des \u00e9chasses et des p\u00e9dalettes\u2026il y en avait donc encore une fois pour tous les go\u00fbts cet apr\u00e8s-midi\u00a0!<\/p>\n<p><a title=\"SAM_1542\" href=\"http:\/\/www.flickr.com\/photos\/100872287@N06\/13083361524\"><img decoding=\"async\" class=\"alignnone \" alt=\"SAM_1542\" src=\"http:\/\/farm3.staticflickr.com\/2504\/13083361524_b8a003944b.jpg\" \/><\/a><a title=\"SAM_1567\" href=\"http:\/\/www.flickr.com\/photos\/100872287@N06\/13083323174\"><img loading=\"lazy\" decoding=\"async\" class=\"alignnone \" alt=\"SAM_1567\" src=\"http:\/\/farm4.staticflickr.com\/3676\/13083323174_9c7cffe131.jpg\" width=\"315\" height=\"237\" \/><\/a><a title=\"SAM_1568\" href=\"http:\/\/www.flickr.com\/photos\/100872287@N06\/13083313364\"><img decoding=\"async\" class=\"alignnone \" alt=\"SAM_1568\" src=\"http:\/\/farm8.staticflickr.com\/7351\/13083313364_7a9bdf9364.jpg\" \/><\/a><\/p>\n<p>Le conseil de quartier a \u00e9t\u00e9 l\u2019occasion pour chacun de donner son avis sur l\u2019atelier et de faire de nouvelles propositions pour la suite.<\/p>\n<p>Enfin le pain perdu \u00e0 la cannelle pr\u00e9par\u00e9 avec amour par de nombreuses petites mains fut goul\u00fbment d\u00e9gust\u00e9\u00a0!<\/p>\n<p>Pourvu que le soleil nous accompagne encore et encore\u2026<\/p>\n<p><span style=\"text-decoration: underline\">Au verger\u00a0:<\/span><\/p>\n<p>Belle apr\u00e8s-midi printani\u00e8re au verger pour la premi\u00e8re ouverture de 2014 au verger p\u00e9dagogique de Chilly-Mazarin.<\/p>\n<p>Nous sommes venus avec un groupe de robinsons motiv\u00e9s. Nous accueillons \u00e9galement quelques chiroquois sur notre terrain. On \u00e0 ramener des bombes de peinture\u00a0! Nous allons ajouter un peu de couleur \u00e0 ce terrain en peignant les cabanons du terrain. Les enfants on l\u2019\u00e9quipement n\u00e9cessaire pour cette activit\u00e9, masques, gants et t-shirt de protection sont de rigueur.<\/p>\n<p><a title=\"SAM_5899\" href=\"http:\/\/www.flickr.com\/photos\/100872287@N06\/13083234555\"><img decoding=\"async\" class=\"alignnone \" alt=\"SAM_5899\" src=\"http:\/\/farm8.staticflickr.com\/7438\/13083234555_cac6792d0e.jpg\" \/><\/a><\/p>\n<p>Le jardinage est \u00e9videmment de la partie, avec une activit\u00e9 paillage\u00a0: nous nous servons de l\u2019herbe fauch\u00e9e la veille pour pailler nos petits arbustes fruitiers (framboisiers, groseilliers, cassis).<\/p>\n<p><a title=\"SAM_5913\" href=\"http:\/\/www.flickr.com\/photos\/100872287@N06\/13083355543\"><img decoding=\"async\" class=\"alignnone \" alt=\"SAM_5913\" src=\"http:\/\/farm8.staticflickr.com\/7445\/13083355543_7ffb5c3959.jpg\" \/><\/a><\/p>\n<p>Sur notre derni\u00e8re venue au terrain en novembre nous avions taill\u00e9 les noisetiers. On d\u00e9cide alors de cr\u00e9er un chemin dans le terrain avec les branches de noisetiers qui sont coup\u00e9es puis disposes sur le terrain. A l\u2019aide de marteaux nous les plantons dans le sol et ainsi un cheminement se cr\u00e9e.<\/p>\n<p><a title=\"SAM_5900\" href=\"http:\/\/www.flickr.com\/photos\/100872287@N06\/13083356293\"><img decoding=\"async\" class=\"alignnone \" alt=\"SAM_5900\" src=\"http:\/\/farm8.staticflickr.com\/7359\/13083356293_bbe5ff39a0.jpg\" \/><\/a><\/p>\n<p>Nous terminons cette belle apr\u00e8s-midi par un go\u00fbter pris au soleil.<\/p>\n<p><a title=\"SAM_5956\" href=\"http:\/\/www.flickr.com\/photos\/100872287@N06\/13083232685\"><img decoding=\"async\" class=\"alignnone \" alt=\"SAM_5956\" src=\"http:\/\/farm3.staticflickr.com\/2777\/13083232685_15fac267b4.jpg\" \/><\/a><\/p>\n<p><b><span style=\"text-decoration: underline\">A Champlan\u00a0:<\/span><\/b><\/p>\n<p>Aujourd\u2019hui,\u00a0 lors de cette belle journ\u00e9e, nous avons d\u00e9cid\u00e9 d\u2019organiser une balle au prisonnier. Lors de notre arriv\u00e9e sur le camp, beaucoup d\u2019enfants nous attendaient. Ils \u00e9taient motiv\u00e9s et eux-m\u00eames ont faits les \u00e9quipes \u00e9quitablement. \u00a0Les r\u00e8gles du jeu ont \u00e9t\u00e9 expliqu\u00e9es par Maria. La premi\u00e8re partie f\u00fbt laborieuse. La deuxi\u00e8me nettement mieux. L\u2019\u00e9quilibre entre grands et petit f\u00fbt respect\u00e9.Suite \u00e0 ces parties de pur amusement, nous nous sommes m\u00eet \u00e0 travailler sur les cahiers.<\/p>\n<p><img decoding=\"async\" class=\"alignnone \" alt=\"IMG_3663\" src=\"http:\/\/farm4.staticflickr.com\/3547\/13084341614_090d328be9.jpg\" \/><\/p>\n<p><a title=\"IMG_3668\" href=\"http:\/\/www.flickr.com\/photos\/100872287@N06\/13084318364\"><img decoding=\"async\" alt=\"IMG_3668\" src=\"http:\/\/farm8.staticflickr.com\/7304\/13084318364_5558d11695.jpg\" \/><\/a><\/p>\n<p>Assis au soleil, accompagn\u00e9 de rire, le dit \u00ab\u00a0travail\u00a0\u00bb se transforma vite en amusement. La concentration retrouv\u00e9, chacun a termin\u00e9 ses exercices.<\/p>\n<p><a title=\"IMG_3666\" href=\"http:\/\/www.flickr.com\/photos\/100872287@N06\/13084322754\"><img decoding=\"async\" alt=\"IMG_3666\" src=\"http:\/\/farm4.staticflickr.com\/3680\/13084322754_f8d1822842.jpg\" \/><\/a><\/p>\n<p><a title=\"IMG_3665\" href=\"http:\/\/www.flickr.com\/photos\/100872287@N06\/13084328084\"><img decoding=\"async\" alt=\"IMG_3665\" src=\"http:\/\/farm3.staticflickr.com\/2263\/13084328084_20abf84d6c.jpg\" \/><\/a><\/p>\n<p>Un peu plus loin sur le camp, six m\u00e8res de famille \u00a0f\u00eataient la journ\u00e9e de la femme avec Souad et M\u00e9lissa. Quelques minutes plus tard, nous nous sommes retrouv\u00e9s autour d\u2019un bon gouter bien m\u00e9riter.<\/p>\n<p><strong><span style=\"text-decoration: underline\">Vendredi<\/span><\/strong><\/p>\n<p><b><span style=\"text-decoration: underline\">Au jardin\u00a0:<\/span><\/b><\/p>\n<p style=\"text-align: center\"><span style=\"color: #333333;font-size: 15.555556297302246px;font-style: normal;line-height: 27.08333396911621px\">Apr\u00e8s une tr\u00eave pendant l\u2019hiver nous allons cet apr\u00e8s-midi au verger p\u00e9dagogique de Chilly.\u00a0<\/span>L\u2019occasion donc de voir dans quel \u00e9tat se trouve le terrain.<\/p>\n<p><img loading=\"lazy\" decoding=\"async\" class=\"alignleft\" style=\"color: #333333;font-style: normal\" alt=\"SAM_5852\" src=\"http:\/\/farm8.staticflickr.com\/7310\/13084151475_00e46cb371.jpg\" width=\"390\" height=\"294\" \/><\/p>\n<p>Nos arbres et arbustes fruitiers ont tenu choc \u00e0 l\u2019hiver, certains, notamment les poiriers, bourgeonnent d\u00e9j\u00e0, les premi\u00e8res feuilles apparaissent, pourvu qu\u2019il n\u2019y ait pas de gel tardif.<\/p>\n<p>&nbsp;<\/p>\n<p>&nbsp;<\/p>\n<p><a style=\"font-size: 15.555556297302246px;font-style: normal;line-height: 27.08333396911621px;text-decoration: underline\" title=\"SAM_5853\" href=\"http:\/\/www.flickr.com\/photos\/100872287@N06\/13084276973\"><img loading=\"lazy\" decoding=\"async\" class=\"alignright\" alt=\"SAM_5853\" src=\"http:\/\/farm8.staticflickr.com\/7347\/13084276973_fcf9de0d60.jpg\" width=\"400\" height=\"300\" \/><\/a><\/p>\n<p>Nous allons surtout faucher l\u2019herbe \u00e0 l\u2019aide des d\u00e9broussailleuses. Nous taillons et d\u00e9bitons \u00e9galement des branches de noisetiers. Nous avions taill\u00e9 ces arbustes \u00e0 l\u2019automne dans l\u2019espoir d\u2019avoir des noisettes cette ann\u00e9e.<\/p>\n<p style=\"text-align: center\">Le soleil se cache peu \u00e0 peu au fur et \u00e0 mesure de l\u2019apr\u00e8s-midi, le temps devient lourd. Pendant le go\u00fbter nous voyons de multiples avions d\u00e9coller en nous disant que cela doit \u00eatre difficile \u00e0 vivre pour les habitants de Chilly.<\/p>\n<p><b><span style=\"text-decoration: underline\">A la Rocade\u00a0:<\/span><\/b><\/p>\n<p>Aujourd\u2019hui, c\u2019est le premier anniversaire du DAEV parmi nous\u00a0! Et c\u2019est aussi le dernier jour de Maria au sein de l\u2019\u00e9quipe\u2026que d\u2019\u00e9v\u00e9nements \u00e0 marquer\u2026\u00a0!<\/p>\n<p>Le soleil s\u2019est fait discret \u00e0 l\u2019heure de l\u2019atelier, mais pas de pluie et une temp\u00e9rature printani\u00e8re. D\u00e8s la sortie de l\u2019\u00e9cole, la Rocade s\u2019est remplie de vie dans tous les sens.<\/p>\n<p><img decoding=\"async\" style=\"color: #333333;font-style: normal\" alt=\"DSCN9329\" src=\"http:\/\/farm3.staticflickr.com\/2719\/13084673004_70ea7f8722.jpg\" \/><\/p>\n<p>Un jeu de ballon en cercle a ouvert l\u2019atelier dans la bonne humeur et l\u2019\u00e9nergie avec Farid, Souad et Florian. De nombreuses mamans \u00e9taient au rendez-vous. Un papa a particip\u00e9 \u00e0 l\u2019atelier cuisine avec une \u00e9quipe de tout petits lutins aux yeux gourmands et aux mains g\u00e9n\u00e9reuses, qui nous ont tous ensemble confectionn\u00e9 un beau plat de pommes au four \u00e0 l\u2019eau de fleur d\u2019oranger, \u00e0 la noix de coco, tout cela caram\u00e9lis\u00e9 \u00e0 la cassonade et sucre vanill\u00e9\u2026un petit r\u00e9gal pour accompagner le quatre-quarts du go\u00fbter\u00a0!<\/p>\n<p><a title=\"SAM_1666\" href=\"http:\/\/www.flickr.com\/photos\/100872287@N06\/13084467483\"><img decoding=\"async\" alt=\"SAM_1666\" src=\"http:\/\/farm4.staticflickr.com\/3001\/13084467483_ed80aa334b.jpg\" \/><\/a><\/p>\n<p style=\"text-align: center\"><span style=\"color: #333333;font-size: 15.555556297302246px;font-style: normal;line-height: 27.08333396911621px\">Les tentes jeux de soci\u00e9t\u00e9 pour les grands et jeux pour les tout petits \u00e9taient pleines \u00e0 craquer.<\/span><\/p>\n<p><a title=\"SAM_1630\" href=\"http:\/\/www.flickr.com\/photos\/100872287@N06\/13084656974\"><img loading=\"lazy\" decoding=\"async\" class=\"alignleft\" alt=\"SAM_1630\" src=\"http:\/\/farm4.staticflickr.com\/3172\/13084656974_69cfd5ec96.jpg\" width=\"450\" height=\"300\" \/><\/a><\/p>\n<p><img loading=\"lazy\" decoding=\"async\" class=\"alignright\" alt=\"SAM_1617\" src=\"http:\/\/farm4.staticflickr.com\/3594\/13084486553_a2166eabca.jpg\" width=\"500\" height=\"333\" \/><\/p>\n<p>&nbsp;<\/p>\n<p>&nbsp;<\/p>\n<p>&nbsp;<\/p>\n<p>&nbsp;<\/p>\n<p>&nbsp;<\/p>\n<p>&nbsp;<\/p>\n<p>&nbsp;<\/p>\n<p>&nbsp;<\/p>\n<p>&nbsp;<\/p>\n<p>&nbsp;<\/p>\n<p>&nbsp;<\/p>\n<p>&nbsp;<\/p>\n<p>&nbsp;<\/p>\n<p>&nbsp;<\/p>\n<p>&nbsp;<\/p>\n<p>Florian a anim\u00e9 des \u00ab\u00a0ninja\u00a0\u00bb en boucle avec plein d\u2019enfants qui venaient les uns apr\u00e8s les autres.<\/p>\n<p>Nous avons achev\u00e9 tout cela bien serr\u00e9s les uns contre les autres sur les tapis\u00a0!<\/p>\n<p><b><span style=\"text-decoration: underline\">Jeudi<\/span><\/b><\/p>\n<p><span style=\"text-decoration: underline\">Au jardin<\/span><\/p>\n<p>Cet apr\u00e8s-midi encore baign\u00e9e par le soleil nous recevons en renfort Antoine et Johann les cr\u00e9ateurs du DAEV. Cela tombe \u00e0 pic\u00a0! Nous allons \u00eatre livrer en BRF et en terreau. La premi\u00e8re livraison \u00e0 lieu d\u00e8s notre arriv\u00e9e au terrain. Nous pouvons ainsi commencer \u00e0 \u00e9taler le BRF dans les all\u00e9es.<img decoding=\"async\" class=\"alignnone \" style=\"color: #333333;font-size: 15.555556297302246px;font-style: normal;line-height: 27.08333396911621px\" alt=\"WP_20140306_002\" src=\"http:\/\/farm4.staticflickr.com\/3596\/13084708123_50185ae9ec.jpg\" \/><\/p>\n<p>Trois bin\u00f4mes sont form\u00e9s\u00a0: le premier charge les brouettes en BRF, il y a les porteurs puis enfin les ratisser qui \u00e9talent le BRF dans les all\u00e9es. Chacun tourne sur chaque activit\u00e9. Nous allons quasiment r\u00e9ussir \u00e0 \u00e9taler tout le tas de BRF livr\u00e9 avant qu\u2019une nouvelle livraison arrive en fin de journ\u00e9e.<img decoding=\"async\" class=\"alignnone \" style=\"color: #333333;font-style: normal\" alt=\"WP_20140306_013\" src=\"http:\/\/farm8.staticflickr.com\/7363\/13084700503_b706c1699a.jpg\" \/><\/p>\n<p>&nbsp;<\/p>\n<p>L\u2019apr\u00e8s-midi touchant \u00e0 sa fin nous d\u00e9cidons de reporter la livraison de terreau un autre jour. En attendant c\u2019est un formidable travail que nous avons effectu\u00e9 cet apr\u00e8s-midi.<\/p>\n<p><a title=\"WP_20140306_016\" href=\"http:\/\/www.flickr.com\/photos\/100872287@N06\/13084568115\"><img decoding=\"async\" class=\"alignnone \" alt=\"WP_20140306_016\" src=\"http:\/\/farm3.staticflickr.com\/2246\/13084568115_b25e5f6de0.jpg\" \/><\/a><\/p>\n<p><b><span style=\"text-decoration: underline\">Skate-park\u00a0:<\/span><\/b><\/p>\n<p>Quel plaisir de revoir le soleil apr\u00e8s toutes ces semaines pluvieuses\u00a0!!<\/p>\n<p>Nous d\u00e9calons les tapis pour ne pas \u00eatre dans l\u2019ombre et en profiter au maximum. Il faut dire que jeudi dernier, nous avions du remballer tout notre mat\u00e9riel, tellement il pleuvait et avions fait pratiquement tout l\u2019atelier sous la pluie.<a title=\"SAM_1578\" href=\"http:\/\/www.flickr.com\/photos\/100872287@N06\/13085151834\"><img decoding=\"async\" alt=\"SAM_1578\" src=\"http:\/\/farm8.staticflickr.com\/7448\/13085151834_69b4e5eb9c.jpg\" \/><\/a><\/p>\n<p>Alors aujourd\u2019hui, on en profite\u00a0: il y a du monde et chacun s\u2019assoit selon son envie sur le tapis des petits, celui des livres et coloriages ou celui des jeux de soci\u00e9t\u00e9.<a title=\"SAM_1602\" href=\"http:\/\/www.flickr.com\/photos\/100872287@N06\/13084961273\"><img decoding=\"async\" alt=\"SAM_1602\" src=\"http:\/\/farm4.staticflickr.com\/3446\/13084961273_8ae24d604e.jpg\" \/><\/a><\/p>\n<p>&nbsp;<\/p>\n<p><img decoding=\"async\" class=\"alignnone \" style=\"color: #333333;font-style: normal\" alt=\"SAM_1564\" src=\"http:\/\/farm4.staticflickr.com\/3759\/13084855535_2c99d3be43.jpg\" \/><\/p>\n<p>J\u2019offre un petit th\u00e9 aux mamans qui passent. Certaines s\u2019installent avec nous et je leur propose de reprendre nos ateliers cr\u00e9atifs, en leur montrant comment r\u00e9aliser un \u00ab\u00a0collier soleil\u00a0\u00bb.<\/p>\n<p>Maintenant qu\u2019elle a vu comment faire, Massita est pr\u00eate \u00e0 essayer demain.<\/p>\n<p>Les gar\u00e7ons, toujours tr\u00e8s demandeurs de jouer au ballon, entra\u00eenent Florian sur le terrain avant de revenir vers nous.<\/p>\n<p>Pendant le go\u00fbter, nous lisons et d\u00e9couvrons le courrier de nos correspondants de Toulouse qui nous r\u00e9pondent suite \u00e0 notre premi\u00e8re lettre. Ils nous ont envoy\u00e9 des dessins, des lettres et des photos des gerbilles\u00a0!!<\/p>\n<p><a title=\"SAM_1611\" href=\"http:\/\/www.flickr.com\/photos\/100872287@N06\/13084824345\"><img decoding=\"async\" class=\"alignnone \" alt=\"SAM_1611\" src=\"http:\/\/farm4.staticflickr.com\/3826\/13084824345_37a6323a42.jpg\" \/><\/a><a title=\"SAM_1612\" href=\"http:\/\/www.flickr.com\/photos\/100872287@N06\/13085121274\"><img decoding=\"async\" class=\"alignnone \" alt=\"SAM_1612\" src=\"http:\/\/farm8.staticflickr.com\/7405\/13085121274_3e35df1931.jpg\" \/><\/a><\/p>\n<p><b><span style=\"text-decoration: underline\">La Croix Breton\u00a0:<\/span><\/b><\/p>\n<p>Quel super atelier on a pass\u00e9 tous ensemble\u00a0! Cette journ\u00e9e ensoleill\u00e9e \u00e9tait l\u2019occasion de profiter plus sereinement de ce grand espace. On \u00e9tait contents de faire la connaissance d\u2019Elnour qui est venue d\u00e9couvrir toutes les activit\u00e9s propos\u00e9es.<\/p>\n<p><a title=\"SAM_1448\" href=\"http:\/\/www.flickr.com\/photos\/100872287@N06\/13085319423\"><img decoding=\"async\" alt=\"SAM_1448\" src=\"http:\/\/farm8.staticflickr.com\/7402\/13085319423_7799e8edc1.jpg\" \/><\/a><\/p>\n<p>Leila a pu installer la slack-line, tendue entre deux bancs, et Ayub, Sifax et Sarah ont pu jouer aux \u00e9quilibristes.<\/p>\n<p>Pendant ce temps, on sort raquettes et volants pour s\u2019initier au Badminton. M\u00eame Salima, la maman de Sifax et Sammy, a jou\u00e9 avec nous.<a title=\"SAM_1428\" href=\"http:\/\/www.flickr.com\/photos\/100872287@N06\/13085329373\"><img decoding=\"async\" alt=\"SAM_1428\" src=\"http:\/\/farm3.staticflickr.com\/2242\/13085329373_56e2e5dff4.jpg\" \/><\/a><\/p>\n<p>Sur les tapis, Wiem, Imane, Sarah, Lina et Srijan ont jou\u00e9 aux artistes-architectes en dessinant la maison de leurs r\u00eaves. De vrais artistes\u00a0!<a title=\"SAM_1469\" href=\"http:\/\/www.flickr.com\/photos\/100872287@N06\/13085158245\"><img decoding=\"async\" alt=\"SAM_1469\" src=\"http:\/\/farm8.staticflickr.com\/7338\/13085158245_dcb8263bc1.jpg\" \/><\/a><\/p>\n<p>&nbsp;<\/p>\n<p>On attendait tous impatiemment le moment du go\u00fbter, concoct\u00e9 encore par notre chef officiel Es-g\u00e2teaux, j\u2019ai nomm\u00e9 Fatima et son g\u00e2teau hyper moelleux au chocolat- citron. Huuuuum, vivement jeudi\u00a0 prochain\u00a0!<\/p>\n<p>&nbsp;<\/p>\n<p><a title=\"SAM_1455\" href=\"http:\/\/www.flickr.com\/photos\/100872287@N06\/13085490534\"><img decoding=\"async\" class=\"alignnone \" alt=\"SAM_1455\" src=\"http:\/\/farm4.staticflickr.com\/3025\/13085490534_b4c6fee274.jpg\" \/><\/a><a title=\"SAM_1477\" href=\"http:\/\/www.flickr.com\/photos\/100872287@N06\/13085274363\"><img decoding=\"async\" class=\"alignnone \" alt=\"SAM_1477\" src=\"http:\/\/farm4.staticflickr.com\/3701\/13085274363_585654a536.jpg\" \/><\/a><a title=\"SAM_1528\" href=\"http:\/\/www.flickr.com\/photos\/100872287@N06\/13085445574\"><img decoding=\"async\" class=\"alignnone \" alt=\"SAM_1528\" src=\"http:\/\/farm8.staticflickr.com\/7324\/13085445574_c7ff52a020.jpg\" \/><\/a><\/p>\n<p>&nbsp;<\/p>\n<p>&nbsp;<\/p>\n<p><b>Mercredi\u00a0:<\/b><\/p>\n<p><span style=\"text-decoration: underline\">Ludoth\u00e8que\u00a0: <\/span><\/p>\n<p>Cette semaine s\u2019annonce des plus agr\u00e9ables gr\u00e2ce au soleil et \u00e0 la temp\u00e9rature qui est remont\u00e9e\u00a0! C\u2019est avec un climat tr\u00e8s propice \u00e0 nos ateliers que commence d\u2019ailleurs celui de la ludoth\u00e8que.<\/p>\n<p>Il y a beaucoup de monde ce mercredi et notamment des mamans venues accompagn\u00e9es leurs enfants. Farid, le nouveau permanent entame une initiation de jeux d\u2019\u00e9checs avec les enfants, \u00e0 cot\u00e9 M\u00e9lissa, Aline, Florian et Maria commencent par un jeu de l\u2019\u00e9lastique avec Kadidja, Eddy, Nawelle et Adam.<\/p>\n<p><a title=\"SAM_5718\" href=\"http:\/\/www.flickr.com\/photos\/100872287@N06\/13085636573\"><img decoding=\"async\" alt=\"SAM_5718\" src=\"http:\/\/farm3.staticflickr.com\/2886\/13085636573_5c6e28d84b.jpg\" \/><\/a><\/p>\n<p><a title=\"SAM_5721\" href=\"http:\/\/www.flickr.com\/photos\/100872287@N06\/13085823714\"><img decoding=\"async\" alt=\"SAM_5721\" src=\"http:\/\/farm8.staticflickr.com\/7456\/13085823714_7f927ecb1a.jpg\" \/><\/a><\/p>\n<p>&nbsp;<\/p>\n<p>De plus en plus d\u2019enfants arrivent et on se r\u00e9partit alors sur diff\u00e9rents ateliers, Florian installe la cage de football pour les gar\u00e7ons et joue \u00e9galement au \u00ab\u00a0Molkky\u00a0\u00bb avec eux,\u00a0<a title=\"SAM_5727\" href=\"http:\/\/www.flickr.com\/photos\/100872287@N06\/13085635173\"><img decoding=\"async\" alt=\"SAM_5727\" src=\"http:\/\/farm4.staticflickr.com\/3283\/13085635173_959b5d6492.jpg\" \/><\/a><\/p>\n<p>Maria entame des parties de Mikado, Aline est sur le jeu du Memory,<\/p>\n<p><a title=\"SAM_5788\" href=\"http:\/\/www.flickr.com\/photos\/100872287@N06\/13085632523\"><img decoding=\"async\" alt=\"SAM_5788\" src=\"http:\/\/farm8.staticflickr.com\/7357\/13085632523_dea555fd79.jpg\" \/><\/a><\/p>\n<p><a title=\"SAM_5744\" href=\"http:\/\/www.flickr.com\/photos\/100872287@N06\/13085822004\"><img decoding=\"async\" alt=\"SAM_5744\" src=\"http:\/\/farm3.staticflickr.com\/2333\/13085822004_2f04119a66.jpg\" \/><\/a><\/p>\n<p>Farid rassemble d\u2019autres enfants s\u2019int\u00e9ressant aux \u00e9checs, Melissa joue au billard et au frisbee.<a title=\"SAM_5781\" href=\"http:\/\/www.flickr.com\/photos\/100872287@N06\/13085821134\"><img decoding=\"async\" alt=\"SAM_5781\" src=\"http:\/\/farm8.staticflickr.com\/7401\/13085821134_e08b4f88a6.jpg\" \/><\/a><\/p>\n<p>Ce bon atelier se termine par le gouter avec les enfants et la pr\u00e9sence des mamans rest\u00e9es avec nous\u00a0!<\/p>\n<p><span style=\"text-decoration: underline\">Au jardin\u00a0:<\/span><\/p>\n<p>Enfin le soleil est l\u00e0, nous l\u2019attendions depuis bien longtemps. Un vrai parfum de printemps r\u00e8gne sur le terrain.<\/p>\n<p><a title=\"SAM_1494\" href=\"http:\/\/www.flickr.com\/photos\/100872287@N06\/13086064484\"><img decoding=\"async\" alt=\"SAM_1494\" src=\"http:\/\/farm8.staticflickr.com\/7298\/13086064484_9bb113b20c.jpg\" \/><\/a><\/p>\n<p style=\"text-align: center\">Avec ce temps il va \u00eatre plus pratique pour nous de nettoyer les b\u00e2ches des tentes du DAEV.<a title=\"SAM_1412\" href=\"http:\/\/www.flickr.com\/photos\/100872287@N06\/13086072614\"><img loading=\"lazy\" decoding=\"async\" class=\"aligncenter\" alt=\"SAM_1412\" src=\"http:\/\/farm4.staticflickr.com\/3126\/13086072614_b2df622db5.jpg\" width=\"500\" height=\"333\" \/><\/a><\/p>\n<p>Elles vont s\u00e9cher plus rapidement une fois propres. Aussi nous d\u00e9marrons un grand feu pour terminer enfin notre grand nettoyage d\u2019hiver.<a style=\"font-size: 15.555556297302246px;font-style: normal;line-height: 27.08333396911621px;text-decoration: underline\" title=\"SAM_1500\" href=\"http:\/\/www.flickr.com\/photos\/100872287@N06\/13085869503\"><img decoding=\"async\" class=\"alignnone \" alt=\"SAM_1500\" src=\"http:\/\/farm8.staticflickr.com\/7308\/13085869503_b015e4529d.jpg\" \/><\/a><\/p>\n<p>Nous n\u2019avons pas vraiment de difficult\u00e9s pour le lancer apr\u00e8s les multiples branches, ronces et lianes sont br\u00fbl\u00e9es rapidement.<\/p>\n<p>On d\u00e9limite \u00e9galement l\u2019ensemble de nos parcelles qui ont \u00e9t\u00e9 agrandies \u00e0 l\u2019aide de piquets. Puis nous prenons le temps \u00e0 une s\u00e9ance d\u2019observation des quelques fleurs du terrain qui pointent le bout de leur nez.<\/p>\n<p><a title=\"SAM_1521\" href=\"http:\/\/www.flickr.com\/photos\/100872287@N06\/13086047394\"><img decoding=\"async\" class=\"alignnone \" alt=\"SAM_1521\" src=\"http:\/\/farm8.staticflickr.com\/7339\/13086047394_b99dbe1caa.jpg\" \/><\/a><\/p>\n<p>&nbsp;<\/p>\n<p><span style=\"text-decoration: underline\">A Villebon\u00a0:<\/span><\/p>\n<p>Atelier th\u00e9\u00e2tre\u00a0:<\/p>\n<p>Aujourd\u2019hui \u00e0 lieu sur le terrain de Villebon une conf\u00e9rence de presse contre l\u2019expulsion. Beaucoup de monde et de journalistes sont donc pr\u00e9sent-es. A notre arriv\u00e9e des habitantes ainsi que des personnes de l\u2019ASEFRR accrochent des photos des habitant-es sur les murs des baraques. Dans un premier temps il nous est difficile de nous r\u00e9unir mais nous y arrivons finalement. Et nous arrivons m\u00eame \u00e0 \u00eatre nombreux-ses. Nous faisons toutes une s\u00e9rie de jeux d\u2019\u00e9coute que nous connaissons d\u00e9j\u00e0. Des progr\u00e8s sont largement visibles et c\u2019est vraiment plaisant\u00a0!<\/p>\n<p><a title=\"DSCN9235\" href=\"http:\/\/www.flickr.com\/photos\/100872287@N06\/13086261735\"><img decoding=\"async\" class=\"alignnone \" alt=\"DSCN9235\" src=\"http:\/\/farm8.staticflickr.com\/7458\/13086261735_0482933061.jpg\" \/><\/a><\/p>\n<p>De nouvelles t\u00eates se joignent \u00e0 notre groupe, et beaucoup de personnes restent autour \u00e0 nous regarder jouer. Il y a une vraie bonne dynamique, c\u2019est vraiment chouette\u00a0! Notre atelier se termine au son de l\u2019accord\u00e9on. En effet, aujourd\u2019hui David, un proche d\u2019Animakt, est venu avec son instrument et nous fait le grand plaisir de nous interpr\u00e9ter plusieurs morceaux de son r\u00e9pertoire. Les enfants reprennent\u00a0 tous et toutes en c\u0153ur avec lui et nous dansons tou-te-s ensemble. Avec le soleil cette ambiance est d\u2019autant plus chaleureuse, \u00e7a fait du bien\u00a0!<\/p>\n<p>Atelier avec les enfants\u00a0:<\/p>\n<p>Peu d\u2019enfants se pr\u00e9sentent au d\u00e9but de l\u2019atelier\u2026c\u2019est le jour de la conf\u00e9rence de soutien aux habitants du camp qui mobilise toute l\u2019attention. Tous sont affair\u00e9s \u00e0 nettoyer le camp, suspendre des banderoles, afficher des photos, \u2026Les enfants sont tout excit\u00e9s, certains sont en costumes cravates et le camp est astiqu\u00e9 et rang\u00e9 au millim\u00e8tre, tout reluit\u00a0!<\/p>\n<p>Nous finissons tout de m\u00eame par rassembler un petit groupe qui s\u2019agrandit progressivement lorsque nous d\u00e9butons le jeu collectif\u00a0: un poissons-p\u00eacheurs endiabl\u00e9 et en plein soleil\u2026le printemps pointe son nez\u00a0! Ensuite, nous nous attablons pour que les enfants dessinent autour des phots d\u2019eux que nous avons prises la semaine pr\u00e9c\u00e9dente. Tout ce beau travail pour d\u00e9corer et personnaliser leurs classeurs. Les enfants sont tr\u00e8s fiers de leurs portraits et s\u2019appliquent tous pour les mettre en valeur. Ceux qui \u00e9taient absents au pr\u00e9c\u00e9dent atelier se font tirer le portrait\u2026l\u2019occasion de se montrer sous son meilleur jour\u00a0!<\/p>\n<p><span style=\"color: #ff0000\">Le go\u00fbter a cl\u00f4tur\u00e9 un moment festif dans\u00e9 aux airs d\u2019accord\u00e9on en plein soleil\u00a0!<\/span><\/p>\n<p><strong><span style=\"color: #3366ff\">KroniKs des Robinsons de Grenoble: madame RUETABAGA<\/span><\/strong><\/p>\n<div lang=\"x-unicode\"><strong>Vendredi 7 Mars<\/strong>Nous d\u00e9butons avec Marie, un nouvel atelier dans un squat o\u00f9 un grand nombre de famille sont r\u00e9fugi\u00e9es. Nous nous installons non loin de la maison principale puis quelques enfants \u00a0viennent nous rejoindre. Les enfants sont \u00e2g\u00e9s de 2 \u00e0 6 ans et ils sont tr\u00e8s en attente de d\u00e9couvrir le mat\u00e9riel propos\u00e9. Je suis m\u00eame assez \u00e9tonn\u00e9e car ils\u00a0 nous sollicitent peu et je ne cherche pas \u00e0 intervenir mais laisser venir ce qui se cr\u00e9e entre nous. Nous avons de la chance car le temps est agr\u00e9able. Nous finissons par un go\u00fbter puis chacun rejoint ses activit\u00e9s.<a href=\"http:\/\/recherche-action.fr\/intermedes\/files\/2014\/03\/Light-Gren.png\"><img loading=\"lazy\" decoding=\"async\" class=\"aligncenter size-full wp-image-3607\" alt=\"Light Gren\" src=\"http:\/\/recherche-action.fr\/intermedes\/files\/2014\/03\/Light-Gren.png\" width=\"461\" height=\"346\" \/><\/a><\/p>\n<p><strong>Atelier de rue \u00e0 la Villeneuve :<\/strong><\/p>\n<p>Robin et Lou se joignent aujourd&rsquo;hui \u00e0 l&rsquo;atelier. Il fait vraiment tr\u00e8s beau et ce qui nous permet de sortir un grand choix de jeux.<\/p>\n<p>Alice sort sa carriole et il y a autant d&rsquo;enfants autour d&rsquo;elle pour confectionner des livres. D&rsquo;ailleurs, Alice \u00e0 d\u00e9j\u00e0 \u00e9dit\u00e9 le livre de Aya, qu&rsquo;elle montre au reste du groupe.<br \/>\nNous passons un agr\u00e9able moment puis vient le temps du go\u00fbter. Robin a ramen\u00e9 des pop-corn maison, pour le grand plaisir de tout le groupe.<\/p>\n<\/div>\n<p>&nbsp;<\/p>\n","protected":false},"excerpt":{"rendered":"<p>A Paris , en 2015 va se tenir la prochaine conf\u00e9rence sur le climat. Car ce n&rsquo;est un scoop,pour personne, le climat change et avec lui de nombreux d\u00e9s\u00e9quilibres \u00e9conomiques, politiques, \u00e9cologiques vont s&rsquo;accentuer. Mais le climat est il seul \u00e0 changer? Et qu&rsquo;en est il de tous ces autres climats avec lesquels nous nous &hellip; <a href=\"https:\/\/recherche-action.fr\/intermedes\/2014\/03\/06\/le-climat-change-et-vous\/\" class=\"more-link\">Continuer la lecture<span class=\"screen-reader-text\"> de &laquo;&nbsp;Le climat change, et vous?&nbsp;&raquo;<\/span><\/a><\/p>\n","protected":false},"author":1,"featured_media":0,"comment_status":"open","ping_status":"open","sticky":false,"template":"","format":"standard","meta":{"footnotes":""},"categories":[1],"tags":[],"class_list":["post-3593","post","type-post","status-publish","format-standard","hentry","category-non-classe"],"jetpack_featured_media_url":"","_links":{"self":[{"href":"https:\/\/recherche-action.fr\/intermedes\/wp-json\/wp\/v2\/posts\/3593","targetHints":{"allow":["GET"]}}],"collection":[{"href":"https:\/\/recherche-action.fr\/intermedes\/wp-json\/wp\/v2\/posts"}],"about":[{"href":"https:\/\/recherche-action.fr\/intermedes\/wp-json\/wp\/v2\/types\/post"}],"author":[{"embeddable":true,"href":"https:\/\/recherche-action.fr\/intermedes\/wp-json\/wp\/v2\/users\/1"}],"replies":[{"embeddable":true,"href":"https:\/\/recherche-action.fr\/intermedes\/wp-json\/wp\/v2\/comments?post=3593"}],"version-history":[{"count":0,"href":"https:\/\/recherche-action.fr\/intermedes\/wp-json\/wp\/v2\/posts\/3593\/revisions"}],"wp:attachment":[{"href":"https:\/\/recherche-action.fr\/intermedes\/wp-json\/wp\/v2\/media?parent=3593"}],"wp:term":[{"taxonomy":"category","embeddable":true,"href":"https:\/\/recherche-action.fr\/intermedes\/wp-json\/wp\/v2\/categories?post=3593"},{"taxonomy":"post_tag","embeddable":true,"href":"https:\/\/recherche-action.fr\/intermedes\/wp-json\/wp\/v2\/tags?post=3593"}],"curies":[{"name":"wp","href":"https:\/\/api.w.org\/{rel}","templated":true}]}}