{"id":3834,"date":"2014-07-06T07:47:00","date_gmt":"2014-07-06T06:47:00","guid":{"rendered":"http:\/\/recherche-action.fr\/intermedes\/?p=3834"},"modified":"2014-07-06T07:47:00","modified_gmt":"2014-07-06T06:47:00","slug":"tout-chant-commence-dabord-par-un-cri","status":"publish","type":"post","link":"https:\/\/recherche-action.fr\/intermedes\/2014\/07\/06\/tout-chant-commence-dabord-par-un-cri\/","title":{"rendered":"Tout chant commence d&rsquo;abord par un cri"},"content":{"rendered":"<p><strong>Durant le XX\u00e8me si\u00e8cle, les pu\u00e9ricultrices et les\u00a0\u00e9ducateurs ont appris \u00e0 s&rsquo;inqui\u00e9ter des jeunes\u00a0enfants trop sages.<\/strong> Cela n&rsquo;allait pas de soi. Pendant des si\u00e8cles, auparavant,\u00a0, la pens\u00e9e sur l&rsquo;\u00e9ducation avait \u00e9t\u00e9 marqu\u00e9e par la n\u00e9gation de tout ce qui repr\u00e9sentait l&rsquo;enfance.<\/p>\n<p><a title=\"DSCN0940\" href=\"http:\/\/www.flickr.com\/photos\/100872287@N06\/14417453937\"><img decoding=\"async\" class=\"alignnone \" src=\"https:\/\/farm3.staticflickr.com\/2925\/14417453937_460d71864f.jpg\" alt=\"DSCN0940\" \/><\/a><\/p>\n<p>L&rsquo;enfant devait \u00eatre adulte en miniature, et nier par son comportement\u00a0toutes les qualit\u00e9s de son \u00a0\u00eatre. Il devait effacer tout signe de jeunesse, fra\u00eecheur, enthousiasme, passion pour la vie et les choses. \u00a0<strong>De l&rsquo;entreprise de sa d\u00e9valorisation, il devait \u00eatre promoteur<\/strong>. On ne lui pardonnait d&rsquo;\u00eatre enfant que s&rsquo;il l&rsquo;\u00e9tait le moins possible. Apprendre quelque chose revenait \u00e0 simuler de le savoir d\u00e9j\u00e0. On confondait sans arr\u00eat le trajet et le but, le processus et le projet.<\/p>\n<p><strong>Nous savons aujourd&rsquo;hui, un peu\u00a0mieux, comment \u00a0les enfants trop sages, trop silencieux peuvent aussi ne pas \u00eatre vraiment l\u00e0 avec nous<\/strong>; \u00a0ils peuvent \u00eatre trop enferm\u00e9s, trop retenus , et trop pr\u00e9occup\u00e9s des adultes pour pouvpir \u00eatre eux\u00a0m\u00eames<\/p>\n<p><span><strong>Ce que tout enfant a le plus du mal \u00e0 supporter c&rsquo;est qu&rsquo;on s&rsquo;habitue trop vite et trop bien \u00e0 lui, alors qu&rsquo;il n&rsquo;arrive pas \u00e0 \u00eatre lui m\u00eame.<\/strong><\/span> Devenir soi m\u00eame suppose expression, cr\u00e9ation, cris, confrontations. Devenir soi m\u00eame suppose de rompre avec ce qui nous pr\u00e9existe, avec les images id\u00e9ales, et les normes tendues.<\/p>\n<p><span><strong>Le jeune professionnel conna\u00eet aussi ce genre de musique .<\/strong><\/span> On lui expliquera \u00e0 l&rsquo;envie que son enthousiasme pour ce qu&rsquo;il fait , sa passion pour le m\u00e9tier qu&rsquo;il d\u00e9couvre, ne sont que les erreurs de jeunesse de son identit\u00e9 professionnelle \u00e0 b\u00e2tir. Les uns diront \u00ab\u00a0Dans 10 ans tu te calmeras\u00a0\u00bb, les autres professent un \u00e9puisement rapide.<\/p>\n<p><strong><span>Des vieux de la vielle , particuli\u00e8rement \u00e9teints, pr\u00e9tendent qu&rsquo;ils \u00e9taient eux aussi tout feu , tout flamme \u00e0 leurs d\u00e9buts.<\/span> On ne les croira pas<\/strong>, \u00e0 les croire, tellement ce qu&rsquo;on voit d&rsquo;eux t\u00e9moigne\u00a0au contraire, de renoncements profonds.<\/p>\n<p><strong><span style=\"color: #ff0000\">I<\/span><span style=\"color: #ff0000\"><strong>l <\/strong>faut une formation en P\u00e9dagogie pour comprendre que la v\u00e9ritable usure ne vient pas de l&rsquo;\u00e9nergie que l&rsquo;on d\u00e9penserait mais de la peur de cette \u00e9nergie;<\/span><\/strong> de la frilosit\u00e9 , de l&rsquo;immobilisme, du cloisonnement , qui poussent le professionnel \u00e0 se retirer le plus vite possible de ses implications, de ses enthousiasmes et \u00e0 craindre l&rsquo;engagement.<\/p>\n<p><strong>Il faut une p\u00e9dagogie pour comprendre que la v\u00e9ritable fatigue ne vient pas de l&rsquo;engagement , mais qu&rsquo;elle est d\u00e9j\u00e0 l\u00e0, d\u00e8s le d\u00e9part<\/strong>, \u00a0justement pour \u00e9viter de s&rsquo;engager, par pr\u00e9caution en quelque sorte, tellement on a peur de d\u00e9couvrir et de se d\u00e9couvrir.<\/p>\n<p><strong>Tout engagement commence par un cri<\/strong>. Toute action, en P\u00e9dagogie sociale commence par une rupture: avec l&rsquo;environnement, avec le contexte, avec l&rsquo;ordre donn\u00e9 des choses.<\/p>\n<p>Il n&rsquo;y a pas de cr\u00e9ation sans rupture. Il n&rsquo;y a pas de rupture sans cr\u00e9ation.<\/p>\n<p><span><strong>Samedi, dimanche , lundi , mardi &#8230; et cet \u00e9t\u00e9 : Familles au ch\u00e2teau<\/strong><\/span><\/p>\n<p><strong>Cette ann\u00e9e plut\u00f4t que de faire une sortie \u00e0 la mer sur une seule journ\u00e9e, nous avons organis\u00e9 des vacances pour les familles ou personnes seules&#8230; au ch\u00e2teau de Buno o\u00f9 il y a beaucoup d&rsquo;activit\u00e9s \u00e0 faire. (mais nous irons \u00e9galement avec les familles , pique niquer \u00e0 la piscine \u00e0 vagues)<\/strong><\/p>\n<p>Les groupes restent entre deux et cinq jours et vont se succ\u00e9der tout au long de l&rsquo;\u00e9t\u00e9, en autonomie compl\u00e8te ou s\u00e9jour accompagn\u00e9.<\/p>\n<p><a href=\"http:\/\/recherche-action.fr\/intermedes\/files\/2014\/07\/IMG_00001715-e1404722675947.png\"><img fetchpriority=\"high\" decoding=\"async\" class=\"aligncenter size-full wp-image-3837\" src=\"http:\/\/recherche-action.fr\/intermedes\/files\/2014\/07\/IMG_00001715-e1404722675947.png\" alt=\"IMG_00001715\" width=\"653\" height=\"367\" \/><\/a><\/p>\n<p>Ce week end c&rsquo;\u00e9tait le tour de la famille S de vivre ces vacances ensemble, de sortir de Longjumeau et vivre dans un tout autre environnement.<\/p>\n<p><strong>Dimanche au jardin\u00a0:<\/strong><\/p>\n<p>Il fallait \u00eatre motiv\u00e9 pour venir au jardin aujourd\u2019hui avec ce temps. On \u00e9tait tout de m\u00eame huit mais en arrivant sur place, nous avons eu une tr\u00e8s mauvaise surprise.<\/p>\n<p>&nbsp;<\/p>\n<p><a title=\"SAM_4221\" href=\"http:\/\/www.flickr.com\/photos\/100872287@N06\/14417084430\"><img decoding=\"async\" class=\"alignnone \" src=\"https:\/\/farm4.staticflickr.com\/3896\/14417084430_c63777e5e4.jpg\" alt=\"SAM_4221\" \/><\/a>Sur le moment, je suis rest\u00e9e clou\u00e9e sur place\u00a0: notre serre a \u00e9t\u00e9 brul\u00e9e par des vandales\u00a0! Ils sont venus cette nuit et ont tout saccag\u00e9\u00a0! Tout ce qu\u2019ils ont trouv\u00e9, ils l\u2019ont jet\u00e9 dans le puits\u00a0: les brouettes, le bac o\u00f9 nous mettons l\u2019eau, les outils\u2026.<\/p>\n<p>&nbsp;<\/p>\n<p><a title=\"SAM_4236\" href=\"http:\/\/www.flickr.com\/photos\/100872287@N06\/14417150159\"><img decoding=\"async\" class=\"alignnone \" src=\"https:\/\/farm3.staticflickr.com\/2937\/14417150159_4988117b2a.jpg\" alt=\"SAM_4236\" \/><\/a>Le puits est bouch\u00e9 et inexploitable. Je n\u2019aurais jamais imagin\u00e9 un truc pareil. Nous avions bien eu des cadenas et les cordes de la balan\u00e7oire coup\u00e9s et la serre un peu abim\u00e9 mais l\u00e0, ils ont mis du c\u0153ur \u00e0 l\u2019ouvrage.<\/p>\n<p><a title=\"SAM_4218\" href=\"http:\/\/www.flickr.com\/photos\/100872287@N06\/14601742294\"><img decoding=\"async\" class=\"alignnone \" src=\"https:\/\/farm4.staticflickr.com\/3904\/14601742294_dcc282c16f.jpg\" alt=\"SAM_4218\" \/><\/a><\/p>\n<p>Mais, apr\u00e8s avoir accus\u00e9 le choc et pr\u00e9venu la gendarmerie, nous nous sommes retrouss\u00e9s les manches et avons nettoy\u00e9 et ramasser les objets brul\u00e9s et retirer ce que nous avons pu du puits.<\/p>\n<p>Zohra s\u2019est occup\u00e9 du feu, et en deux temps trois mouvements, nos saucisses \u00e9taient cuites\u00a0!<\/p>\n<p>Apr\u00e8s manger, nous avons redoubl\u00e9s d\u2019effort pour finir de nettoyer la serre et d\u00e9sherber la parcelle citrouilles\/courgettes. Ils pleuvaient des cordes et il nous a fallu du courage pour nous y mettre. On a profit\u00e9 d\u2019une l\u00e9g\u00e8re accalmie pour se motiver.<\/p>\n<p>Vu les circonstances, on a quand m\u00eame bien boss\u00e9\u00a0! C\u2019\u00e9tait mal nous conna\u00eetre que de penser que les Robinsons allaient baisser les bras\u00a0!!<\/p>\n<p>Nous sommes repartis avec quelques belles courgettes vertes et jaunes, et des carottes sous le bras\u00a0!!<\/p>\n<p><em><strong>\u00ab\u00a0<span style=\"color: #3366ff\">Ainsi commence le fascisme. Il ne dit jamais son nom<\/span>, il rampe, il flotte, quand il montre le bout de son nez, on dit : C&rsquo;est lui ? Vous croyez ? Il ne faut rien exag\u00e9rer ! Et puis un jour on le prend dans la gueule et il est trop tard pour l&rsquo;expulser.\u00a0\u00bb &#8211;\u00a0Fran\u00e7oise Giroud<\/strong><\/em><\/p>\n<p><strong>\u00a0Samedi :<\/strong><\/p>\n<p><span style=\"text-decoration: underline\"><em>Champlan<\/em><\/span> :<br \/>\nAujourd\u2019hui est une journ\u00e9e venteuse et parsem\u00e9e de crachin, mais peu importe puisque la bonne humeur est au rendez vous !<br \/>\nDans un esprit fort convivial les enfants sont venus nous accueillir d\u00e8s notre arriv\u00e9e, nous avons pu commencer alors \u00e0 installer les b\u00e2ches, les chaises mais aussi les tables !<\/p>\n<p>&nbsp;<\/p>\n<p><a title=\"SAM_4193\" href=\"http:\/\/www.flickr.com\/photos\/100872287@N06\/14623848003\"><img decoding=\"async\" class=\"alignnone \" src=\"https:\/\/farm3.staticflickr.com\/2925\/14623848003_31be3d8155.jpg\" alt=\"SAM_4193\" \/><\/a><br \/>\nAinsi une fois tout en place nous d\u00e9marrons les ateliers, certains enfants investissent les tables pour pouvoir colorier tranquillement ou encore s\u2019entrainer \u00e0 reconnaitre les lettres de l\u2019alphabet \u00e0 l\u2019aide de puzzle \u00e9ducatif<\/p>\n<p>Sur une paillasse \u00e9taient install\u00e9s les plus petits qui ont pu s\u2019amuser avec la dinette mais aussi un petit m\u00e9mo mis \u00e0 leur disposition !<\/p>\n<p><a title=\"SAM_4214\" href=\"http:\/\/www.flickr.com\/photos\/100872287@N06\/14600517721\"><img decoding=\"async\" class=\"alignnone \" src=\"https:\/\/farm4.staticflickr.com\/3838\/14600517721_7770fd294f.jpg\" alt=\"SAM_4214\" \/><\/a><br \/>\nPendant que tout ce monde \u00e9tait affair\u00e9 sur les ateliers, les ados du camp ont pr\u00e9f\u00e9r\u00e9s faire \u00ab le jeu du taureau \u00bb qui est plus ou moins le jeu du chat adapt\u00e9 au football! Certains ados ont aussi \u00ab travaill\u00e9 \u00bb un petit peu sur l\u2019alphabet apr\u00e8s s\u2019\u00eatre d\u00e9foul\u00e9 en jouant \u00e0 la balle.<\/p>\n<p><a title=\"SAM_4216\" href=\"http:\/\/www.flickr.com\/photos\/100872287@N06\/14600515551\"><img decoding=\"async\" class=\"alignnone \" src=\"https:\/\/farm3.staticflickr.com\/2904\/14600515551_fa15c55014.jpg\" alt=\"SAM_4216\" \/><\/a><br \/>\nPeu avant de se regrouper pour la collation nous avons pu faire une grande gamelle avec tous les enfants pr\u00e9sents ! Une fois le jeu fini nous nous asseyons tous en ronde sur une paillasse pour d\u00e9guster un petit gout\u00e9 convivial !<\/p>\n<p>&nbsp;<\/p>\n<p><a title=\"SAM_4204\" href=\"http:\/\/www.flickr.com\/photos\/100872287@N06\/14603188272\"><img decoding=\"async\" class=\"alignnone \" src=\"https:\/\/farm4.staticflickr.com\/3835\/14603188272_96e3f0f642.jpg\" alt=\"SAM_4204\" \/><\/a><br \/>\nMalheureusement c\u2019est l\u2019heure de partir, et comme ils nous avaient aid\u00e9 \u00e0 install\u00e9 les ateliers, les enfants nous ont aid\u00e9s \u00e0 tout ramener au camion et nous ont dit au revoir et \u00e0 bient\u00f4t !<br \/>\n<strong>VSM<\/strong><br \/>\nAujourd\u2019hui nous sommes trois au quartier accompagn\u00e9s d\u2019un petit groupe. Une petite dizaine d\u2019enfants est pr\u00e9sente autour des tapis, d\u2019humeur cr\u00e9ative aux coloriages, amus\u00e9e au devine-t\u00eate, et sportive au foot !<\/p>\n<p>&nbsp;<\/p>\n<p><a title=\"SAM_8012\" href=\"http:\/\/www.flickr.com\/photos\/100872287@N06\/14417406647\"><img decoding=\"async\" class=\"alignnone \" src=\"https:\/\/farm3.staticflickr.com\/2910\/14417406647_d77c4177a9.jpg\" alt=\"SAM_8012\" \/><\/a><a title=\"SAM_7998\" href=\"http:\/\/www.flickr.com\/photos\/100872287@N06\/14603814325\"><img decoding=\"async\" class=\"alignnone \" src=\"https:\/\/farm6.staticflickr.com\/5565\/14603814325_b5094e46a5.jpg\" alt=\"SAM_7998\" \/><\/a> On d\u00e9sherbe aussi les bacs et pr\u00e9sente les aromates, oseille et fraises \u00e0 la petite Kelly.<\/p>\n<p>&nbsp;<\/p>\n<p><a title=\"SAM_8001\" href=\"http:\/\/www.flickr.com\/photos\/100872287@N06\/14603220892\"><img decoding=\"async\" class=\"alignnone \" src=\"https:\/\/farm4.staticflickr.com\/3904\/14603220892_9fc08d8048.jpg\" alt=\"SAM_8001\" \/><\/a>Quelques enfants du camp de Champlan sont avec nous, et tr\u00e8s vite des liens se cr\u00e9ent avec les petits du quartier. On rigole, on se chamaille, on se glisse des mots \u00e0 l\u2019oreille et surtout on gambade \u00e0 toute vitesse !<\/p>\n<p>&nbsp;<\/p>\n<p><a title=\"SAM_8053\" href=\"http:\/\/www.flickr.com\/photos\/100872287@N06\/14417241219\"><img decoding=\"async\" class=\"alignnone \" src=\"https:\/\/farm6.staticflickr.com\/5560\/14417241219_c9b962cb07.jpg\" alt=\"SAM_8053\" \/><\/a><br \/>\nLe conseil de quartier commence. Tony propose d\u2019organiser un tournoi de foot au quartier, Aline pr\u00e9sente la nouvelle initiative de l\u2019association : un petit march\u00e9 au quartier o\u00f9 les familles pourront acheter \u00e0 petit prix les r\u00e9coltes du Jardin ! (50 centimes le sac).<\/p>\n<p>&nbsp;<\/p>\n<p><a title=\"SAM_8074\" href=\"http:\/\/www.flickr.com\/photos\/100872287@N06\/14603813475\"><img decoding=\"async\" class=\"alignnone \" src=\"https:\/\/farm4.staticflickr.com\/3845\/14603813475_65961e6159.jpg\" alt=\"SAM_8074\" \/><\/a> L\u2019occasion de rappeler aux enfants qu\u2019ils sont convi\u00e9s aux activit\u00e9s du jardin et de recruter de nouvelles mains vertes !<br \/>\nPuis chacun raconte ce qu\u2019il va faire pendant ses vacances et on attaque le go\u00fbter.<\/p>\n<p>&nbsp;<\/p>\n<p><a title=\"SAM_8077\" href=\"http:\/\/www.flickr.com\/photos\/100872287@N06\/14601825214\"><img decoding=\"async\" class=\"alignnone \" src=\"https:\/\/farm4.staticflickr.com\/3905\/14601825214_f07f446ff7.jpg\" alt=\"SAM_8077\" \/><\/a> Laura a pr\u00e9par\u00e9 un d\u00e9licieux crumble aux fruits rouges du jardin, qu\u2019on accompagne de compote banane-rhubarbe et des fameux sirops des Robinsons.<br \/>\nL\u2019apr\u00e8s-midi se termine et on se dit \u00e0 bient\u00f4t<\/p>\n<p>&nbsp;<\/p>\n<p><strong>Vendredi :<\/strong><br \/>\nJardin<\/p>\n<p>Nous y voila de retour, sur la route vers le jardin de Saulx-les-Chartreux ou on se retrouve accompagner par deux dames qui voudrais faire un projet de th\u00e9\u00e2tre avec l\u2019association et les mamans du quartier ,et une autre dame qui aurait fait un interview avec Jean Jacques ,Eric et Frank pour le \u00ab T\u00e9moignage Chr\u00e9tien \u00bb sur l\u2019atelier du jardin et la r\u00e9colte.<\/p>\n<p><a title=\"SAM_4151\" href=\"http:\/\/www.flickr.com\/photos\/100872287@N06\/14417290178\"><img decoding=\"async\" class=\"alignnone \" src=\"https:\/\/farm6.staticflickr.com\/5530\/14417290178_0d5e24384b.jpg\" alt=\"SAM_4151\" \/><\/a><br \/>\nCependant comme y avait aussi les \u00ab portes ouverts \u00ab du jardin, Leila avait pr\u00e9par\u00e9e au \u00ab feu du bois \u00ab une confiture de fruits rouges pour se r\u00e9galer au moment du go\u00fbter avec l\u2019aide de Eddy.<\/p>\n<p><a title=\"SAM_4165\" href=\"http:\/\/www.flickr.com\/photos\/100872287@N06\/14601898214\"><img decoding=\"async\" class=\"alignnone \" src=\"https:\/\/farm6.staticflickr.com\/5535\/14601898214_507d753d25.jpg\" alt=\"SAM_4165\" \/><\/a><br \/>\nEn ce temps la dans l\u2019autre coin du jardin avec Jean Jacques ont s\u2019est mis \u00e0 d\u00e9broussailler et d\u00e9sherber le terrain des courgettes et concombres car Eric avait d\u00e9sherb\u00e9 sous la serre.<\/p>\n<p><a title=\"SAM_4155\" href=\"http:\/\/www.flickr.com\/photos\/100872287@N06\/14601900434\"><img decoding=\"async\" class=\"alignnone \" src=\"https:\/\/farm6.staticflickr.com\/5566\/14601900434_d13e138eaa.jpg\" alt=\"SAM_4155\" \/><\/a><br \/>\nLe temps passe vite et nous y voila tous et toutes assises au tour de la table pour profiter de ce moment.<\/p>\n<p><a title=\"SAM_4146\" href=\"http:\/\/www.flickr.com\/photos\/100872287@N06\/14603897825\"><img decoding=\"async\" class=\"alignnone \" src=\"https:\/\/farm4.staticflickr.com\/3902\/14603897825_89ec1aa69e.jpg\" alt=\"SAM_4146\" \/><\/a><br \/>\n<strong>Rocade :<\/strong><br \/>\nAujourd\u2019hui, nous sommes arriv\u00e9s \u00e0 14h30 pour installer tout le mat\u00e9riel : cuisine, petite enfance et jeux de soci\u00e9t\u00e9. Nous avons mis les tentes pensant qu\u2019il allait pleuvoir..Mais le soleil et la chaleur \u00e9tait au rendez vous<\/p>\n<p><a title=\"DSCN0938\" href=\"http:\/\/www.flickr.com\/photos\/100872287@N06\/14623926363\"><img decoding=\"async\" class=\"alignnone \" src=\"https:\/\/farm4.staticflickr.com\/3836\/14623926363_446cc1fb74.jpg\" alt=\"DSCN0938\" \/><\/a>.<br \/>\nLaura \u00e9tait \u00e0 la cuisine, pour un crumble qui a mis plus de temps \u00e0 cuire que pr\u00e9vu. Nous n\u2019avons donc pas pu le manger aujourd\u2019hui.<\/p>\n<p><a title=\"DSCN0931\" href=\"http:\/\/www.flickr.com\/photos\/100872287@N06\/14417259578\"><img decoding=\"async\" class=\"alignnone \" src=\"https:\/\/farm3.staticflickr.com\/2910\/14417259578_efab343a30.jpg\" alt=\"DSCN0931\" \/><\/a><br \/>\nFerreol \u00e9tait au jeu de soci\u00e9t\u00e9 et Mathias au dessin pour continuer son projet \u00ab Autres Climats \u00bb, aujourd\u2019hui le th\u00e8me \u00e9tait \u00ab Quatre degr\u00e9s de plus \u00bb.<\/p>\n<p>Gwen \u00e9tait dehors pour jouer au foot avec les enfants qui ne voulaient pas rester dans les tentes.<\/p>\n<p>&nbsp;<\/p>\n<p><a title=\"DSCN0909\" href=\"http:\/\/www.flickr.com\/photos\/100872287@N06\/14603273092\"><img decoding=\"async\" class=\"alignnone \" src=\"https:\/\/farm4.staticflickr.com\/3898\/14603273092_7cda74b141.jpg\" alt=\"DSCN0909\" \/><\/a><br \/>\nQuant \u00e0 moi, j\u2019\u00e9tais dans la tente \u00ab petite enfance \u00bb o\u00f9 il n\u2019y avait d\u2019ailleurs pas grand monde.<\/p>\n<p>&nbsp;<\/p>\n<p><a title=\"DSCN0927\" href=\"http:\/\/www.flickr.com\/photos\/100872287@N06\/14623929003\"><img decoding=\"async\" class=\"alignnone \" src=\"https:\/\/farm6.staticflickr.com\/5559\/14623929003_b7cf70a202.jpg\" alt=\"DSCN0927\" \/><\/a><br \/>\nA 17h30, il est d\u00e9j\u00e0 l\u2019heure de ranger, nous prenons le gout\u00e9, sans le crumble de Laura malheureusement. Compote et fruits sec, la compote n\u2019a pas l\u2019air de plaire aux enfants. Tant pis \u00e7a en fera plus pour nous !<\/p>\n<p>&nbsp;<\/p>\n<p><a title=\"DSCN0940\" href=\"http:\/\/www.flickr.com\/photos\/100872287@N06\/14417453937\"><img decoding=\"async\" class=\"alignnone \" src=\"https:\/\/farm3.staticflickr.com\/2925\/14417453937_460d71864f.jpg\" alt=\"DSCN0940\" \/><\/a><br \/>\nIl est 18h, nous chargeons tout le mat\u00e9riel dans le camion et nous rentrons au local.<\/p>\n<p>&nbsp;<\/p>\n<p><strong>Jeudi :<\/strong><br \/>\nJardin :<br \/>\nToujours sous ce soleil de plomb (on ne s\u2019en plaindra pas), aujourd\u2019hui nous avons continu\u00e9 le travail entam\u00e9 en d\u00e9sherbant une bonne partie des concombres !<\/p>\n<p>&nbsp;<\/p>\n<p><a title=\"SAM_3999\" href=\"http:\/\/www.flickr.com\/photos\/100872287@N06\/14603357822\"><img decoding=\"async\" class=\"alignnone \" src=\"https:\/\/farm4.staticflickr.com\/3835\/14603357822_28a6c22195.jpg\" alt=\"SAM_3999\" \/><\/a>Pendant ce temps, les autres Robinsons ont r\u00e9colt\u00e9 les \u00e9pinards et beaucoup beaucoup de basilic pour nos bonnes salades !<br \/>\nNous avons arros\u00e9 les plants sous la serre apr\u00e8s avoir fait tout ce travail ! Jean-Jacques, Eric et Jessica ont aussi plant\u00e9 une nouvelle tourn\u00e9e de poireaux.<\/p>\n<p>&nbsp;<\/p>\n<p><a title=\"SAM_3998\" href=\"http:\/\/www.flickr.com\/photos\/100872287@N06\/14417350248\"><img decoding=\"async\" class=\"alignnone \" src=\"https:\/\/farm4.staticflickr.com\/3918\/14417350248_056efc7e82.jpg\" alt=\"SAM_3998\" \/><\/a>Transpirants et rinc\u00e9s nous nous sommes r\u00e9gal\u00e9s en mangeant notre go\u00fbter dans la fraicheur de l\u2019ombre.<\/p>\n<p>&nbsp;<\/p>\n<p><a title=\"SAM_4022\" href=\"http:\/\/www.flickr.com\/photos\/100872287@N06\/14603945255\"><img decoding=\"async\" class=\"alignnone \" src=\"https:\/\/farm3.staticflickr.com\/2931\/14603945255_0896f4cf34.jpg\" alt=\"SAM_4022\" \/><\/a><br \/>\nApr\u00e8s s\u2019\u00eatre r\u00e9gal\u00e9s, nous prenons le chemin du retour pour une prochaine apr\u00e8s-midi de jardinage !<br \/>\n<strong>Croix Breton :<\/strong><br \/>\nAujourd\u2019hui est le lancement du projet \u00ab autres climats \u00bb, en effet les enfants ont pu mettre sur papier et en couleurs leur repr\u00e9sentation d\u2019une cinqui\u00e8me saison qui apparaitrait du fait du r\u00e9chauffement climatique<\/p>\n<p>C\u2019est ainsi que certains enfants ont eu l\u2019id\u00e9e de repr\u00e9senter des fleurs poussant dans la neige ou encore une mer de feu !<br \/>\nMais tout le monde n\u2019a pas la fibre artistique, effectivement, ceux la ont pu se d\u00e9fouler tout en travaillant leur adresse en jouant au \u00ab Molki \u00bb !<br \/>\nMais le temps passe \u00e0 une vitesse, et il est d\u00e9j\u00e0 l\u2019heure de prendre le gouter !<br \/>\nEt une fois la collation prise nous rangeons l\u2019atelier et nous nous dirigeons vers le local !<br \/>\nA tr\u00e8s bient\u00f4t !<br \/>\n<strong>Skate Park :<\/strong><br \/>\nAujourd\u2019hui au Skate-Park nous lan\u00e7ons l\u2019atelier \u00ab autres climats \u00bb, anim\u00e9 par Aline qui propose aux enfants de dessiner sur le th\u00e8me d\u2019une \u00ab cinqui\u00e8me saison \u00bb.<\/p>\n<p>&nbsp;<\/p>\n<p><a title=\"DSCN0829\" href=\"http:\/\/www.flickr.com\/photos\/100872287@N06\/14602042294\"><img decoding=\"async\" class=\"alignnone \" src=\"https:\/\/farm6.staticflickr.com\/5561\/14602042294_89ae9b255b.jpg\" alt=\"DSCN0829\" \/><\/a> En r\u00e9sulte des id\u00e9es originales comme un ciel de nuages arc-en-ciel, des pluies de fleurs sur l\u2019oc\u00e9an et des animaux imaginaires.<br \/>\nDu c\u00f4t\u00e9 de la petite enfance, on s\u2019amuse \u00e0 faire des pyramides avec tous les jouets qui nous passent sous la main (et \u00e0 les \u00e9crouler pour d\u00e9clencher des fous rires).<\/p>\n<p><a title=\"DSCN0841\" href=\"http:\/\/www.flickr.com\/photos\/100872287@N06\/14624091413\"><img decoding=\"async\" class=\"alignnone \" src=\"https:\/\/farm6.staticflickr.com\/5566\/14624091413_fd664f7c77.jpg\" alt=\"DSCN0841\" \/><\/a><br \/>\nEnfin les jeux de soci\u00e9t\u00e9, et surtout le croque-carotte, font toujours plaisir aux enfants qui s\u2019agglutinent autour de la petite colline pour faire grimper leurs lapins jusqu\u2019au sommet.<\/p>\n<p>&nbsp;<\/p>\n<p><a title=\"DSCN0818\" href=\"http:\/\/www.flickr.com\/photos\/100872287@N06\/14581021386\"><img decoding=\"async\" class=\"alignnone \" src=\"https:\/\/farm4.staticflickr.com\/3907\/14581021386_ae58b9b381.jpg\" alt=\"DSCN0818\" \/><\/a><br \/>\nArrive l\u2019heure du go\u00fbter, madeleines, et chocolat arros\u00e9s des fameux sirops grenadine et menthe !<\/p>\n<p><strong>Mercredi<\/strong><br \/>\nBallainvilliers :<br \/>\nAujourd\u2019hui nous sommes arriv\u00e9s avec le soleil au camp de Ballainvilliers. Nous avons commenc\u00e9 avec un d\u00e9m\u00e9nageur dont nous avons d\u00fb reformuler les r\u00e8gles apr\u00e8s quelques jolies gamelles !<\/p>\n<p>Une fois le jeu termin\u00e9, nous nous sommes mis au travail avec des exercices pour mieux tenir les crayons et tracer de beaux traits droits.<br \/>\nNous avons commenc\u00e9 un imagier avec des dessins de ce que nos Robinsons voulaient repr\u00e9senter. Les dessins sont compl\u00e9t\u00e9s des mots en fran\u00e7ais et en roumain !<br \/>\nApr\u00e8s cette belle apr\u00e8s-midi mouvement\u00e9, nous avons d\u00e9gust\u00e9 un bon go\u00fbter : quatre-quart, past\u00e8que et grenadine au menu !!<br \/>\nUne fois rassasi\u00e9s nous sommes parti et avons dis au revoir \u00e0 tout ce beau monde !<\/p>\n<p><strong>Ludoth\u00e8que Bel air<\/strong><br \/>\nAujourd\u2019hui \u00e0 Bel Air on a jou\u00e9 au foot, au mikado, le joue de soci\u00e9t\u00e9 le troc carotte<br \/>\nApre o na joue au twister, le badminton,<\/p>\n<p>&nbsp;<\/p>\n<p><a title=\"SAM_7954\" href=\"http:\/\/www.flickr.com\/photos\/100872287@N06\/14417507639\"><img decoding=\"async\" class=\"alignnone \" src=\"https:\/\/farm3.staticflickr.com\/2926\/14417507639_012035de93.jpg\" alt=\"SAM_7954\" \/><\/a><br \/>\nLaura a jou\u00e9 au mikado avec 4-5 enfants, apr\u00e8s une partie de badminton et a fait danser les enfants gr\u00e2ce au twister. Florian a commenc\u00e9 par une partie de troc carotte avec les gar\u00e7ons puis a fait du badminton avant de lancer un match de football dans l ambiance de la coupe de monde avec eux.<\/p>\n<p><a title=\"SAM_7982\" href=\"http:\/\/www.flickr.com\/photos\/100872287@N06\/14417507099\"><img decoding=\"async\" class=\"alignnone \" src=\"https:\/\/farm4.staticflickr.com\/3915\/14417507099_77acc556c8.jpg\" alt=\"SAM_7982\" \/><\/a><br \/>\nFerr\u00e9ol a participe au match de foot, i la joue la p\u00e9tanque avec 4 enfants aussi le badminton i le twister qui il a fait le danse les enfants gr\u00e2ces au twister.<\/p>\n<p>&nbsp;<\/p>\n<p><a title=\"SAM_7976\" href=\"http:\/\/www.flickr.com\/photos\/100872287@N06\/14604080445\"><img decoding=\"async\" class=\"alignnone \" src=\"https:\/\/farm3.staticflickr.com\/2902\/14604080445_25512a6d97.jpg\" alt=\"SAM_7976\" \/><\/a><br \/>\nLeila \u00e0 joue le mikado avec les enfants apr\u00e8s il a participe a une partie de troc carotte, il a pris des photos , aussi i la parle avec les enfants pour les adh\u00e9sion.<\/p>\n<p>&nbsp;<\/p>\n<p><a title=\"SAM_7941\" href=\"http:\/\/www.flickr.com\/photos\/100872287@N06\/14581067456\"><img decoding=\"async\" class=\"alignnone \" src=\"https:\/\/farm3.staticflickr.com\/2930\/14581067456_1589684063.jpg\" alt=\"SAM_7941\" \/><\/a><br \/>\nLa gouter c\u2019\u00e9tait parfait tranquille tout le monde s\u2019assoient sur le tapis les enfants ils ont aim\u00e9e le gouter.<br \/>\n<strong>Jardin<\/strong><br \/>\nAujourd\u2019hui les mauvaises herbes ont bien pouss\u00e9e au jardin ! Qu\u2019\u00e0 cela ne tienne nous avons mis les bouch\u00e9es doubles !<\/p>\n<p>En effet apr\u00e8s avoir sorti les outils dont nous avons besoins tout le monde se met au travail! Les enfants comme les adultes d\u00e9sherbent comme de vrais jardiniers qu\u2019ils sont.<\/p>\n<p>&nbsp;<\/p>\n<p><a title=\"SAM_3975\" href=\"http:\/\/www.flickr.com\/photos\/100872287@N06\/14624196453\"><img decoding=\"async\" class=\"alignnone \" src=\"https:\/\/farm4.staticflickr.com\/3903\/14624196453_14c96f6a68.jpg\" alt=\"SAM_3975\" \/><\/a><br \/>\nUne fois les plants de courgette, de tomate et les salades \u00e9pur\u00e9es des herbes nuisibles, certains enfants d\u00e9cident d\u2019aller cueillir les framboises, les cassis, quelques salades et des courgettes!<\/p>\n<p>&nbsp;<\/p>\n<p><a title=\"SAM_3966\" href=\"http:\/\/www.flickr.com\/photos\/100872287@N06\/14603548912\"><img decoding=\"async\" class=\"alignnone \" src=\"https:\/\/farm4.staticflickr.com\/3853\/14603548912_4f06e088cf.jpg\" alt=\"SAM_3966\" \/><\/a><br \/>\nApr\u00e8s la cueillette, la chaleur devenant insoutenable, nous d\u00e9cidons d\u2019un commun accord de d\u00e9marrer une bataille d\u2019eau !<\/p>\n<p><a title=\"SAM_3967\" href=\"http:\/\/www.flickr.com\/photos\/100872287@N06\/14603545842\"><img decoding=\"async\" class=\"alignnone \" src=\"https:\/\/farm6.staticflickr.com\/5544\/14603545842_b8d9d9a8bb.jpg\" alt=\"SAM_3967\" \/><\/a><br \/>\nMais il est d\u00e9j\u00e0 l\u2019heure de prendre le gouter !<\/p>\n<p>&nbsp;<\/p>\n<p><a title=\"SAM_3995\" href=\"http:\/\/www.flickr.com\/photos\/100872287@N06\/14417524528\"><img decoding=\"async\" class=\"alignnone \" src=\"https:\/\/farm6.staticflickr.com\/5154\/14417524528_89d98c64da.jpg\" alt=\"SAM_3995\" \/><\/a> Ainsi apr\u00e8s avoir mang\u00e9 une petite collation et bu une boisson, toute le groupe se dirige non sans regret vers le camion pour retourner chacun chez soi avec pour ceux qui le d\u00e9sirait, quelques produit frais du jardin !<\/p>\n<p><a title=\"SAM_3981\" href=\"http:\/\/www.flickr.com\/photos\/100872287@N06\/14417557689\"><img decoding=\"async\" class=\"alignnone \" src=\"https:\/\/farm3.staticflickr.com\/2895\/14417557689_4455ab70e2.jpg\" alt=\"SAM_3981\" \/><\/a><\/p>\n<p>&nbsp;<\/p>\n<p><strong><span style=\"text-decoration: underline\"><span style=\"color: #ff0000;text-decoration: underline\">KRONIKS des ROBINSONS DE GRENOBLE: MME RUETABAGA<\/span><\/span><\/strong><\/p>\n<p><strong>Atelier de rue \u2013 Samedi 05 Juillet 2014 <\/strong><\/p>\n<p>Aujourd\u2019hui, nous avons propos\u00e9 un atelier argile afin de favoriser<br \/>\nla productivit\u00e9 au sein des ateliers de rue. Cet atelier a eu un tel<br \/>\nsucc\u00e8s aupr\u00e8s des enfants que la surface de la carriole ne semblait<br \/>\npas suffire pour tous les accueillir. Ce qui n\u2019a pas emp\u00each\u00e9 aux<br \/>\nenfants de prendre beaucoup de plaisir \u00e0 r\u00e9aliser leurs \u0153uvres et de<br \/>\nvraiment s\u2019investir pleinement avec minutie et application.<\/p>\n<p><a href=\"http:\/\/recherche-action.fr\/intermedes\/files\/2014\/07\/DSC03045.png\"><img decoding=\"async\" class=\"aligncenter size-full wp-image-3842\" src=\"http:\/\/recherche-action.fr\/intermedes\/files\/2014\/07\/DSC03045.png\" alt=\"DSC03045\" width=\"518\" height=\"389\" \/><\/a><br \/>\nProgressivement, le groupe s\u2019est dispers\u00e9 et des coins-jeux se sont<br \/>\nform\u00e9s tout naturellement par affinit\u00e9 m\u00ealant petits et grands. Mille<br \/>\nbornes d\u2019un c\u00f4t\u00e9, d\u00eenette de l\u2019autre.<\/p>\n<p>Pendant ce temps, le Conseil d\u2019enfants s\u2019est d\u00e9roul\u00e9 avec un petit<br \/>\nnombre d\u2019enfants qui ont fait \u00e9merger de bonnes id\u00e9es : volont\u00e9<br \/>\nd\u2019explorer le quartier et surtout de d\u00e9couvrir le nouvel emplacement<br \/>\nd\u2019atelier de rue qui a lieu le vendredi apr\u00e8s-midi de 16h \u00e0 18h.<\/p>\n<p>L\u2019atelier s\u2019est conclu par une pr\u00e9paration du go\u00fbter un peu<br \/>\nmouvement\u00e9e puisque certains enfants voulaient b\u00e9n\u00e9ficier du go\u00fbter<br \/>\navant tous les autres et venaient se servir directement. Peut-\u00eatre<br \/>\nserait-il envisageable de revoir l\u2019organisation du go\u00fbter afin de<br \/>\npermettre aux responsables d\u2019assurer le r\u00f4le convenablement<br \/>\njusqu\u2019au bout ? Pendant celui-ci, quelques brimades ont \u00e9t\u00e9<br \/>\n\u00e9chang\u00e9, la tension \u00e9tait palpable entre certaines enfants mais tr\u00e8s<br \/>\nrapidement le climat s\u2019est apais\u00e9.<\/p>\n<p>MERCI A TOUS LES PETITS ARTISTES EN HERBE POUR LEUR TALENT ARISTIQUE !!<\/p>\n","protected":false},"excerpt":{"rendered":"<p>Durant le XX\u00e8me si\u00e8cle, les pu\u00e9ricultrices et les\u00a0\u00e9ducateurs ont appris \u00e0 s&rsquo;inqui\u00e9ter des jeunes\u00a0enfants trop sages. Cela n&rsquo;allait pas de soi. Pendant des si\u00e8cles, auparavant,\u00a0, la pens\u00e9e sur l&rsquo;\u00e9ducation avait \u00e9t\u00e9 marqu\u00e9e par la n\u00e9gation de tout ce qui repr\u00e9sentait l&rsquo;enfance. L&rsquo;enfant devait \u00eatre adulte en miniature, et nier par son comportement\u00a0toutes les qualit\u00e9s de &hellip; <a href=\"https:\/\/recherche-action.fr\/intermedes\/2014\/07\/06\/tout-chant-commence-dabord-par-un-cri\/\" class=\"more-link\">Continuer la lecture<span class=\"screen-reader-text\"> de &laquo;&nbsp;Tout chant commence d&rsquo;abord par un cri&nbsp;&raquo;<\/span><\/a><\/p>\n","protected":false},"author":1,"featured_media":0,"comment_status":"open","ping_status":"open","sticky":false,"template":"","format":"standard","meta":{"footnotes":""},"categories":[1],"tags":[],"class_list":["post-3834","post","type-post","status-publish","format-standard","hentry","category-non-classe"],"jetpack_featured_media_url":"","_links":{"self":[{"href":"https:\/\/recherche-action.fr\/intermedes\/wp-json\/wp\/v2\/posts\/3834","targetHints":{"allow":["GET"]}}],"collection":[{"href":"https:\/\/recherche-action.fr\/intermedes\/wp-json\/wp\/v2\/posts"}],"about":[{"href":"https:\/\/recherche-action.fr\/intermedes\/wp-json\/wp\/v2\/types\/post"}],"author":[{"embeddable":true,"href":"https:\/\/recherche-action.fr\/intermedes\/wp-json\/wp\/v2\/users\/1"}],"replies":[{"embeddable":true,"href":"https:\/\/recherche-action.fr\/intermedes\/wp-json\/wp\/v2\/comments?post=3834"}],"version-history":[{"count":0,"href":"https:\/\/recherche-action.fr\/intermedes\/wp-json\/wp\/v2\/posts\/3834\/revisions"}],"wp:attachment":[{"href":"https:\/\/recherche-action.fr\/intermedes\/wp-json\/wp\/v2\/media?parent=3834"}],"wp:term":[{"taxonomy":"category","embeddable":true,"href":"https:\/\/recherche-action.fr\/intermedes\/wp-json\/wp\/v2\/categories?post=3834"},{"taxonomy":"post_tag","embeddable":true,"href":"https:\/\/recherche-action.fr\/intermedes\/wp-json\/wp\/v2\/tags?post=3834"}],"curies":[{"name":"wp","href":"https:\/\/api.w.org\/{rel}","templated":true}]}}