{"id":3893,"date":"2014-08-08T10:07:19","date_gmt":"2014-08-08T09:07:19","guid":{"rendered":"http:\/\/recherche-action.fr\/intermedes\/?p=3893"},"modified":"2014-08-08T10:07:19","modified_gmt":"2014-08-08T09:07:19","slug":"decoloniser-mon-esprit-passer-de-la-difference-a-la-singularite","status":"publish","type":"post","link":"https:\/\/recherche-action.fr\/intermedes\/2014\/08\/08\/decoloniser-mon-esprit-passer-de-la-difference-a-la-singularite\/","title":{"rendered":"D\u00e9coloniser mon esprit: passer de la diff\u00e9rence \u00e0 la singularit\u00e9"},"content":{"rendered":"<p><strong><span style=\"color: #0000ff\">C&rsquo;est gr\u00e2ce \u00e0 Frantz Fanon que nous savons aujourd&rsquo;hui que le colonialisme n&rsquo;est pas toujours ce que l&rsquo;on croit. Est en premier colonis\u00e9 l&rsquo;esprit du colonisateur.<\/span><\/strong><\/p>\n<p><a href=\"http:\/\/recherche-action.fr\/intermedes\/files\/2014\/08\/image6.jpg\"><img fetchpriority=\"high\" decoding=\"async\" class=\"aligncenter size-full wp-image-3902\" src=\"http:\/\/recherche-action.fr\/intermedes\/files\/2014\/08\/image6.jpg\" alt=\"image6\" width=\"1027\" height=\"770\" \/><\/a><\/p>\n<p>L&rsquo;h\u00e9ritage du colonialisme est avant tout ce qui monopolise, occupe et exploite &#8230;nos propres esprits. La d\u00e9colonisation mentale chez le colonisateur, \u00a0est un processus autrement plus lent et compliqu\u00e9 que celui de la d\u00e9colonisation historique: elle ne peut pas se faire sans nous.<\/p>\n<p>la ruse du colonialisme est d&rsquo;\u00eatre toujours en jeu l\u00e0 et quand on on n&rsquo;y croit plus. L&rsquo;esprit colonial est pr\u00e9sent dans cette \u00e9vidence du cr\u00e9dit que nous portons aux versions polici\u00e8res et institutionnelles, dans notre foi dans la parole de l&rsquo;adulte plut\u00f4t que de l&rsquo;enfant, dans cette tendance \u00e0 d\u00e9nier toute once de v\u00e9rit\u00e9 dans le propos du \u00ab\u00a0jeune des cit\u00e9s\u00a0\u00bb.<\/p>\n<p>Fanon disait que la barbarie existait avant tout dans la facilit\u00e9 que nous avons de croire en la barbarie (des autres). Nous regardons le spectacle du monde et de la soci\u00e9t\u00e9 et nous ne pouvons qu&rsquo;adh\u00e9rer malgr\u00e9 nous \u00e0 toute cette pseudo barbarie qu&rsquo;on nous met sous les yeux.<\/p>\n<p>Les jeunes des cit\u00e9? Barbares et ignorants, comme les rroms sans doute et leur propension \u00e0 vivre en bidonvilles et \u00e0 y mettre leurs enfants. Comme sont barbares ces peuples lointains qu&rsquo;on ne comprend pas et qui se battent contre toute \u00e9vidence contre ce qui est beau et bon: la d\u00e9mocratie, la science, la culture et l&rsquo;occident.<\/p>\n<p>C&rsquo;est dans ce recoins de nos esprits que nous n&rsquo;avons pas choisis, pas b\u00e2tis,\u00a0que nous d\u00e9couvrons que nous sommes nous m\u00eames \u00ab\u00a0occup\u00e9s\u00a0\u00bb, colonis\u00e9s, pens\u00e9s plut\u00f4t que penseurs, objets plut\u00f4t qu&rsquo;auteurs.<\/p>\n<p>Pourquoi ne croyons nous pas ce que nous dit cet enfant des brimades qu&rsquo;il a subies \u00e0 l&rsquo;\u00e9cole, des propos qu&rsquo;on lui a dits sur lui, sa famille et son mode de vie? Pourquoi croyons nous toujours ce qui a pignon sur rue, ce qui est patent\u00e9, dipl\u00f4m\u00e9 et labellis\u00e9?<\/p>\n<p>Comment supposons nous la ruse et la feinte chez ceux qui n&rsquo;ont aucun pouvoir et ne pouvons nous r\u00e9soudre \u00e0 admettre leur existence chez ceux qui ont toute latitude pour cela?<\/p>\n<p>La raison de cette propension \u00e0 ne pas voir, ne pas entendre, (ce qui, au fond, est \u00a0exactement \u00a0le colonialisme), provient d&rsquo;une tendance puissante: l&rsquo;identification.<\/p>\n<p>Nous nous identifions spontan\u00e9ment \u00e0 ce que \u00e0 quoi et \u00e0 qui nous croyons ressembler\u00a0et , dans ce mouvement d&rsquo;identification, nous pla\u00e7ons de l&rsquo;irrationnel: la foi, la croyance, l&rsquo;\u00e9vidence et la confiance.<\/p>\n<p>&nbsp;<\/p>\n<p><a title=\"DSCN1416\" href=\"http:\/\/www.flickr.com\/photos\/100872287@N06\/14708827500\"><img decoding=\"async\" class=\"alignnone \" src=\"https:\/\/farm4.staticflickr.com\/3864\/14708827500_8fc4b5ccb0.jpg\" alt=\"DSCN1416\" \/><\/a><\/p>\n<p>D\u00e8s lors , je ne per\u00e7ois jamais aucune singularit\u00e9; ceux en qui je m&rsquo;identifie sont faussement per\u00e7us comme des extensions d&rsquo;un aspect de moi m\u00eame; ceux \u00e0 qui je ne peux m&rsquo;identifier sont uniquement per\u00e7us comme pures diff\u00e9rences.<\/p>\n<p>Jamais je n&rsquo;acc\u00e8de \u00e0 la v\u00e9rit\u00e9 de l&rsquo;autre, tout autre, qu&rsquo;il me soit proche ou lointain, \u00e0 savoir sa singularit\u00e9.<\/p>\n<p>Et pourtant le \u00ab\u00a0lointain\u00a0\u00bb, le \u00ab\u00a0diff\u00e9rent\u00a0\u00bb sont sans doute ceux qui peuvent m&rsquo;apprendre le mieux \u00e0 percevoir les choses et les gens comme ils sont, en dehors des fausses \u00e9vidences et identifications. Or, tout est fait, tout est dit, aujourd&rsquo;hui, \u00a0pour nous en \u00e9loigner.<\/p>\n<p>Jamais les cit\u00e9s, les quartiers, les bidonvilles n&rsquo;ont \u00e9t\u00e9 si loin de nous, si barricad\u00e9s , ensevelis sous leur propre repr\u00e9sentation. Jamais les distances et les diff\u00e9rences n&rsquo;ont \u00e9t\u00e9 autant aiguis\u00e9es , simplifi\u00e9es. C&rsquo;est le grand retour du barbare, alors que c&rsquo;est notre ignorance de l&rsquo;autre qui ne cesse de cro\u00eetre.<\/p>\n<p>Et tout cela se fait sans nous, sans notre faute, notre culpabilit\u00e9, notre volont\u00e9. C&rsquo;est \u00e0 notre insu que notre image de l&rsquo;autre est trafiqu\u00e9e et seul le contact direct, la confrontation, l&rsquo;exp\u00e9rience et la rencontre peuvent nous en gu\u00e9rir.<\/p>\n<p><strong><span style=\"color: #ff0000\">\u00a0Extrait de \u00ab\u00a0Mon \u00e9cole\u00a0\u00bb (la plan\u00e8te des sages), ( J. Agnes et collectif) :<\/span><\/strong><\/p>\n<p><span style=\"color: #0000ff\"><em>\u00ab\u00a0Il est temps d&rsquo;apprendre \u00e0 vivre<\/em><\/span><\/p>\n<p><span style=\"color: #0000ff\"><em>En suivant d&rsquo;autres chemins<\/em><\/span><\/p>\n<p><span style=\"color: #0000ff\"><em><strong>Et qu&rsquo;un jour on se d\u00e9livre<\/strong><\/em><\/span><\/p>\n<p><span style=\"color: #0000ff\"><em><strong>des mensonges qu&rsquo;on nous tient<\/strong><\/em><\/span><\/p>\n<p><span style=\"color: #0000ff\"><em>Il est temps que les murs tombent<\/em><\/span><\/p>\n<p><span style=\"color: #0000ff\"><em>sur les vies<\/em><\/span><\/p>\n<p><span style=\"color: #0000ff\"><em>que l&rsquo;ennui<\/em><\/span><\/p>\n<p><span style=\"color: #0000ff\"><em>a vaincues :<\/em><\/span><\/p>\n<p><span style=\"color: #0000ff\"><em>Mon \u00e9cole sera la tombe<\/em><\/span><\/p>\n<p><span style=\"color: #0000ff\"><em>des brimades r\u00e9volues\u00a0\u00bb<\/em><\/span><\/p>\n<p><strong>Dimanche:<\/strong><\/p>\n<p class=\"p2\">Jardin avec les familles<br \/>\nIl pleut pour changer&#8230;. Qui voudrait bien sortir par un temps pareil&#8230;. ?<\/p>\n<p class=\"p2\">Et bien Zohra, Mohammed, Mounira, Zohra, Hafsatou, Th\u00e9o et Jessica r\u00e9pondent tout de m\u00eame \u00e0 l\u2019appel ! Cela nous remonte grandement le moral !<br \/>\n<strong>\u00ab Vous verrez \u00bb dit Zohra, \u00ab Quand on va arriver, il va faire beau ! \u00bb. Inch Allah, comme on dit par chez toi tr\u00e8s ch\u00e8re Zohra ! Lorsqu\u2019on arrive, la pluie s\u2019est arr\u00eat\u00e9e&#8230;<\/strong> Vite, vite, on allume le barbecue, car nos convives on pr\u00e9vu un festin !<\/p>\n<p class=\"p2\"><a title=\"SAM_5185\" href=\"http:\/\/www.flickr.com\/photos\/100872287@N06\/14872388526\"><img decoding=\"async\" class=\"alignnone \" src=\"https:\/\/farm6.staticflickr.com\/5590\/14872388526_69bd0afa30.jpg\" alt=\"SAM_5185\" \/><\/a><br \/>\nMais en attendant, si on d\u00e9sherbait ? Les haricots en ont besoin&#8230; Le reste du jardin en a besoin aussi d\u2019ailleurs, mais il faut bien commencer quelque part&#8230; Le\u00efla et Hafsatou s\u2019affairent dans les restes de la serre. Il faut tout enlever, les outils comme les mauvaises herbes ! Par de petites pauses (tr\u00e8s) r\u00e9guli\u00e8res, Hafsatou, aid\u00e9e de Th\u00e9o et de Mohammed, sort des brouettes enti\u00e8res de longues herbes.<\/p>\n<p class=\"p2\"><a title=\"SAM_5173\" href=\"http:\/\/www.flickr.com\/photos\/100872287@N06\/14708703200\"><img decoding=\"async\" class=\"alignnone \" src=\"https:\/\/farm6.staticflickr.com\/5576\/14708703200_140102db78.jpg\" alt=\"SAM_5173\" \/><\/a><br \/>\nEn m\u00eame temps, comment se concentrer lorsque de si bonnes odeurs s\u2019\u00e9chappent du barbecue ? C\u2019est intenable ! Jessica en pique m\u00eame une col\u00e8re ! Non ce n\u2019\u00e9tait pas pour \u00e7a, la pauvre est venu en tongues , et comme c\u2019est mouill\u00e9, \u00e7a glisse&#8230;.<\/p>\n<p class=\"p2\">Bref, \u00e0 table !!!! Mounira a fait des briques avec du saumon, Zohra1 des beignets, Zohra2 une salade de pommes de terre, il y a des merguez&#8230; On ne sait plus o\u00f9 donner de la t\u00eate !! On se remplie la panse et on passe au th\u00e9 \u00e0 la menthe. Le soleil sort un timide rayon, le th\u00e9 est bien chaud, et pour les gens concern\u00e9s, la cigarette est bien bonne&#8230;. On est bien&#8230;<\/p>\n<p class=\"p2\"><a title=\"SAM_5161\" href=\"http:\/\/www.flickr.com\/photos\/100872287@N06\/14708850137\"><img decoding=\"async\" class=\"alignnone \" src=\"https:\/\/farm4.staticflickr.com\/3865\/14708850137_37d56b96a9.jpg\" alt=\"SAM_5161\" \/><\/a><br \/>\nEntre temps, des amis de Mounira sont arriv\u00e9s. C\u2019est super ! Un peu de main d\u2019oeuvre !<br \/>\nC\u2019est pas le tout, mais il faut y retourner. La serre se vide petit \u00e0 petit, les Zohra ont ramasser des pommes de terre et des carottes, Lucie de la rhubarbe, Th\u00e9o et Mohammed, des courgettes. Bigre&#8230; Mohammed est phobique des orties&#8230; Il n\u2019est pas sorti d\u2019affaire le pauvre.<\/p>\n<p class=\"p2\"><a title=\"SAM_5186\" href=\"http:\/\/www.flickr.com\/photos\/100872287@N06\/14892312371\"><img decoding=\"async\" class=\"alignnone \" src=\"https:\/\/farm4.staticflickr.com\/3892\/14892312371_343a048efe.jpg\" alt=\"SAM_5186\" \/><\/a><br \/>\nIl pleut, il fait beau, il re pleut, il re fait beau&#8230;.<br \/>\nEt arrive le temps de partir&#8230; Mais de beaux plans sont en pr\u00e9paration ! On attend des photos du groupe de Zohra qui va au Ch\u00e2teau la semaine prochaine, et du couscous du prochain jardin (Nicolae, attention c\u2019est pour toi \u00e7a&#8230;)<br \/>\nMerci tout le monde et \u00e0 bient\u00f4t !<\/p>\n<p class=\"p2\"><a title=\"SAM_5169\" href=\"http:\/\/www.flickr.com\/photos\/100872287@N06\/14708782068\"><img decoding=\"async\" class=\"alignnone \" src=\"https:\/\/farm6.staticflickr.com\/5573\/14708782068_09d4cd1685.jpg\" alt=\"SAM_5169\" \/><\/a><\/p>\n<p><strong>Samedi :*<\/strong><br \/>\n<strong> Sortie piscine a vagues !!!<\/strong><\/p>\n<p>D\u00e9s le petit matin, on embarque pour notre sortie a la piscine avec les familles et les enfants du quartier qui n&rsquo;ont pu acc\u00e9der \u00e0 aucune sorte de vacances.\u00a0<span style=\"color: #ff0000\"><strong>Pour les Robinsons, tout le monde sort sans conditions.<\/strong><\/span><\/p>\n<p><span style=\"color: #ff0000\"><strong><a title=\"DSCN1429\" href=\"http:\/\/www.flickr.com\/photos\/100872287@N06\/14710194187\"><span style=\"color: #ff0000\"><img decoding=\"async\" class=\"alignnone \" src=\"https:\/\/farm6.staticflickr.com\/5553\/14710194187_cab29c27fb.jpg\" alt=\"DSCN1429\" \/><\/span><\/a><\/strong><\/span><br \/>\n<span style=\"color: #ff0000\"><strong> Avec un peu de retard nous y voila :Ana\u00a0et ses enfants,<\/strong><\/span><\/p>\n<p><a title=\"DSCN1430\" href=\"http:\/\/www.flickr.com\/photos\/100872287@N06\/14710120988\"><img decoding=\"async\" class=\"alignnone \" src=\"https:\/\/farm4.staticflickr.com\/3902\/14710120988_d136d0042c.jpg\" alt=\"DSCN1430\" \/><\/a><\/p>\n<p>Awa et ses enfants, Aminata ,Jessica, les enfants B., Najamy, Loceinie, Nabintou, Syra et sa soeur, tout le monde est arriv\u00e9 ! Nous partons avec les paquets aid\u00e9s par tous les enfants et les mamans.<\/p>\n<p><a title=\"SAM_5154\" href=\"http:\/\/www.flickr.com\/photos\/100872287@N06\/14709993569\"><img decoding=\"async\" class=\"alignnone \" src=\"https:\/\/farm4.staticflickr.com\/3908\/14709993569_3236eb0778.jpg\" alt=\"SAM_5154\" \/><\/a><br \/>\nOn s\u2019est fait attendre un peu plus d\u2019une heure et demie car notre itin\u00e9raire n\u2019\u00e9tait pas tr\u00e8s pr\u00e9cis mais la balade a fait du bien \u00e0 tout le monde. On a eu le temps de parler et rigoler sur le chemin.<\/p>\n<p><a title=\"DSCN1460\" href=\"http:\/\/www.flickr.com\/photos\/100872287@N06\/14710081758\"><img decoding=\"async\" class=\"alignnone \" src=\"https:\/\/farm4.staticflickr.com\/3851\/14710081758_736db4ff7c.jpg\" alt=\"DSCN1460\" \/><\/a><br \/>\n<strong>Abdel (qui nous attendait depuis deux heures) nous accueille avec le sourire, et tout le monde va pr\u00e9parer le d\u00e9jeuner. Les enfants et Jessica n\u2019ont pas attendu et sont jet\u00e9s directement \u00e0 l\u2019eau avec Lucie.<\/strong><\/p>\n<p><a title=\"DSCN1437\" href=\"http:\/\/www.flickr.com\/photos\/100872287@N06\/14896688695\"><img decoding=\"async\" class=\"alignnone \" src=\"https:\/\/farm6.staticflickr.com\/5591\/14896688695_2b92ea72fe.jpg\" alt=\"DSCN1437\" \/><\/a><\/p>\n<p>Petit \u00e0 petit, les enfants ainsi que les adultes se dirigent vers l\u2019immense toboggan pour faire monter l\u2019adr\u00e9naline. Tout d\u2019un coup on entend : \u00ab Il y a les vagues ! \u00bb. Branle-bas-de-combat, la foule se pr\u00e9cipite dans la piscine \u00e0 vague.<\/p>\n<p><a title=\"DSCN1467\" href=\"http:\/\/www.flickr.com\/photos\/100872287@N06\/14893619071\"><img decoding=\"async\" class=\"alignnone \" src=\"https:\/\/farm6.staticflickr.com\/5575\/14893619071_7b83a20b7f.jpg\" alt=\"DSCN1467\" \/><\/a><\/p>\n<p>Cependant, le reste des adultes comme Nicolae, Le\u00efla, Quentin et Abdel d\u00e9ballent le mat\u00e9riel de cirque concurrence les vagues.<br \/>\nAvant de partir, Nicolae et Abdel se pr\u00e9parent pour une course de toboggan. Ils sont rejoints par Aline, Quentin et Jessica ! Abdel arrive premier \u00e0 tous les coups, mais c\u2019est Nicolae qui crie victoire le premier &#8230;<\/p>\n<p><a title=\"DSCN1456\" href=\"http:\/\/www.flickr.com\/photos\/100872287@N06\/14893639381\"><img decoding=\"async\" class=\"alignnone \" src=\"https:\/\/farm4.staticflickr.com\/3837\/14893639381_72407f4022.jpg\" alt=\"DSCN1456\" \/><\/a><br \/>\nTout le monde se rassemble pour partager le go\u00fbter, \u00e9puis\u00e9 par cette apr\u00e8s-midi m\u00e9morable.<\/p>\n<p><a title=\"DSCN1435\" href=\"http:\/\/www.flickr.com\/photos\/100872287@N06\/14710111078\"><img decoding=\"async\" class=\"alignnone \" src=\"https:\/\/farm4.staticflickr.com\/3902\/14710111078_020f5ec749.jpg\" alt=\"DSCN1435\" \/><\/a><br \/>\nEnfin, nous amor\u00e7ons le retour jusqu\u2019\u00e0 Longjumeau.<\/p>\n<p class=\"p2\"><span class=\"s1\">\u00a0Vendredi :<br \/>\nPour cette apr\u00e8s-midi ont s\u2019est dit qu\u2019on ferrai un atelier de jardinage a la Villa St.Martin pour r\u00e9cup\u00e9rer le s\u00e9ance de jardinage qui on n\u2019a pas pu assurer la pr\u00e9sence pour d\u00e9sherber nos belles tomates et salades car ils ont bien pouss\u00e9e et j\u2019esp\u00e8re que cette ann\u00e9e la on vas avoir des tomates pour notre r\u00e9colte.<\/span><\/p>\n<p class=\"p2\"><a title=\"SAM_8448\" href=\"http:\/\/www.flickr.com\/photos\/100872287@N06\/14708809159\"><img decoding=\"async\" class=\"alignnone \" src=\"https:\/\/farm6.staticflickr.com\/5551\/14708809159_c761472704.jpg\" alt=\"SAM_8448\" \/><\/a><\/p>\n<p class=\"p2\"><span class=\"s1\">Mais nous y voila avec Jessica bien motiv\u00e9s pour nous\u00a0occuper comme il \u00a0faut des parcelles .Malheureusement la pluie n\u2019a pas cess\u00e9 longtemps , et,\u00a0m\u00eame on a continu\u00e9 de d\u00e9sherber et de tutorer les tomates et cueillir quelques salades pour la r\u00e9compense de Jessica !<\/span><\/p>\n<p class=\"p2\"><span class=\"s1\"><a title=\"SAM_8437\" href=\"http:\/\/www.flickr.com\/photos\/100872287@N06\/14895434145\"><img decoding=\"async\" class=\"alignnone \" src=\"https:\/\/farm6.staticflickr.com\/5589\/14895434145_1c8e551148.jpg\" alt=\"SAM_8437\" \/><\/a><br \/>\nOn s\u2019est dit qu\u2019on a bien avanc\u00e9 sur notre activit\u00e9s d\u2019aujourd\u2019hui et au lieu de rester prendre le go\u00fbter nous deux , on \u00e0 pris la d\u00e9cision de rejoindre les autres pour \u00eatre plus nombreux et d\u2019en profiter de ce moment !!!<\/span><\/p>\n<p class=\"p2\"><span class=\"s1\"><a title=\"SAM_8441\" href=\"http:\/\/www.flickr.com\/photos\/100872287@N06\/14708774060\"><img decoding=\"async\" class=\"alignnone \" src=\"https:\/\/farm4.staticflickr.com\/3835\/14708774060_1317664dfe.jpg\" alt=\"SAM_8441\" \/><\/a><br \/>\n<strong>A la prochaine !<\/strong><\/span><\/p>\n<p class=\"p2\">La Rocade:<\/p>\n<p>Entre deux averses, Le\u00efla, Lucie et Laura acheminent leur bazard jusqu\u2019\u00e0 la Rocade, suivies\u00a0de pr\u00e8s par Locennie, Najamie et Nabintou.<br \/>\nA peine les tapis install\u00e9s que Croque Carotte est d\u00e9j\u00e0 de sortie ! C\u2019est Laura qui s\u2019y colle, mais ce n\u2019est pas elle qui gagne cette fois encore.<br \/>\nIl n y a pas grand monde&#8230; Et en plus revoil\u00e0 la pluie ! Nous aurons tent\u00e9 le jeu du \u00ab p\u2019tit bac \u00bb jusqu\u2019\u00e0 ce que les feuilles se d\u00e9chirent \u00e0 cause des gouttes. Et puis de toute mani\u00e8re, je ne citerais pas de nom, mais y en a plein qui trichent !<\/p>\n<p><a title=\"DSCN1407\" href=\"http:\/\/www.flickr.com\/photos\/100872287@N06\/14708879259\"><img decoding=\"async\" class=\"alignnone \" src=\"https:\/\/farm4.staticflickr.com\/3905\/14708879259_62926534a4.jpg\" alt=\"DSCN1407\" \/><\/a><br \/>\nLocennie d\u00e9borde d\u2019\u00e9n\u00e9rgie. Il a trouv\u00e9 un moyen de se faire pousser sur le diable, qu\u2019il a rebaptis\u00e9 sa \u00ab poussette \u00bb, et qu\u2019il a customiz\u00e9 en d\u00e9valisant la boite de jouets petite enfance. \u00ab Aller Lucie ! A ton tour de te faire pousser ! \u00bb Heu, non merci&#8230;.<\/p>\n<p><a title=\"DSCN1416\" href=\"http:\/\/www.flickr.com\/photos\/100872287@N06\/14708827500\"><img decoding=\"async\" class=\"alignnone \" src=\"https:\/\/farm4.staticflickr.com\/3864\/14708827500_8fc4b5ccb0.jpg\" alt=\"DSCN1416\" \/><\/a><br \/>\nOooh, des gens qui arrivent ! Des enfants ! C\u2019est merveilleux !<br \/>\nD\u2019abord, c\u2019est au groupe de Nicolae (qui revient du jardin) de d\u00e9barquer \u00ab pour le gouter \u00bb. Haha, encore 1h \u00e0 patienter les amis ! Jessica, ses pieds pleins de terre et sa salade dans la poche, en profite pour sortir les poup\u00e9es.<br \/>\nPuis nous faisons la connaissance des jumelles, Lina et Soumaya qui se plongent dans les encastrements et les percussions. Elles sont si concentr\u00e9es qu\u2019elles jettent des regards noirs \u00e0 Nicolae qui, mourrait d\u2019envie de voir la couleur de leurs yeux, et \u00a0ne cesse de les perturber !<\/p>\n<p><a title=\"DSCN1421\" href=\"http:\/\/www.flickr.com\/photos\/100872287@N06\/14708894538\"><img decoding=\"async\" class=\"alignnone \" src=\"https:\/\/farm4.staticflickr.com\/3843\/14708894538_3672faa501.jpg\" alt=\"DSCN1421\" \/><\/a><br \/>\nEntre temps, on a perdu Nesrine sous la pluie&#8230;. A mais non, elle est l\u00e0 ! Cach\u00e9e sous sa veste, telle une tortue.<br \/>\n<strong><span style=\"color: #0000ff\">Voila le gouter !!! Lait chaud, madeleines, cookies au chocolat&#8230; Un festin auquel Nesrine la tortue ne peut pas r\u00e9sister tr\u00e8s longtemps&#8230;. On ne vous dira pas tout ce qu\u2019elle a mang\u00e9 mais quand m\u00eame&#8230; !<\/span><\/strong><\/p>\n<p><a title=\"DSCN1413\" href=\"http:\/\/www.flickr.com\/photos\/100872287@N06\/14708971597\"><img decoding=\"async\" class=\"alignnone \" src=\"https:\/\/farm4.staticflickr.com\/3902\/14708971597_d0d09f5006.jpg\" alt=\"DSCN1413\" \/><\/a><br \/>\nC\u2019est fini, on remballe ! A la prochaine !<\/p>\n<p><strong><span style=\"color: #ff0000\">Vendredi chez nos partenaires d&rsquo;OMP de Palaiseau:<\/span><\/strong><\/p>\n<div>\n<div id=\"yiv2246296662\">\n<div>\n<div>\n<div id=\"yiv2246296662yui_3_16_0_1_1407830604401_23920\">Je suis retourn\u00e9e \u00e0 l&rsquo;OMP sans Dylan mais avec la jeune A\u00efssata qui a r\u00e9cemment adh\u00e9r\u00e9 \u00e0 notre association.<\/div>\n<div id=\"yiv2246296662yui_3_16_0_1_1407830604401_23920\">J&rsquo;ai remarqu\u00e9 qu&rsquo;elle aimait bien tout ce qui \u00e9tait manuel et me suis dit que \u00e7a lui plairait de participer \u00e0 la d\u00e9coration du festival Ao\u00fbtside.<\/div>\n<div><\/div>\n<div>Bingo !! M\u00eame si ce n&rsquo;est pas \u00e9vident et un peu r\u00e9barbatif de retirer les agrafes des planches des palettes, elle s&rsquo;en occupe et ne baisse pas les bras.<\/div>\n<div><strong>C&rsquo;est la plus jeune, elle a 10 ans mais travaille comme les autres.<\/strong><\/div>\n<div><a title=\"SAM_5135\" href=\"http:\/\/www.flickr.com\/photos\/100872287@N06\/14896137745\"><img decoding=\"async\" class=\"alignnone \" src=\"https:\/\/farm4.staticflickr.com\/3847\/14896137745_ed99f31461.jpg\" alt=\"SAM_5135\" \/><\/a><\/div>\n<div><\/div>\n<div>Sofia est \u00e0 ses c\u00f4t\u00e9s tandis que Luis retire les planches de l&rsquo;armature des palettes. Tout \u00e7a constitue la mati\u00e8re premi\u00e8re des confections \u00e0 venir. Dans le garage, il y un parasol et des assises faits avec des palettes. C&rsquo;est g\u00e9nial tout ce qu&rsquo;on peut faire avec.<\/div>\n<div><\/div>\n<div><a title=\"SAM_5134\" href=\"http:\/\/www.flickr.com\/photos\/100872287@N06\/14709519249\"><img decoding=\"async\" class=\"alignnone \" src=\"https:\/\/farm4.staticflickr.com\/3867\/14709519249_f4819c4d48.jpg\" alt=\"SAM_5134\" \/><\/a><\/div>\n<div id=\"yiv2246296662yui_3_16_0_1_1407830604401_23920\"><strong>Johanna nous propose de participer \u00e0 la confection de causeuses, ou de \u00ab\u00a0toi et moi\u00a0\u00bb: c&rsquo;est une assise double avec des si\u00e8ges c\u00f4te \u00e0 c\u00f4te mais t\u00eate b\u00eache !<\/strong> Cl\u00e9ment, un b\u00e9n\u00e9vole de l&rsquo;OMP aide Sofia et A\u00efssata \u00e0 manier la scie sauteuse pour d\u00e9couper le cadre d&rsquo;une palette. Les morceaux d\u00e9coup\u00e9s serviront de pieds \u00e0 notre assise. Je ne visualise pas tr\u00e8s bien mais tout le monde est bienveillant et nous accompagne dans nos d\u00e9coupes. A\u00efe, la lame casse ! On change de scie et on continue ! Les filles aideront ensuite Mathilde \u00e0 viser le socle pour le pied du parasol.<\/div>\n<div><\/div>\n<div><a title=\"SAM_5132\" href=\"http:\/\/www.flickr.com\/photos\/100872287@N06\/14709560098\"><img decoding=\"async\" class=\"alignnone \" src=\"https:\/\/farm4.staticflickr.com\/3854\/14709560098_e668ff7ea3.jpg\" alt=\"SAM_5132\" \/><\/a><\/div>\n<div id=\"yiv2246296662yui_3_16_0_1_1407830604401_23920\">Johanna s&rsquo;\u00e9tant absent\u00e9e et manquant de directives, nous\u00a0finirons l&rsquo;apr\u00e8s midi par refaire quelques jolies fleurs en origami. Cl\u00e9ment apprend \u00e0 faire les fleurs avec nous, apr\u00e8s nous avoir aid\u00e9 avec la scie sauteuse.<\/div>\n<div><\/div>\n<div><a title=\"SAM_5129\" href=\"http:\/\/www.flickr.com\/photos\/100872287@N06\/14893115971\"><img decoding=\"async\" class=\"alignnone \" src=\"https:\/\/farm4.staticflickr.com\/3837\/14893115971_e7baebf8e1.jpg\" alt=\"SAM_5129\" \/><\/a><\/div>\n<div>L&rsquo;\u00e9change de savoir-faire a commenc\u00e9 ! Comme je souhaite que le groupe acquiert un savoir faire via cette exp\u00e9rience, Cl\u00e9ment propose de nous apprendre \u00e0 confectionner une assise de base, facile \u00e0 reproduire, la semaine prochaine.<\/div>\n<div id=\"yiv2246296662yui_3_16_0_1_1407830604401_23920\">\u00a0A mercredi alors !!<\/div>\n<\/div>\n<\/div>\n<\/div>\n<\/div>\n<p><strong>Skate Park:<\/strong><br \/>\nAujourd\u2019hui, c\u2019est tout le monde au skate-park ! Aline, Laura et Le\u00efla s\u2019y rendent tandis que Lucie va faire un petit tour \u00e0 la Croix-Breton, histoire de rep\u00eacher les enfants qui se seraient retrouver tout seuls sans atelier&#8230; Au bout d\u2019une demi heure elle fait demi tour parce qu\u2019encore une fois, personne ne s\u2019est d\u00e9cid\u00e9 \u00e0 sortir le bout de son nez.<\/p>\n<p><a title=\"SAM_4692\" href=\"http:\/\/www.flickr.com\/photos\/100872287@N06\/14708963029\"><img decoding=\"async\" class=\"alignnone \" src=\"https:\/\/farm6.staticflickr.com\/5589\/14708963029_e18275d3b1.jpg\" alt=\"SAM_4692\" \/><\/a><br \/>\nAu skate-park par contre il y a du monde ! Sur le tapis de jeux de soci\u00e9t\u00e9, Locennie et ses amis font sauter leur lapin dans une partie de croque-carotte endiabl\u00e9e,<\/p>\n<p><a title=\"SAM_4693\" href=\"http:\/\/www.flickr.com\/photos\/100872287@N06\/14872608656\"><img decoding=\"async\" class=\"alignnone \" src=\"https:\/\/farm6.staticflickr.com\/5563\/14872608656_b87ae18547.jpg\" alt=\"SAM_4693\" \/><\/a> beaucoup dessinent, et Sidi (et une petite fille dont je ne me souviens pas le nom mais que nous appelleront Miss T\u00e9tine pour plus de commodit\u00e9) s\u2019\u00e9clatent comme des fous avec le poisson \u00e0 tirer et les voitures \u00e0 faire rouler (quand on appuie sur le bonhomme&#8230; tout un programme)<\/p>\n<p><a title=\"SAM_4700\" href=\"http:\/\/www.flickr.com\/photos\/100872287@N06\/14895247682\"><img decoding=\"async\" class=\"alignnone \" src=\"https:\/\/farm6.staticflickr.com\/5560\/14895247682_047dd5b6a5.jpg\" alt=\"SAM_4700\" \/><\/a><br \/>\nDu c\u00f4t\u00e9 des mamans \u00e7a papote sec. On en profite pour \u00e9couler quelques sacs de l\u00e9gumes.<br \/>\nSidi par \u00e0 l\u2019aventure avec le poisson au bout de sa corde, on lit des histoires&#8230;<\/p>\n<p><a title=\"SAM_4704\" href=\"http:\/\/www.flickr.com\/photos\/100872287@N06\/14895243922\"><img decoding=\"async\" class=\"alignnone \" src=\"https:\/\/farm4.staticflickr.com\/3926\/14895243922_7bb9bb5454.jpg\" alt=\"SAM_4704\" \/><\/a><br \/>\nLa pluie arrive en m\u00eame temps que l\u2019heure du go\u00fbter. On file se mettre \u00e0 l\u2019abri pour d\u00e9guster notre 4\/4 accompagn\u00e9 de confiture et notre verre de sirop.<br \/>\nEt voici le moment de plier bagage ! Au revoir tout le monde !<\/p>\n<p><a title=\"SAM_4696\" href=\"http:\/\/www.flickr.com\/photos\/100872287@N06\/14895579095\"><img decoding=\"async\" class=\"alignnone \" src=\"https:\/\/farm6.staticflickr.com\/5568\/14895579095_378cb99fca.jpg\" alt=\"SAM_4696\" \/><\/a><\/p>\n<p><strong>Jardin de Saulx-les-Chartreux<\/strong><br \/>\n<strong> Jeudi :<\/strong><br \/>\nA c\u00f4t\u00e9 de nos fid\u00e8les amies , Zohra, Jessica , Jean Jacques et moi , on prendre la route vers notre jardin car pour cette apr\u00e8s-midi on va commencer une nouvelle session de d\u00e9sherbage sur le terrain et une nouvelle r\u00e9colte de pommes de terre , et des haricots.<br \/>\nDe notre arriv\u00e9e la pluie , elle a cess\u00e9 de tomber et le soleil \u00e0 cass\u00e9 le bloc des nuages et nous enchante avec la chaleur de ses rayons de soleil !<\/p>\n<p><a title=\"SAM_8421\" href=\"http:\/\/www.flickr.com\/photos\/100872287@N06\/14709135190\"><img decoding=\"async\" class=\"alignnone \" src=\"https:\/\/farm4.staticflickr.com\/3892\/14709135190_e58f19d760.jpg\" alt=\"SAM_8421\" \/><\/a><br \/>\nDans deux groupes on s\u2019est dipsac\u00e9e , car Jessica et Jean Jacques avait envie de ramasser des patates puis de s\u2019en occuper des framboisiers<\/p>\n<p><a title=\"SAM_8428\" href=\"http:\/\/www.flickr.com\/photos\/100872287@N06\/14872819336\"><img decoding=\"async\" class=\"alignnone \" src=\"https:\/\/farm6.staticflickr.com\/5595\/14872819336_61654bca4c.jpg\" alt=\"SAM_8428\" \/><\/a> et cependant Zohra et moi continuons de d\u00e9sherber la parcelle et de cueillir des haricots pour notre r\u00e9colte ;<\/p>\n<p><a title=\"SAM_8426\" href=\"http:\/\/www.flickr.com\/photos\/100872287@N06\/14872821806\"><img decoding=\"async\" class=\"alignnone \" src=\"https:\/\/farm4.staticflickr.com\/3899\/14872821806_be10475bf4.jpg\" alt=\"SAM_8426\" \/><\/a><\/p>\n<p>L\u2019heure passe tr\u00e8s vite et l\u2019heure du go\u00fbter est arriv\u00e9e et nous en profitons de ce moment et d\u2019un verre de sirop et un g\u00e2teau .<br \/>\nTous contents on nettoie nos outils , on range nos go\u00fbter et on monte dans notre camion pour rentrer au local apr\u00e8s une belle journ\u00e9e de travail !A bient\u00f4t au jardin !!!<\/p>\n<p><a title=\"SAM_8430\" href=\"http:\/\/www.flickr.com\/photos\/100872287@N06\/14895792505\"><img decoding=\"async\" class=\"alignnone \" src=\"https:\/\/farm4.staticflickr.com\/3882\/14895792505_34daff77c3.jpg\" alt=\"SAM_8430\" \/><\/a><\/p>\n<p><strong>A Palaiseau avec l\u2019Organisation Maxi puissance :<\/strong><br \/>\n<strong> C\u2019est notre premier rendez-vous avec cette association qui organise le festival de musique A\u00f4utside \u00e0 Palaiseau. J\u2019ai rencontr\u00e9 Johanna la semaine derni\u00e8re pour mettre en place un partenariat entre nos deux associations. Nous allons les aider \u00e0 pr\u00e9parer la d\u00e9coration et le mobilier du festival et en \u00e9change nous pourrons acc\u00e9der au festival les 29 et 30 ao\u00fbt et tenir un stand pour notre association.<\/strong><\/p>\n<p><a title=\"SAM_4667\" href=\"http:\/\/www.flickr.com\/photos\/100872287@N06\/14709335497\"><img decoding=\"async\" class=\"alignnone \" src=\"https:\/\/farm4.staticflickr.com\/3874\/14709335497_301552a625.jpg\" alt=\"SAM_4667\" \/><\/a><br \/>\nAujourd\u2019hui, nous nous retrouvons chez Mathilde, b\u00e9n\u00e9vole qui pr\u00eate son jardin, une petite maisonnette et son garage pour l\u2019OMP. On s\u2019installe \u00e0 l\u2019abri de la pluie pour que Marion nous montre comment faire de jolies fleurs en origami. Il nous faudra bien plusieurs fleurs pour prendre le coup de main. Sofia qui est venue avec nous, et Esther apprennent plus vite, et nous aident quand on est perdu.<br \/>\nA c\u00f4t\u00e9, des b\u00e9n\u00e9voles d\u00e9sossent des palettes qui serviront \u00e0 confectionner diff\u00e9rentes assises pour le festival. Notre petit groupe s\u2019y attellera vendredi.<br \/>\nEn attendant, nous progressons dans la confection de ces jolies fleurs blanches qui seront suspendues sur une arche \u00e0 l\u2019entr\u00e9e du festival.<\/p>\n<p><a title=\"SAM_4671\" href=\"http:\/\/www.flickr.com\/photos\/100872287@N06\/14709331427\"><img decoding=\"async\" class=\"alignnone \" src=\"https:\/\/farm4.staticflickr.com\/3886\/14709331427_18fcb56d37.jpg\" alt=\"SAM_4671\" \/><\/a><br \/>\nLuis et Dylan, qui \u00e9taient d\u00e9j\u00e0 venus, en autonomie la semaine pass\u00e9e, s\u2019inscrivent dans notre projet de partenariat et reviendront probablement vendredi avec nous.<\/p>\n<p><strong>Jardin:<\/strong><\/p>\n<p>Apr\u00e8s avoir rempli le camion avec des enfants de Champlan (la pluie ayant dissuad\u00e9 la plus part du quartier), nous voila arriv\u00e9 au jardin.<br \/>\nOn ramasse tout ce qu\u2019on trouve (heu Chouchano, les poireaux et les fleurs de courgettes on \u00e9vite steuplait&#8230;.), on court beaucoup, on se vide les poumons&#8230; On mange aussi. Beaucoup. Des noisettes, des tomates, des concombres, les g\u00e2teaux du gouter alors que ce n\u2019est pas l\u2019heure&#8230;.<\/p>\n<p><a title=\"SAM_5114\" href=\"http:\/\/www.flickr.com\/photos\/100872287@N06\/14872982556\"><img decoding=\"async\" class=\"alignnone \" src=\"https:\/\/farm6.staticflickr.com\/5596\/14872982556_6e8431b383.jpg\" alt=\"SAM_5114\" \/><\/a><br \/>\nOk, vous voulez faire du sport ? Et bien on va d\u00e9sh\u00e9rber ! Raoul et Ricardo s\u2019arment de sarcloirs et c\u2019est parti ! \u00e7a ne tra\u00eene pas. En moins de 10 minutes, les mauvaises herbes sont toutes parties, quelques pieds de haricots aussi mais bon&#8230;. Ils n\u2019avaient pas qu\u2019\u00e0 \u00eatre l\u00e0 aussi&#8230; !<br \/>\nBon STOP !! On va go\u00fbter ! Tant bien que mal tout le monde se remplie le ventre, dans une ambiance humide et dynamique en plus haut niveau, youhou !!<\/p>\n<p><a title=\"SAM_5117\" href=\"http:\/\/www.flickr.com\/photos\/100872287@N06\/14709366848\"><img decoding=\"async\" class=\"alignnone \" src=\"https:\/\/farm6.staticflickr.com\/5575\/14709366848_1e22422d77.jpg\" alt=\"SAM_5117\" \/><\/a><br \/>\nLe retour se passera de tout commentaire, les seules \u00e0 plaindre sont ces pauvres courgettes qui n\u2019avaient rien demander \u00e0 personne&#8230; BREF !<br \/>\nSee you later le jardin !<\/p>\n<p><strong>Bel Air :<\/strong><br \/>\n<strong> Mercredi :<\/strong><\/p>\n<p>Cette apr\u00e8s \u2013midi nous sommes partis pour installer notre atelier sous la pluie de la Ludoth\u00e8que o\u00f9 ,malheureusement on n\u2019a pas \u00e9t\u00e9 attendu par trop de monde comme d\u2019habitude \u00e0 cause de la pluie.<\/p>\n<p><a title=\"DSCN1391\" href=\"http:\/\/www.flickr.com\/photos\/100872287@N06\/14709432269\"><img decoding=\"async\" class=\"alignnone \" src=\"https:\/\/farm6.staticflickr.com\/5561\/14709432269_9d6c0eb249.jpg\" alt=\"DSCN1391\" \/><\/a> Avec 5 enfants sur l\u2019atelier, Fortune , Hafsatou,Eddy, Jessy,T\u00e9o ,Meysa ,qui nous ont tenu compagnie ce jour l\u00e0 , apr\u00e8s l\u2019installation de la tente on a commenc\u00e9 un jeu d\u2019 \u00e9chec avec Hafsatou te Laura car Nicolae \u00e9tait en train d\u2019installer avec Quentin le mat\u00e9riel pour notre \u00e9mission de Radio \u00ab Radio Robinson \u00bbavec Jessy , Hafsatou et T\u00e9o ;<\/p>\n<p><a title=\"DSCN1388\" href=\"http:\/\/www.flickr.com\/photos\/100872287@N06\/14709399310\"><img decoding=\"async\" class=\"alignnone \" src=\"https:\/\/farm4.staticflickr.com\/3894\/14709399310_9f79a6c573.jpg\" alt=\"DSCN1388\" \/><\/a><br \/>\n<strong>Cependant Quentin continue de mettre au courant les enfants de d\u00e9roulement de l\u2019\u00e9mission radio et le mat\u00e9riel n\u00e9cessaire.<\/strong><\/p>\n<p>Malheureusement a cause de la pluie on a pas pu faire grand chose car le g\u00e9n\u00e9rateur d\u2019\u00e9lectricit\u00e9 il n\u2019a pas marcher et ils ont continuer l\u2019\u00e9mision au local.<\/p>\n<p><a title=\"DSCN1387\" href=\"http:\/\/www.flickr.com\/photos\/100872287@N06\/14709546047\"><img decoding=\"async\" class=\"alignnone \" src=\"https:\/\/farm4.staticflickr.com\/3925\/14709546047_4ba3637691.jpg\" alt=\"DSCN1387\" \/><\/a><br \/>\nL\u2019heure passe vite et nous y voila tous et toutes assises sur les tapis pour prendre le go\u00fbter , un verre de sirop et un g\u00e2teau !<br \/>\nAu revoir et \u00e0 bient\u00f4t !!!<\/p>\n<p>&nbsp;<\/p>\n<p><a title=\"DSCN1401\" href=\"http:\/\/www.flickr.com\/photos\/100872287@N06\/14873072336\"><img decoding=\"async\" class=\"alignnone \" src=\"https:\/\/farm4.staticflickr.com\/3891\/14873072336_1876542ab9.jpg\" alt=\"DSCN1401\" \/><\/a><strong><span style=\"color: #0000ff\"><em>Souvenir et Journal du s\u00e9jour des Robinsons et Rombinsons\u00a0de l &lsquo;association au festival de Lescar Pau du 24 au 31 Juillet<\/em><\/span><\/strong><\/p>\n<p class=\"p1\"><strong><span class=\"s1\">25 juillet\u00a0:<\/span><\/strong><\/p>\n<p class=\"p2\"><span class=\"s1\">\u00a0<\/span>Nous nous sommes r\u00e9veill\u00e9s ensuite nous sommes partis faire les courses car nous devions faire un \u00ab\u00a0Yassa\u00a0\u00bb poulet pendant que d\u2019autres personnes \u00e9taient dans la piscine.<\/p>\n<p class=\"p2\"><a href=\"http:\/\/recherche-action.fr\/intermedes\/files\/2014\/08\/image2.jpg\"><img decoding=\"async\" class=\"aligncenter size-full wp-image-3903\" src=\"http:\/\/recherche-action.fr\/intermedes\/files\/2014\/08\/image2.jpg\" alt=\"image2\" width=\"671\" height=\"894\" \/><\/a><\/p>\n<p class=\"p1\"><span class=\"s1\">A l\u2019heure du epas, nous avons d\u00e9gust\u00e9 ce fameux yassa poulet.<\/span><\/p>\n<p class=\"p1\"><span class=\"s1\">L\u2019apr\u00e8s-midi, nous sommes partis en sortie \u00e0 l\u2019ancien abattoir de Billi\u00e8re mais malheureusement c\u2019\u00e9tait ferm\u00e9\u00a0; \u00e0 la place, nous sommes partis \u00e0 une r\u00e9p\u00e9tition d\u2019un groupe de chant. Apr\u00e8s cette r\u00e9p\u00e9tition, nous sommes partis nous baigner. Nous avons fait un concours de plongeons.\u00a0<\/span><\/p>\n<p class=\"p1\"><a href=\"http:\/\/recherche-action.fr\/intermedes\/files\/2014\/08\/image6.jpg\"><img fetchpriority=\"high\" decoding=\"async\" class=\"aligncenter size-full wp-image-3902\" src=\"http:\/\/recherche-action.fr\/intermedes\/files\/2014\/08\/image6.jpg\" alt=\"image6\" width=\"1027\" height=\"770\" \/><\/a><\/p>\n<p class=\"p2\"><span class=\"s1\">\u00a0<\/span>Nous sommes rentr\u00e9s manger des pattes avec sauce tomate et courgettes du jardin. Apr\u00e8s le repas, on est partis au trampoline et ensuite nous sommes partis nous coucher <i>(Hafsatou et Syra).<\/i><\/p>\n<p class=\"p1\"><span class=\"s1\">26 juillet\u00a0:<\/span><\/p>\n<p class=\"p3\">\u00a0Nous nous sommes r\u00e9veill\u00e9s et nous avons pris le petit d\u00e9je\u00fbner . Ensuite nous sommes all\u00e9s faire la randonn\u00e9e dans les Pyr\u00e9nn\u00e9es.\u00a0 Nous nous sommes assis au bord d\u2019un ruisseau pour pique-niquer, ensuite nous nous sommes mis en maillot de bain et nous nous sommes baign\u00e9s. Apr\u00e8s nous \u00eatre baign\u00e9s, nous nous sommes habill\u00e9s et nous avons commenc\u00e9 la randonn\u00e9e. Pendant la randonn\u00e9e, nous avons vu une grande pente et certains enfants l\u2019ont escalad\u00e9e. Nous sommes redescendus en courant et nous avons continu\u00e9 la randonn\u00e9e. A la moiti\u00e9 du chemin, nous avons observ\u00e9 la montagne. On a repris la route et au bout de 15 minutes nous avons termin\u00e9 la randonn\u00e9e. Nous avons fait des jeux et nous sommes rentr\u00e9s <i>(Hafsatou).<\/i><\/p>\n<p class=\"p3\"><a href=\"http:\/\/recherche-action.fr\/intermedes\/files\/2014\/08\/image13.jpg\"><img decoding=\"async\" class=\"aligncenter size-full wp-image-3904\" src=\"http:\/\/recherche-action.fr\/intermedes\/files\/2014\/08\/image13.jpg\" alt=\"image13\" width=\"1182\" height=\"887\" \/><\/a><\/p>\n<p class=\"p3\">Le soir, nous avons \u00e9t\u00e9 voir le film de TimBurton, \u00ab\u00a0Frankenweenie\u00a0\u00bb en plein air \u00e0 Pau.<\/p>\n<p class=\"p1\"><span class=\"s1\">27 juillet\u00a0:<\/span><\/p>\n<p class=\"p1\"><span class=\"s1\">Le matin du 27, je suis all\u00e9 faire des courses avec Alan pour faire \u00e0 manger. On est rentr\u00e9s et on a cuisin\u00e9 pendant \u00e0 peu pr\u00e8s 3 heures puis on a mang\u00e9. C\u2019\u00e9tait d\u00e9licieux puis on est all\u00e9s faire un tour. L\u2019apr\u00e8s-midi nous sommes all\u00e9s dans un parc. Nous avons jou\u00e9 et \u00e9cout\u00e9 de la guitare. Nous avons aussi fait des pyramides humaines (acrosport).\u00a0<\/span><\/p>\n<p class=\"p2\"><span class=\"s1\">\u00a0<\/span>Nous avons rencontr\u00e9 des joueurs de guitare, djemb\u00e9 et didj\u00e9ridou. Nous somes rentr\u00e9s au camp et avons fait un barbecuie <i>(Alan et Th\u00e9o).<\/i><\/p>\n<p class=\"p1\">28 juillet\u00a0:<\/p>\n<p class=\"p1\"><span class=\"s1\">Aujourd\u2019hui 28 juillet, on s\u2019est r\u00e9veill\u00e9 en douceur pour d\u00e9je\u00fbner. Th\u00e9o, alan et Mathias ont fait du tag ce matin. Le\u00efla a fait des courses avec R\u00e9becca, B\u00e9ni, Yasmina et Andr\u00e9a pour faire des \u00ab\u00a0Salmaleh\u00a0\u00bb et des \u00ab\u00a0Gogoches\u00a0\u00bb (sp\u00e9cialit\u00e9 roumaines).\u00a0<\/span><\/p>\n<p class=\"p1\"><span class=\"s1\">L\u2019apr\u00e8s midi, on est all\u00e9 visiter une ferme p\u00e9dagogique \u00e0 Billi\u00e8re, tout pr\u00e8s de Lescar.\u00a0<\/span><\/p>\n<p class=\"p1\"><span class=\"s1\"><i>(Yasmina, Andr\u00e9a et R\u00e9becca)<\/i><\/span><\/p>\n<p class=\"p1\"><span class=\"s1\">29 juillet\u00a0:\u00a0<\/span><\/p>\n<p class=\"p1\"><span class=\"s1\">Une matin\u00e9e sur les chapeaux de roue. Les nouvelles bouteilles de gaz ont \u00e9t\u00e9 vid\u00e9es en un apr\u00e8s-midi de \u00ab\u00a0salmaleh\u00a0\u00bb. Nous voulons attraper la conf\u00e9rence de 10h30 car le festival commence. Il n\u2019est pas loin mais 4 km suffisent \u00e0 achever l\u2019embrayage du camion. Nous voil\u00e0 8 au festival, au village associatif Emma\u00fcs, plus pr\u00e9cis\u00e9ment et 4 qui attendent au camping qu\u2019on vienne les chercher.\u00a0<\/span><\/p>\n<p class=\"p1\"><span class=\"s1\">T\u00e9l\u00e9phone, assurance, organisation&#8230;Mais au festival\u00a0 c\u2019est la profusion de rencontres et de d\u00e9couvertes. Tandem v\u00e9lo \u00e0 4, discussion sur l\u2019homophobie, conflit isra\u00e9lo-palestinien, exp\u00e9riences scientifiques avec les \u00ab\u00a0Petits d\u00e9brouillards\u00a0\u00bb, merguez-frites et convivialit\u00e9. On tient difficilement en place devant le film \u00ab\u00a0En qu\u00eate de sens\u00a0\u00bb mais on rit aux interventins incongrues lors du d\u00e9bat qui suit.C\u2019est l\u00e0que les absents arrivent enfin \u00e0nous rejoindre. On rit aux \u00e9clats\u00a0 d\u2019un d\u00e9go\u00fbt curieux au stand de pr\u00e9vention des MST.\u00a0<\/span><\/p>\n<p class=\"p1\"><span class=\"s1\">Puis on va danser tous ensemble le sourire aux oreilles et des ressorts aux talons devant le reggae br\u00e9silien de Flavia Coelho\u00a0; on appr\u00e9cie moyennement l\u2019humour graveleux de la chanteuse qui suit puis on fatigue devant un Keziah Jones mal r\u00e9veill\u00e9 et on va se coucher <i>(Quentin).<\/i><\/span><\/p>\n<p class=\"p1\"><span class=\"s1\">30 juillet\u00a0:<\/span><\/p>\n<p class=\"p1\"><span class=\"s1\">Aujourd\u2019hui, nous nous sommes r\u00e9veil\u00e9s suffisamment t\u00f4t pour engloutir un bon petit d\u00e9je\u00fbner afin d\u2019avoir des forces\u00a0! Eh oui, c\u2019est le dernier jour de festival Emma\u00fcs\u00a0! Nous pr\u00e9parons\u00a0 alors un pic-nique puis nous partons \u00e0 pied jusqu\u2019au village associatif d\u2019Emma\u00fcs. Une fois arriv\u00e9s, nous avons pu regarder le film documentaire sur le groue de reggae \u00ab\u00a0Dub inc.\u00a0\u00bb puis il \u00e9tait d\u00e9j\u00e0 l\u2019heure des premiers concerts.<\/span><\/p>\n<p class=\"p1\"><span class=\"s1\">\u00a0Nous avons donc \u00e9cout\u00e9 \u00ab\u00a0The Gladiators\u00a0\u00bb, les papys du reggae et ensuite \u00ab\u00a0Les ogres de Barbak\u00a0\u00bb.\u00a0<\/span><\/p>\n<p class=\"p2\"><span class=\"s1\">\u00a0<\/span>Mais il est d\u00e9j\u00e0 l\u2019heure de rentrer car tout le monde est fatigu\u00e9 et de plus nous devons partir t\u00f4t le lendemain pour rentrer\u00a0 \u00e0 Longjumeau\u00a0!<\/p>\n<p class=\"p2\"><span class=\"s1\">\u00a0<\/span><\/p>\n","protected":false},"excerpt":{"rendered":"<p>C&rsquo;est gr\u00e2ce \u00e0 Frantz Fanon que nous savons aujourd&rsquo;hui que le colonialisme n&rsquo;est pas toujours ce que l&rsquo;on croit. Est en premier colonis\u00e9 l&rsquo;esprit du colonisateur. L&rsquo;h\u00e9ritage du colonialisme est avant tout ce qui monopolise, occupe et exploite &#8230;nos propres esprits. La d\u00e9colonisation mentale chez le colonisateur, \u00a0est un processus autrement plus lent et compliqu\u00e9 &hellip; <a href=\"https:\/\/recherche-action.fr\/intermedes\/2014\/08\/08\/decoloniser-mon-esprit-passer-de-la-difference-a-la-singularite\/\" class=\"more-link\">Continuer la lecture<span class=\"screen-reader-text\"> de &laquo;&nbsp;D\u00e9coloniser mon esprit: passer de la diff\u00e9rence \u00e0 la singularit\u00e9&nbsp;&raquo;<\/span><\/a><\/p>\n","protected":false},"author":1,"featured_media":0,"comment_status":"open","ping_status":"open","sticky":false,"template":"","format":"standard","meta":{"footnotes":""},"categories":[1],"tags":[],"class_list":["post-3893","post","type-post","status-publish","format-standard","hentry","category-non-classe"],"jetpack_featured_media_url":"","_links":{"self":[{"href":"https:\/\/recherche-action.fr\/intermedes\/wp-json\/wp\/v2\/posts\/3893","targetHints":{"allow":["GET"]}}],"collection":[{"href":"https:\/\/recherche-action.fr\/intermedes\/wp-json\/wp\/v2\/posts"}],"about":[{"href":"https:\/\/recherche-action.fr\/intermedes\/wp-json\/wp\/v2\/types\/post"}],"author":[{"embeddable":true,"href":"https:\/\/recherche-action.fr\/intermedes\/wp-json\/wp\/v2\/users\/1"}],"replies":[{"embeddable":true,"href":"https:\/\/recherche-action.fr\/intermedes\/wp-json\/wp\/v2\/comments?post=3893"}],"version-history":[{"count":0,"href":"https:\/\/recherche-action.fr\/intermedes\/wp-json\/wp\/v2\/posts\/3893\/revisions"}],"wp:attachment":[{"href":"https:\/\/recherche-action.fr\/intermedes\/wp-json\/wp\/v2\/media?parent=3893"}],"wp:term":[{"taxonomy":"category","embeddable":true,"href":"https:\/\/recherche-action.fr\/intermedes\/wp-json\/wp\/v2\/categories?post=3893"},{"taxonomy":"post_tag","embeddable":true,"href":"https:\/\/recherche-action.fr\/intermedes\/wp-json\/wp\/v2\/tags?post=3893"}],"curies":[{"name":"wp","href":"https:\/\/api.w.org\/{rel}","templated":true}]}}