{"id":40,"date":"2012-03-31T10:16:35","date_gmt":"1999-11-29T23:00:00","guid":{"rendered":"http:\/\/recherche-action.fr\/intermedes\/2012\/03\/31\/la-realite-frappe-de-lexterieur-kant\/"},"modified":"2012-03-31T10:16:35","modified_gmt":"1999-11-29T23:00:00","slug":"la-realite-frappe-de-lexterieur-kant","status":"publish","type":"post","link":"https:\/\/recherche-action.fr\/intermedes\/2012\/03\/31\/la-realite-frappe-de-lexterieur-kant\/","title":{"rendered":"La r\u00e9alit\u00e9 frappe de l\u2019ext\u00e9rieur (Kant)"},"content":{"rendered":"<p><a href=\"http:\/\/blog.recherche-action.fr\/intermedes\/files\/2012\/03\/photo2.jpg\"><img fetchpriority=\"high\" decoding=\"async\" class=\"aligncenter size-medium wp-image-1304\" src=\"http:\/\/blog.recherche-action.fr\/intermedes\/files\/2012\/03\/photo2-300x225.jpg\" alt=\"\" width=\"300\" height=\"225\" \/><\/a><\/p>\n<p><strong><a href=\"http:\/\/blog.recherche-action.fr\/intermedes\/files\/2012\/03\/IMG_3345-Fait-dodo-dans-la-brouette.jpg\"><br \/>\n<\/a>Il faudra bien REQUALIFIER le social car il n&#8217;y a pas d&#8217;autre issue, si on veut que la vie et la Ville restent possibles.<\/strong><\/p>\n<p>Aujourd&#8217;hui certains discours continuent de tourner en creux et en boucle qui se proposent tour \u00e0 tour de &#8220;moderniser&#8221;, de &#8220;requalifier les parents&#8221;, recentrer pour la milli\u00e8me l&#8217;\u00e9cole sur les fondamentaux, d&#8217;adapter les inadapt\u00e9s, de rendre employable les sans emplois, de vider et de s\u00e9curiser les espaces publics&#8230;<\/p>\n<p>Des professionnels croient parfois sinc\u00e8rement que la r\u00e9alit\u00e9 devrait se conformer aux cadres qu&#8217;ils imaginent \u00eatre celui de leurs m\u00e9tiers ou institutions.<\/p>\n<p>Certains\u00a0esp\u00e8rent m\u00eame encore de mesures sans cesse plus autoritaires, violentes cens\u00e9es &#8220;rendre possible leur travail&#8221;, mais \u00a0&#8230; qui ne font pourtant qu&#8217;augmenter les probl\u00e8mes.<\/p>\n<p>On s&#8217;imagine toujours que les publics qui ne trouvent plus de place, plus de r\u00e9ponses dans le\u00a0institutions, n&#8217;attendraient qu&#8217;un m\u00e9diateur, ou un censeur.<\/p>\n<p>Nous explorons au contraire une autre voie; le social est possible, il est l\u00e0 tout proche. Il suffit de sortir, &#8220;il suffit d&#8217;aller vers&#8221;, il suffit de construire et de produire avec tous ceux.. sur qui on parle, mais avec qui on ne parle plus.<\/p>\n<p>C&#8217;est ce que v\u00e9rifie par exemple Yuna,\u00a0stagiaire\u00a0dans l&#8217;association, quand elle cr\u00e9e tour \u00e0 tour (et en partant des gens) , en deux trois semaines, de nouveaux \u00a0ateliers spontan\u00e9s et partag\u00e9s de tricot, couture&#8230; p\u00e9tanque et palet breton!<\/p>\n<p>Aujourd&#8217;hui r\u00e9aliser un tel travail, qui permet de cr\u00e9er de la communaut\u00e9 et du lien est un enjeu fondamental, que l&#8217;on prenne les probl\u00e8mes sociaux du point de vue de l&#8217;\u00e9cole, de la parentalit\u00e9 ou de la simple pr\u00e9vention. C&#8217;est la base, la n\u00e9cessit\u00e9.<\/p>\n<p><a href=\"http:\/\/blog.recherche-action.fr\/intermedes\/files\/2012\/03\/DSC09016.jpg\"><img decoding=\"async\" class=\"aligncenter\" src=\"http:\/\/blog.recherche-action.fr\/intermedes\/files\/2012\/03\/DSC09016-300x224.jpg\" alt=\"\" width=\"300\" height=\"224\" \/><\/a><\/p>\n<p>Le travail social communautaire permet de refonder le travail social en lui redonnant son espace, en refusant son enfermement, sa fragmentation, sa &#8220;taylorisation&#8221;.<\/p>\n<p>Mais comment le soutenir? Comment le p\u00e9renniser?<\/p>\n<p>A Interm\u00e8des Robinson nous sommes tr\u00e8s inquiets sur les possibilit\u00e9 d&#8217;une action comme la n\u00f4tre de tout simplement continuer \u00e0 exister&#8230; demain.<\/p>\n<p>Comment continuer \u00e0 solliciter des financements pr\u00e9caires de plus en plus faibles \u00e0 mesure qu&#8217;ils deviennent aussi et en m\u00eame temps de plus en plus &#8216;tracassiers&#8221; et &#8220;bureaucratiques&#8221;?<\/p>\n<p>La limite du tol\u00e9rable est ici en effet atteinte quaond on vous demande 5 exemplaires de &#8220;36&#8243; documents tous originaux , mais identiques (on les comparera case \u00e0 case) ; quand on vous demande 10 fois mais dans des tableaux diff\u00e9rents les m\u00eames donn\u00e9es; quand on vous demande l&#8217;ann\u00e9e d&#8217;apr\u00e8s de rendre compte d&#8217;un budget \u00e0 partir d&#8217;un autre mod\u00e8le budg\u00e9taire que celui sur lequel vous aviez sollicit\u00e9; quand on vous demande de remplir informatiquement des tableaux non modifiables, format\u00e9s, non enregistrables&#8230; alors que vous travaillez \u00e0 plusieurs?<\/p>\n<p>Tout est fait pour que par d\u00e9faut, le projet soit rejet\u00e9, sans r\u00e9ponse, n\u00e9glig\u00e9, renvoy\u00e9.<\/p>\n<p>C&#8217;est tout le mouvement de cr\u00e9ation qui va du Bas vers le Haut qui ets aujourd&#8217;hui encore p\u00e9nalis\u00e9.<\/p>\n<p>Comment une association comme la n\u00f4tre, peut elle affirmer une identit\u00e9 globale, une unit\u00e9 d&#8217;action, <strong>quand dans la r\u00e9alit\u00e9 celle ci est \u00e9vidente, mais que cette unit\u00e9 ne rentre pas dans une certaine vision fragment\u00e9e ou cloisonn\u00e9e, institutionnelle<\/strong>?<\/p>\n<p>Nous entamons en ce moment un tour de rencontres des partenaires, institutions et collectivit\u00e9s. Nous mettons en partage et proposons des outils de grande cr\u00e9ativit\u00e9: &#8220;Cr\u00e8che tr\u00e8s sociale&#8221;, &#8220;Relais parentaux&#8221;, &#8220;Ateliers de rue&#8221;, &#8220;Universit\u00e9 populaire de proximit\u00e9&#8221;, &#8220;Caf\u00e9s \u00e9ducatifs&#8221;, ateliers de coproduction.<\/p>\n<p>Il y a peu de temps encore, A Badiou demandait &#8220;que peut la pauvre r\u00e9alit\u00e9 face aux repr\u00e9sentations&#8221;?<\/p>\n<p>Il semble que les choses changent , la r\u00e9alit\u00e9 ne peut plus \u00eatre contenue. Elle est t\u00eatue; elle &#8220;frappe de l&#8217;ext\u00e9rieur&#8221;. Il faudra bien y venir. Le plus t\u00f4t serait le mieux.<\/p>\n<p>Notre r\u00e9alit\u00e9 en ce moment, \u00e0 l&#8217;association, c&#8217;ets le nombre \u00e9tonnant de soutiens et d&#8217;appuis que nous recevons, c&#8217;est la mobilisation des parents, des enfants, mais aussi des b\u00e9n\u00e9voles.<\/p>\n<p><strong>Vendredi, samedi, dimanche&#8230;, \u00e7a recommence<\/strong><\/p>\n<p>Et notre r\u00e9alit\u00e9 du week end, c&#8217;est la succession des \u00e9v\u00e9nements et &#8220;moments phares&#8221; que les enfants affectionnent particuli\u00e8rement. Alors comme d&#8217;habitude, en r\u00e9tro action:<\/p>\n<p><strong>Dimanche, notre &#8220;bio&#8221; dimanche<\/strong><\/p>\n<p><strong><a href=\"http:\/\/blog.recherche-action.fr\/intermedes\/files\/2012\/03\/IMG_3345-Fait-dodo-dans-la-brouette.jpg\"><img decoding=\"async\" class=\"aligncenter\" src=\"http:\/\/blog.recherche-action.fr\/intermedes\/files\/2012\/03\/IMG_3345-Fait-dodo-dans-la-brouette-300x225.jpg\" alt=\"\" width=\"300\" height=\"225\" \/><\/a><\/strong><\/p>\n<p>Soleil, soleil et encore soleil. Une nouvelle famille vient passer le dimanche au terrain, les ados de l&#8217;asso se mobilisent, les enfants s&#8217;organisent \u00a0et nous recevons des visites d&#8217;amis. Mais cela n&#8217;arr\u00eate nullement notre travail car nous d\u00e9testons \u00eatre distraits.<\/p>\n<p><a href=\"http:\/\/blog.recherche-action.fr\/intermedes\/files\/2012\/03\/photo7.jpg\"><img loading=\"lazy\" decoding=\"async\" src=\"http:\/\/blog.recherche-action.fr\/intermedes\/files\/2012\/03\/photo7-e1333350059363-225x300.jpg\" alt=\"\" width=\"225\" height=\"300\" \/><\/a><\/p>\n<div style=\"font-family:'Times New Roman', Times, serif;font-size:12px\"><\/div>\n<div style=\"font-family:'Times New Roman', Times, serif;font-size:12px\">Parcelles retourn\u00e9es, pommes de terre plant\u00e9es, fraisiers d\u00e9plac\u00e9s, serre arros\u00e9e tandis que les ados d\u00e9frichent l&#8217;autre terrain, celui &#8220;des abeillles&#8221;, au point qu&#8217;ils en cassent les outils.<\/div>\n<p><a href=\"http:\/\/blog.recherche-action.fr\/intermedes\/files\/2012\/03\/photo61.jpg\"><br \/>\n<img loading=\"lazy\" decoding=\"async\" class=\"aligncenter\" src=\"http:\/\/blog.recherche-action.fr\/intermedes\/files\/2012\/03\/photo61-e1333350364296-225x300.jpg\" alt=\"\" width=\"225\" height=\"300\" \/><\/a><\/p>\n<div><\/div>\n<p>Bien s\u00fbr il y a aussi les jeux, le pique nique, \u00a0et toujours le soleil. Et puis , nous allons tous envahir nos amis d&#8217;Animakt &#8230; pour un &#8220;Beau dimanche&#8221;.<\/p>\n<p><a href=\"http:\/\/blog.recherche-action.fr\/intermedes\/files\/2012\/03\/photo5.jpg\"><img loading=\"lazy\" decoding=\"async\" src=\"http:\/\/blog.recherche-action.fr\/intermedes\/files\/2012\/03\/photo5-e1333349896861-225x300.jpg\" alt=\"\" width=\"225\" height=\"300\" \/><\/a><\/p>\n<div>\u00a0<strong>Nos SamediS<\/strong><\/div>\n<p><a href=\"http:\/\/blog.recherche-action.fr\/intermedes\/files\/2012\/03\/photo.jpg\"><img loading=\"lazy\" decoding=\"async\" class=\"aligncenter\" src=\"http:\/\/blog.recherche-action.fr\/intermedes\/files\/2012\/03\/photo-e1333349788117-225x300.jpg\" alt=\"\" width=\"225\" height=\"300\" \/><\/a><\/p>\n<div><\/div>\n<p><strong> Le samedi du Carnaval.<\/strong> Et oui, nous sommes de nouveau mobilis\u00e9s pour le Carnaval de nos voisins de Saulx.<\/p>\n<p>C&#8217;est toute une troupe de Robinsons qui envahissent Saulx; v\u00eatus de rouge et de blanc selon leur groupe &#8220;d&#8217;appartenance&#8221;, les Robinsons composent la Batukada pour laquelle ils s&#8217;entra\u00eenent depuis des mois et patrouillent sur les routes de Saulx.<\/p>\n<p><a href=\"http:\/\/blog.recherche-action.fr\/intermedes\/files\/2012\/03\/photo1.jpg\"><img loading=\"lazy\" decoding=\"async\" class=\"aligncenter\" src=\"http:\/\/blog.recherche-action.fr\/intermedes\/files\/2012\/03\/photo1-e1333349487782-225x300.jpg\" alt=\"\" width=\"225\" height=\"300\" \/><\/a><\/p>\n<div>\u00a0\u00a0 Au moment final de regroupement dans le parc, \u00e0 notre tous nos deux troupes donnent pr\u00e9sentation de leur travail. La Batukada cette ann\u00e9e changeait de style et jouait avec les rythmes.<\/div>\n<p><a href=\"http:\/\/blog.recherche-action.fr\/intermedes\/files\/2012\/03\/photo2.jpg\"><img loading=\"lazy\" decoding=\"async\" src=\"http:\/\/blog.recherche-action.fr\/intermedes\/files\/2012\/03\/photo2-300x225.jpg\" alt=\"\" width=\"300\" height=\"225\" \/><\/a><\/p>\n<div><\/div>\n<div><strong><span style=\"text-decoration:line-through\"><br \/>\n<\/span><\/strong><\/div>\n<p><a href=\"http:\/\/blog.recherche-action.fr\/intermedes\/files\/2012\/03\/DSC09027.jpg\"><img loading=\"lazy\" decoding=\"async\" class=\"aligncenter size-medium wp-image-1319\" src=\"http:\/\/blog.recherche-action.fr\/intermedes\/files\/2012\/03\/DSC09027-300x224.jpg\" alt=\"\" width=\"300\" height=\"224\" \/><\/a><\/p>\n<p>Nous arrivons nombreux cet apr\u00e8s-midi. Avec ce temps frais le d\u00e9fil\u00e9 du carnaval nous r\u00e9chauffe. Au groupe de Batucada s\u2019ajoute des enfants qui sont pr\u00e9sents pour la capoe\u00efra. C\u2019est au total un groupe d\u2019une vingtaine de personnes adultes, ados et enfants qui d\u00e9filent dans les rues de Saulx-les-Chartreux. Avec pour final, une repr\u00e9sentation commune batucada et capoeira. Nous d\u00e9gustons les beignets que nous \u00e0 cuisin\u00e9 Patrice et terminons la journ\u00e9e par un go\u00fbter \u00e0 la Barakt d\u2019animakt.<\/p>\n<p><a href=\"http:\/\/blog.recherche-action.fr\/intermedes\/files\/2012\/03\/DSC09000.jpg\"><img loading=\"lazy\" decoding=\"async\" class=\"aligncenter size-medium wp-image-1317\" src=\"http:\/\/blog.recherche-action.fr\/intermedes\/files\/2012\/03\/DSC09000-300x224.jpg\" alt=\"\" width=\"300\" height=\"224\" \/><\/a><\/p>\n<p>Pour finir cette belle apr\u00e8s midi, un \u00a0go\u00fbter \u00e0 Animakt &#8230;<\/p>\n<p><a href=\"http:\/\/blog.recherche-action.fr\/intermedes\/files\/2012\/03\/photo41.jpg\"><img loading=\"lazy\" decoding=\"async\" src=\"http:\/\/blog.recherche-action.fr\/intermedes\/files\/2012\/03\/photo41-e1333349678604-225x300.jpg\" alt=\"\" width=\"225\" height=\"300\" \/><\/a><\/p>\n<p><strong>Et en attendant&#8230; \u00e0 la Villa Saint Martin<\/strong><\/p>\n<p><a href=\"http:\/\/blog.recherche-action.fr\/intermedes\/files\/2012\/03\/WP_000128.jpg\"><img loading=\"lazy\" decoding=\"async\" class=\"aligncenter size-medium wp-image-1320\" src=\"http:\/\/blog.recherche-action.fr\/intermedes\/files\/2012\/03\/WP_000128-300x224.jpg\" alt=\"\" width=\"300\" height=\"224\" \/><\/a><\/p>\n<p>Cet apr\u00e8s-midi avec moins de chaleur, on n\u2019est pas nombreux car les enfants participent au Carnaval\u00a0 de Saux-Charteux o\u00f9 ils jouent de la batucada et font de la capuera. <strong>Mais on r\u00e9alise quand m\u00eame des bons crumbles \u00e0 l&#8217;atelier cuisine,<\/strong> deux chocolats, banane et un \u00e0 la pomme ! \u00a0Et d&#8217;autres essayent de viser avec\u00a0pr\u00e9cision\u00a0une planche en bois avec des palets&#8230; c&#8217;est le palets breton, un jeu typique ! (import\u00e9 par Yuna)<\/p>\n<p><a href=\"http:\/\/blog.recherche-action.fr\/intermedes\/files\/2012\/03\/WP_000135.jpg\"><img loading=\"lazy\" decoding=\"async\" class=\"aligncenter size-medium wp-image-1322\" src=\"http:\/\/blog.recherche-action.fr\/intermedes\/files\/2012\/03\/WP_000135-300x224.jpg\" alt=\"\" width=\"300\" height=\"224\" \/><\/a><\/p>\n<p><a href=\"http:\/\/blog.recherche-action.fr\/intermedes\/files\/2012\/03\/WP_000133.jpg\"><img loading=\"lazy\" decoding=\"async\" class=\"aligncenter size-medium wp-image-1321\" src=\"http:\/\/blog.recherche-action.fr\/intermedes\/files\/2012\/03\/WP_000133-300x224.jpg\" alt=\"\" width=\"300\" height=\"224\" \/><\/a><\/p>\n<p><strong><span style=\"text-decoration:underline\">Vendredi<\/span><\/strong><\/p>\n<p><strong>Au jardin de Chilly<\/strong><\/p>\n<p><a href=\"http:\/\/blog.recherche-action.fr\/intermedes\/files\/2012\/03\/DSC08933.jpg\"><img loading=\"lazy\" decoding=\"async\" class=\"aligncenter size-medium wp-image-1323\" src=\"http:\/\/blog.recherche-action.fr\/intermedes\/files\/2012\/03\/DSC08933-300x224.jpg\" alt=\"\" width=\"300\" height=\"224\" \/><\/a><\/p>\n<p>C\u2019est en petit comit\u00e9 que nous nous rendons au terrain de Chilly. De nombreuses visites en cet apr\u00e8s-midi. Tout d\u2019abord Anne Laure Jeffrard de la mairie et une artiste d\u2019une compagnie artistique viennent nous pr\u00e9senter le projet de la future exposition sur le th\u00e8me du jardin qui aura lieu au parc du ch\u00e2teau. Ensuite, nous recevons Samuel Girard \u00e9ducateur sp\u00e9cialis\u00e9 du centre soleil situ\u00e9 \u00e0 c\u00f4t\u00e9 du jardin. Il est venu avec un de ses groupes avec en pr\u00e9vision des actions sur le jardin en collaboration.<\/p>\n<p><a href=\"http:\/\/blog.recherche-action.fr\/intermedes\/files\/2012\/03\/DSC08935.jpg\"><img loading=\"lazy\" decoding=\"async\" class=\"aligncenter size-medium wp-image-1324\" src=\"http:\/\/blog.recherche-action.fr\/intermedes\/files\/2012\/03\/DSC08935-300x224.jpg\" alt=\"\" width=\"300\" height=\"224\" \/><\/a><\/p>\n<p><em><strong>Atelier de rue \u00e0 la rocade<\/strong><\/em><\/p>\n<p>Cette apr\u00e8s-midi, on se croirait encore en \u00e9t\u00e9 \u00e0 la Rocade, le soleil tape\u00a0! On se met donc \u00e0 l\u2019ombre <strong>afin que les tous petits puissent s\u2019installer aussi sur les tapis<\/strong>. Tout autour, assis dans l\u2019herbe,<strong> de nombreuses mamans discutent<\/strong> pendant que certaines, un peu plus loin,<strong> jouent \u00e0 la p\u00e9tanque, tournoi anim\u00e9 par Sylvie qui compte et affiche les points\u00a0!<\/strong><\/p>\n<p><strong>A la Soir\u00e9e conviviale<\/strong><\/p>\n<p><a href=\"http:\/\/blog.recherche-action.fr\/intermedes\/files\/2012\/03\/DSC08940.jpg\"><img loading=\"lazy\" decoding=\"async\" class=\"aligncenter size-medium wp-image-1325\" src=\"http:\/\/blog.recherche-action.fr\/intermedes\/files\/2012\/03\/DSC08940-300x224.jpg\" alt=\"\" width=\"300\" height=\"224\" \/><\/a><\/p>\n<p>Ce soir, la cuisine africaine est \u00e0 l\u2019honneur\u00a0! Parall\u00e8lement, on s\u2019exprime sur le th\u00e8me de la famille en \u00e9crivant ou en dessinant sur une grande toile avec des feutres et des pastels\u00a0! <strong>M\u00eame les adultes y trouvent une petite place pour \u00e9crire un petit mot\u2026<\/strong> Puis, en fin de soir\u00e9e, la salle se transforme en cin\u00e9ma et on regarde, tous ensemble, les vid\u00e9os r\u00e9alis\u00e9es par Sileks sur le projet \u00ab\u00a0Art en Caravane\u00a0\u00bb \u00e0 Massy et au quartier et la vid\u00e9o r\u00e9alis\u00e9 par Emilie sur la capoeira au ch\u00e2teau de Buno\u2026<a href=\"http:\/\/blog.recherche-action.fr\/intermedes\/files\/2012\/03\/DSC08982.jpg\"><img loading=\"lazy\" decoding=\"async\" class=\"aligncenter size-medium wp-image-1328\" src=\"http:\/\/blog.recherche-action.fr\/intermedes\/files\/2012\/03\/DSC08982-300x224.jpg\" alt=\"\" width=\"300\" height=\"224\" \/><\/a><\/p>\n<p><a href=\"http:\/\/blog.recherche-action.fr\/intermedes\/files\/2012\/03\/DSC08948.jpg\"><img loading=\"lazy\" decoding=\"async\" class=\"aligncenter size-medium wp-image-1326\" src=\"http:\/\/blog.recherche-action.fr\/intermedes\/files\/2012\/03\/DSC08948-300x224.jpg\" alt=\"\" width=\"300\" height=\"224\" \/><\/a><a href=\"http:\/\/blog.recherche-action.fr\/intermedes\/files\/2012\/03\/DSC08966.jpg\"><img loading=\"lazy\" decoding=\"async\" class=\"aligncenter size-medium wp-image-1327\" src=\"http:\/\/blog.recherche-action.fr\/intermedes\/files\/2012\/03\/DSC08966-300x224.jpg\" alt=\"\" width=\"300\" height=\"224\" \/><\/a><\/p>\n<p><strong><span style=\"text-decoration:underline\">Jeudi<\/span><\/strong><\/p>\n<p>A Massy<\/p>\n<p><a href=\"http:\/\/blog.recherche-action.fr\/intermedes\/files\/2012\/03\/WP_000104.jpg\"><img loading=\"lazy\" decoding=\"async\" class=\"aligncenter size-medium wp-image-1329\" src=\"http:\/\/blog.recherche-action.fr\/intermedes\/files\/2012\/03\/WP_000104-300x224.jpg\" alt=\"\" width=\"300\" height=\"224\" \/><\/a><\/p>\n<p><strong>Aujourd\u2019hui, c\u2019est reparti pour les marionnettes\u00a0! Certains commence la fabrication et d\u2019autres les finissent en leurs faisant un corps ou une belle robe afin qu\u2019elles soient pr\u00eatent pour leur spectacle toutes ensemble.<\/strong> Les enfants imaginent pleins de fa\u00e7on de faire vivre leurs marionnettes et ils ont plein d\u2019imagination\u00a0! On finit par faire un grand jeu tous ensemble o\u00f9 l\u2019on coure, chante et m\u00eame dance. Apr\u00e8s le go\u00fbter et pour finir le projet \u00ab\u00a0Art en Caravane\u00a0\u00bb,\u00a0 nous donnons des photos prises par Animakt et par les enfants aux familles en souvenir\u00a0!<a href=\"http:\/\/blog.recherche-action.fr\/intermedes\/files\/2012\/03\/WP_000106.jpg\"><img loading=\"lazy\" decoding=\"async\" class=\"aligncenter size-medium wp-image-1331\" src=\"http:\/\/blog.recherche-action.fr\/intermedes\/files\/2012\/03\/WP_000106-300x224.jpg\" alt=\"\" width=\"300\" height=\"224\" \/><\/a><\/p>\n<p><a href=\"http:\/\/blog.recherche-action.fr\/intermedes\/files\/2012\/03\/WP_000105.jpg\"><img loading=\"lazy\" decoding=\"async\" class=\"aligncenter size-medium wp-image-1330\" src=\"http:\/\/blog.recherche-action.fr\/intermedes\/files\/2012\/03\/WP_000105-300x224.jpg\" alt=\"\" width=\"300\" height=\"224\" \/><\/a><a href=\"http:\/\/blog.recherche-action.fr\/intermedes\/files\/2012\/03\/WP_000107.jpg\"><img loading=\"lazy\" decoding=\"async\" class=\"aligncenter size-medium wp-image-1332\" src=\"http:\/\/blog.recherche-action.fr\/intermedes\/files\/2012\/03\/WP_000107-224x300.jpg\" alt=\"\" width=\"224\" height=\"300\" \/><\/a><\/p>\n<p><strong>Au jardin de Saulx<\/strong><\/p>\n<p><a href=\"http:\/\/blog.recherche-action.fr\/intermedes\/files\/2012\/03\/DSC08916.jpg\"><img loading=\"lazy\" decoding=\"async\" class=\"aligncenter size-medium wp-image-1333\" src=\"http:\/\/blog.recherche-action.fr\/intermedes\/files\/2012\/03\/DSC08916-300x224.jpg\" alt=\"\" width=\"300\" height=\"224\" \/><\/a><a href=\"http:\/\/blog.recherche-action.fr\/intermedes\/files\/2012\/03\/DSC08917.jpg\"><img loading=\"lazy\" decoding=\"async\" class=\"aligncenter size-medium wp-image-1334\" src=\"http:\/\/blog.recherche-action.fr\/intermedes\/files\/2012\/03\/DSC08917-300x224.jpg\" alt=\"\" width=\"300\" height=\"224\" \/><\/a><a href=\"http:\/\/blog.recherche-action.fr\/intermedes\/files\/2012\/03\/DSC08927.jpg\"><img loading=\"lazy\" decoding=\"async\" class=\"aligncenter size-medium wp-image-1335\" src=\"http:\/\/blog.recherche-action.fr\/intermedes\/files\/2012\/03\/DSC08927-300x224.jpg\" alt=\"\" width=\"300\" height=\"224\" \/><\/a><\/p>\n<p>Belle activit\u00e9 au terrain de l\u2019\u00e9querre cet apr\u00e8s-midi. Tout le monde jardine dans la bonne humeur et le groupe est dynamique. Les activit\u00e9s alternent entre arrosage complet de tous les semis, b\u00eachage, d\u00e9sherbage. On \u00e9claircit les petits plants de radis et en repiquons quelques uns.<\/p>\n<p><strong>Au skate parc<\/strong><\/p>\n<p><a href=\"http:\/\/blog.recherche-action.fr\/intermedes\/files\/2012\/03\/Copie-de-DSC00397.jpg\"><img loading=\"lazy\" decoding=\"async\" class=\"aligncenter size-medium wp-image-1336\" src=\"http:\/\/blog.recherche-action.fr\/intermedes\/files\/2012\/03\/Copie-de-DSC00397-300x224.jpg\" alt=\"\" width=\"300\" height=\"224\" \/><\/a><a href=\"http:\/\/blog.recherche-action.fr\/intermedes\/files\/2012\/03\/DSC08929.jpg\"><img loading=\"lazy\" decoding=\"async\" class=\"alignright size-medium wp-image-1339\" src=\"http:\/\/blog.recherche-action.fr\/intermedes\/files\/2012\/03\/DSC08929-300x224.jpg\" alt=\"\" width=\"300\" height=\"224\" \/><\/a><\/p>\n<p>Un bel atelier cet apr\u00e8s-midi au skate parc. <strong>Les mamans font du tricot, activit\u00e9 anim\u00e9e par Malika, autour d\u2019un th\u00e9 \u00e0 la menthe<\/strong> pendant que les enfants s\u2019\u00e9clatent sur les tapis autour de parties de mikado et uno\u00a0!<\/p>\n<p><a href=\"http:\/\/blog.recherche-action.fr\/intermedes\/files\/2012\/03\/DSC00400.jpg\"><img loading=\"lazy\" decoding=\"async\" class=\"aligncenter size-medium wp-image-1337\" src=\"http:\/\/blog.recherche-action.fr\/intermedes\/files\/2012\/03\/DSC00400-300x224.jpg\" alt=\"\" width=\"300\" height=\"224\" \/><\/a><a href=\"http:\/\/blog.recherche-action.fr\/intermedes\/files\/2012\/03\/DSC00402.jpg\"><img loading=\"lazy\" decoding=\"async\" class=\"aligncenter size-medium wp-image-1338\" src=\"http:\/\/blog.recherche-action.fr\/intermedes\/files\/2012\/03\/DSC00402-300x224.jpg\" alt=\"\" width=\"300\" height=\"224\" \/><\/a><\/p>\n<p><strong><span style=\"text-decoration:underline\">Mercredi<\/span><\/strong><\/p>\n<p><strong>Au jardin de Saulx<\/strong><\/p>\n<p><a href=\"http:\/\/blog.recherche-action.fr\/intermedes\/files\/2012\/03\/Photo014.jpg\"><img loading=\"lazy\" decoding=\"async\" class=\"aligncenter size-medium wp-image-1342\" src=\"http:\/\/blog.recherche-action.fr\/intermedes\/files\/2012\/03\/Photo014-300x224.jpg\" alt=\"\" width=\"300\" height=\"224\" \/><\/a><a href=\"http:\/\/blog.recherche-action.fr\/intermedes\/files\/2012\/03\/Photo004.jpg\"><img loading=\"lazy\" decoding=\"async\" class=\"aligncenter size-medium wp-image-1340\" src=\"http:\/\/blog.recherche-action.fr\/intermedes\/files\/2012\/03\/Photo004-224x300.jpg\" alt=\"\" width=\"224\" height=\"300\" \/><\/a><\/p>\n<p><strong>Il \u00e9tait temps d\u2019arroser les pommes de terre, les radis, les f\u00e8ve<\/strong>s, les laitues et autres plants qui ont \u00e9t\u00e9 mises en terre derni\u00e8rement. Puis nous avons pu mettre d\u2019autres semis en terre telles que tomates<em> marmandes<\/em> et tomates cerises, avant de prendre un go\u00fbter bien m\u00e9rit\u00e9 sous les premiers rayons de soleil ardents de ce d\u00e9but de printemps.<\/p>\n<p><a href=\"http:\/\/blog.recherche-action.fr\/intermedes\/files\/2012\/03\/Photo008.jpg\"><img loading=\"lazy\" decoding=\"async\" class=\"aligncenter size-medium wp-image-1341\" src=\"http:\/\/blog.recherche-action.fr\/intermedes\/files\/2012\/03\/Photo008-300x224.jpg\" alt=\"\" width=\"300\" height=\"224\" \/><\/a><\/p>\n<p>&nbsp;<\/p>\n<p><strong>A la ludoth\u00e8que\u00a0<\/strong><\/p>\n<p><a href=\"http:\/\/blog.recherche-action.fr\/intermedes\/files\/2012\/03\/IMG_0085.jpg\"><img loading=\"lazy\" decoding=\"async\" class=\"alignleft size-medium wp-image-1343\" src=\"http:\/\/blog.recherche-action.fr\/intermedes\/files\/2012\/03\/IMG_0085-300x224.jpg\" alt=\"\" width=\"300\" height=\"224\" \/><\/a><\/p>\n<p>Cette apr\u00e8s midi \u00e0 la ludoth\u00e8que, trois grandes parties de Monopoly simultan\u00e9es permettent aux enfants, sans se ruiner, d&#8217;exp\u00e9rimenter leur lecture et de bien rigoler ! <strong>Pendant ce temps, certains enfants, filles et gar\u00e7ons pr\u00e9parent un bon repas pour leurs poupons&#8230;<\/strong>\u00a0 Apr\u00e8s un petit gouter, tous ensemble, on sonne la cloche du parc Nativel !<a href=\"http:\/\/blog.recherche-action.fr\/intermedes\/files\/2012\/03\/IMG_0097.jpg\"><img loading=\"lazy\" decoding=\"async\" class=\"aligncenter size-medium wp-image-1344\" src=\"http:\/\/blog.recherche-action.fr\/intermedes\/files\/2012\/03\/IMG_0097-224x300.jpg\" alt=\"\" width=\"224\" height=\"300\" \/><\/a><\/p>\n<p><strong>\u00c0 Moulin Galant<\/strong><\/p>\n<p><a href=\"http:\/\/blog.recherche-action.fr\/intermedes\/files\/2012\/03\/DSC08893.jpg\"><img loading=\"lazy\" decoding=\"async\" class=\"aligncenter size-medium wp-image-1345\" src=\"http:\/\/blog.recherche-action.fr\/intermedes\/files\/2012\/03\/DSC08893-300x224.jpg\" alt=\"\" width=\"300\" height=\"224\" \/><\/a><\/p>\n<p>Coloriages et crayonnages puis parties de memory ont permis aux enfants de passer un bon d\u00e9but d&#8217;apr\u00e8s midi. Juste \u00e0 cot\u00e9 l&#8217;\u00e9lastique fait son effet et permet \u00e0 tous de rigoler. Certains devinent les noms d&#8217;animaux pendant que d&#8217;autre dessinent et lisent de jolis livre. L&#8217;apr\u00e8s midi se termine doucement, il ne reste plus qu&#8217;a prendre la corde pour sautiller avant de prendre un bon gouter bien m\u00e9rit\u00e9.<\/p>\n<p><a href=\"http:\/\/blog.recherche-action.fr\/intermedes\/files\/2012\/03\/DSC08895.jpg\"><img loading=\"lazy\" decoding=\"async\" class=\"alignright size-medium wp-image-1346\" src=\"http:\/\/blog.recherche-action.fr\/intermedes\/files\/2012\/03\/DSC08895-300x224.jpg\" alt=\"\" width=\"300\" height=\"224\" \/><\/a><a href=\"http:\/\/blog.recherche-action.fr\/intermedes\/files\/2012\/03\/DSC08912.jpg\"><img loading=\"lazy\" decoding=\"async\" class=\"alignright size-medium wp-image-1347\" src=\"http:\/\/blog.recherche-action.fr\/intermedes\/files\/2012\/03\/DSC08912-300x224.jpg\" alt=\"\" width=\"300\" height=\"224\" \/><\/a><\/p>\n<p>&nbsp;<\/p>\n<p>&nbsp;<\/p>\n<p>&nbsp;<\/p>\n<p>&nbsp;<\/p>\n<p>&nbsp;<\/p>\n<p>&nbsp;<\/p>\n<p>&nbsp;<\/p>\n<p>&nbsp;<\/p>\n<p>&nbsp;<\/p>\n<p>&nbsp;<\/p>\n<p>&nbsp;<\/p>\n<p style=\"text-align:center\">\u00a0 \u00a0 \u00a0<strong>Communiqu\u00e9:<\/strong><\/p>\n<p><em><strong>A l&#8217;heure o\u00f9 nous publions ces KroniKs, le camp Rrom de Massy a \u00e9t\u00e9 &#8220;\u00e9vacu\u00e9&#8221;. Cette d\u00e9cision et cette \u00e9vacuation se sont d\u00e9roul\u00e9s en 24 h 00 sans possibilit\u00e9 de recours suspensif. Nos associations impuissantes sont venues manifester leur amiti\u00e9 aux familles et aux enfants. Nous sommes d\u00e9sempar\u00e9s et en col\u00e8re, de cet \u00a0&#8221;\u00e9v\u00e8nement&#8221;\u00a0qui brise le travail\u00a0\u00e9ducatif\u00a0\u00e9tabli, les projets en cours, les relations de confiance patiemment tiss\u00e9es, la scolarit\u00e9 d&#8217;enfants et d&#8217;adolescents et qui ne peut que renforcer la pr\u00e9carit\u00e9 et les difficult\u00e9s v\u00e9cues par les familles et enfants. Fid\u00e8les \u00e0 nos principes p\u00e9dagogiques, nous tenterons de rester en lien avec les familles et les enfants , quand ce sera possible. <\/strong><\/em><\/p>\n<p><em><strong>Du coup, le titre de ces KroniKs, choisi avant ce &#8220;d\u00e9sastre&#8221;, prend bien entendu, un sens particulier&#8230;<\/strong><\/em><\/p>\n<p>&nbsp;<\/p>\n","protected":false},"excerpt":{"rendered":"<p>Il faudra bien REQUALIFIER le social car il n&#8217;y a pas d&#8217;autre issue, si on veut que la vie et la Ville restent possibles. Aujourd&#8217;hui certains discours continuent de tourner en creux et en boucle qui se proposent tour \u00e0 tour de &#8220;moderniser&#8221;, de &#8220;requalifier les parents&#8221;, recentrer pour la milli\u00e8me l&#8217;\u00e9cole sur les fondamentaux, [&#8230;]<\/p>\n","protected":false},"author":1,"featured_media":0,"comment_status":"open","ping_status":"open","sticky":false,"template":"","format":"standard","meta":{"footnotes":""},"categories":[1],"tags":[],"class_list":["post-40","post","type-post","status-publish","format-standard","hentry","category-non-classe"],"jetpack_featured_media_url":"","_links":{"self":[{"href":"https:\/\/recherche-action.fr\/intermedes\/wp-json\/wp\/v2\/posts\/40","targetHints":{"allow":["GET"]}}],"collection":[{"href":"https:\/\/recherche-action.fr\/intermedes\/wp-json\/wp\/v2\/posts"}],"about":[{"href":"https:\/\/recherche-action.fr\/intermedes\/wp-json\/wp\/v2\/types\/post"}],"author":[{"embeddable":true,"href":"https:\/\/recherche-action.fr\/intermedes\/wp-json\/wp\/v2\/users\/1"}],"replies":[{"embeddable":true,"href":"https:\/\/recherche-action.fr\/intermedes\/wp-json\/wp\/v2\/comments?post=40"}],"version-history":[{"count":0,"href":"https:\/\/recherche-action.fr\/intermedes\/wp-json\/wp\/v2\/posts\/40\/revisions"}],"wp:attachment":[{"href":"https:\/\/recherche-action.fr\/intermedes\/wp-json\/wp\/v2\/media?parent=40"}],"wp:term":[{"taxonomy":"category","embeddable":true,"href":"https:\/\/recherche-action.fr\/intermedes\/wp-json\/wp\/v2\/categories?post=40"},{"taxonomy":"post_tag","embeddable":true,"href":"https:\/\/recherche-action.fr\/intermedes\/wp-json\/wp\/v2\/tags?post=40"}],"curies":[{"name":"wp","href":"https:\/\/api.w.org\/{rel}","templated":true}]}}