{"id":4059,"date":"2014-10-23T14:39:10","date_gmt":"2014-10-23T13:39:10","guid":{"rendered":"http:\/\/recherche-action.fr\/intermedes\/?p=4059"},"modified":"2014-10-23T14:39:10","modified_gmt":"2014-10-23T13:39:10","slug":"le-pain-et-les-miettes","status":"publish","type":"post","link":"https:\/\/recherche-action.fr\/intermedes\/2014\/10\/23\/le-pain-et-les-miettes\/","title":{"rendered":"le Pain et les Miettes"},"content":{"rendered":"<p><a href=\"http:\/\/recherche-action.fr\/intermedes\/files\/2014\/10\/IMG_00002281.png\"><img fetchpriority=\"high\" decoding=\"async\" class=\"aligncenter size-full wp-image-4081\" src=\"http:\/\/recherche-action.fr\/intermedes\/files\/2014\/10\/IMG_00002281.png\" alt=\"IMG_00002281\" width=\"653\" height=\"367\" \/><\/a><\/p>\n<p>Dans son livre, intitul\u00e9 \u00ab\u00a0De la Totalit\u00e9\u00a0\u00bb, le philosophe, Christian Godin, entame une r\u00e9flexion sur les relations entre\u00a0le tout et la partie , l&rsquo;uni et l&rsquo;\u00e9parpill\u00e9. Il trouve que la meilleure image de cette relation est celle qui existe entre le pain et les miettes.<\/p>\n<p><strong>Le pain est un tout, un \u00e9l\u00e9ment total, global<\/strong> \u00a0qui d\u00e9signe \u00e0 la fois son contenu et son contenant. Il est souvent synonyme m\u00eame de l&rsquo;alimentation humaine.<\/p>\n<p><strong>Mais pour l&rsquo;homme, le pain n&rsquo;est pas seulement son aliment , tir\u00e9 de la nature, il est \u00e9galement son oeuvre<\/strong>, le r\u00e9sultat fa\u00e7onn\u00e9 de mille recettes. C&rsquo;est une \u00ab\u00a0oeuvre-aliment\u00a0\u00bb, une oeuvre qui nourrit dans tous les sens du terme, mais qui nourrit aussi tous les sens: la vision, le toucher, le go\u00fbt, l&rsquo;odeur et m\u00eame le bruit de sa d\u00e9chirure.<\/p>\n<p>Aliment total, le pain est\u00a0aussi\u00a0 l&rsquo;image de la totalit\u00e9. Souvent rond, il figure la terre , comme le soleil.<\/p>\n<p><strong>Mais il y a le pain et il y a les miettes<\/strong>. Les miettes tout au contraire, ont peu de forme, peu d&rsquo;unit\u00e9 et une quantit\u00e9 n\u00e9gligeable. Elles sont \u00e9parpillement, traces et ce qui reste.<\/p>\n<p><strong>N\u00e9gligeables sans doute, elles appartiennent cependant \u00e0 tous.<\/strong> Elles sont innombrables et de ce fait, \u00a0nous repr\u00e9sentent tous. Ne formons nous pas les miettes de l&rsquo;humanit\u00e9? \u00a0 L&rsquo;\u00e9vangile chr\u00e9tien ne cite-t-il\u00a0\u00a0t il pas, au d\u00e9tour d&rsquo;une parabole, \u00a0le droit absolu du chien \u00e0 manger les miettes de pain qui tombent de la table? \u00a0Droit tellement puissant qu&rsquo;il interrompt imm\u00e9diatement la col\u00e8re divine?<\/p>\n<p><strong>Le droit aux miettes est\u00a0un droit absolu comme celui de vivre et de s&rsquo;installer dans les interstices de la vie,<\/strong> dans les anfractuosit\u00e9s de la modernit\u00e9, dans les friches de la ville.<\/p>\n<p><strong>Le droit aux miettes est\u00a0tout simplement le droit des gens<\/strong>; le droit le plus antique comme celui de glaner ou qu\u00e9mander; le droit le plus absolu comme celui de coexister quand on est petits, avec les grands, quand on est faibles, avec les puissants.<\/p>\n<p><strong>Il est particuli\u00e8rement inqui\u00e9tant pour toute soci\u00e9t\u00e9 de voir cet \u00e9l\u00e9mentaire \u00a0\u00ab\u00a0droit des gens\u00a0\u00bb attaqu\u00e9,<\/strong> mis en cause, d\u00e9nonc\u00e9 et jet\u00e9 en p\u00e2ture \u00e0 l&rsquo;opinion. Car le droit \u00ab\u00a0aux miettes\u00a0\u00bb est le commencement de tous les droits. Contrairement \u00e0 ce qu&rsquo;on nous repr\u00e9sente ou r\u00e9p\u00e8te sans arr\u00eat, il\u00a0est le contraire d&rsquo;un abus.<\/p>\n<p><strong>A Robinson, nous aimons le pain et les copains, la mie et les amis<\/strong> et nous le\u00a0fabriquons constamment entre nous comme un aliment universel et sans cesse diff\u00e9rent; un aliment qui nous rassemble et nous distingue. Nous le p\u00e9trissons et le cuisions ensemble , au jardin, comme au quartier; et les miettes innombrables nourrissent tous les oiseaux affam\u00e9s.<\/p>\n<p><strong>Car ce pain, quelle est sa finalit\u00e9 si ce ne sont les autres?<\/strong> Reprenant la formulation d&rsquo;Albert Jacquard , reprise par notre ami Thierry Lavignon qui d\u00e9veloppe en p\u00e9dagogie sociale des projets sociaux et culturels sur le pain, \u00a0le vieux savant voyait\u00a0d&rsquo;abord dans le pain, une lanc\u00e9e dans le temps, l&rsquo;investissement de la dur\u00e9e.<\/p>\n<p>\u00ab\u00a0Nous sommes partis de la graine, pour aller au pain, dans un mouvement qui embrasse et permet\u00a0le futur\u00a0\u00bb. Mais ce n&rsquo;est pas encore assez, \u00a0et il pr\u00e9cise:<\/p>\n<p><em><strong>\u00ab\u00a0<\/strong>&#8230;Mais en bout de cha\u00eene, ce pain obtenu, quelle est sa finalit\u00e9? Bien s\u00fbr il est une nourriture n\u00e9cessaire; mais arr\u00eater l\u00e0 les maillons successifs de cette projection vers l&rsquo;avenir commenc\u00e9e avec la plantation d&rsquo;une graine serait bien d\u00e9cevant.<strong> Ce pain si app\u00e9tissant capable d&rsquo;assouvir ma faim,<span style=\"text-decoration: underline;color: #ff0000\"> il devient plus qu&rsquo;une nourriture si je l&rsquo;offre \u00e0 l&rsquo;autre<\/span>. Sa finalit\u00e9 est alors de cr\u00e9er un lien entre lui et moi, de me construire, de le construire par notre rencontre.<\/strong><\/em><\/p>\n<p><em><strong>A ce stade, il n&rsquo;est plus n\u00e9cessaire de poser la question d&rsquo;un pourquoi, puisqu&rsquo;il s&rsquo;agit du bonheur.\u201d<\/strong>\u00a0\u00a0<\/em>Albert JACQUARD<\/p>\n<p><strong>Ainsi est\u00a0le travail , ainsi est\u00a0la culture en p\u00e9dagogie sociale;<\/strong> tous deux porteurs\u00a0d&rsquo;avenir , lanc\u00e9es et implications dans le temps ; mais\u00a0leur finalit\u00e9 est avant tout sociale. Elle implique l&rsquo;autre et le don.<\/p>\n<p><strong>La P\u00e9dagogie Sociale est une \u00ab\u00a0p\u00e9dagogie du pain\u00a0\u00bb<\/strong>: globale, totale, elle concerne l&rsquo;enti\u00e8ret\u00e9 de l&rsquo;existence, dans toutes ses dimensions humaines.<\/p>\n<p><strong>Mais la p\u00e9dagogie sociale est aussi une \u00ab\u00a0p\u00e9dagogie des \u00a0miettes\u00a0\u00bb<\/strong>: elle fabrique de l&rsquo;innombrable, du pl\u00e9thorique, \u00a0elle s&rsquo;adresse \u00e0 tous, elle ne pose aucune condition. Elle constitue en acte le droit indiscutable \u00e0 l&rsquo;\u00e9ducation et \u00e0 la vie sociale , miette par miette. Car m\u00eame les miettes, c&rsquo;est toujours du pain.<\/p>\n<p><span style=\"color: #ff0000\"><strong>Autour d&rsquo;un \u00a0dimanche qui fut \u00ab\u00a0Festival\u00a0\u00bb<\/strong><\/span><\/p>\n<p><a href=\"http:\/\/recherche-action.fr\/intermedes\/files\/2014\/10\/IMG_00002277.png\"><img decoding=\"async\" class=\"aligncenter size-full wp-image-4080\" src=\"http:\/\/recherche-action.fr\/intermedes\/files\/2014\/10\/IMG_00002277.png\" alt=\"IMG_00002277\" width=\"653\" height=\"367\" \/><\/a><\/p>\n<p><em><strong>Nous avons v\u00e9cu un dimanche triple et g\u00e9ant.<\/strong><\/em><\/p>\n<p><strong>Tandis que 7 Robinsons participaient \u00e0 leur septi\u00e8me et derni\u00e8re journ\u00e9e de rencontre avec des d\u00e9l\u00e9gations d&rsquo;enfants du monde entier<\/strong> (partageant une m\u00eame exp\u00e9rience d&rsquo;\u00e9ducation informelle) , o\u00f9 il se sont rapproch\u00e9s des groupes d&rsquo;enfants Bosniaques, Palestiniens, Malgaches, Roumains, Indiens, etc.<\/p>\n<p><strong>Une \u00e9norme de troupes de Robinsons faisaient vivre la jardin,<\/strong> le d\u00e9sherbaient, le fumaient, le pr\u00e9paraient pour l&rsquo;hiver <span style=\"color: #3366ff\">ET ONT REINSTALLE UNE TOILE DE SERRE<\/span> , apr\u00e8s le l\u00e2che saccage de la pr\u00e9c\u00e9dente<\/p>\n<p><span style=\"color: #3366ff\"><strong>Et enfin, nous accueillions la troupe des enfants artistes Rroms et Slovaques des Kesaj Tchave,<\/strong> <\/span>qui se sont arr\u00eat\u00e9s dans leur tourn\u00e9e , pour nous rencontrer au jardin.<\/p>\n<p><a href=\"http:\/\/recherche-action.fr\/intermedes\/files\/2014\/10\/IMG_00002281.png\"><img fetchpriority=\"high\" decoding=\"async\" class=\"aligncenter size-full wp-image-4081\" src=\"http:\/\/recherche-action.fr\/intermedes\/files\/2014\/10\/IMG_00002281.png\" alt=\"IMG_00002281\" width=\"653\" height=\"367\" \/><\/a><\/p>\n<p><strong>Puis, avec les Robinsons, tous \u00a0sont all\u00e9s au devant des enfants et habitants du bidonville de Champlan , menac\u00e9 d&rsquo;expulsion sans solution \u00e0 la veille de l&rsquo;hiver.<\/strong> Une v\u00e9ritable cure d&rsquo;\u00e9nergie, un torrent de couleurs de forces . Un \u00ab\u00a0cadeau\u00a0\u00bb comme l&rsquo;a ainsi nomm\u00e9 Maria, notre ancienne service civique qui vit sur le camp\u00a0(et qui elle, avait une seconde raison de se r\u00e9jouir: elle vient d&rsquo;obtenir son BAFA, son premier dipl\u00f4me Fran\u00e7ais)<\/p>\n<p><a href=\"http:\/\/recherche-action.fr\/intermedes\/files\/2014\/10\/IMG_00002283.png\"><img decoding=\"async\" class=\"aligncenter size-full wp-image-4083\" src=\"http:\/\/recherche-action.fr\/intermedes\/files\/2014\/10\/IMG_00002283.png\" alt=\"IMG_00002283\" width=\"653\" height=\"367\" \/><\/a><\/p>\n<p><span style=\"color: #ff0000\">Au del\u00e0 des langues diff\u00e9rentes, une m\u00eame culture s&rsquo;exprimait, avec des m\u00eames exp\u00e9riences de vie et il en ressortait de la joie et de la beaut\u00e9.<\/span><\/p>\n<p>Sur les Kesaj:\u00a0http:\/\/kesaj.blogspot.fr\/<\/p>\n<p><strong>Fraternity Cup: de lundi 20 \u00e0 lundi 27 X<\/strong><\/p>\n<p><a href=\"http:\/\/recherche-action.fr\/intermedes\/files\/2014\/10\/IMG_20141026_210608297.png\"><img loading=\"lazy\" decoding=\"async\" class=\"aligncenter size-full wp-image-4088\" src=\"http:\/\/recherche-action.fr\/intermedes\/files\/2014\/10\/IMG_20141026_210608297.png\" alt=\"IMG_20141026_210608297\" width=\"518\" height=\"291\" \/><\/a><\/p>\n<p><strong>R\u00e9cit d&rsquo;Aline:<\/strong><\/p>\n<p><span style=\"color: #ff0000\"> Je suis partie 8 jours \u00e0 <span id=\"misspell-1\" class=\"mark\">Issy<\/span> les <span id=\"misspell-2\" class=\"mark\">Moulineaux<\/span> avec 6 enfants du quartier : <span id=\"misspell-3\" class=\"mark\">Nadine<\/span>, <span id=\"misspell-4\" class=\"mark\">Daink\u00e9<\/span>, <span id=\"misspell-5\" class=\"mark\">Anna<\/span>, Jean, <span id=\"misspell-6\" class=\"mark\">Toni<\/span> et <span id=\"misspell-7\" class=\"mark\">Corentin<\/span> pour participer \u00e0 la <span id=\"misspell-8\" class=\"mark\">Fraternity<\/span> <span id=\"misspell-9\" class=\"mark\">Cup<\/span>.<\/span> Cette grande rencontre internationale organis\u00e9e par le r\u00e9seau de la <strong>Voix de <span id=\"misspell-10\" class=\"mark\">l&rsquo;Enfant<\/span><\/strong>\u00a0 (dont nous sommes membres) et <span id=\"misspell-11\" class=\"mark\">Kohrom, qui\u00a0<\/span><span class=\"\">\u00a0a lieu, \u00a0chaque ann\u00e9e, depuis 3 ans.<\/span><\/p>\n<p><a href=\"http:\/\/recherche-action.fr\/intermedes\/files\/2014\/10\/IMG_20141026_221827319.png\"><img loading=\"lazy\" decoding=\"async\" class=\"aligncenter size-full wp-image-4098\" src=\"http:\/\/recherche-action.fr\/intermedes\/files\/2014\/10\/IMG_20141026_221827319.png\" alt=\"IMG_20141026_221827319\" width=\"518\" height=\"291\" \/><\/a><\/p>\n<div><span class=\"\">\u00a0 \u00a0 Pour cette nouvelle \u00e9dition, la <span id=\"misspell-12\" class=\"mark\">Fraternity<\/span> <span id=\"misspell-13\" class=\"mark\">Cup<\/span> a r\u00e9uni 10 pays : <span id=\"misspell-14\" class=\"mark\">Madagascar<\/span>, <span id=\"misspell-15\" class=\"mark\">l&rsquo;Inde<\/span>, la <span id=\"misspell-16\" class=\"mark\">Palestine<\/span>, le <span id=\"misspell-17\" class=\"mark\">Burkina-Fasso<\/span>, le <span id=\"misspell-18\" class=\"mark\">S\u00e9n\u00e9gal<\/span>, la <span id=\"misspell-19\" class=\"mark\">Roumanie<\/span>, la <span id=\"misspell-20\" class=\"mark\">Bosnie<\/span> <span id=\"misspell-21\" class=\"mark\">Herzegovine<\/span>, <span id=\"misspell-22\" class=\"mark\">l&rsquo;Afghanistan<\/span>, le Br\u00e9sil et la France, et comm\u00e9morait les 25 <\/span><span class=\"\">ans de la Convention des Droits de <span id=\"misspell-23\" class=\"mark\">l&rsquo;Enfant<\/span>.<\/span><\/div>\n<div><\/div>\n<div><span class=\"\">\u00a0 \u00a0 Il a \u00e9t\u00e9 propos\u00e9 aux enfants d&rsquo;apprendre \u00e0 se conna\u00eetre par le biais d&rsquo;un tournoi de foot, d&rsquo;ateliers d&rsquo;expression musicale, d&rsquo;\u00e9criture d&rsquo;une chanson, de sorties, de soir\u00e9es culturelles mais aussi de r\u00e9fl\u00e9chir \u00e0 leur droit en utilisant le jeu.<\/span><\/div>\n<div><a href=\"http:\/\/recherche-action.fr\/intermedes\/files\/2014\/10\/SAM_9146.jpg\"><img loading=\"lazy\" decoding=\"async\" class=\"aligncenter size-full wp-image-4100\" src=\"http:\/\/recherche-action.fr\/intermedes\/files\/2014\/10\/SAM_9146.jpg\" alt=\"SAMSUNG CAMERA PICTURES\" width=\"1024\" height=\"768\" \/><\/a><\/div>\n<div><\/div>\n<div>Nous avons ainsi v\u00e9cu les uns avec les autres dans l&rsquo;internat Saint <span id=\"misspell-24\" class=\"mark\">Nicolas<\/span> pendant une grosse semaine, partageant chaque moment, avec des enfants des <span id=\"misspell-25\" class=\"\">quatre<\/span> coins du monde, nous apportant la richesse de leur cultures et de leurs diff\u00e9rences.<\/div>\n<div><\/div>\n<div>Beaucoup de joie, de rires, de surprises, d&rsquo;\u00e9tonnement, d&rsquo;admiration mais aussi de questionnements, d&rsquo;incompr\u00e9hension, de tensions parfois et des larmes, beaucoup de larmes, lorsqu&rsquo;il a fallu se dire au revoir.<\/div>\n<div><strong>Nous en ressortons tous plus grands, plus riches et plus forts. Enfants comme adultes, nous avons tous v\u00e9cu des moments tr\u00e8s intenses et avons beaucoup appris des autres, \u00e9videmment, mais de nous \u00e9galement.<\/strong><\/div>\n<div><\/div>\n<div><span style=\"color: #ff0000\"><strong>(A suivre en bas du blog)<\/strong><\/span><\/div>\n<div><\/div>\n<div><\/div>\n<p><a href=\"http:\/\/recherche-action.fr\/intermedes\/files\/2014\/10\/IMG_20141026_212641182.png\"><img loading=\"lazy\" decoding=\"async\" class=\"aligncenter size-full wp-image-4087\" src=\"http:\/\/recherche-action.fr\/intermedes\/files\/2014\/10\/IMG_20141026_212641182.png\" alt=\"IMG_20141026_212641182\" width=\"518\" height=\"291\" \/><\/a><\/p>\n<p><a href=\"http:\/\/recherche-action.fr\/intermedes\/files\/2014\/10\/IMG_20141026_210608297.png\"><img loading=\"lazy\" decoding=\"async\" class=\"aligncenter size-full wp-image-4088\" src=\"http:\/\/recherche-action.fr\/intermedes\/files\/2014\/10\/IMG_20141026_210608297.png\" alt=\"IMG_20141026_210608297\" width=\"518\" height=\"291\" \/><\/a><\/p>\n<p><strong>Dimanche<\/strong><\/p>\n<p><strong><em>Jardin de Saulx:<\/em><\/strong><\/p>\n<p>Aujourd&rsquo;hui un tr\u00e8s belle apr\u00e8s midi fait sa place sous le ciel nuagues de Saulx.<\/p>\n<p>Avec deux camions bien remplis des enfants et des adults on arrive enfin au jardin ou nous nous somme propos\u00e9 pour cette journ\u00e9e d&rsquo;avancer le plus possible dans le travaux<\/p>\n<p><a title=\"SAM_6152\" href=\"http:\/\/www.flickr.com\/photos\/100872287@N06\/15479475618\"><img decoding=\"async\" class=\"alignnone \" src=\"https:\/\/farm8.staticflickr.com\/7515\/15479475618_dae3d7b260.jpg\" alt=\"SAM_6152\" \/><\/a><\/p>\n<p>Impatients comme d&rsquo;habitude les enfants se sont donn\u00e9s des t\u00e2ches entre\u00a0eux tandis que nous les adultes on commence \u00e0 mettre en place la toile de la serre avec beaucoup de patience pour que le travail soit fait , bien fait dans le moindre d\u00e9tails.<\/p>\n<p><a title=\"SAM_6158\" href=\"http:\/\/www.flickr.com\/photos\/100872287@N06\/15045500193\"><img decoding=\"async\" class=\"alignnone \" src=\"https:\/\/farm4.staticflickr.com\/3947\/15045500193_8a9760ec81.jpg\" alt=\"SAM_6158\" \/><\/a><\/p>\n<p>Apr\u00e8s peu de temps, Laurent et H\u00e9l\u00e9ne nous ont rejoints pour donner un coup de main toujours bienvenu et sourtout pour nous dire que aujourd&rsquo;hui on va avoir de la visite de \u00ab\u00a0Kesaj Tchave\u00a0\u00bb un groupe de danse et de musique Rrom-slovaque qui nous ont rendu visite plus tard dans l&rsquo;apr\u00e8s midi et nous ont \u00e9merveill\u00e9s et enchant\u00e9s le coeur avec leur voix chalereuse \u00e0 la fin de la journ\u00e9e sur le camp de Champlan.<\/p>\n<p><strong>Samedi<\/strong><\/p>\n<p><strong>Villa Saint-martin<\/strong><\/p>\n<p>Aujourd\u2019hui, une vingtaine d\u2019enfants \u00e9taient pr\u00e9sents, nous avons sorti les tentes car la grisaille se faisait oppressante. Un petit peu de bruinasse finalement, mais \u00e7a va. Au programme\u00a0: tarte aux pommes pour la cuisine avec Virginia, aid\u00e9e de Nabintu, Awa et autres petites. La tarte s\u2019est av\u00e9r\u00e9 go\u00fbteuse quoiqu\u2019un peu insuffisamment cuite, faute de temps.<\/p>\n<p><a title=\"SAM_5874\" href=\"http:\/\/www.flickr.com\/photos\/100872287@N06\/15641946126\"><img decoding=\"async\" class=\"alignnone \" src=\"https:\/\/farm4.staticflickr.com\/3938\/15641946126_de485708df.jpg\" alt=\"SAM_5874\" \/><\/a><\/p>\n<p><span style=\"color: #3366ff\">A la musique, il y a eu de l\u2019anarchique, mais aussi de la construction<\/span> avec de nombreuses proposition pertinente lorsque les enfants \u00e9taient sollicit\u00e9s dans une dynamique de groupe.\u00a0 Les cymbales \u00e9taient trop bruyantes mais tr\u00e8s demand\u00e9es.<\/p>\n<p><a title=\"SAM_5872\" href=\"http:\/\/www.flickr.com\/photos\/100872287@N06\/15641946376\"><img decoding=\"async\" class=\"alignnone \" src=\"https:\/\/farm4.staticflickr.com\/3948\/15641946376_77246d03a0.jpg\" alt=\"SAM_5872\" \/><\/a><\/p>\n<p><strong>Iasmina s\u2019est positionn\u00e9e \u00e0 la petite enfance<\/strong>, quelques petits sont venus la rejoindre, c\u2019est tout de m\u00eame plus\u00a0 agr\u00e9able sous une tente au chaud\u00a0!<\/p>\n<p><strong>Quant \u00e0 Laura, elle tenait la tente jeux de soci\u00e9t\u00e9<\/strong> qui paraissait tr\u00e8s anim\u00e9e\u00a0! Quelques gar\u00e7ons ag\u00e9s d\u2019environ 12ans \u00e9taient extr\u00eamement motiv\u00e9s \u00e0 faire des jeux. Quelle bonne ambiance.<\/p>\n<p><a title=\"SAM_5884\" href=\"http:\/\/www.flickr.com\/photos\/100872287@N06\/15641945706\"><img decoding=\"async\" class=\"alignnone \" src=\"https:\/\/farm8.staticflickr.com\/7557\/15641945706_b25ec60a6b.jpg\" alt=\"SAM_5884\" \/><\/a><\/p>\n<p><strong>A 16h, nous avons fait le conseil de quartier, qui est critiqu\u00e9\u00a0par quelques uns des jeunes gar\u00e7ons qui estiment qu\u2019il ne sert pas \u00e0 grand chose<\/strong>. Malgr\u00e9 tout, ils se sont install\u00e9s avec nous et nous avons essayer de les faire parler sur le pourquoi du comment. Tous ont finis par \u00eatre contents, nous avons parler de la soir\u00e9e halloween qui a fait r\u00e9agir les enfants.<\/p>\n<p>Apr\u00e8s beaucoup de difficult\u00e9s, nous avons fini par pouvoir donner le go\u00fbter, la tarte leur a plus malgr\u00e9 tout. Tous nous ont aider \u00e0 ranger et nous sommes parti.<\/p>\n<p><a title=\"SAM_5903\" href=\"http:\/\/www.flickr.com\/photos\/100872287@N06\/15662991701\"><img decoding=\"async\" class=\"alignnone \" src=\"https:\/\/farm8.staticflickr.com\/7541\/15662991701_f2973401dd.jpg\" alt=\"SAM_5903\" \/><\/a><\/p>\n<p>&nbsp;<\/p>\n<p><strong>Champlan\u00a0:<\/strong><\/p>\n<p><strong>Aujourd\u2019hui, Ronaldo, Ricardo et Cosmin sont venus \u00e0 la Ruche, (notre atelier scolaire),\u00a0<\/strong>pour que Jo\u00eblle et Soazic les accompagnent dans leurs devoirs. Jo\u00eblle a vu avec Ricardo tout ce qui se rattachait \u00e0 la lecture et a vu qu\u2019il \u00e9tait tr\u00e8s s\u00e9rieux et volontaire.<\/p>\n<p>Cosmin et Ronaldo sont all\u00e9s \u00e0 l\u2019\u00e9tage pour s\u2019avancer dans leurs devoirs avec Soazic. <strong>Cosmin a pu s\u2019avancer dans un exercice de Math\u00e9matiques sur les nombres d\u00e9cimaux.<\/strong> Soazic et Ronaldo ont commenc\u00e9 \u00e0 fabriquer un alphabet roumain car il semblait que Ronaldo avait beaucoup plus de rep\u00e8res avec des pr\u00e9noms ou des noms qu\u2019il connaissait\u00a0!<\/p>\n<p>Tr\u00e8s bon apr\u00e8s-midi\u00a0!<\/p>\n<p>Pendant ce temps Nicolae et Kevin sont rest\u00e9s \u00e0 Champlan. Au d\u00e9but il pleuvait donc il y avait peu d\u2019enfants. Lorsqu\u2019ils sont arriv\u00e9s nous avons fait deux jeux collectif, \u00ab\u00a0le facteur n\u2019est pass\u00e9\u00a0\u00bb <span style=\"color: #3366ff\">et en effet il a mis un certain temps \u00e0 passer car nous avons fait ce jeu pendant un long moment.<\/span><\/p>\n<p><a title=\"SAM_0650\" href=\"http:\/\/www.flickr.com\/photos\/100872287@N06\/15044989204\"><img decoding=\"async\" class=\"alignnone \" src=\"https:\/\/farm6.staticflickr.com\/5614\/15044989204_f5ab662ac2.jpg\" alt=\"SAM_0650\" \/><\/a><\/p>\n<p>Ensuite nous avons fait \u00ab\u00a0un, deux, trois soleil\u00a0!\u00a0\u00bb ce qui \u00e0 beaucoup plu \u00e0 tous\u00a0!<\/p>\n<p><strong>Les enfants n\u2019\u00e9taient pas trop agit\u00e9s alors comme la pluie s\u2019\u00e9tait arr\u00eat\u00e9e tous les enfants se sont assis pour faire des dessins.<\/strong> Beaucoup ont demand\u00e9 les poules mais aussi les dessins avec des chiffres et des points \u00e0 relier.<\/p>\n<p><a title=\"SAM_0652\" href=\"http:\/\/www.flickr.com\/photos\/100872287@N06\/15479574128\"><img decoding=\"async\" class=\"alignnone \" src=\"https:\/\/farm8.staticflickr.com\/7503\/15479574128_d13d85ccd5.jpg\" alt=\"SAM_0652\" \/><\/a><\/p>\n<p>Cet exercice math\u00e9matique \u00e0 bien plu et les enfants \u00e9taient concentr\u00e9s aussi bien pour colorier et changer les couleurs suivant les diff\u00e9rentes formes du dessin que pour apprendre \u00e0 compter jusqu&rsquo;\u00e0 40.<\/p>\n<p>Nous avons ensuite pris le gouter en tous cas tout le monde a bien travaill\u00e9 ce samedi\u00a0et nous \u00e9tions ravi d\u2019\u00eatre a Champlan\u00a0!<\/p>\n<p><a title=\"SAM_0654\" href=\"http:\/\/www.flickr.com\/photos\/100872287@N06\/15480159060\"><img decoding=\"async\" class=\"alignnone \" src=\"https:\/\/farm6.staticflickr.com\/5601\/15480159060_39721c1c98.jpg\" alt=\"SAM_0654\" \/><\/a><\/p>\n<p><strong>VENDREDI<\/strong><\/p>\n<p><em><strong>Jardin de Saulx\u00a0:<\/strong><\/em><\/p>\n<p><span style=\"color: #3366ff\"><strong>Aujourd\u2019hui au jardin le temps \u00e9tait plut\u00f4t bon. Les gar\u00e7ons ont tout d\u2019abord fait un peu de rangement car il y avait quelques tables \u00e0 jeter.<\/strong><\/span> Puis nous avons organis\u00e9 les diff\u00e9rents travaux \u00e0 faire pour l\u2019apr\u00e8s midi.<\/p>\n<p><strong>Nicolae et Cosmin ont pass\u00e9 la d\u00e9broussailleuse le long des plants<\/strong>. Pendant que Th\u00e9o et Li\u00e8s cherchaient du bois dans la foret. Franck, Jessica et Eric ont ramass\u00e9s des radis et des poireaux qui \u00e9taient tr\u00e8s beaux.<\/p>\n<p>Kevin et K\u00e9r\u00e9din ont d\u00e9sherb\u00e9 la moiti\u00e9 du champ de citrouille.<\/p>\n<p>Puis tous ensemble au gouter nous avons discut\u00e9 de la journ\u00e9e, d\u2019appareil photos et de partage\u2026<\/p>\n<p>Nous continuerons le bon travail commenc\u00e9 aujourd\u2019hui\u00a0!<\/p>\n<p>A bient\u00f4t\u00a0!<\/p>\n<p><strong>La Rocade.<\/strong><\/p>\n<p><strong>Un apr\u00e8s-midi avec peu de monde mais beaucoup de cris et de rires. Il y avait cinq ateliers mis en place.<\/strong><\/p>\n<p><strong>Tout d\u2019abord un atelier cuisine men\u00e9 par Laura qui a jou\u00e9 la petite bretonne<\/strong> en nous faisant de bonnes cr\u00eapes. Aid\u00e9e par 5-6 jeunes filles elles ce sont mis \u00e0 la t\u00e2che tout le d\u00e9but de l\u2019apr\u00e8s-midi pour nous confectionner <em><strong>de bonnes cr\u00eapes \u00e0 la confiture qui seront ensuite distribu\u00e9es par les chefs de go\u00fbter<\/strong><\/em>. On s\u2019est r\u00e9gal\u00e9\u00a0!<\/p>\n<p><a title=\"SAM_5794\" href=\"http:\/\/www.flickr.com\/photos\/100872287@N06\/15666627532\"><img decoding=\"async\" class=\"alignnone \" src=\"https:\/\/farm4.staticflickr.com\/3952\/15666627532_94d4422c49.jpg\" alt=\"SAM_5794\" \/><\/a><\/p>\n<p>Un peu plus loin on trouvait l\u2019atelier musique, de Flora, qui intrigua les enfants qui se ru\u00e8rent dessus en d\u00e9but d\u2019apr\u00e8s-midi. Ils ont d\u00e9couvert les diff\u00e9rents instruments et jou\u00e9s de bon coeur ce qui donna parfois des symphonies que Mozart n\u2019a du entendre de son vivant. <strong>Plus l\u2019apr\u00e8s-midi avan\u00e7ait, plus ont entendait du rythme dans les musiques.<\/strong><\/p>\n<p><a title=\"SAM_5860\" href=\"http:\/\/www.flickr.com\/photos\/100872287@N06\/15479644608\"><img decoding=\"async\" class=\"alignnone \" src=\"https:\/\/farm4.staticflickr.com\/3944\/15479644608_35cdb3877c.jpg\" alt=\"SAM_5860\" \/><\/a><\/p>\n<p>Il y avait aussi un atelier petit enfance qui resta vide tout au long de l\u2019apr\u00e8s-midi&#8230; Les bouts de \u00a0choux n\u2019\u00e9taient pas au rendez-vous cette apr\u00e8s-midi.<\/p>\n<p>L\u2019atelier coloriage a au contraire rencontr\u00e9 un franc-succ\u00e8s, calme et s\u00e9r\u00e9nit\u00e9 dans cette atelier qui amenait petits et grands, gar\u00e7ons et filles. Nous sommes rentr\u00e9s au local avec beaucoup de coloriages.<\/p>\n<p>Enfin un atelier jeux qui a amen\u00e9 des enfants au d\u00e9but de l\u2019apr\u00e8s-midi mais qui fut vite vide car les enfants ont pr\u00e9f\u00e9r\u00e9s les jeux ext\u00e9rieurs que les jeux de soci\u00e9t\u00e9s.<\/p>\n<p><a title=\"SAM_5791\" href=\"http:\/\/www.flickr.com\/photos\/100872287@N06\/15480231740\"><img decoding=\"async\" class=\"alignnone \" src=\"https:\/\/farm4.staticflickr.com\/3940\/15480231740_6f1cd1e05d.jpg\" alt=\"SAM_5791\" \/><\/a><\/p>\n<p><strong>Pendant ce temps l\u00e0 les mamans discutaient en prenant un th\u00e9 mais gardait un oeil sur les enfants qui eux ne venait que en cas d\u2019urgence c\u00e2lin.<\/strong><\/p>\n<p>L\u2019heure du go\u00fbter \u00e0 sonner, une trentaine d\u2019enfants se sont aussi en rond attendant impatiemment leurs cr\u00eapes \u00e0 la confiture et leurs sirops.<\/p>\n<p><a title=\"SAM_5868\" href=\"http:\/\/www.flickr.com\/photos\/100872287@N06\/15480231010\"><img decoding=\"async\" class=\"alignnone \" src=\"https:\/\/farm4.staticflickr.com\/3938\/15480231010_bae836392b.jpg\" alt=\"SAM_5868\" \/><\/a><\/p>\n<p><em><strong>La ruche\u00a0: Maths et musique<\/strong><\/em><\/p>\n<p><strong>Sept \u00e9l\u00e8ves aujourd\u2019hui dans la\u00a0salle de classe de la Ruche.<\/strong> Tous \u00e9taient de Champlan car en cette p\u00e9riode vacances scolaires, il y a beaucoup d\u2019enfants sur le camp. Parmi eux, certains nous sont bien connus, comme Susano et Ricardo, qui ont \u00e9t\u00e9 particuli\u00e8rement en forme, autant dans la dissipation que dans la compr\u00e9hension des exercices.<\/p>\n<p><a title=\"SAM_0340\" href=\"http:\/\/www.flickr.com\/photos\/100872287@N06\/15642105466\"><img decoding=\"async\" class=\"alignnone \" src=\"https:\/\/farm4.staticflickr.com\/3944\/15642105466_a156ee3648.jpg\" alt=\"SAM_0340\" \/><\/a><\/p>\n<p>Nous avons attaqu\u00e9 d\u2019une fa\u00e7on tr\u00e8s scolaire, chacun assis \u00e0 sa place (au moins quelques secondes) et nous faisons des exercices de reconnaissance des formes g\u00e9om\u00e9triques, compris par tous \u00e0 la fin. <strong>J\u2019encha\u00eene la reconnaissance des triangles avec un rythme \u00e0 trois temps \u00e0 taper dans nos mains.<\/strong><\/p>\n<p><strong><a title=\"SAM_0338\" href=\"http:\/\/www.flickr.com\/photos\/100872287@N06\/15642105316\"><img decoding=\"async\" class=\"alignnone \" src=\"https:\/\/farm8.staticflickr.com\/7566\/15642105316_c8f5b03c2e.jpg\" alt=\"SAM_0338\" \/><\/a> <\/strong><\/p>\n<p>On compte jusqu\u2019\u00e0 trois en boucle. J\u2019associe le carr\u00e9 avec un rythme \u00e0 quatre temps. Le ternaire s\u2019acquiert plus facilement avec ce support visuel, semble-t-il. <span style=\"color: #3366ff\"><strong>Une nouvelle venue, Denisa, est habitu\u00e9e au comportement scolaire, \u00e0 8 ans, elle sait lire et \u00e9crire et donc nous \u00e9nonce les consignes des exercices.<\/strong><\/span><\/p>\n<p>On fait une pause de quinze minutes \u00e0 l\u2019ext\u00e9rieur, cirque, skate-board, foot, v\u00e9lo, craies sur citrouilles trou\u00e9es.<\/p>\n<p><strong>On reprend ensuite un exercice qui est une pr\u00e9sentation simple du fonctionnement d\u2019un tableau.<\/strong> Cet exercice est plus difficile pour les plus jeunes mais largement acquis par Ricardo, Adelina (avec une aide de Denisa que je ne saurais mesurer) et Denisa.<\/p>\n<p><strong>Je reprends l\u2019exercice de reconnaissance m\u00e9lodique<\/strong>, o\u00f9 il faut reconna\u00eetre des notes montantes, descendantes, droites ou en vagues. Cet exercice est maintenant appr\u00e9ci\u00e9 d\u2019Adelina qui sait reconna\u00eetre et reproduire ces motifs presque \u00e0 chaque fois. Chez d\u2019autres, il y a toujours le probl\u00e8me de la chance sur quatre qui leur fait pr\u00e9f\u00e9rer la r\u00e9ponse au hasard plut\u00f4t que la compr\u00e9hension.<\/p>\n<p><a title=\"SAM_0342\" href=\"http:\/\/www.flickr.com\/photos\/100872287@N06\/15479189529\"><img decoding=\"async\" class=\"alignnone \" src=\"https:\/\/farm8.staticflickr.com\/7566\/15479189529_56d3e35b06.jpg\" alt=\"SAM_0342\" \/><\/a><\/p>\n<p>Nous dansons un peu sur Daft Punk, puis nous go\u00fbtons.<\/p>\n<p><strong>Jeudi<\/strong><\/p>\n<p>Atelier expression corporelle et musique \u00e0 Wissous<\/p>\n<p><span style=\"color: #3366ff\">Cet apr\u00e8s-midi, Evelyne et moi, Flora, prenons la route pour Wissous, sous un ciel plut\u00f4t couvert mais par chance sans pluie\u00a0!<\/span><\/p>\n<p><strong>Nous sommes tout de suite accueillies chaleureusement par 5-6 enfants qui sautillent dans notre direction\u00a0!<\/strong> Nous commen\u00e7ons par faire une ronde ensemble, dans laquelle nous nommons plusieurs parties du corps, tout en bougeant.<\/p>\n<p>Chacun son tour choisi une partie du corps que l\u2019on nomme ensemble en fran\u00e7ais et en romanes. Il y a une super athmosph\u00e8re, les enfants sont enthousiastes. Puis nous faisons la danse du \u00ab\u00a0boogie-woogie\u00a0\u00bb dans laquelle nous continuons \u00e0 nommer des parties du corps tout en faisant des variantes dansantes\u00a0!<\/p>\n<p><a title=\"SAM_6131\" href=\"http:\/\/www.flickr.com\/photos\/100872287@N06\/15665926575\"><img decoding=\"async\" class=\"alignnone \" src=\"https:\/\/farm8.staticflickr.com\/7552\/15665926575_6fa60261b2.jpg\" alt=\"SAM_6131\" \/><\/a><\/p>\n<p><em><strong>Puis les enfants demandes les instruments de musique\u00a0, que nous sortons tous ensemble.<\/strong> <\/em>Ils sont press\u00e9s de tous les toucher et les d\u00e9couvrir, font plein de sons et de rythmes diff\u00e9rents. Apr\u00e8s une phase de d\u00e9couverte, les enfants se l\u00e8vent spontan\u00e9ment et dansent avec leurs instruments en mains.<\/p>\n<p><a title=\"SAM_6114\" href=\"http:\/\/www.flickr.com\/photos\/100872287@N06\/15045179894\"><img decoding=\"async\" class=\"alignnone \" src=\"https:\/\/farm8.staticflickr.com\/7582\/15045179894_02549d2b2c.jpg\" alt=\"SAM_6114\" \/><\/a><\/p>\n<p>Nous formons ainsi un cercle et s\u2019allions tous pour danser sur des rythmes et des sons divers et vari\u00e9s\u00a0! J\u2019ai beaucoup de plaisir \u00e0 les voir si souriant et motiv\u00e9s\u00a0! <strong>Amalia et Salvador nous chantent chacun une chanson dans leur langue en s\u2019accompagnant d\u2019un instrument, c\u2019est g\u00e9nial\u00a0!<\/strong> Nous faisons encore quelques jeux musicaux tous ensemble avant de ranger les instruments. A ce moment, deux enfants nous rejoignent en cours de route. Ensuite chacun prend un foulard de couleur et nous faisons le jeu des statues, tout en bougeant avec les foulard.<\/p>\n<p>Chaque enfant m\u00e8ne le jeu \u00e0 son tour en faisant de la musique avec le tambourin, puis quand il s\u2019arr\u00eate, tout le monde doit \u00eatre immobile. C\u2019\u00e9tait tr\u00e8s dr\u00f4le et beau \u00e0 voir.<\/p>\n<p><a title=\"SAM_6135\" href=\"http:\/\/www.flickr.com\/photos\/100872287@N06\/15663225531\"><img decoding=\"async\" class=\"alignnone \" src=\"https:\/\/farm6.staticflickr.com\/5607\/15663225531_4867b91310.jpg\" alt=\"SAM_6135\" \/><\/a> Nous terminons cet apr\u00e8s-midi par un moment de dessins libres ainsi que quelques dessins d\u2019instruments avant de s\u2019installer pour un bon go\u00fbter avec chocolat chaud qui a \u00e9t\u00e9 tr\u00e8s appr\u00e9ci\u00e9\u00a0!<\/p>\n<p><strong>Jeudi\u00a0:<\/strong><\/p>\n<p>Une apr\u00e8s-midi tr\u00e8s agr\u00e9able avec beaucoup de bonne humeur car le soleil il vient nous rendre visite sur le ciel nuageux de Saulx.<\/p>\n<p><strong>Cosmin il nous fait signe de l\u2019autre bout du jardin o\u00f9 il \u00e9tait en train de d\u00e9broussailler pour changer le visage de notre jardin .<\/strong><\/p>\n<p><a title=\"SAM_0323\" href=\"http:\/\/www.flickr.com\/photos\/100872287@N06\/15642228406\"><img decoding=\"async\" class=\"alignnone \" src=\"https:\/\/farm4.staticflickr.com\/3945\/15642228406_f1ce87b4e5.jpg\" alt=\"SAM_0323\" \/><\/a><\/p>\n<p>En ce temps nous les autres Jean Jacques, Franck, Eric et Jessica on fait la cueillette des salades et donne un peu de forme aux arbres fruitiers et de d\u00e9cor car le jardin avait besoin de changer de visage.<a title=\"SAM_0327\" href=\"http:\/\/www.flickr.com\/photos\/100872287@N06\/15480389430\"><img decoding=\"async\" class=\"alignnone \" src=\"https:\/\/farm8.staticflickr.com\/7577\/15480389430_04c0901499.jpg\" alt=\"SAM_0327\" \/><\/a><a title=\"SAM_0326\" href=\"http:\/\/www.flickr.com\/photos\/100872287@N06\/15045828393\"><img decoding=\"async\" class=\"alignnone \" src=\"https:\/\/farm4.staticflickr.com\/3941\/15045828393_5bba76476b.jpg\" alt=\"SAM_0326\" \/><\/a><\/p>\n<p><strong>Toujours en forme , aucune forme de fatigue ne s\u2019est ressentie, \u00a0aucune sueur sur nos visages ,mais plut\u00f4t l\u2019influence du travail et l\u2019envie nous tiennent toujours\u00a0d\u00e9bout.<\/strong><\/p>\n<p>Et nous y voila a la fin o\u00f9 nous avons pu profiter d\u2019un peu de repos en train de prendre nos go\u00fbter bien m\u00e9rit\u00e9 par tous.<\/p>\n<p>A d\u00e9main\u00a0!<\/p>\n<p><strong>Compte-rendu atelier vid\u00e9o \u00e0 la Ruche<\/strong><\/p>\n<p>Hafsatou, Sira, Hawa, Theo, Najamie et Alan ont fait des petites sc\u00e8nes\u00a0 vid\u00e9o ou ils parlaient de sujets diff\u00e9rents comme de l\u2019association kokopeli\u00a0 de notre vie et alan et theo ont fait une chanson, un rap rempli de fruits et l\u00e9gumes.<\/p>\n<p><em><strong>Dans un premier temps nous avons cuisin\u00e9 des tartes aux poireaux (du jardin) et une tare \u00e0 la citrouille (du jardin).<\/strong><\/em> Puis nous avons commenc\u00e9 \u00e0 r\u00e9fl\u00e9chir \u00e0 ce que nous allions faire. Documentaire, mais quel sujet\u00a0? Nous nous s\u00e9parons en groupes d\u2019\u00e9criture, nous \u00e9crivons selon l\u2019inspiration, le th\u00e8me choisi.<\/p>\n<p><a title=\"SAM_0621 - Copie\" href=\"http:\/\/www.flickr.com\/photos\/100872287@N06\/15479243199\"><img decoding=\"async\" class=\"alignnone \" src=\"https:\/\/farm4.staticflickr.com\/3939\/15479243199_430fc9ebe1.jpg\" alt=\"SAM_0621 - Copie\" \/><\/a><\/p>\n<p><strong>Nous avons ensuite lu ce qui est sorti de chaque groupe d\u2019\u00e9criture, puis nous nous sommes mis au tournage.<\/strong> Nous filmons une seule personne \u00e0 la fois, fa\u00e7on interview, sauf pour le rap. Il faut donc choisir un lieu, un d\u00e9cor, l\u2019enrichir de petits artifices d\u00e9coratifs, c\u2019est le d\u00e9but de a mise en sc\u00e8-ne.<\/p>\n<p>Il faut se placer en fonction de la lumi\u00e8re, et puis il faut parler devant la cam\u00e9ra, ce qui n\u2019est pas \u00e9vident pour tout le monde. Le rap rencontre un grand succ\u00e8s, l\u2019interview de Sira et Hafsatou, transform\u00e9e en travailleuse de bureau est un sketch qui fait rire tout le groupe.<\/p>\n<p><a title=\"SAM_0614\" href=\"http:\/\/www.flickr.com\/photos\/100872287@N06\/15045756623\"><img decoding=\"async\" class=\"alignnone \" src=\"https:\/\/farm6.staticflickr.com\/5602\/15045756623_754bbcd87d.jpg\" alt=\"SAM_0614\" \/><\/a><\/p>\n<p><strong><span style=\"color: #3366ff\">Nous avons ensuite go\u00fbt\u00e9 en nous d\u00e9lectant de nos performances sur grand \u00e9cran<\/span><\/strong>. Sur grand \u00e9cran, on voit mieux, on voit aussi mieux les d\u00e9fauts, on entend mieux les petits bruits parasites, on entend plus les silences d\u2019h\u00e9sitation. Ce n\u2019est que le d\u00e9but d\u2019un projet. On esp\u00e8re\u00a0; Le\u00efla et moi (Quentin), que d\u2019initiation en initiation, les intentions de documentaires se feront plus concr\u00e8tes et que nous aurons un chouette projet \u00e0 r\u00e9aliser ensemble.<\/p>\n<p><a title=\"SAM_0617\" href=\"http:\/\/www.flickr.com\/photos\/100872287@N06\/15663204711\"><img decoding=\"async\" class=\"alignnone \" src=\"https:\/\/farm4.staticflickr.com\/3935\/15663204711_3bea002f39.jpg\" alt=\"SAM_0617\" \/><\/a><\/p>\n<p><strong>Croix Breton\u00a0:<\/strong><\/p>\n<p><span style=\"color: #3366ff\">Il faisait assez frais aujourd\u2019hui. Nous ne le savions pas encore mais une apr\u00e8s midi exceptionnelle nous attendait \u00e0 la Croix Breton\u00a0!!<\/span><\/p>\n<p>Nous avons fait beaucoup d\u2019activit\u00e9s. Pour commencer 2 enfants nous ont rejoints pour jouer \u00ab\u00a07familles Barbapapa\u00a0\u00bb Ensuite d\u2019autre enfants sont venus et nous avons entam\u00e9 avec un groupe une partie d\u2019halligalli et avec l\u2019autre crok carrott.<\/p>\n<p><a title=\"SAM_5765\" href=\"http:\/\/www.flickr.com\/photos\/100872287@N06\/15480482180\"><img decoding=\"async\" class=\"alignnone \" src=\"https:\/\/farm4.staticflickr.com\/3933\/15480482180_da6b0ca971.jpg\" alt=\"SAM_5765\" \/><\/a><\/p>\n<p>Certains enfants \u00e9taient tr\u00e8s int\u00e9ress\u00e9s par les jeux de cirque d\u2019\u00e9quilibre ou de diabolo que nous avions apport\u00e9.<\/p>\n<p>Les activit\u00e9s se sont tr\u00e8s bien enchain\u00e9es, les enfants \u00e9taient attentifs!<\/p>\n<p>Ensuite nous avons fait le jeu de l\u2019\u00e9lastique ou ceux qui \u00e9taient \u00e9limin\u00e9s dans le groupe de Kevin rejoigne Laora pour en recommencer un autre partie.<\/p>\n<p><a title=\"SAM_5789\" href=\"http:\/\/www.flickr.com\/photos\/100872287@N06\/15666878752\"><img decoding=\"async\" class=\"alignnone \" src=\"https:\/\/farm4.staticflickr.com\/3940\/15666878752_13fed6b19b.jpg\" alt=\"SAM_5789\" \/><\/a><\/p>\n<p>Nous avons continu\u00e9 les jeux collectifs avec une balle au prisonnier, et ensuite Laura a propos\u00e9 un<\/p>\n<p><em><strong><span style=\"color: #3366ff\">\u00ab\u00a0Qui veut attraper l\u2019animateur\u00a0\u00bb o\u00f9 2 \u00e9quipes d\u2019enfant ont chacune une corde \u00e0 sauter de couleur diff\u00e9rente et doivent attraper en premier l\u2019un de nous 2.<\/span><\/strong><\/em><\/p>\n<p>Cela a mobilis\u00e9 tout les enfants qui \u00e9taient tr\u00e8s heureux\u00a0!<\/p>\n<p><strong>Ensuite nous avons form\u00e9 un cercle pour un temps calme de 10 minutes juste avant le go\u00fbter. Tous les enfants se sont pr\u00e9sent\u00e9s chacun son tour en disant leur pr\u00e9nom et leur \u00e2ge.<\/strong> Nous avons ensuite demand\u00e9 ce que chacun aimerait faire la semaine prochaine\u2026 Voici leurs souhaits\u00a0:<\/p>\n<p>Musique et chanson, peinture, faire des bracelets et de la corde \u00e0 saut\u00e9\u00a0!!<\/p>\n<p><a title=\"SAM_5776\" href=\"http:\/\/www.flickr.com\/photos\/100872287@N06\/15480090317\"><img decoding=\"async\" class=\"alignnone \" src=\"https:\/\/farm8.staticflickr.com\/7552\/15480090317_e84d016105.jpg\" alt=\"SAM_5776\" \/><\/a><\/p>\n<p>Nous \u00e9tions tr\u00e8s contents de ces initiatives et les Robinsons auront plaisir \u00e0 faire ces activit\u00e9s la semaine prochaine.<\/p>\n<p>Le go\u00fbter s\u2019est tr\u00e8s bien pass\u00e9, il y avait comme d\u2019habitude sirop, g\u00e2teaux, fruits secs et\u2026 du chocolat chaud pour tous\u00a0!<\/p>\n<p>Merci aux enfants pour cette apr\u00e8s midi,<\/p>\n<p>\u00c0 bient\u00f4t a la Croix Breton\u00a0J<\/p>\n<p><strong>Skate Park<\/strong><\/p>\n<p>Aujourd&rsquo;hui, nous partons Iasmina et Oc\u00e9ane et moi \u00a0(Virginia) pour le skate park. Comme tous les jours, je pars chercher Chlo\u00e9 \u00e0 la Croix Breton, elle m&rsquo;attend avec ses rollers (note \u00e0 moi m\u00eame : prendre des rollers la prochaine fois).<\/p>\n<p><strong><span style=\"color: #3366ff\">Nous installons les trois tapis : petite enfance, coloriage et jeux de soci\u00e9t\u00e9.<\/span><\/strong> Au d\u00e9but il y a peu de monde, tous les enfants sont en train de faire de la trottinette ou du skate.<\/p>\n<p><a title=\"DSC_0169\" href=\"http:\/\/www.flickr.com\/photos\/100872287@N06\/15666938192\"><img decoding=\"async\" class=\"alignnone \" src=\"https:\/\/farm4.staticflickr.com\/3952\/15666938192_bc2f1c5c09.jpg\" alt=\"DSC_0169\" \/><\/a><\/p>\n<p>Au fur et \u00e0 mesure, ils viennent s&rsquo;installer avec nous. Il fait froid et il y a beaucoup de vents, il est tr\u00e8s compliqu\u00e9 de faire des coloriages et des jeux de soci\u00e9t\u00e9 sans que tout s&rsquo;envole&#8230; Nous tentons quand m\u00eame, les enfants me font d\u00e9couvrir le jeu du \u00ab\u00a0Mytho\u00a0\u00bb qui est un jeu o\u00f9 il est autoris\u00e9 de tricher. Je n&rsquo;ai pas l&rsquo;habitude, du coup je ne triche pas, du coup je perds.<\/p>\n<p>Pour se r\u00e9chauffer, nous d\u00e9cidons de faire des jeux collectifs ; je d\u00e9couvre le jeux \u00ab\u00a0un deux trois ninja\u00a0\u00bb, difficile \u00e0 d\u00e9crire exactement mais je trouve ce jeu tr\u00e8s dr\u00f4le et presque chor\u00e9graphique.<\/p>\n<p><a title=\"DSC_0153\" href=\"http:\/\/www.flickr.com\/photos\/100872287@N06\/15642380786\"><img decoding=\"async\" class=\"alignnone \" src=\"https:\/\/farm4.staticflickr.com\/3949\/15642380786_d9a87cfce6.jpg\" alt=\"DSC_0153\" \/><\/a><\/p>\n<p><strong>Avant d&rsquo;entammer le go\u00fbter, nous faisons un dernier jeu : un deux trois SOLEIL cette fois ci.<\/strong> C&rsquo;est fou le nombre de tricheur qu&rsquo;il y a (et pas que parmi les enfants \ud83d\ude09 ) mais cela rend le jeu plus dr\u00f4le.<\/p>\n<p><a title=\"SAM_9084\" href=\"http:\/\/www.flickr.com\/photos\/100872287@N06\/15480598730\"><img decoding=\"async\" class=\"alignnone \" src=\"https:\/\/farm8.staticflickr.com\/7487\/15480598730_f3be8a2aef.jpg\" alt=\"SAM_9084\" \/><\/a><\/p>\n<p>ENFIN c&rsquo;est l&rsquo;heure du go\u00fbter, demand\u00e9 depuis une heure, quelle bande d&rsquo;affam\u00e9s nous sommes. <strong>Beaucoup d&rsquo;enfants arrivent au fur et \u00e0 mesure, donc il est tr\u00e8s compliqu\u00e9 pour les deux chefs go\u00fbter de r\u00e9ussir \u00e0 tout distribuer sans oublier quelqu&rsquo;un.<\/strong><br \/>\nVoil\u00e0, il est l&rsquo;heure de partir.<\/p>\n<p><a title=\"DSC_0174\" href=\"http:\/\/www.flickr.com\/photos\/100872287@N06\/15642378716\"><img decoding=\"async\" class=\"alignnone \" src=\"https:\/\/farm4.staticflickr.com\/3947\/15642378716_54dbf3cfab.jpg\" alt=\"DSC_0174\" \/><\/a> A la semaine prochaine.<\/p>\n<p><strong>Mercredi<\/strong><\/p>\n<p><em><strong>Bel-Air\u00a0:<\/strong><\/em><\/p>\n<p>Aujourd\u2019hui, Laura, Oc\u00e9ane, Jef (invit\u00e9 de l\u2019association D\u00e9dale, \u00e0 St-Quentin-en-Yvelines), sont arriv\u00e9s \u00e0 14h \u00e0 Bel-Air, bien vent\u00e9 et bien frais ce jour d\u2019automne. Quentin rejoindra le groupe un peu plus tard.<\/p>\n<p>On commence par se r\u00e9chauffer autant que possible par une petit mise en jambe\u00a0: on se joint au football d\u00e9j\u00e0 en cours.<a title=\"SAM_9076\" href=\"http:\/\/www.flickr.com\/photos\/100872287@N06\/15480598860\"><img decoding=\"async\" class=\"alignnone \" src=\"https:\/\/farm8.staticflickr.com\/7489\/15480598860_541edcecf1.jpg\" alt=\"SAM_9076\" \/><\/a><\/p>\n<p><strong>Puis nous installons les tapis de sol et sortons divers jeux. Notamment\u00a0: Miragolo, une sorte de \u00ab\u00a0dessiner c\u2019est gagner\u00a0\u00bb<\/strong>, mais ici en plus celui qui dessine a des lunettes d\u00e9formante, avec des verres de diverses couleurs.<\/p>\n<p><a title=\"SAM_9043\" href=\"http:\/\/www.flickr.com\/photos\/100872287@N06\/15045429264\"><img decoding=\"async\" class=\"alignnone \" src=\"https:\/\/farm8.staticflickr.com\/7528\/15045429264_185fe3439a.jpg\" alt=\"SAM_9043\" \/><\/a><\/p>\n<p><strong>On a jou\u00e9 aussi \u00e0 faire des constructions (bateau, mitraillettes&#8230;), aux \u00e9checs, au Molky.<\/strong> Certains ont appris des rudiments de musique avec un metalophone. Avec une corde, on a tir\u00e9, saut\u00e9, jou\u00e9 \u00e0 attraper les animateurs et les enfants, au cheval.<\/p>\n<p><a title=\"SAM_9058\" href=\"http:\/\/www.flickr.com\/photos\/100872287@N06\/15045428944\"><img decoding=\"async\" class=\"alignnone \" src=\"https:\/\/farm8.staticflickr.com\/7526\/15045428944_537da76eab.jpg\" alt=\"SAM_9058\" \/><\/a><\/p>\n<p>A 16h pile, mise en cercle, et go\u00fbter dans la plus grande discipline (ou presque). Amine, Amane et Niira distribuent verres, boissons, g\u00e2teaux.<\/p>\n<p>Bonne ambiance en r\u00e9sum\u00e9\u00a0! Les robinsons sont attendus au skate-park le lendemain<\/p>\n<p><strong><span style=\"color: #ff0000\">Jardin Biologie\u00a0:<\/span><\/strong><\/p>\n<p><strong>Mercredi.<\/strong><\/p>\n<p>C&rsquo;\u00e9tait un apr\u00e8s-midi difficile car les enfants n&rsquo;\u00e9taient pas apriori tr\u00e8s d\u00e9cid\u00e9s \u00e0 faire\u00a0de la biologie.Mais petit a petit ils commence \u00e0 s\u2019int\u00e9r\u00e9s\u00e9r et de participer.<\/p>\n<p><a title=\"SAM_0545\" href=\"http:\/\/www.flickr.com\/photos\/100872287@N06\/15046071853\"><img decoding=\"async\" class=\"alignnone \" src=\"https:\/\/farm4.staticflickr.com\/3950\/15046071853_8818aed185.jpg\" alt=\"SAM_0545\" \/><\/a><\/p>\n<p><strong>Avec 8 enfants \u00e0\u00a0nos c\u00f4t\u00e9s, notre s\u00e9ance de biologie prendra son cours \u00a0et les enfants<\/strong> ccommencent \u00e0 s\u2019impliquer plus dans la s\u00e9ance de d\u00e9couvert et de dessin. \u00a0Heuresement leur inter\u00eat pour le dessin et pour les insectes est\u00a0croissant\u00a0.<\/p>\n<p><a title=\"SAM_0546\" href=\"http:\/\/www.flickr.com\/photos\/100872287@N06\/15666216035\"><img decoding=\"async\" class=\"alignnone \" src=\"https:\/\/farm4.staticflickr.com\/3948\/15666216035_8f5470a162.jpg\" alt=\"SAM_0546\" \/><\/a><\/p>\n<p>Apr\u00e8s un petit concours\u00a0de dessin entre eux, c&rsquo;est le meilleur qui a gagn\u00e9.<\/p>\n<p>Vers la fin je d\u00e9cide de les laisser jouer un petit peu car quand m\u00eame sont des enfants et ils ont besoin.<\/p>\n<p><a title=\"SAM_0540\" href=\"http:\/\/www.flickr.com\/photos\/100872287@N06\/15480635280\"><img decoding=\"async\" class=\"alignnone \" src=\"https:\/\/farm6.staticflickr.com\/5605\/15480635280_508679a339.jpg\" alt=\"SAM_0540\" \/><\/a><\/p>\n<p>A l\u00a0\u2018heure du go\u00fbter tout le monde a table car ce le moment de profiter un peu d\u2019un verre de sirop et du gateaux.<\/p>\n<p>A la prochaine !!!<\/p>\n<p><span style=\"color: #ff0000\"><strong>\u00a0FRATERNITY CUP: SUITE DU RECIT\u00a0<\/strong><\/span><\/p>\n<p><strong>Je suis partie avec des enfants que je connaissais bien, certains \u00e9taient d\u00e9j\u00e0 partis en week-end au ch\u00e2teau avec moi, mais maintenant nos liens sont bien plus forts et plus complexes.<\/strong> Nous avons v\u00e9cu ensemble 8 jours qui nous ont, \u00e0 la fois paru longs tellement ils \u00e9taient forts, et courts car nous voulions continuer l&rsquo;aventure et ne jamais se quitter !<\/p>\n<div>Les deux premiers jour, les filles ont jou\u00e9 aux journalistes et ont \u00e9crit sur leur journ\u00e9e.<\/div>\n<div><\/div>\n<div>Apr\u00e8s \u00e7<span id=\"misspell-25\" class=\"\">a<\/span>, notre emploi du temps bien rempli, les copains et les copines ont pris le pas sur l&rsquo;\u00e9criture.<\/div>\n<div class=\"yui_3_16_0_5_1414584278522_247\">Voici les textes, dans l&rsquo;ordre de <span id=\"misspell-25\" class=\"mark\">Diank\u00e9<\/span>, <span id=\"misspell-26\" class=\"mark\">Anna<\/span> et <span id=\"misspell-27\" class=\"mark\">Nadine<\/span> :<\/div>\n<div class=\"yui_3_16_0_5_1414584278522_247\"><strong>Lundi 20 octobre :<\/strong><\/div>\n<div class=\"yui_3_16_0_5_1414584278522_247\">On est arriv\u00e9 a 11h45, on a pris 2 bus pour aller \u00e0 l&rsquo;internat <span id=\"misspell-28\" class=\"mark\">Saint-Nicolas<\/span>; le b\u00e2timent est magnifique.<\/div>\n<div class=\"yui_3_16_0_5_1414584278522_247\">Puis, ils nous ont expliqu\u00e9 le fonctionnement et le planning de toute la semaine, il \u00e9tait tr\u00e8s charg\u00e9. Apr\u00e8s tout \u00e7a, on a rang\u00e9 notre chambre. Apr\u00e8s l&rsquo;installation, on a pris les photos de groupe. On a fait des affiches personnalis\u00e9es et on les a coll\u00e9es sur notre porte.<\/div>\n<div class=\"yui_3_16_0_5_1414584278522_247\">Apr\u00e8s manger, on est descendu dans le gymnase pour composer les \u00e9quipes de foot, en m\u00e9langeant 2 d\u00e9l\u00e9gations. Nous sommes avec la <span id=\"misspell-29\" class=\"mark\">Roumanie<\/span> et avons 2 \u00e9quipes : <span id=\"misspell-30\" class=\"mark\">the<\/span> Stars et la <span id=\"misspell-31\" class=\"mark\">Fraternity<\/span> Football Club ! Nous avons ensuite fait quelques exercices avec la balle.<\/div>\n<div class=\"yui_3_16_0_5_1414584278522_247\">Et le soir, il y a eu le spectacle de <span id=\"misspell-32\" class=\"mark\">l&rsquo;Inde<\/span> et de la <span id=\"misspell-33\" class=\"mark\">Bosnie<\/span>. Nous avons ador\u00e9 la danse, le yoga et les <span id=\"misspell-34\" class=\"\">costumes<\/span> des Indiens !<\/div>\n<div class=\"yui_3_16_0_5_1414584278522_247\"><\/div>\n<div class=\"yui_3_16_0_5_1414584278522_247\"><strong>Mardi 21 octobre :<\/strong><\/div>\n<div class=\"yui_3_16_0_5_1414584278522_247\">Au cours de la deuxi\u00e8me journ\u00e9e, nous avons fait les premiers matches. Il est un peu difficile de s&rsquo;int\u00e9grer mais \u00e7a va aller.<\/div>\n<div class=\"yui_3_16_0_5_1414584278522_247\">Ce qui m&rsquo;a plu, c&rsquo;\u00e9tait la petite boum avec de la musique, a la fin du spectacle de la <span id=\"misspell-34\" class=\"mark\">Palestine<\/span>.<\/div>\n<div class=\"yui_3_16_0_5_1414584278522_247 yui_3_16_0_5_1414584278522_849\">Dans la matin\u00e9e, tout d&rsquo;abord, nous avons bien dormi, puis nous nous sommes pr\u00e9par\u00e9es pour aller prendre le petit d\u00e9jeuner pour bien commencer la journ\u00e9e. Ensuite nous avons fait les ateliers musique et Droits de le <span id=\"misspell-35\" class=\"mark\">l&rsquo;Enfant<\/span>. Puis nous avons eu droit \u00e0 un bon repas. Voici mes moments pr\u00e9f\u00e9r\u00e9s.<\/div>\n<div class=\"yui_3_16_0_5_1414584278522_247 yui_3_16_0_5_1414584278522_849 yui_3_16_0_5_1414584278522_1471\"><\/div>\n<div class=\"yui_3_16_0_5_1414584278522_247 yui_3_16_0_5_1414584278522_849 yui_3_16_0_5_1414584278522_1471\"><em><strong>Lettre de <span id=\"misspell-36\" class=\"\"><span id=\"misspell-36\" class=\"mark\">Nadine<\/span> :<\/span><\/strong><\/em><\/div>\n<div class=\"yui_3_16_0_5_1414584278522_247 yui_3_16_0_5_1414584278522_849 yui_3_16_0_5_1414584278522_1471 yui_3_16_0_5_1414584278522_1641 yui_3_16_0_5_1414584278522_2169\"><\/div>\n<div class=\"yui_3_16_0_5_1414584278522_247 yui_3_16_0_5_1414584278522_849 yui_3_16_0_5_1414584278522_1471 yui_3_16_0_5_1414584278522_1641\">Pour compl\u00e9ter, je vais demander aux enfants des dessins et des textes sur des moments sp\u00e9cifiques mais en attendant voici un peu plus de d\u00e9tails sur les contenus des ateliers :<\/div>\n<div class=\"yui_3_16_0_5_1414584278522_247 yui_3_16_0_5_1414584278522_849 yui_3_16_0_5_1414584278522_1471 yui_3_16_0_5_1414584278522_1641 yui_3_16_0_5_1414584278522_3049\"><\/div>\n<div class=\"yui_3_16_0_5_1414584278522_247 yui_3_16_0_5_1414584278522_849 yui_3_16_0_5_1414584278522_1471 yui_3_16_0_5_1414584278522_1641 yui_3_16_0_5_1414584278522_2169\">&#8211; durant les ateliers sur leurs droits avec <span id=\"misspell-37\" class=\"mark\">Thomas<\/span> :<\/div>\n<div class=\"yui_3_16_0_5_1414584278522_247 yui_3_16_0_5_1414584278522_849 yui_3_16_0_5_1414584278522_1471 yui_3_16_0_5_1414584278522_1641 yui_3_16_0_5_1414584278522_2169 yui_3_16_0_5_1414584278522_3051\">&#8211; ils on travaill\u00e9 sur le droit \u00e0 l&rsquo;identit\u00e9 en listant tout ce qui caract\u00e9rise un individu et ont ensuite repr\u00e9sent\u00e9 leur propre identit\u00e9 sous forme d&rsquo;\u00e9toiles, de fleurs ou de ballon avec des mots qui les caract\u00e9risent personnellement.<\/div>\n<div class=\"yui_3_16_0_5_1414584278522_247 yui_3_16_0_5_1414584278522_849 yui_3_16_0_5_1414584278522_1471 yui_3_16_0_5_1414584278522_1641 yui_3_16_0_5_1414584278522_2169 yui_3_16_0_5_1414584278522_3051 yui_3_16_0_5_1414584278522_3237\">&#8211; ils ont mis en \u00e9vidence leurs droits fondamentaux sans lesquels ils ne pourraient vivre convenablement avec une mise en situation sur une \u00eele d\u00e9serte<\/div>\n<div class=\"yui_3_16_0_5_1414584278522_247 yui_3_16_0_5_1414584278522_849 yui_3_16_0_5_1414584278522_1471 yui_3_16_0_5_1414584278522_1641 yui_3_16_0_5_1414584278522_2169 yui_3_16_0_5_1414584278522_3051 yui_3_16_0_5_1414584278522_3237\">&#8211; ils ont r\u00e9\u00e9crit la convention des droits de l&rsquo;enfant avec leurs propres id\u00e9es<\/div>\n<div class=\"yui_3_16_0_5_1414584278522_247 yui_3_16_0_5_1414584278522_849 yui_3_16_0_5_1414584278522_1471 yui_3_16_0_5_1414584278522_1641 yui_3_16_0_5_1414584278522_2169 yui_3_16_0_5_1414584278522_3051&lt;br \/&gt;&lt;br \/&gt;&lt;br \/&gt;&lt;br \/&gt;&lt;br \/&gt;&lt;br \/&gt;&lt;br \/&gt;&lt;br \/&gt;\n yui_3_16_0_5_1414584278522_3237\">&#8211; Ils ont r\u00e9fl\u00e9chi \u00e0 un projet qui mettrait en application des droits qu&rsquo;ils ont \u00e9voqu\u00e9s et qu&rsquo;ils vont mettre en place de retour au quartier : il s&rsquo;agit d&rsquo;un moment partag\u00e9 entre parents et enfants pour pratiquer des activit\u00e9s, qu&rsquo;ils aiment, ensemble. Ce projet met en avant le droit \u00e0 la famille et le droit de pratiquer ses activit\u00e9s pr\u00e9f\u00e9r\u00e9es.<\/div>\n<div class=\"yui_3_16_0_5_1414584278522_247 yui_3_16_0_5_1414584278522_849 yui_3_16_0_5_1414584278522_1471 yui_3_16_0_5_1414584278522_1641 yui_3_16_0_5_1414584278522_2169 yui_3_16_0_5_1414584278522_3051 yui_3_16_0_5_1414584278522_3237 yui_3_16_0_5_1414584278522_3618\"><\/div>\n<div class=\"yui_3_16_0_5_1414584278522_247 yui_3_16_0_5_1414584278522_849 yui_3_16_0_5_1414584278522_1471 yui_3_16_0_5_1414584278522_1641 yui_3_16_0_5_1414584278522_2169 yui_3_16_0_5_1414584278522_3051 yui_3_16_0_5_1414584278522_3237 yui_3_16_0_5_1414584278522_3618\">&#8211; durant les activit\u00e9s d&rsquo;expression musicale avec <span id=\"misspell-38\" class=\"mark\">Cyril<\/span> et Maxime :<\/div>\n<div class=\"yui_3_16_0_5_1414584278522_247 yui_3_16_0_5_1414584278522_849 yui_3_16_0_5_1414584278522_1471 yui_3_16_0_5_1414584278522_1641 yui_3_16_0_5_1414584278522_2169 yui_3_16_0_5_1414584278522_3051 yui_3_16_0_5_1414584278522_3237 yui_3_16_0_5_1414584278522_3618 yui_3_16_0_5_1414584278522_5619\"><\/div>\n<div class=\"yui_3_16_0_5_1414584278522_247 yui_3_16_0_5_1414584278522_849 yui_3_16_0_5_1414584278522_1471 yui_3_16_0_5_1414584278522_1641 yui_3_16_0_5_1414584278522_2169 yui_3_16_0_5_1414584278522_3051 yui_3_16_0_5_1414584278522_3237 yui_3_16_0_5_1414584278522_3618\">ils ont appris a communiquer autrement que par la parole, ce qui leur a permis d&rsquo;\u00e9changer malgr\u00e9 la barri\u00e8re de la langue.<\/div>\n<div class=\"yui_3_16_0_5_1414584278522_247 yui_3_16_0_5_1414584278522_849 yui_3_16_0_5_1414584278522_1309\">&#8211; ils ont imit\u00e9 des animaux<\/div>\n<div class=\"yui_3_16_0_5_1414584278522_247 yui_3_16_0_5_1414584278522_849 yui_3_16_0_5_1414584278522_1309 yui_3_16_0_5_1414584278522_3821\">&#8211; r\u00e9p\u00e9t\u00e9 des sons sur tous les tons<\/div>\n<div class=\"yui_3_16_0_5_1414584278522_247 yui_3_16_0_5_1414584278522_849 yui_3_16_0_5_1414584278522_1309 yui_3_16_0_5_1414584278522_3821\">&#8211; gesticul\u00e9 sur de la musique en suivant des consignes selon l&rsquo;instrument de musique utilis\u00e9<\/div>\n<div class=\"yui_3_16_0_5_1414584278522_247 yui_3_16_0_5_1414584278522_849 yui_3_16_0_5_1414584278522_1309 yui_3_16_0_5_1414584278522_3821\">&#8211; ils ont chant\u00e9 la chanson \u00ab\u00a0<span id=\"misspell-38\" class=\"\"><span id=\"misspell-39\" class=\"mark\">Mala\u00efka<\/span>\u00ab\u00a0<\/span>\u00a0dans une langue africaine, m\u00e9connue de tous<\/div>\n<div class=\"yui_3_16_0_5_1414584278522_247 yui_3_16_0_5_1414584278522_849 yui_3_16_0_5_1414584278522_1309 yui_3_16_0_5_1414584278522_3821\">&#8211; d\u00e9coup\u00e9 leur nom dans du papier pour faire un petit film, qui sera accompagn\u00e9 d&rsquo;une interpr\u00e9tation en live d&rsquo;un violoncelliste de <span id=\"misspell-40\" class=\"mark\">l&rsquo;Orchestre<\/span> National de Paris<\/div>\n<div class=\"yui_3_16_0_5_1414584278522_247 yui_3_16_0_5_1414584278522_849 yui_3_16_0_5_1414584278522_1309 yui_3_16_0_5_1414584278522_3821 yui_3_16_0_5_1414584278522_4038\">&#8211; battu la mesure sur leur torse, sur leurs cuisses, dans leurs mains pour suivre des rythmes endiabl\u00e9s<\/div>\n<div class=\"yui_3_16_0_5_1414584278522_247 yui_3_16_0_5_1414584278522_849 yui_3_16_0_5_1414584278522_1309 yui_3_16_0_5_1414584278522_3821 yui_3_16_0_5_1414584278522_4038 yui_3_16_0_5_1414584278522_4249\"><\/div>\n<div class=\"yui_3_16_0_5_1414584278522_247 yui_3_16_0_5_1414584278522_849 yui_3_16_0_5_1414584278522_1309 yui_3_16_0_5_1414584278522_3821 yui_3_16_0_5_1414584278522_4038 yui_3_16_0_5_1414584278522_4249\">&#8211; durant les ateliers de chant avec <span id=\"misspell-41\" class=\"mark\">Kamel<\/span> :<\/div>\n<div class=\"yui_3_16_0_5_1414584278522_247 yui_3_16_0_5_1414584278522_849 yui_3_16_0_5_1414584278522_1309 yui_3_16_0_5_1414584278522_3821 yui_3_16_0_5_1414584278522_4038 yui_3_16_0_5_1414584278522_4249 yui_3_16_0_5_1414584278522_5637\"><\/div>\n<div class=\"yui_3_16_0_5_1414584278522_247 yui_3_16_0_5_1414584278522_849 yui_3_16_0_5_1414584278522_1309 yui_3_16_0_5_1414584278522_3821 yui_3_16_0_5_1414584278522_4038 yui_3_16_0_5_1414584278522_4249\">&#8211; ils ont \u00e9crit sur des th\u00e8mes choisis ensemble mais chacun dans leur langue. Chaque groupe a ainsi \u00e9crit et chant\u00e9 un couplet.<\/div>\n<div class=\"yui_3_16_0_5_1414584278522_247 yui_3_16_0_5_1414584278522_849 yui_3_16_0_5_1414584278522_1309 yui_3_16_0_5_1414584278522_3821 yui_3_16_0_5_1414584278522_4038 yui_3_16_0_5_1414584278522_4249 yui_3_16_0_5_1414584278522_5111\"><\/div>\n<div class=\"yui_3_16_0_5_1414584278522_247 yui_3_16_0_5_1414584278522_849 yui_3_16_0_5_1414584278522_1309 yui_3_16_0_5_1414584278522_3821 yui_3_16_0_5_1414584278522_4038 yui_3_16_0_5_1414584278522_4249 yui_3_16_0_5_1414584278522_5111\">Et ils ont aussi beaucoup RIGOLER !!<\/div>\n<div class=\"yui_3_16_0_5_1414584278522_247 yui_3_16_0_5_1414584278522_849 yui_3_16_0_5_1414584278522_1309 yui_3_16_0_5_1414584278522_3821 yui_3_16_0_5_1414584278522_4038 yui_3_16_0_5_1414584278522_4249 yui_3_16_0_5_1414584278522_5111\"><\/div>\n<div class=\"yui_3_16_0_5_1414584278522_247 yui_3_16_0_5_1414584278522_849 yui_3_16_0_5_1414584278522_1309 yui_3_16_0_5_1414584278522_3821 yui_3_16_0_5_1414584278522_4038 yui_3_16_0_5_1414584278522_4249 yui_3_16_0_5_1414584278522_5111\">Pour finir, quelques derniers \u00e9l\u00e9ment p\u00eale-m\u00eale :<\/div>\n<div class=\"yui_3_16_0_5_1414584278522_247 yui_3_16_0_5_1414584278522_849 yui_3_16_0_5_1414584278522_1309 yui_3_16_0_5_1414584278522_3821 yui_3_16_0_5_1414584278522_4038 yui_3_16_0_5_1414584278522_4249 yui_3_16_0_5_1414584278522_5111\">&#8211; la <span id=\"misspell-42\" class=\"mark\">FFCup<\/span> a gagn\u00e9 la petite finale de Foot et est class\u00e9e en 3<span id=\"misspell-43\" class=\"\">\u00e8me<\/span> position !<\/div>\n<div class=\"yui_3_16_0_5_1414584278522_247 yui_3_16_0_5_1414584278522_849 yui_3_16_0_5_1414584278522_1309 yui_3_16_0_5_1414584278522_3821 yui_3_16_0_5_1414584278522_4038 yui_3_16_0_5_1414584278522_4249 yui_3_16_0_5_1414584278522_5111\">&#8211; les 3 d\u00e9l\u00e9gations fran\u00e7aises ont chant\u00e9 la Marseillaise ensemble<\/div>\n<div class=\"yui_3_16_0_5_1414584278522_247 yui_3_16_0_5_1414584278522_849 yui_3_16_0_5_1414584278522_1309 yui_3_16_0_5_1414584278522_3821 yui_3_16_0_5_1414584278522_4038 yui_3_16_0_5_1414584278522_4249 yui_3_16_0_5_1414584278522_5111\">&#8211; notre d\u00e9l\u00e9gation a propos\u00e9 en spectacle de danse, et de <span id=\"misspell-43\" class=\"mark\">l&rsquo;accrosport<\/span>, pr\u00e9c\u00e9d\u00e9s d&rsquo;une pr\u00e9sentation et d&rsquo;un <span id=\"misspell-44\" class=\"mark\">diaporama<\/span> sur notre association<\/div>\n<div class=\"yui_3_16_0_5_1414584278522_247 yui_3_16_0_5_1414584278522_849&lt;br \/&gt;&lt;br \/&gt;&lt;br \/&gt;&lt;br \/&gt;&lt;br \/&gt;&lt;br \/&gt;&lt;br \/&gt;&lt;br \/&gt;\n yui_3_16_0_5_1414584278522_1309 yui_3_16_0_5_1414584278522_3821 yui_3_16_0_5_1414584278522_4038 yui_3_16_0_5_1414584278522_4249 yui_3_16_0_5_1414584278522_5111\">&#8211; chacun s&rsquo;est fait des nouveaux copains notamment dans les groupes br\u00e9silien et roumain<\/div>\n<div class=\"yui_3_16_0_5_1414584278522_247 yui_3_16_0_5_1414584278522_849 yui_3_16_0_5_1414584278522_1309 yui_3_16_0_5_1414584278522_3821 yui_3_16_0_5_1414584278522_4038 yui_3_16_0_5_1414584278522_4249 yui_3_16_0_5_1414584278522_5111\">&#8211; <span id=\"misspell-45\" class=\"mark\">Corentin<\/span> et <span id=\"misspell-46\" class=\"mark\">Nadine<\/span> ont jou\u00e9 les interpr\u00e8tes aupr\u00e8s des Br\u00e9siliens<\/div>\n<div class=\"yui_3_16_0_5_1414584278522_247 yui_3_16_0_5_1414584278522_849 yui_3_16_0_5_1414584278522_1309 yui_3_16_0_5_1414584278522_3821 yui_3_16_0_5_1414584278522_4038 yui_3_16_0_5_1414584278522_4249 yui_3_16_0_5_1414584278522_5111\">&#8211; les filles ont eu beaucoup de fous rires<\/div>\n<div class=\"yui_3_16_0_5_1414584278522_247 yui_3_16_0_5_1414584278522_849 yui_3_16_0_5_1414584278522_1309 yui_3_16_0_5_1414584278522_3821 yui_3_16_0_5_1414584278522_4038 yui_3_16_0_5_1414584278522_4249 yui_3_16_0_5_1414584278522_5111\">&#8211; et tous beaucoup de <span id=\"misspell-48\" class=\"\">c\u00e2lins<\/span> et de bisous<\/div>\n<div class=\"yui_3_16_0_5_1414584278522_247 yui_3_16_0_5_1414584278522_849 yui_3_16_0_5_1414584278522_1309 yui_3_16_0_5_1414584278522_3821 yui_3_16_0_5_1414584278522_4038 yui_3_16_0_5_1414584278522_4249 yui_3_16_0_5_1414584278522_5111\">&#8211; nous rapportons avec nous des m\u00e9dailles, une coupe, un <span id=\"misspell-49\" class=\"\">troph\u00e9e<\/span>, des cadeaux pour l&rsquo;association ainsi que beaucoup de jolis souvenirs !!<\/div>\n<div class=\"yui_3_16_0_5_1414584278522_247 yui_3_16_0_5_1414584278522_849 yui_3_16_0_5_1414584278522_1309\"><\/div>\n<div class=\"yui_3_16_0_5_1414584278522_247 yui_3_16_0_5_1414584278522_849 yui_3_16_0_5_1414584278522_1152\"><strong><span style=\"color: #008080\">\u00a0Pour le groupe des Robinsons F Cup: Aline<\/span><\/strong><\/div>\n<div class=\"yui_3_16_0_5_1414584278522_247 yui_3_16_0_5_1414584278522_849 yui_3_16_0_5_1414584278522_1152\"><\/div>\n<div class=\"yui_3_16_0_5_1414584278522_247 yui_3_16_0_5_1414584278522_849 yui_3_16_0_5_1414584278522_1152\"><span style=\"color: #0000ff\"><strong>KroniKs des Robinsons de GRENOBLE (et de Saint Etienne)<\/strong><\/span><\/div>\n<div class=\"yui_3_16_0_5_1414584278522_247 yui_3_16_0_5_1414584278522_849 yui_3_16_0_5_1414584278522_1152\"><span style=\"color: #0000ff\"><strong>Rencontre Mme RUETABAGA et TERRAIN d&rsquo;ENTENTE\u00a0<\/strong><\/span><\/div>\n<div class=\"yui_3_16_0_5_1414584278522_247 yui_3_16_0_5_1414584278522_849 yui_3_16_0_5_1414584278522_1152\">\n<p align=\"CENTER\"><span style=\"color: #cc0000\"><span style=\"font-size: 300%\">Rencontre entre Mme Ruetabaga et Terrain d&rsquo;Entente<\/span><\/span><\/p>\n<p align=\"CENTER\"><a href=\"http:\/\/recherche-action.fr\/intermedes\/files\/2014\/10\/Rencontre-Terrain-entente-1.png\"><img loading=\"lazy\" decoding=\"async\" class=\"aligncenter size-full wp-image-4101\" src=\"http:\/\/recherche-action.fr\/intermedes\/files\/2014\/10\/Rencontre-Terrain-entente-1.png\" alt=\"Rencontre Terrain entente-1\" width=\"1632\" height=\"1224\" \/><\/a><\/p>\n<p align=\"JUSTIFY\"><span style=\"color: #cc0000\"><span style=\"font-size: large\"> C<\/span><\/span>e mercredi 29 Octobre 2014 \u00ab\u00a0Madame RueTabaga\u00a0\u00bb \u00e9tait en d\u00e9placement \u00e0 St \u00c9tienne. Une rencontre a \u00e9t\u00e9 organis\u00e9 avec l&rsquo;association \u00ab\u00a0Terrain d&rsquo;Entente\u00a0\u00bb qui m\u00e8ne \u00e9galement des ateliers de rue gratuits et inconditionnels. Afin de d\u00e9marrer la journ\u00e9e, nous avons particip\u00e9 un temps d&rsquo;\u00e9changes sur nos diff\u00e9rentes pratiques ainsi que sur la p\u00e9dagogie social. Il s&rsquo;agit d&rsquo;un r\u00e9el atout de pouvoir dialoguer avec d&rsquo;autres p\u00e9dagogues sociaux qui interviennent dans le m\u00eame milieu que nous. Ces deux heures d&rsquo;\u00e9changes ont \u00e9t\u00e9 tr\u00e8s riches et nous ont permis de constater que nous pourrions faire appel l&rsquo;un \u00e0 l&rsquo;autre mutuellement pour tous questionnements.<\/p>\n<p align=\"JUSTIFY\">Ensuite, nous avons pu participer \u00e0 l&rsquo;atelier de rue mis en place l&rsquo;apr\u00e8s-midi. C&rsquo;est int\u00e9ressant d&rsquo;avoir l&rsquo;occasion de voir comment cela est men\u00e9 ailleurs. L&rsquo;\u00e9quipe ainsi que les jeunes et les familles que nous avons rencontr\u00e9es nous ont offert un accueil tr\u00e8s chaleureux. Gr\u00e2ce \u00e0 cela, nous avons pu nous impliquer pleinement dans cet atelier de rue. Ce fut une journ\u00e9e tr\u00e8s enrichissante et qui va s\u00fbrement donner suite \u00e0 d&rsquo;autres rencontres&#8230;<\/p>\n<\/div>\n<p>&nbsp;<\/p>\n<p>&nbsp;<\/p>\n<p>&nbsp;<\/p>\n<p>&nbsp;<\/p>\n<p>&nbsp;<\/p>\n<p>&nbsp;<\/p>\n","protected":false},"excerpt":{"rendered":"<p>Dans son livre, intitul\u00e9 \u00ab\u00a0De la Totalit\u00e9\u00a0\u00bb, le philosophe, Christian Godin, entame une r\u00e9flexion sur les relations entre\u00a0le tout et la partie , l&rsquo;uni et l&rsquo;\u00e9parpill\u00e9. Il trouve que la meilleure image de cette relation est celle qui existe entre le pain et les miettes. Le pain est un tout, un \u00e9l\u00e9ment total, global \u00a0qui &hellip; <a href=\"https:\/\/recherche-action.fr\/intermedes\/2014\/10\/23\/le-pain-et-les-miettes\/\" class=\"more-link\">Continuer la lecture<span class=\"screen-reader-text\"> de &laquo;&nbsp;le Pain et les Miettes&nbsp;&raquo;<\/span><\/a><\/p>\n","protected":false},"author":1,"featured_media":0,"comment_status":"open","ping_status":"open","sticky":false,"template":"","format":"standard","meta":{"footnotes":""},"categories":[1],"tags":[],"class_list":["post-4059","post","type-post","status-publish","format-standard","hentry","category-non-classe"],"jetpack_featured_media_url":"","_links":{"self":[{"href":"https:\/\/recherche-action.fr\/intermedes\/wp-json\/wp\/v2\/posts\/4059","targetHints":{"allow":["GET"]}}],"collection":[{"href":"https:\/\/recherche-action.fr\/intermedes\/wp-json\/wp\/v2\/posts"}],"about":[{"href":"https:\/\/recherche-action.fr\/intermedes\/wp-json\/wp\/v2\/types\/post"}],"author":[{"embeddable":true,"href":"https:\/\/recherche-action.fr\/intermedes\/wp-json\/wp\/v2\/users\/1"}],"replies":[{"embeddable":true,"href":"https:\/\/recherche-action.fr\/intermedes\/wp-json\/wp\/v2\/comments?post=4059"}],"version-history":[{"count":0,"href":"https:\/\/recherche-action.fr\/intermedes\/wp-json\/wp\/v2\/posts\/4059\/revisions"}],"wp:attachment":[{"href":"https:\/\/recherche-action.fr\/intermedes\/wp-json\/wp\/v2\/media?parent=4059"}],"wp:term":[{"taxonomy":"category","embeddable":true,"href":"https:\/\/recherche-action.fr\/intermedes\/wp-json\/wp\/v2\/categories?post=4059"},{"taxonomy":"post_tag","embeddable":true,"href":"https:\/\/recherche-action.fr\/intermedes\/wp-json\/wp\/v2\/tags?post=4059"}],"curies":[{"name":"wp","href":"https:\/\/api.w.org\/{rel}","templated":true}]}}