{"id":42,"date":"2012-03-16T17:37:51","date_gmt":"1999-11-29T23:00:00","guid":{"rendered":"http:\/\/recherche-action.fr\/intermedes\/2012\/03\/16\/pedagogie-sociale-art-du-social\/"},"modified":"2012-03-16T17:37:51","modified_gmt":"1999-11-29T23:00:00","slug":"pedagogie-sociale-art-du-social","status":"publish","type":"post","link":"https:\/\/recherche-action.fr\/intermedes\/2012\/03\/16\/pedagogie-sociale-art-du-social\/","title":{"rendered":"P\u00e9dagogie sociale , Art du social"},"content":{"rendered":"<p><strong>Nous sommes souvent confront\u00e9s \u00e0 la difficult\u00e9 que nous \u00e9prouvons \u00e0 communiquer l&#8217;intensit\u00e9 des liens, des relations, et les \u00e9motions que nous ressentons<\/strong> face \u00e0 des moments de partage et de cr\u00e9ation sociale.<\/p>\n<p><a href=\"http:\/\/blog.recherche-action.fr\/intermedes\/files\/2012\/03\/DSC08487.jpg\"><img fetchpriority=\"high\" decoding=\"async\" src=\"http:\/\/blog.recherche-action.fr\/intermedes\/files\/2012\/03\/DSC08487-300x224.jpg\" alt=\"\" width=\"300\" height=\"224\" \/><\/a><\/p>\n<p>Ainsi cette semaine, \u00a0nous avons d\u00e9couvert avec enthousiasme les deux clips r\u00e9alis\u00e9s par Sileks et Animakt sur notre action commune Art en caravane.<\/p>\n<p>C&#8217;est ici:<\/p>\n<p><span style=\"color:#0000ff\"><span style=\"text-decoration:underline\"><a href=\"http:\/\/vimeo.com\/38357542\">http:\/\/vimeo.com\/38357542<\/a><\/span><\/span><\/p>\n<p><span><span style=\"font-family:Calibri, Verdana, Helvetica, Arial\">Et ici:<\/span><br \/>\n<span style=\"color:#0000ff\"><span style=\"text-decoration:underline\"><a href=\"http:\/\/vimeo.com\/38448898\">http:\/\/vimeo.com\/38448898<\/a><\/span><\/span><br \/>\n<\/span> <!--EndFragment--><\/p>\n<p><strong>Comment faire comprendre que cette \u00e9nergie qui sort du court m\u00e9trage vid\u00e9o n&#8217;est pas seulement un effet de musique et de montage, mais l&#8217;expression juste de relations vraies?<\/strong> Cela, l&#8217;image en donne un signe, jamais une preuve et nous devons rapporter le contexte , rappeler la dur\u00e9e, &#8230; donner le sens.<\/p>\n<p>Voil\u00e0 un d\u00e9tour n\u00e9cessaire, pour rendre compte de choses beaucoup plus simples: <strong><em>toutes ces relations, ces rencontres, se sont d\u00e9roul\u00e9es dans l&#8217;\u00e9vidence<\/em><\/strong>. \u00a0Il y a de la justesse dans les positions, les actions. \u00catre l\u00e0 o\u00f9 il faut et au bon endroit et en rendre compte. <strong>Peut \u00eatre est ce ceci qui serait &#8220;le Beau&#8221; dans le social? Quand l&#8217;\u00e9thique rejoint l&#8217;esth\u00e9tique.<\/strong><\/p>\n<p>Les stagiaires travailleurs sociaux qui \u0153uvrent dans notre association <strong>t\u00e9moignent que cette mani\u00e8re de travailler dehors, sans murs et sans hi\u00e9rarchie&#8230; ce n&#8217;est pas travailler sans cadre; que le cadre il est l\u00e0, il est clair, il fonctionne&#8230; comme une p\u00e9dagogie<\/strong>.<\/p>\n<p>Cette m\u00eame p\u00e9dagogie qui permet &#8211; \u00e9tonnamment &#8211; que les relations, que les projets, que le mode de travail se perp\u00e9tue , \u00e9volue, que l&#8217;organisation apprend encore et toujours , malgr\u00e9 le n\u00e9cessaire passage des uns et des autres, malgr\u00e9 la pr\u00e9carit\u00e9 impos\u00e9e.<\/p>\n<p>C&#8217;est peut \u00eatre cela l&#8217;art dans le social, cet art de faire avec la violence de l&#8217;ordre des choses et d&#8217;en faire surgir quelques \u00e9tincelles de libert\u00e9.<\/p>\n<p><strong><em>\u00a0Dimanche au jardin<\/em> :<\/strong>Une journ\u00e9e bien charg\u00e9e qui d\u00e9bute par la pr\u00e9paration du feu et du repas. Un peu plus tard nous passons entre quelques goutes et nous commen\u00e7ons \u00e0 s\u2019attaquer au travail sur le terrain\u00a0; arrosage, b\u00eachage, d\u00e9sherbage.<\/p>\n<p><a href=\"http:\/\/blog.recherche-action.fr\/intermedes\/files\/2012\/03\/DSC08594.jpg\"><img decoding=\"async\" src=\"http:\/\/blog.recherche-action.fr\/intermedes\/files\/2012\/03\/DSC08594-300x224.jpg\" alt=\"\" width=\"300\" height=\"224\" \/><\/a><\/p>\n<p><a href=\"http:\/\/blog.recherche-action.fr\/intermedes\/files\/2012\/03\/DSC08593.jpg\"><img decoding=\"async\" class=\"alignleft size-medium wp-image-1222\" src=\"http:\/\/blog.recherche-action.fr\/intermedes\/files\/2012\/03\/DSC08593-300x224.jpg\" alt=\"\" width=\"300\" height=\"224\" \/><\/a><\/p>\n<p>Tous ou presque essayent de mettre la main \u00e0 la p\u00e2te\u00a0!!<\/p>\n<p>&nbsp;<\/p>\n<p>&nbsp;<\/p>\n<p>&nbsp;<\/p>\n<p>En fin d\u2019apres-midi nous nous dirigeons vers l\u2019association Animakt pour le gouter et pour aider l\u2019\u00e9quipe \u00e0 la pr\u00e9paration du prochain festival jeune pousses qu\u2019ils organisent. Nous peignons, nous d\u00e9coupons, nous collons\u00a0; place au bricolage<\/p>\n<p><a href=\"http:\/\/blog.recherche-action.fr\/intermedes\/files\/2012\/03\/DSC08596.jpg\"><img loading=\"lazy\" decoding=\"async\" class=\"alignleft size-medium wp-image-1224\" src=\"http:\/\/blog.recherche-action.fr\/intermedes\/files\/2012\/03\/DSC08596-300x224.jpg\" alt=\"\" width=\"300\" height=\"224\" \/><\/a><a href=\"http:\/\/blog.recherche-action.fr\/intermedes\/files\/2012\/03\/DSC08608.jpg\"><img loading=\"lazy\" decoding=\"async\" src=\"http:\/\/blog.recherche-action.fr\/intermedes\/files\/2012\/03\/DSC08608-300x224.jpg\" alt=\"\" width=\"300\" height=\"224\" \/><\/a><\/p>\n<p>&nbsp;<\/p>\n<p><strong><em>Samedi \u00e0 la Villa Saint Martin<\/em><\/strong><\/p>\n<p><a href=\"http:\/\/blog.recherche-action.fr\/intermedes\/files\/2012\/03\/DSC08561.jpg\"><img loading=\"lazy\" decoding=\"async\" class=\"alignnone size-medium wp-image-1228\" src=\"http:\/\/blog.recherche-action.fr\/intermedes\/files\/2012\/03\/DSC08561-300x224.jpg\" alt=\"\" width=\"300\" height=\"224\" \/><\/a><\/p>\n<p><a href=\"http:\/\/blog.recherche-action.fr\/intermedes\/files\/2012\/03\/DSC08579.jpg\"><img loading=\"lazy\" decoding=\"async\" class=\"alignright size-medium wp-image-1229\" src=\"http:\/\/blog.recherche-action.fr\/intermedes\/files\/2012\/03\/DSC08579-300x224.jpg\" alt=\"\" width=\"300\" height=\"224\" \/><\/a>Cet apr\u00e8s-midi, on a diff\u00e9rents ateliers\u00a0: Atelier Capoeira, Jeux sur les tapis, Jeux de palets bretons. En m\u00eame temps, les artistes d&#8217;Animakt nous ont pr\u00e9sent\u00e9 l\u2019atelier marionnette et clowneries\u2026et on a m\u00eame fait ensemble, un petit spectacle devant la caravane qui est d\u00e9sormais tr\u00e8s jolie et tr\u00e8s color\u00e9e.<\/p>\n<p><a href=\"http:\/\/blog.recherche-action.fr\/intermedes\/files\/2012\/03\/DSC08560.jpg\"><img loading=\"lazy\" decoding=\"async\" class=\"alignnone size-medium wp-image-1227\" src=\"http:\/\/blog.recherche-action.fr\/intermedes\/files\/2012\/03\/DSC08560-300x224.jpg\" alt=\"\" width=\"300\" height=\"224\" \/><\/a><\/p>\n<p><a href=\"http:\/\/blog.recherche-action.fr\/intermedes\/files\/2012\/03\/DSC08555.jpg\"><img loading=\"lazy\" decoding=\"async\" class=\"alignleft size-medium wp-image-1226\" src=\"http:\/\/blog.recherche-action.fr\/intermedes\/files\/2012\/03\/DSC08555-300x224.jpg\" alt=\"\" width=\"300\" height=\"224\" \/><\/a><\/p>\n<p>&nbsp;<\/p>\n<p>&nbsp;<\/p>\n<p>&nbsp;<\/p>\n<p>&nbsp;<\/p>\n<p>&nbsp;<\/p>\n<p>&nbsp;<\/p>\n<p><em><strong><span style=\"text-decoration:underline\">Vendredi <\/span><\/strong><\/em><\/p>\n<p><strong><em>Au jardin de Chilly<\/em><\/strong><\/p>\n<p><strong><em><a href=\"http:\/\/blog.recherche-action.fr\/intermedes\/files\/2012\/03\/DSCN1660.jpg\"><img loading=\"lazy\" decoding=\"async\" src=\"http:\/\/blog.recherche-action.fr\/intermedes\/files\/2012\/03\/DSCN1660-300x224.jpg\" alt=\"\" width=\"300\" height=\"224\" \/><\/a><\/em><\/strong><\/p>\n<p>Certains jardinent et d\u2019autres discutent au soleil, Jessica devient photographe pour le groupe. Le printemps semble de retour et chacun s\u2019en r\u00e9jouit. <a href=\"http:\/\/blog.recherche-action.fr\/intermedes\/files\/2012\/03\/DSCN1664.jpg\"><img loading=\"lazy\" decoding=\"async\" class=\"alignnone size-medium wp-image-1231 alignleft\" src=\"http:\/\/blog.recherche-action.fr\/intermedes\/files\/2012\/03\/DSCN1664-300x224.jpg\" alt=\"\" width=\"300\" height=\"224\" \/><\/a><a href=\"http:\/\/blog.recherche-action.fr\/intermedes\/files\/2012\/03\/DSCN1678.jpg\"><img loading=\"lazy\" decoding=\"async\" class=\"alignnone size-medium wp-image-1232\" src=\"http:\/\/blog.recherche-action.fr\/intermedes\/files\/2012\/03\/DSCN1678-300x224.jpg\" alt=\"\" width=\"300\" height=\"224\" \/><\/a><\/p>\n<p>En sortant du jardin, nous d\u00e9posons nos outils au camion, puis nous partons vers le vieux centre de Chilly pour une agr\u00e9able promenade.\u00a0 En effet Corentin veut nous montrer le terrain que la commune va nous pr\u00eater. D\u00e8s l\u2019automne nous y travaillerons pour faire naitre un nouveau verger.<\/p>\n<p><em><strong>A la rocade<\/strong><\/em><\/p>\n<p>Le grand beau temps, cet apr\u00e8s midi, rend agr\u00e9able le temps sur les tapis \u00e0 dessiner, colorier et jouer au jeu de la pyramide&#8230; Alors que les parents, mais surtout les mamans, sont aussi de sortie sous ce grand soleil ils exp\u00e9rimentent et inaugurent le nouveau jeu de palets breton sur le m\u00eame principe que la p\u00e9tanque et autour d&#8217;un th\u00e9 et d&#8217;un caf\u00e9&#8230;<\/p>\n<p style=\"text-align:center\"><a href=\"http:\/\/blog.recherche-action.fr\/intermedes\/files\/2012\/03\/DSC08552.jpg\"><img loading=\"lazy\" decoding=\"async\" class=\"alignnone size-medium wp-image-1235\" src=\"http:\/\/blog.recherche-action.fr\/intermedes\/files\/2012\/03\/DSC08552-300x224.jpg\" alt=\"\" width=\"300\" height=\"224\" \/><\/a><a href=\"http:\/\/blog.recherche-action.fr\/intermedes\/files\/2012\/03\/DSC08549.jpg\"><img loading=\"lazy\" decoding=\"async\" class=\"alignnone size-medium wp-image-1234\" src=\"http:\/\/blog.recherche-action.fr\/intermedes\/files\/2012\/03\/DSC08549-224x300.jpg\" alt=\"\" width=\"224\" height=\"300\" \/><\/a><a href=\"http:\/\/blog.recherche-action.fr\/intermedes\/files\/2012\/03\/DSC08548.jpg\"><img loading=\"lazy\" decoding=\"async\" class=\"alignnone size-medium wp-image-1233\" src=\"http:\/\/blog.recherche-action.fr\/intermedes\/files\/2012\/03\/DSC08548-300x224.jpg\" alt=\"\" width=\"300\" height=\"224\" \/><\/a><\/p>\n<p><strong><span style=\"text-decoration:underline\">Jeudi<\/span><\/strong><\/p>\n<p><em><strong>A Massy<\/strong><\/em><\/p>\n<p style=\"text-align:left\"><a href=\"http:\/\/blog.recherche-action.fr\/intermedes\/files\/2012\/03\/DSC08487.jpg\"><img loading=\"lazy\" decoding=\"async\" class=\"alignleft size-medium wp-image-1240\" src=\"http:\/\/blog.recherche-action.fr\/intermedes\/files\/2012\/03\/DSC08487-300x224.jpg\" alt=\"\" width=\"300\" height=\"224\" \/><\/a>Grande ambiance encore ce matin autour du projet\u00a0 \u00ab\u00a0Art en caravane\u00a0\u00bb. Mais cette fois, la caravane a c\u00e9d\u00e9 la place \u00e0 deux artistes\u00a0: Marie et Tonio. Ils font connaissance avec les enfants, en proposant des jeux de ballon, avant de leur proposer de mettre un nez rouge \u00e0 tour de r\u00f4le et de faire le clown. L\u2019excitation est telle que nous ne voyons bient\u00f4t plus la diff\u00e9rence entre la sc\u00e8ne et le public. Nous continuerons ce petit jeu la semaine prochaine car tout le monde n\u2019a pas eu le temps de passer.<\/p>\n<p><a href=\"http:\/\/blog.recherche-action.fr\/intermedes\/files\/2012\/03\/DSC08447.jpg\"><img loading=\"lazy\" decoding=\"async\" src=\"http:\/\/blog.recherche-action.fr\/intermedes\/files\/2012\/03\/DSC08447-300x224.jpg\" alt=\"\" width=\"300\" height=\"224\" \/><\/a><\/p>\n<p>&nbsp;<\/p>\n<p style=\"text-align:left\"><a href=\"http:\/\/blog.recherche-action.fr\/intermedes\/files\/2012\/03\/DSC08459.jpg\"><img loading=\"lazy\" decoding=\"async\" src=\"http:\/\/blog.recherche-action.fr\/intermedes\/files\/2012\/03\/DSC08459-300x224.jpg\" alt=\"\" width=\"300\" height=\"224\" \/><\/a><a href=\"http:\/\/blog.recherche-action.fr\/intermedes\/files\/2012\/03\/DSC08458.jpg\"><img loading=\"lazy\" decoding=\"async\" class=\"alignleft size-medium wp-image-1238\" src=\"http:\/\/blog.recherche-action.fr\/intermedes\/files\/2012\/03\/DSC08458-300x224.jpg\" alt=\"\" width=\"300\" height=\"224\" \/><\/a><\/p>\n<p>&nbsp;<\/p>\n<p><a href=\"http:\/\/blog.recherche-action.fr\/intermedes\/files\/2012\/03\/DSC08517.jpg\"><img loading=\"lazy\" decoding=\"async\" class=\"alignleft size-medium wp-image-1241\" src=\"http:\/\/blog.recherche-action.fr\/intermedes\/files\/2012\/03\/DSC08517-224x300.jpg\" alt=\"\" width=\"224\" height=\"300\" \/><\/a>A la fin, Marie leur pr\u00e9sente une marionnette pour qui , il faut trouver une chanson, une danse ou un po\u00e8me pour jeudi prochain. Chacun est mis \u00e0 contribution, les enfants, les jeunes et les parents, et nous verrons bien\u2026<\/p>\n<p>&nbsp;<\/p>\n<p>&nbsp;<\/p>\n<p>&nbsp;<\/p>\n<p>&nbsp;<\/p>\n<p>&nbsp;<\/p>\n<p><em><strong>Au Skate park\u00a0<\/strong><\/em><\/p>\n<p><a href=\"http:\/\/blog.recherche-action.fr\/intermedes\/files\/2012\/03\/DSC08528.jpg\"><img loading=\"lazy\" decoding=\"async\" class=\"alignleft size-medium wp-image-1243\" src=\"http:\/\/blog.recherche-action.fr\/intermedes\/files\/2012\/03\/DSC08528-300x224.jpg\" alt=\"\" width=\"300\" height=\"224\" \/><\/a><\/p>\n<p><strong>Un atelier tr\u00e8s anim\u00e9 cet apr\u00e8s-midi\u00a0 devant les \u00e9coles,<\/strong> c\u2019est sans doute ce beau soleil qui a encourag\u00e9 les enfants et leurs mamans \u00e0 rester dehors. Aline et quelques mamans ont confectionn\u00e9 des broches et des bagues en feutre. <strong>Yuna et Iasmina proposaient du th\u00e9 et du caf\u00e9 aux adultes aux alentours afin de leur pr\u00e9senter l\u2019association et nos missions<\/strong>. Ensuite elles ont fait passer dans l\u2019atelier des petits questionnaires aux mamans, afin que celles-ci nous disent ce qu\u2019elles souhaitent voir d\u00e9velopper dans leur quartier et dans l\u2019association.<\/p>\n<p><a href=\"http:\/\/blog.recherche-action.fr\/intermedes\/files\/2012\/03\/DSC08543.jpg\"><img loading=\"lazy\" decoding=\"async\" class=\"alignleft size-medium wp-image-1244\" src=\"http:\/\/blog.recherche-action.fr\/intermedes\/files\/2012\/03\/DSC08543-300x224.jpg\" alt=\"\" width=\"300\" height=\"224\" \/><\/a><\/p>\n<p><a href=\"http:\/\/blog.recherche-action.fr\/intermedes\/files\/2012\/03\/DSC08525.jpg\"><img loading=\"lazy\" decoding=\"async\" class=\"alignleft size-medium wp-image-1242\" src=\"http:\/\/blog.recherche-action.fr\/intermedes\/files\/2012\/03\/DSC08525-224x300.jpg\" alt=\"\" width=\"224\" height=\"300\" \/><\/a><\/p>\n<p>&nbsp;<\/p>\n<p>&nbsp;<\/p>\n<p>&nbsp;<\/p>\n<p>&nbsp;<\/p>\n<p>&nbsp;<\/p>\n<p>&nbsp;<\/p>\n<p><em><strong>Au jardin de Saulx<\/strong><\/em><\/p>\n<p><a href=\"http:\/\/blog.recherche-action.fr\/intermedes\/files\/2012\/03\/DSCN1648.jpg\"><img loading=\"lazy\" decoding=\"async\" src=\"http:\/\/blog.recherche-action.fr\/intermedes\/files\/2012\/03\/DSCN1648-300x224.jpg\" alt=\"\" width=\"300\" height=\"224\" \/><\/a><\/p>\n<p><a href=\"http:\/\/blog.recherche-action.fr\/intermedes\/files\/2012\/03\/DSCN1633.jpg\"><img loading=\"lazy\" decoding=\"async\" src=\"http:\/\/blog.recherche-action.fr\/intermedes\/files\/2012\/03\/DSCN1633-300x224.jpg\" alt=\"\" width=\"300\" height=\"224\" \/><\/a><\/p>\n<p>&nbsp;<\/p>\n<p>Il fait pr\u00e8s de vingt degr\u00e9s cet apr\u00e8s-midi au terrain de l\u2019\u00e9querre. Le printemps arrive \u00e0 grand pas. Nous commen\u00e7ons\u00a0 cette journ\u00e9e par arroser copieusement les semis et plantations r\u00e9alis\u00e9s ces derniers jours (carottes, pois, radis, f\u00e8ves, fleurs\u2026). Nous continuons de b\u00eacher et retourner un terrain qui ressemble \u00e0 un vrai champ de patates. Ce terrain ac<a href=\"http:\/\/blog.recherche-action.fr\/intermedes\/files\/2012\/03\/DSCN1645.jpg\"><img loading=\"lazy\" decoding=\"async\" class=\"size-medium wp-image-1246 alignright\" src=\"http:\/\/blog.recherche-action.fr\/intermedes\/files\/2012\/03\/DSCN1645-300x224.jpg\" alt=\"\" width=\"300\" height=\"224\" \/><\/a>cueillera d\u2019ailleurs\u2026des patates.<\/p>\n<p>&nbsp;<\/p>\n<p>&nbsp;<\/p>\n<p>&nbsp;<\/p>\n<p>&nbsp;<\/p>\n<p>&nbsp;<\/p>\n<p><strong><span style=\"text-decoration:underline\">Mercredi<\/span><\/strong><\/p>\n<p><em><strong>A Moulin Galant :<\/strong><\/em><\/p>\n<p style=\"text-align:center\"><a href=\"http:\/\/blog.recherche-action.fr\/intermedes\/files\/2012\/03\/DSCN1548.jpg\"><img loading=\"lazy\" decoding=\"async\" class=\"alignleft size-medium wp-image-1249\" src=\"http:\/\/blog.recherche-action.fr\/intermedes\/files\/2012\/03\/DSCN1548-300x224.jpg\" alt=\"\" width=\"300\" height=\"224\" \/><\/a><\/p>\n<p style=\"text-align:right\">Aujourd\u2019hui encore nous nous sommes install\u00e9es devant la caravane de Dragui pour notre atelier.Les enfants \u00e9taient tr\u00e8s nombreux et de tr\u00e8s bonne humeur, ils ont construit une tour en kapla ou dessin\u00e9 avec entrain.Nous sommes repartis du terrain avec de tr\u00e8s beaux bouquets de jonquilles pr\u00e9par\u00e9s par certaines mamans.<a href=\"http:\/\/blog.recherche-action.fr\/intermedes\/files\/2012\/03\/DSCN1544.jpg\"><img loading=\"lazy\" decoding=\"async\" class=\"alignleft size-medium wp-image-1248\" src=\"http:\/\/blog.recherche-action.fr\/intermedes\/files\/2012\/03\/DSCN1544-300x224.jpg\" alt=\"\" width=\"300\" height=\"224\" \/><\/a><\/p>\n<p><a href=\"http:\/\/blog.recherche-action.fr\/intermedes\/files\/2012\/03\/DSCN1575.jpg\"><img loading=\"lazy\" decoding=\"async\" class=\"alignleft size-medium wp-image-1250\" src=\"http:\/\/blog.recherche-action.fr\/intermedes\/files\/2012\/03\/DSCN1575-300x224.jpg\" alt=\"\" width=\"300\" height=\"224\" \/><\/a><\/p>\n<p>&nbsp;<\/p>\n<p>&nbsp;<\/p>\n<p><a href=\"http:\/\/blog.recherche-action.fr\/intermedes\/files\/2012\/03\/DSCN1616.jpg\"><img loading=\"lazy\" decoding=\"async\" src=\"http:\/\/blog.recherche-action.fr\/intermedes\/files\/2012\/03\/DSCN1616-300x224.jpg\" alt=\"\" width=\"300\" height=\"224\" \/><\/a><\/p>\n<p>&nbsp;<\/p>\n<p>&nbsp;<\/p>\n<p><em><strong>A la ludoth\u00e8que :<\/strong><\/em><\/p>\n<p>Un petit groupe dynamique cette apr\u00e8s-midi \u00e0 la ludoth\u00e8que\u00a0!<\/p>\n<p><a href=\"http:\/\/blog.recherche-action.fr\/intermedes\/files\/2012\/03\/IMG_0059.jpg\"><img loading=\"lazy\" decoding=\"async\" class=\"alignright size-medium wp-image-1254\" src=\"http:\/\/blog.recherche-action.fr\/intermedes\/files\/2012\/03\/IMG_0059-224x300.jpg\" alt=\"\" width=\"224\" height=\"300\" \/><\/a><\/p>\n<p>Alors que Loss\u00e9nie enchaine les parties de baby foot indien o\u00f9 il reste presque toujours le vainqueur, les filles jouent \u00e0 la dinette et \u00e0 la poup\u00e9e. \u00ab\u00a0Prends une photo de moi avec mon b\u00e9b\u00e9\u00a0\u00bb dit K\u00e9liane tout en faisant un grand sourire\u00a0! <a href=\"http:\/\/blog.recherche-action.fr\/intermedes\/files\/2012\/03\/IMG_0053.jpg\"><img loading=\"lazy\" decoding=\"async\" class=\"alignright size-medium wp-image-1252\" src=\"http:\/\/blog.recherche-action.fr\/intermedes\/files\/2012\/03\/IMG_0053-224x300.jpg\" alt=\"\" width=\"224\" height=\"300\" \/><\/a><\/p>\n<p>Puis, en fin d\u2019apr\u00e8s-midi on prend un bon go\u00fbter dans le parc pr\u00e8s de la mare en \u00e9coutant les canards et un cache-cache d\u00e9marre\u00a0!<a href=\"http:\/\/blog.recherche-action.fr\/intermedes\/files\/2012\/03\/IMG_0054.jpg\"><img loading=\"lazy\" decoding=\"async\" class=\"alignright size-medium wp-image-1253\" src=\"http:\/\/blog.recherche-action.fr\/intermedes\/files\/2012\/03\/IMG_0054-224x300.jpg\" alt=\"\" width=\"224\" height=\"300\" \/><\/a><\/p>\n<p>&nbsp;<\/p>\n<p>&nbsp;<\/p>\n<p>&nbsp;<\/p>\n<p><a href=\"http:\/\/blog.recherche-action.fr\/intermedes\/files\/2012\/03\/IMG_0064.jpg\"><img loading=\"lazy\" decoding=\"async\" class=\"alignright size-medium wp-image-1255\" src=\"http:\/\/blog.recherche-action.fr\/intermedes\/files\/2012\/03\/IMG_0064-300x224.jpg\" alt=\"\" width=\"300\" height=\"224\" \/><\/a><\/p>\n<p>&nbsp;<\/p>\n<p>&nbsp;<\/p>\n<p>&nbsp;<\/p>\n<p>&nbsp;<\/p>\n<p><em><strong>Au jardin de Saulx :<\/strong><\/em><\/p>\n<p><a href=\"http:\/\/blog.recherche-action.fr\/intermedes\/files\/2012\/03\/DSC08421.jpg\"><img loading=\"lazy\" decoding=\"async\" class=\"alignleft size-medium wp-image-1258\" src=\"http:\/\/blog.recherche-action.fr\/intermedes\/files\/2012\/03\/DSC08421-300x224.jpg\" alt=\"\" width=\"300\" height=\"224\" \/><\/a><\/p>\n<p><a href=\"http:\/\/blog.recherche-action.fr\/intermedes\/files\/2012\/03\/DSC08406.jpg\"><img loading=\"lazy\" decoding=\"async\" class=\"alignright size-medium wp-image-1256\" src=\"http:\/\/blog.recherche-action.fr\/intermedes\/files\/2012\/03\/DSC08406-300x224.jpg\" alt=\"\" width=\"300\" height=\"224\" \/><\/a><\/p>\n<p>Belle apr\u00e8s-midi \u00e0 l\u2019\u00e9querre. Un soleil g\u00e9n\u00e9reux nous accueille. Nous commen\u00e7ons par arroser les nombreux semis et plants qui ont \u00e9t\u00e9 effectu\u00e9s la semaine derni\u00e8re. Puis nous continuons les semis cette fois ci dans des godets. \u0152illets d\u2019Inde et Tournesols sont sem\u00e9s et plac\u00e9s sous la serre. On termine par un go\u00fbter bien m\u00e9rit\u00e9.<\/p>\n<p><a href=\"http:\/\/blog.recherche-action.fr\/intermedes\/files\/2012\/03\/DSC08410.jpg\"><img loading=\"lazy\" decoding=\"async\" class=\"alignleft size-medium wp-image-1257\" src=\"http:\/\/blog.recherche-action.fr\/intermedes\/files\/2012\/03\/DSC08410-300x224.jpg\" alt=\"\" width=\"300\" height=\"224\" \/><\/a><\/p>\n<p>&nbsp;<\/p>\n<p>&nbsp;<\/p>\n<p>&nbsp;<\/p>\n<p>&nbsp;<\/p>\n<p>&nbsp;<\/p>\n<p>&nbsp;<\/p>\n<p>&nbsp;<\/p>\n<p>&nbsp;<\/p>\n<p><strong>A la Batucada<\/strong><\/p>\n<p>On rentre dans la derri\u00e8re ligne droite, \u00e0 toute vapeur vers le carnaval de Saulx les Chartreux. Le groupe de percus continue de r\u00e9p\u00e9ter les diff\u00e9rents breaks, phrases de d\u00e9part et de fin. On s\u2019entra\u00eene aussi \u00e0 marcher avec nos instruments tout en jouant.<\/p>\n<p><a href=\"http:\/\/blog.recherche-action.fr\/intermedes\/files\/2012\/03\/DSC08431.jpg\"><img loading=\"lazy\" decoding=\"async\" class=\"alignleft size-medium wp-image-1259\" src=\"http:\/\/blog.recherche-action.fr\/intermedes\/files\/2012\/03\/DSC08431-300x224.jpg\" alt=\"\" width=\"300\" height=\"224\" \/><\/a><\/p>\n<p>&nbsp;<\/p>\n","protected":false},"excerpt":{"rendered":"<p>Nous sommes souvent confront\u00e9s \u00e0 la difficult\u00e9 que nous \u00e9prouvons \u00e0 communiquer l&#8217;intensit\u00e9 des liens, des relations, et les \u00e9motions que nous ressentons face \u00e0 des moments de partage et de cr\u00e9ation sociale. Ainsi cette semaine, \u00a0nous avons d\u00e9couvert avec enthousiasme les deux clips r\u00e9alis\u00e9s par Sileks et Animakt sur notre action commune Art en [&#8230;]<\/p>\n","protected":false},"author":1,"featured_media":0,"comment_status":"open","ping_status":"open","sticky":false,"template":"","format":"standard","meta":{"footnotes":""},"categories":[1],"tags":[],"class_list":["post-42","post","type-post","status-publish","format-standard","hentry","category-non-classe"],"jetpack_featured_media_url":"","_links":{"self":[{"href":"https:\/\/recherche-action.fr\/intermedes\/wp-json\/wp\/v2\/posts\/42","targetHints":{"allow":["GET"]}}],"collection":[{"href":"https:\/\/recherche-action.fr\/intermedes\/wp-json\/wp\/v2\/posts"}],"about":[{"href":"https:\/\/recherche-action.fr\/intermedes\/wp-json\/wp\/v2\/types\/post"}],"author":[{"embeddable":true,"href":"https:\/\/recherche-action.fr\/intermedes\/wp-json\/wp\/v2\/users\/1"}],"replies":[{"embeddable":true,"href":"https:\/\/recherche-action.fr\/intermedes\/wp-json\/wp\/v2\/comments?post=42"}],"version-history":[{"count":0,"href":"https:\/\/recherche-action.fr\/intermedes\/wp-json\/wp\/v2\/posts\/42\/revisions"}],"wp:attachment":[{"href":"https:\/\/recherche-action.fr\/intermedes\/wp-json\/wp\/v2\/media?parent=42"}],"wp:term":[{"taxonomy":"category","embeddable":true,"href":"https:\/\/recherche-action.fr\/intermedes\/wp-json\/wp\/v2\/categories?post=42"},{"taxonomy":"post_tag","embeddable":true,"href":"https:\/\/recherche-action.fr\/intermedes\/wp-json\/wp\/v2\/tags?post=42"}],"curies":[{"name":"wp","href":"https:\/\/api.w.org\/{rel}","templated":true}]}}