{"id":5099,"date":"2015-10-30T22:01:21","date_gmt":"2015-10-30T21:01:21","guid":{"rendered":"http:\/\/recherche-action.fr\/intermedes\/?p=5099"},"modified":"2015-10-30T22:01:21","modified_gmt":"2015-10-30T21:01:21","slug":"service-contre-servitude","status":"publish","type":"post","link":"https:\/\/recherche-action.fr\/intermedes\/2015\/10\/30\/service-contre-servitude\/","title":{"rendered":"Le pouvoir qu&rsquo;on d\u00e9laisse"},"content":{"rendered":"<p><span style=\"color: #ff00ff\"><strong>Aujourd&rsquo; hui une certaine pens\u00e9e consensuelle limite la question du pouvoir \u00e0 celle du \u00ab\u00a0pouvoir d&rsquo;agir\u00a0\u00bb<\/strong><\/span>. Il s&rsquo;agirait ni plus ni moins\u00a0au fond que de convaincre des personnes qui auraient renonc\u00e9 petit \u00e0 petit \u00e0 un pouvoir sur leur vie et sur leur environnement.<\/p>\n<p><a href=\"http:\/\/recherche-action.fr\/intermedes\/files\/2015\/10\/IMG_20151030_185911_edit.jpg\"><img fetchpriority=\"high\" decoding=\"async\" class=\"aligncenter size-full wp-image-5107\" src=\"http:\/\/recherche-action.fr\/intermedes\/files\/2015\/10\/IMG_20151030_185911_edit.jpg\" alt=\"IMG_20151030_185911_edit\" width=\"3264\" height=\"1836\" \/><\/a><\/p>\n<p>Une telle pr\u00e9sentation implicite de la question d\u00e9mocratique a l&rsquo;immense avantage d&rsquo;ouvrir un champ d&rsquo;objectifs (la reconqu\u00eate du pouvoir d&rsquo;agir) tout en isolant , en naturalisant la question des causes et des origines de cette situation.<\/p>\n<p><em><strong>Prise comme un \u00e9l\u00e9ment amorphe de notre contemporan\u00e9it\u00e9, \u00a0la question du \u00ab\u00a0NON pouvoir d&rsquo;agir\u00a0\u00bb des personnes et des groupes peut ainsi s&rsquo;allier avec des conceptions et des pratiques \u00a0sociales bien peu \u00e9mancipatrices.<\/strong><\/em> Il va s&rsquo;agir d&rsquo;enjoindre \u00e0\u00a0se mobiliser , une fois de plus ceux que l&rsquo;on consid\u00e8re d\u00e9j\u00e0 comme sous r\u00e9alis\u00e9s, trop inactifs, pas assez adapt\u00e9s.<\/p>\n<p><a title=\"DSCN1867\" href=\"http:\/\/www.flickr.com\/photos\/100872287@N06\/22772477592\"><img decoding=\"async\" class=\"alignnone \" src=\"https:\/\/farm1.staticflickr.com\/646\/22772477592_464c678862.jpg\" alt=\"DSCN1867\" \/><\/a><\/p>\n<p><strong><span style=\"color: #ff0000\">Du point de vue des collectivit\u00e9s, cette \u00ab\u00a0vision naturaliste\u00a0\u00bb<\/span><\/strong> inspirera des politiques et des mots d&rsquo;ordre paresseux. On \u00a0exhortera en g\u00e9n\u00e9ral toutes sortes de gens \u00e0 la \u00ab\u00a0participation\u00a0\u00bb , sans jamais expliquer en quoi celle ci donnerait ou exprimerait un quelconque\u00a0pouvoir , ni adresser cette invitation \u00e0 des personnes prises dans leur condition et leur histoire.<\/p>\n<p>Or, si on se limite \u00e0 d\u00e9velopper du pouvoir d&rsquo;agir ou de la participation, sans prendre en compte les questions d&rsquo;origine et de r\u00e9partition des pouvoirs, la cons\u00e9quence est que sans m\u00eame parfois le vouloir, <span style=\"color: #ff0000\">on se borne \u00e0 renforcer un ordre d\u00e9j\u00e0 l\u00e0: tandis que les \u00ab\u00a0barons\u00a0\u00bb et les \u00ab\u00a0clients \u00ab\u00a0s&#8217;emparent des r\u00e9unions et des postes.\u00a0<\/span>Ce sont alors de v\u00e9ritables dictateurs locaux qui prennent le leadership d&rsquo;associations ou de groupes r\u00e9pondant \u00e0 ces objectifs g\u00e9n\u00e9reux.<\/p>\n<p>A partir de mots d&rsquo;ordre aussi inattaquables, et apparemment progressistes, on aboutit ici ou l\u00e0 \u00e0 des politiques consternantes qui ont <strong>l&rsquo;avantage pour certaines collectivit\u00e9s ou institutions d&rsquo;affermir leur pouvoir en le partageant avec ceux qui les soutiennent<\/strong>.<\/p>\n<p>Ces m\u00eames politiques permettent sym\u00e9triquement\u00a0, \u00e0 des personnes ou groupes peu scrupuleux, d&rsquo;assigner\u00a0\u00e0 leur propre b\u00e9n\u00e9fice des moyens sociaux et publics; tout cela sous couvert de \u00ab\u00a0participation\u00a0\u00bb, d&rsquo;autonomie et de d\u00e9mocratie.<\/p>\n<p><strong>Le pouvoir qu&rsquo;on laisse est ainsi pris par ceux qui en abusent.<\/strong><\/p>\n<p>L&rsquo;erreur provient de cette vision naturelle des choses; on ne va pas vers \u00ab\u00a0l&#8217;empowerment\u00a0\u00bb \u00a0<span style=\"text-decoration: underline\">en laissant<\/span> du pouvoir, comme on laisse des miettes de pain ou des participations au b\u00e9n\u00e9fice. Si on agit ainsi, on r\u00e9serve\u00a0en r\u00e9alit\u00e9 le pouvoir \u00e0 ceux qui en abusent et- sous couvert de d\u00e9mocratie &#8211; on se met sous la loi des pervers.<\/p>\n<p><strong>Le v\u00e9ritable pouvoir ne se d\u00e9laisse pas; il ne se d\u00e9l\u00e8gue pas, &#8230; il se conquiert.<\/strong><\/p>\n<p>Cela implique dans les organisations et les associations \u00e0 tourner le dos \u00e0 cette id\u00e9e que c&rsquo;est l&rsquo;opinion g\u00e9n\u00e9rale qui devrait commander en dehors des degr\u00e9s\u00a0d&rsquo;implication et de sensibilisation des personnes.<\/p>\n<p><strong>Il ne peut y avoir de pouvoir , m\u00eame de d\u00e9cision, qui ne d\u00e9coule d&rsquo;un travail.<\/strong><\/p>\n<p>Il n&rsquo;y a \u00a0m\u00eame rien de plus antid\u00e9mocratique que de laisser penser\u00a0le contraire et de supposer que le pouvoir viendrait du nombre, d&rsquo;une repr\u00e9sentation collective, ou d&rsquo;un droit pr\u00e9alables.<\/p>\n<p>C&rsquo;est ce\u00a0que nous apprend la P\u00e9dagogies Sociale. C&rsquo;est le travail et l&rsquo;exp\u00e9rience qui r\u00e8glent les relations, qui soutiennent les organisations. C&rsquo;est le travail qui r\u00e9gule et d\u00e9termine la question\u00a0des pouvoirs.<\/p>\n<p><strong><span style=\"color: #ff0000\">Nos soci\u00e9t\u00e9s , nos organisations sont aujourd&rsquo;hui malades de ce pouvoir qu&rsquo;on \u00a0laisse aux autres, qu&rsquo;on ne prend pas<\/span><\/strong>. Elles sont malades de ce pouvoir qu&rsquo;on d\u00e9l\u00e8gue, qu&rsquo;on n&rsquo;assume pas.<\/p>\n<p><strong>Elles sont surtout malades de cette image erron\u00e9e du pouvoir, qui nous viendrait du haut<\/strong>, qui nous tomberait dessus, et qui ne proviendrait pas de notre travail (ou exp\u00e9rience conscientis\u00e9e) de chaque jour, de la mise en pratique de nos principes, <strong><em>d&rsquo;un effort de coh\u00e9rence entre ce que l&rsquo;on fait, ce que l&rsquo;on est \u00a0et ce que l&rsquo;on croit.<\/em><\/strong><\/p>\n<p><strong><span style=\"color: #3366ff\">Le v\u00e9ritable pouvoir n&rsquo;est ni une mati\u00e8re , une quantit\u00e9 ou substance qu&rsquo;on pourrait diviser, distribuer ou r\u00e9partir; il est pouvoir de changer les choses<\/span><\/strong>, de transformer la mati\u00e8re et l&rsquo;environnement &#8230;par le travail.<\/p>\n<p><em>Les groupes et organisations qui s&rsquo;impliquent en P\u00e9dagogie Sociale n&rsquo;ont que faire de la mise en sc\u00e8ne d&rsquo;une d\u00e9mocratie de pacotille,<\/em> de pure convenance , qu&rsquo;on c\u00e9l\u00e8brerait sans jamais la pratiquer; ils doivent aussi se garder du d\u00e9tournement de pouvoir par ceux qui cherchent avant tout leur propre place, et par tous ceux qui pr\u00e9f\u00e8rent se servir plut\u00f4t que servir.<\/p>\n<p><span style=\"color: #3366ff\">i\u00ab\u00a0<em>Mettez\u2026vos actes de tous les jours en harmonie avec vos id\u00e9es : apprenez \u00e0 vos enfants dans votre famille, \u00e0 vos \u00e9l\u00e8ves en classe, \u00e0 se gouverner eux-m\u00eames, \u00e0 prendre des responsabilit\u00e9s et \u00e0 s\u2019\u00e9manciper ; entra\u00eenez-les \u00e0 s\u2019exprimer totalement, \u00e0 parler et \u00e0 \u00e9crire, \u00e0 critiquer et \u00e0 voir juste ; donnez-leur la joie du travail d\u00e9sir\u00e9 et voulu.<\/em>\u00a0\u00bb<\/span><\/p>\n<p><span style=\"color: #3366ff\">C Freinet: \u00ab\u00a0Appel aux\u00a0\u00e9ducateurs d\u2019avant-garde\u00a0\u00bb, \u00a0L\u2019Educateur prol\u00e9tarien, 10 mai 1935.<\/span><\/p>\n<p>&nbsp;<\/p>\n<p><strong><span style=\"color: #ff0000\">Samedi F\u00eate de la citrouille 31-10-2015 et SOIREE CONVIVIALE HALLOWEEN<\/span><\/strong><\/p>\n<p><a title=\"100_3164\" href=\"http:\/\/www.flickr.com\/photos\/100872287@N06\/22597968210\"><img decoding=\"async\" class=\"alignleft\" src=\"https:\/\/farm6.staticflickr.com\/5688\/22597968210_174557d457.jpg\" alt=\"100_3164\" width=\"182\" height=\"140\" \/><\/a><a title=\"100_3165\" href=\"http:\/\/www.flickr.com\/photos\/100872287@N06\/22797151381\"><img decoding=\"async\" class=\"alignnone\" src=\"https:\/\/farm1.staticflickr.com\/737\/22797151381_15ac9eac76.jpg\" alt=\"100_3165\" width=\"182\" height=\"140\" \/><\/a><\/p>\n<p style=\"text-align: left\">Aujourd\u2019hui, c&rsquo;est \u00a0\u00e0 la f\u00eate de la citrouille ; Marie et moi Laura ,sommes all\u00e9es chercher des enfants du camp de Chilly-Gare.<\/p>\n<p style=\"text-align: left\">5 enfant sont venus\u00a0: trois filles et deux gar\u00e7ons.Alexandru, mon fils et Mohamed un enfant du quartier de Longjumeau. On est arriv\u00e9 \u00e0 l\u2019\u00e9cole de la Fontaine \u00e0 Chilly Mazarin, les enfants se sont bien amus\u00e9s et aussi ont bien travaill\u00e9 <a title=\"100_3173\" href=\"http:\/\/www.flickr.com\/photos\/100872287@N06\/22785940615\"><img loading=\"lazy\" decoding=\"async\" class=\"alignleft\" src=\"https:\/\/farm1.staticflickr.com\/665\/22785940615_11404878c8.jpg\" alt=\"100_3173\" width=\"194\" height=\"147\" \/><\/a>pour pr\u00e9parer la soupe de citrouille. Au moment o\u00f9 nous nous sommes install\u00e9s, on a commenc\u00e9 \u00e0 \u00e9plucher des l\u00e9gumes pour la soupe, les couper\u2026 Les enfants ont aussi vendu des l\u00e9gumes de notre jardin et avec l\u2019argent r\u00e9colt\u00e9 ils ont pu se faire maquiller pour Halloween et manger de bonnes barbes \u00e0 papa\u00a0! Pendant que la soupe \u00e9tait en train de cuire, les enfants ont jou\u00e9 tous ensemble \u00e0 des jeux g\u00e9ants en bois. La soupe est maintenant pr\u00eate et nous commen\u00e7ons la d\u00e9gustation. Tout le monde a beaucoup appr\u00e9ci\u00e9 la soupe de citrouille et ont m\u00eame demand\u00e9 la recette\u00a0!<a title=\"100_3176\" href=\"http:\/\/www.flickr.com\/photos\/100872287@N06\/22759947706\"><img decoding=\"async\" class=\"alignnone \" src=\"https:\/\/farm6.staticflickr.com\/5828\/22759947706_dcf204e64a.jpg\" alt=\"100_3176\" \/><\/a><\/p>\n<p>C\u2019est maintenant l\u2019heure de partir, nous ramenons les enfants chez eux au camp de Chilly Mais quand ceux ci sont revenus , d&rsquo;autres enfants ont voulu venir partager la soir\u00e9e conviviale d\u2019Halloween avec les Robinsons.<\/p>\n<p>Et oui une f\u00eate de la citrouille&#8230; laisse place \u00e0 une autre &#8230;Six enfants sont alors repartis \u00e0 la soir\u00e9e conviviale pour la premi\u00e8re fois, il se sont beaucoup amus\u00e9 et nous ont remerci\u00e9.<\/p>\n<p><a title=\"100_3188\" href=\"http:\/\/www.flickr.com\/photos\/100872287@N06\/22759946906\"><img decoding=\"async\" class=\"alignnone \" src=\"https:\/\/farm6.staticflickr.com\/5757\/22759946906_b13d42975f.jpg\" alt=\"100_3188\" \/><\/a><\/p>\n<p>&nbsp;<\/p>\n<p><strong><span style=\"color: #ff0000\">Samedi : Atelier de la Villa Saint-Martin et \u00a0pr\u00e9paration Soir\u00e9e d&rsquo;Halloween<\/span><\/strong><\/p>\n<p><a title=\"DSCN1857\" href=\"http:\/\/www.flickr.com\/photos\/100872287@N06\/22598032640\"><img decoding=\"async\" class=\"alignnone \" src=\"https:\/\/farm1.staticflickr.com\/574\/22598032640_339f4dc6f7.jpg\" alt=\"DSCN1857\" \/><\/a><\/p>\n<p><span style=\"text-decoration: underline;color: #3366ff\"><strong>Que de monde ce samedi \u00e0 la villa Saint-Martin\u00a0!<\/strong> <\/span>Attir\u00e9s par la nouvelle de la soir\u00e9e conviviale, les enfants (ainsi que leurs parents), \u00e9taient nombreux \u00e0 nous attendre en ce d\u00e9but d\u2019apr\u00e8s-midi. Alors qu&rsquo;un petit groupe se constitue pour pr\u00e9parer les d\u00e9corations de la f\u00eate \u00e0 venir, les enfants se r\u00e9partissent entre les diff\u00e9rents atelier. Confection de d\u00e9guisement d&rsquo;Halloween, jeu sur les tapis, cuisine pour la soir\u00e9e et jeu collectif sont au programme.<\/p>\n<p><a title=\"DSCN1891\" href=\"http:\/\/www.flickr.com\/photos\/100872287@N06\/22772472632\"><img decoding=\"async\" class=\"alignnone \" src=\"https:\/\/farm6.staticflickr.com\/5650\/22772472632_ab93e12da1.jpg\" alt=\"DSCN1891\" \/><\/a><\/p>\n<p><strong>Au menu ce soir, tarte \u00e0 la citrouille et beignets de courgettes<\/strong>. Pendant que certains s&rsquo;attellent \u00e0 la fastidieuse tache d\u2019\u00e9plucher les courges, d&rsquo;autres sont d\u00e9j\u00e0 en train concocter la pr\u00e9paration pour les beignet. Le plus compliqu\u00e9 sera finalement de faire la cuire les tartes et les beignets, la puissance de feu de gazini\u00e8re \u00e9tant quelque peu limit\u00e9. <span style=\"color: #3366ff\">Heureusement Laura et Marie arrivent en renfort avec de la grosse artillerie, un tr\u00e9pied a gaz qui permet d\u2019acc\u00e9l\u00e9rer la cadence de cuisson.<\/span><\/p>\n<p>Un peu plus loin, avec Iasmina, on s\u2019attelle \u00e0 pr\u00e9parer des lampions pour la soir\u00e9e. On commence par creuser des cl\u00e9mentine pour y mettre des bougies, puis on passe au citrouille adroitement taill\u00e9 par les plus grand pour un effet terrifiant\u00a0!<\/p>\n<p><a title=\"DSCN1867\" href=\"http:\/\/www.flickr.com\/photos\/100872287@N06\/22772477592\"><img decoding=\"async\" class=\"alignnone \" src=\"https:\/\/farm1.staticflickr.com\/646\/22772477592_464c678862.jpg\" alt=\"DSCN1867\" \/><\/a><\/p>\n<p>19h, la musique r\u00e9sonne dans le quartier, et les familles accourent pour d\u00e9guster les mets cuisin\u00e9s pendant l&rsquo;atelier. Dans une ambiance chaleureuse malgr\u00e9 le temps qui fra\u00eechi, on discute, on prend des nouvelles des uns et des autres. C&rsquo;est seulement apr\u00e8s la distribution de bonbons que chacun retournera a ses occupations, le ventre lourd, les dents cari\u00e9s, mais l&rsquo;esprit l\u00e9ger\u00a0!<a title=\"SAM_7199\" href=\"http:\/\/www.flickr.com\/photos\/100872287@N06\/22797198971\"><img decoding=\"async\" class=\"alignnone \" src=\"https:\/\/farm6.staticflickr.com\/5826\/22797198971_462849597a.jpg\" alt=\"SAM_7199\" \/><\/a><\/p>\n<p><span style=\"color: #ff0000\"><strong>Vendredi: sortie de m\u00e9tier pour la glorieuse tapisserie de la Cinqui\u00e8me saison\u00a0<\/strong><\/span><\/p>\n<p>On vous a d\u00e9crit semaine apr\u00e8s semaine, son \u00e9tat d&rsquo;avancement. C&rsquo;est cette tapisserie qui ne progressait que d&rsquo;un centim\u00e8tre par heure de travail pour trois personnes.<\/p>\n<p><a href=\"http:\/\/recherche-action.fr\/intermedes\/files\/2015\/10\/IMG_20151030_185911_edit.jpg\"><img fetchpriority=\"high\" decoding=\"async\" class=\"aligncenter size-full wp-image-5107\" src=\"http:\/\/recherche-action.fr\/intermedes\/files\/2015\/10\/IMG_20151030_185911_edit.jpg\" alt=\"IMG_20151030_185911_edit\" width=\"3264\" height=\"1836\" \/><\/a><\/p>\n<p>C&rsquo;est la Cinqui\u00e8me saison, la tapisserie imagin\u00e9e et dessin\u00e9e\u00a0\u00a0par les enfants de Robinson, \u00a0tiss\u00e9e par les petits et grands Robinsons et les amis de la MJC et de l&rsquo;atelier de Tapisserie.<\/p>\n<p><strong><span style=\"color: #ff0000\">D&rsquo;abord cette tapisserie est une performance:<\/span><\/strong><\/p>\n<p><span style=\"color: #ff00ff\"><em>Temps de r\u00e9alisation\u00a0: approximativement 500 H \u00a0 \u00a0 \u00a0 \u00a0 \u00a0\u00a0<\/em><\/span><\/p>\n<p><span style=\"color: #ff00ff\"><em>Dur\u00e9e de r\u00e9alisation\u00a0: 9 mois<\/em><\/span><\/p>\n<p><span style=\"color: #ff00ff\"><em>Longueur totale de laine\u00a0: 768 m\u00e8tres<\/em><\/span><\/p>\n<p><span style=\"color: #ff00ff\"><em>Longueur totale de fils de trame\u00a0 : 1 152 m\u00e8tres<\/em><\/span><\/p>\n<p><span style=\"color: #ff0000\"><strong>Ensuite cette tapisserie est un outil d&rsquo;\u00e9ducation \u00e0\u00a0l&rsquo;environnement<\/strong><\/span><\/p>\n<p>La Tapisserie de la Cinqui\u00e8me saison a \u00e9t\u00e9 pens\u00e9e et voulue comme un support de d\u00e9bat et de r\u00e9flexion pour aborder , \u00e0 l&rsquo;occasion de la COP 21, tous les changements de climat en cours.<\/p>\n<p><a href=\"http:\/\/recherche-action.fr\/intermedes\/files\/2015\/10\/IMG_20151030_190011_edit2.jpg\"><img loading=\"lazy\" decoding=\"async\" class=\"aligncenter size-full wp-image-5110\" src=\"http:\/\/recherche-action.fr\/intermedes\/files\/2015\/10\/IMG_20151030_190011_edit2.jpg\" alt=\"IMG_20151030_190011_edit2\" width=\"653\" height=\"367\" \/><\/a><\/p>\n<p>Maintenant, la tapisserie va voyager et va faire son \u00ab\u00a0m\u00e9tier\u00a0\u00bb; d&rsquo;expositions, en r\u00e9unions; de r\u00e9unions, en d\u00e9bat elle sera support pour LE CHANGEMENT .<\/p>\n<p><img loading=\"lazy\" decoding=\"async\" class=\"aligncenter size-full wp-image-5109\" src=\"http:\/\/recherche-action.fr\/intermedes\/files\/2015\/10\/IMG_20151030_185537_edit.jpg\" alt=\"IMG_20151030_185537_edit\" width=\"653\" height=\"367\" \/><\/p>\n<p>Les enfants l&rsquo;avaient dit au d\u00e9but du projet, c&rsquo;est\u00a0de plus en plus d&rsquo;actualit\u00e9 dans l&rsquo;environnement, la culture, le social, l&rsquo;\u00e9ducation&#8230; Le climat change CHANGEONS TOUT.<\/p>\n<p>Alors ce vendredi soir c&rsquo;\u00e9tait la f\u00eate: on a d\u00e9croch\u00e9 la tapisserie de son grand m\u00e9tier<\/p>\n<p>Les uns apr\u00e8s les autres, nous l&rsquo;avons coup\u00e9e et s\u00e9par\u00e9e de la trame<\/p>\n<p><img loading=\"lazy\" decoding=\"async\" class=\"aligncenter size-httpsfarm4staticflickrcom386114753485436_07de77da64_zjpg wp-image-5108\" src=\"http:\/\/recherche-action.fr\/intermedes\/files\/2015\/10\/IMG_20151030_185101_edit-1.jpg\" alt=\"IMG_20151030_185101_edit-1\" width=\"367\" height=\"653\" \/><\/p>\n<p>&nbsp;<\/p>\n<p><strong><span style=\"color: #3366ff\">Et puis, nous avons partag\u00e9 un petit buffet et fait la f\u00eate pour elle.<\/span><\/strong><\/p>\n<p lang=\"fr-FR\" style=\"text-align: left\" align=\"CENTER\"><img loading=\"lazy\" decoding=\"async\" class=\"aligncenter size-full wp-image-5106\" src=\"http:\/\/recherche-action.fr\/intermedes\/files\/2015\/10\/FullSizeRender.jpg\" alt=\"FullSizeRender\" width=\"640\" height=\"480\" \/><span style=\"color: #ff0000\"><strong>Vendredi : La Rocade<br \/>\n<\/strong><\/span><\/p>\n<p lang=\"fr-FR\">Aujourd&rsquo;hui nous allons \u00e0 la Rocade avec Laura (permanente), Sana (service civique), Marie et Camille (stagiaire \u00e9ducatrice) et Tito (b\u00e9n\u00e9vole).<a title=\"100_3136\" href=\"http:\/\/www.flickr.com\/photos\/100872287@N06\/22597808860\"><img decoding=\"async\" class=\"alignnone \" src=\"https:\/\/farm6.staticflickr.com\/5763\/22597808860_4edff33c86.jpg\" alt=\"100_3136\" \/><\/a><\/p>\n<p lang=\"fr-FR\">Au programme: Cuisine de beignets avec zestes de citron avec Laura, Petite enfance avec Marie, Peinture avec Tito, masques et chapeaux d&rsquo;Halloween avec Camille et jeux collectifs avec Sana.<a title=\"100_3142\" href=\"http:\/\/www.flickr.com\/photos\/100872287@N06\/22597807940\"><img decoding=\"async\" class=\"alignnone \" src=\"https:\/\/farm1.staticflickr.com\/651\/22597807940_b9ee71bcf6.jpg\" alt=\"100_3142\" \/><\/a><\/p>\n<p lang=\"fr-FR\">Beaucoup d&rsquo;ados \u00e9taient avec Sana pour jouer \u00e0 la boxe et au freezby. On se d\u00e9pense \u00e9norm\u00e9ment !<\/p>\n<p lang=\"fr-FR\">Plusieurs enfants s&rsquo;approchent de la cuisine. C&rsquo;est super dr\u00f4le de malaxer la p\u00e2te avec ses mains! Et puis apr\u00e8s on peut faire des formes rigolotes avec des emporte-pi\u00e8ces.<\/p>\n<p lang=\"fr-FR\">Avec Marie on s\u2019amuse avec la dinette.<a title=\"100_3158\" href=\"http:\/\/www.flickr.com\/photos\/100872287@N06\/22759788226\"><img decoding=\"async\" class=\"alignnone \" src=\"https:\/\/farm1.staticflickr.com\/636\/22759788226_67dbae1c1e.jpg\" alt=\"100_3158\" \/><\/a><\/p>\n<p lang=\"fr-FR\">Tito et Camille \u00e9taient d\u00e9bord\u00e9s avec les masques et les chapeaux. En plus avec le vent, tous les dessins se sont envol\u00e9s plusieurs fois. Du coup il y a de petites d\u00e9corations sur les peintures: les graviers se sont coll\u00e9s dessus!<\/p>\n<p lang=\"fr-FR\">On a pass\u00e9 un super apr\u00e8s-midi!<a title=\"100_3159\" href=\"http:\/\/www.flickr.com\/photos\/100872287@N06\/22796989741\"><img decoding=\"async\" class=\"alignnone \" src=\"https:\/\/farm1.staticflickr.com\/745\/22796989741_5080c5a437.jpg\" alt=\"100_3159\" \/><\/a><\/p>\n<p lang=\"fr-FR\">Merci a tous! \u00c0 la semaine prochaine \ud83d\ude09<\/p>\n<p><span style=\"color: #ff0000\"><strong>\u00a0Vendredi Jardin<\/strong><\/span><\/p>\n<p><a title=\"SAM_7179\" href=\"http:\/\/www.flickr.com\/photos\/100872287@N06\/22184818714\"><img decoding=\"async\" class=\"alignnone \" src=\"https:\/\/farm1.staticflickr.com\/702\/22184818714_6fef36160d.jpg\" alt=\"SAM_7179\" \/><\/a><\/p>\n<p>Encore une fois on se retrouve avec nos chers amis (es), pour une nouvelle s\u00e9ance de jardinage et puis c\u2019est l\u2019occasion de se retrouver et de se red\u00e9couvrir au jardin, dans la nature. Dehors il fait beau, le soleil est \u00e0 l\u2019horizon et nous on se pr\u00e9pare de commencer le travail au jardin c\u2019est-\u00e0-dire rentr\u00e9 sur les parcelles et enlever les ronces, les mauvaises herbes pour pr\u00e9parer le terrain pour l\u2019ann\u00e9e \u00e0 venir.<a title=\"SAM_7184\" href=\"http:\/\/www.flickr.com\/photos\/100872287@N06\/22184810924\"><img decoding=\"async\" class=\"alignnone \" src=\"https:\/\/farm6.staticflickr.com\/5740\/22184810924_bbbf6bbe08.jpg\" alt=\"SAM_7184\" \/><\/a><br \/>\nUne belle journ\u00e9e avec plein d\u2019espoir dans nos regards , dans le regard de chacun pour un ann\u00e9e de mieux en mieux riche et plein en \u00e9motions, en travail , \u00e9nergie et envie de rester avec le groupe dans le c\u0153ur des Robinson\u00a0!<br \/>\nL\u2019heure du go\u00fbter casse le moment charge en \u00e9motions, et c\u2019est le tour de la rigolade et du bonne humeur de prendre la place\u00a0!<a title=\"SAM_7183\" href=\"http:\/\/www.flickr.com\/photos\/100872287@N06\/22781558786\"><img decoding=\"async\" class=\"alignnone \" src=\"https:\/\/farm1.staticflickr.com\/642\/22781558786_0052d8b0ec.jpg\" alt=\"SAM_7183\" \/><\/a><br \/>\nA plus\u00a0!<\/p>\n<p lang=\"fr-FR\">\n<p lang=\"fr-FR\">\n<p><strong><span style=\"color: #ff0000\">Jeudi : Skate park<\/span><\/strong><\/p>\n<p align=\"LEFT\">Aujourd&rsquo;hui, nous allons au skate park avec Jasmina (permanente), Sana (service civique) et Camille (stagiaire \u00e9ducatrice). Jeudi dernier, il n&rsquo;y avait pas grand monde. Du coup nous pr\u00e9voyons quatre activit\u00e9s diff\u00e9rentes. La petite enfance, des masques et des origamis et des jeux collectifs.<a title=\"DSCN1801\" href=\"http:\/\/www.flickr.com\/photos\/100872287@N06\/22786063165\"><img decoding=\"async\" class=\"alignnone \" src=\"https:\/\/farm6.staticflickr.com\/5757\/22786063165_0e35da0abf.jpg\" alt=\"DSCN1801\" \/><\/a><\/p>\n<p align=\"LEFT\">Au final, vingt enfants \u00e9taient pr\u00e9sents&#8230;<a title=\"DSCN1820\" href=\"http:\/\/www.flickr.com\/photos\/100872287@N06\/22598088670\"><img decoding=\"async\" class=\"alignnone \" src=\"https:\/\/farm1.staticflickr.com\/579\/22598088670_ccbae5ae01.jpg\" alt=\"DSCN1820\" \/><\/a><\/p>\n<p align=\"LEFT\">Ca fait un sacr\u00e9 groupe pour faire des chapeau de soci\u00e8re et des petits d\u00e9guisements pour Halloween. Camille ne sait plus du tout o\u00f9 donner de la t\u00eate! Tout le monde lui demande de l&rsquo;aider en m\u00eame temps! Du coup Iasmina est venue l&rsquo;aider! OUF! Ainsi, chacun a pu prendre son chapeau ou son origami pour rentrer \u00e0 la maison.<a title=\"DSCN1828\" href=\"http:\/\/www.flickr.com\/photos\/100872287@N06\/22797260341\"><img decoding=\"async\" class=\"alignnone \" src=\"https:\/\/farm6.staticflickr.com\/5727\/22797260341_61fa0eab6b.jpg\" alt=\"DSCN1828\" \/><\/a><\/p>\n<p align=\"LEFT\">Et pour ceux qui veulent continuer, on continue demain sur la Rocade, et samedi pour la f\u00eate, \u00e0 la Villa Saint Martin.<\/p>\n<p align=\"LEFT\">De son cot\u00e9, Sana joue avec les enfants qui sont sur la petite enfance. C&rsquo;est \u00e0 celui qui fera la plus grande tour en Kappla! Aussi, quelques jeux sont organis\u00e9s pour vaincre le froid. Ca fait du bien de se r\u00e9chauffer!<a title=\"DSCN1822\" href=\"http:\/\/www.flickr.com\/photos\/100872287@N06\/22760063216\"><img decoding=\"async\" class=\"alignnone \" src=\"https:\/\/farm6.staticflickr.com\/5760\/22760063216_8449014809.jpg\" alt=\"DSCN1822\" \/><\/a><\/p>\n<p align=\"LEFT\">Et pour aider, un chocolat bien chaud au gouter!! Miam Miam !<\/p>\n<p align=\"LEFT\">Merci pour cet apr\u00e8s-midi!<\/p>\n<p align=\"LEFT\">A demain!<\/p>\n<p><strong><span style=\"color: #ff0000\">Jeudi: CHILLY GARE<br \/>\n<\/span><\/strong><\/p>\n<p><a title=\"100_3091\" href=\"http:\/\/www.flickr.com\/photos\/100872287@N06\/22162902774\"><img decoding=\"async\" class=\"alignnone \" src=\"https:\/\/farm6.staticflickr.com\/5795\/22162902774_278f27de36.jpg\" alt=\"100_3091\" \/><\/a><\/p>\n<p>Aujourd&rsquo;hui, Laura, Sebastian, Yann et moi (Marie) sommes partis au bidonville de Chilly Gare, les enfants, comme \u00e0 leur habitude nous attendaient.<a title=\"100_3101\" href=\"http:\/\/www.flickr.com\/photos\/100872287@N06\/22796865321\"><img decoding=\"async\" class=\"alignnone \" src=\"https:\/\/farm6.staticflickr.com\/5729\/22796865321_a4ea127ae0.jpg\" alt=\"100_3101\" \/><\/a><\/p>\n<p>Nous commen\u00e7ons par faire un cercle tous ensemble, ce qui ritualise l&rsquo;activit\u00e9. Au lieu de faire la ronde des pr\u00e9noms, chacun doit donner un nom de fruit, puis d&rsquo;animaux, puis de voiture\u00a0!!! On s&rsquo;amuse beaucoup, les enfants s&rsquo;y connaissent vraiment bien\u00a0!<a title=\"100_3110\" href=\"http:\/\/www.flickr.com\/photos\/100872287@N06\/22785654205\"><img decoding=\"async\" class=\"alignnone \" src=\"https:\/\/farm1.staticflickr.com\/742\/22785654205_996093714b.jpg\" alt=\"100_3110\" \/><\/a><\/p>\n<p>Nous avons pr\u00e9vu de faire des coloriages autour de la nature, la jungle, les fleurs afin de r\u00e9aliser un collage final qui nous servira pour l&rsquo;exposition Les Autres Climats. Les enfants ont pris beaucoup de plaisir \u00e0 faire de la peinture et de l&rsquo;aquarelle. Pendant ce temps, les plus grands ont lanc\u00e9s eux m\u00eame un jeu de d\u00e9s, certains sont tr\u00e8s forts\u00a0! Yann et Sebastian sont de la partie\u00a0!<\/p>\n<p>Le temps passe vite et les enfants n&rsquo;ont pas toujours eu le temps de terminer leurs dessins.<\/p>\n<p><a title=\"100_3121\" href=\"http:\/\/www.flickr.com\/photos\/100872287@N06\/22796862721\"><img decoding=\"async\" class=\"alignnone\" src=\"https:\/\/farm6.staticflickr.com\/5805\/22796862721_7d9bb5fc1e.jpg\" alt=\"100_3121\" \/><\/a><\/p>\n<p>Le temps du go\u00fbter est un moment calme, les grands nous servent le chocolat chaud et les beignets aux pommes. Ils nous aident \u00e0 ranger, chaises, tables, sacs, puis certains nous accompagnent jusqu&rsquo;au DAEV. Beaucoup d&rsquo;au revoir, de c\u00e2lins et de bisous. Ils ont d\u00e9j\u00e0 h\u00e2te de nous revoir la semaine prochaine.<a title=\"100_3131\" href=\"http:\/\/www.flickr.com\/photos\/100872287@N06\/22597676290\"><img decoding=\"async\" class=\"alignnone \" src=\"https:\/\/farm1.staticflickr.com\/650\/22597676290_3a04d50660.jpg\" alt=\"100_3131\" \/><\/a><\/p>\n<p>&nbsp;<\/p>\n<p><span style=\"color: #ff0000\"><strong>Jeudi : Jardin<\/strong><\/span><\/p>\n<p><a title=\"SAM_7169\" href=\"http:\/\/www.flickr.com\/photos\/100872287@N06\/22184792204\"><img decoding=\"async\" class=\"alignnone \" src=\"https:\/\/farm6.staticflickr.com\/5799\/22184792204_b3761e0dbd.jpg\" alt=\"SAM_7169\" \/><\/a><\/p>\n<p>On se pr\u00e9pare pour une nouvelle journ\u00e9e dans la compagnie des adultes du groupe d\u2019adultes du jardin et sous cet journ\u00e9e bien froid nous essayions de la chauff\u00e9 un peu en faisant un grand feu au jardin avec les branches des arbres qui sont tomb\u00e9es et puis du bois qu\u2019on a retrouv\u00e9 plus mouill\u00e9 que s\u00e8che, et tout vas super bien\u00a0!<br \/>\nApr\u00e8s avoir allum\u00e9 tous le feu on rapproche les chaises et la table pour se r\u00e9chauffer et discuter un peu aussi de notre sortie au Cirque Grusse et du d\u00e9roulement de la journ\u00e9e d\u2019aujourd\u2019hui.<a title=\"SAM_7172\" href=\"http:\/\/www.flickr.com\/photos\/100872287@N06\/22186385693\"><img decoding=\"async\" class=\"alignnone \" src=\"https:\/\/farm6.staticflickr.com\/5677\/22186385693_d064deb5a0.jpg\" alt=\"SAM_7172\" \/><\/a><br \/>\nTout le monde est bien r\u00e9chauff\u00e9, on est tous au tachet\u00e9s et bah\u2026.c\u2019est le temps de passer \u00e0 l\u2019action sous la serre la pour la nettoyer et virer les encombrants.<br \/>\nEn fin de journ\u00e9e nous commen\u00e7ons notre go\u00fbter a la chaleur du feu de bois et on en profite d\u2019un chaud verre de chocolat\u00a0!<br \/>\nAU REVOIR\u00a0!<\/p>\n<p>&nbsp;<\/p>\n<p><span style=\"color: #ff0000\"><strong>Mercredi: Atelier Balloche\/Grosjean\/Wissous<\/strong><\/span><\/p>\n<p><a title=\"100_3046\" href=\"http:\/\/www.flickr.com\/photos\/100872287@N06\/22382525857\"><img decoding=\"async\" class=\"alignnone \" src=\"https:\/\/farm1.staticflickr.com\/652\/22382525857_8b03d377d0.jpg\" alt=\"100_3046\" \/><\/a><\/p>\n<p>Aujourd&rsquo;hui, Laura, Ana et moi (Marie) partons pour le bidonville de Balloche afin de voir les enfants et les familles menac\u00e9s d&rsquo;expulsion aujourd&rsquo;hui m\u00eame par un arr\u00eat\u00e9 municipal. Inquiets de la situation, nous parlons avec les familles pour savoir ce qu&rsquo;il en est. Visiblement, ils ont deux jours pour quitter le camp. Les enfants paraissent touch\u00e9s et inquiets, mais ils nous suivent malgr\u00e9 tout pour les activit\u00e9s. Nous sommes royalement accueillis puisqu&rsquo;une baraque a \u00e9t\u00e9 construite pour un bapt\u00eame derni\u00e8rement, nous avons la chance de profiter de cet espace\u00a0! Nous proposons la p\u00e2te \u00e0 sel, les jeux de construction, jeux collectifs et un relais. Les enfants sont tr\u00e8s excit\u00e9s, peut-\u00eatre ont-ils besoin d&rsquo;ext\u00e9rioriser\u00a0? La p\u00e2te \u00e0 sel leur pla\u00eet beaucoup, ils laissent libre cours \u00e0 leur imagination (bonhomme, animaux, nourriture, fleurs&#8230;). Les enfants trouvent vite avec cette p\u00e2te un moyen de jouer entre eux et la lance en guise de balle.<a title=\"100_3056\" href=\"http:\/\/www.flickr.com\/photos\/100872287@N06\/22774896036\"><img decoding=\"async\" class=\"alignnone \" src=\"https:\/\/farm1.staticflickr.com\/702\/22774896036_a2a489f2c4.jpg\" alt=\"100_3056\" \/><\/a><a title=\"100_3062\" href=\"http:\/\/www.flickr.com\/photos\/100872287@N06\/22774895386\"><img decoding=\"async\" class=\"alignnone \" src=\"https:\/\/farm1.staticflickr.com\/672\/22774895386_e1836880c5.jpg\" alt=\"100_3062\" \/><\/a><\/p>\n<p>Les jeux de construction comme les Kapla sont toujours un succ\u00e8s et permettent aux enfants de se lancer des d\u00e9fis.<\/p>\n<p>Au moment du go\u00fbter, les bons beignets confectionn\u00e9s hier sont un v\u00e9ritable succ\u00e8s et sont vite engloutis\u00a0! Le temps de parole est un moment de confidence pour chacun, d&rsquo;exprimer leurs peurs (de l&rsquo;expulsion, des policiers, de ne plus nous voir), certains nous disent qu&rsquo;ils repartiront en Roumanie, d&rsquo;autres font d\u00e9j\u00e0 leurs valises.<a title=\"100_3090\" href=\"http:\/\/www.flickr.com\/photos\/100872287@N06\/22408709229\"><img decoding=\"async\" class=\"alignnone \" src=\"https:\/\/farm6.staticflickr.com\/5697\/22408709229_8f72429860.jpg\" alt=\"100_3090\" \/><\/a><\/p>\n<p>Nous partons rapidement visiter le bidonville de Grosjean, juste \u00e0 c\u00f4t\u00e9, afin de prendre des nouvelles concernant l&rsquo;expulsion. Ils sont eux m\u00eame touch\u00e9s par celle ci. Nous allons continuer notre travail avec les enfants malgr\u00e9 tout, et attendons plus de nouvelles concernant l&rsquo;\u00e9volution de la situation.<\/p>\n<p><span style=\"color: #ff0000\"><strong>Mercedi : Jardin de Saulx<\/strong><\/span><\/p>\n<p>Nous sommes pr\u00eats pour une nouvelle s\u00e9ance de jardinage avec les enfants mais aussi les adultes nous ont accompagn\u00e9e car le jardin c&rsquo;est un lieu de convivialit\u00e9 et un lieu de retrouvaille avec la nature.<a title=\"DSCN1785\" href=\"http:\/\/www.flickr.com\/photos\/100872287@N06\/22164622763\"><img decoding=\"async\" class=\"alignnone \" src=\"https:\/\/farm6.staticflickr.com\/5695\/22164622763_f501f8f0eb.jpg\" alt=\"DSCN1785\" \/><\/a><\/p>\n<p>Quand on arrive au terrain nous tardons un peu pour faire une petite visite du jardin pour voir quelles sont les t\u00e2ches de cet apr\u00e8s midi, car en tout les cas ils ne sont pas nombreuses et durs non plus.<a title=\"DSCN1786\" href=\"http:\/\/www.flickr.com\/photos\/100872287@N06\/22597785850\"><img decoding=\"async\" class=\"alignnone \" src=\"https:\/\/farm1.staticflickr.com\/621\/22597785850_fed8e2ee32.jpg\" alt=\"DSCN1786\" \/><\/a><\/p>\n<p>Les petits commencent \u00e0 faire un peu de nettoyage dans le terrain des framboises et puis une petite cueillette car cependant les autres ont enl\u00e8ve les plants morts sous la serre et le mettre en compost, mais aussi ils ont r\u00e9ussi a remettre la serre en \u00e9tat.<a title=\"DSCN1790\" href=\"http:\/\/www.flickr.com\/photos\/100872287@N06\/22163000734\"><img decoding=\"async\" class=\"alignnone \" src=\"https:\/\/farm6.staticflickr.com\/5663\/22163000734_3a92ee79e8.jpg\" alt=\"DSCN1790\" \/><\/a><\/p>\n<p>Puis a la fin un bon go\u00fbter bien m\u00e9rit\u00e9 nous en avons part tous ensemble!<a title=\"DSCN1795\" href=\"http:\/\/www.flickr.com\/photos\/100872287@N06\/22796960021\"><img decoding=\"async\" class=\"alignnone \" src=\"https:\/\/farm1.staticflickr.com\/632\/22796960021_987a885fe7.jpg\" alt=\"DSCN1795\" \/><\/a><\/p>\n<p>A plus !<\/p>\n<p>&nbsp;<\/p>\n","protected":false},"excerpt":{"rendered":"<p>Aujourd&rsquo; hui une certaine pens\u00e9e consensuelle limite la question du pouvoir \u00e0 celle du \u00ab\u00a0pouvoir d&rsquo;agir\u00a0\u00bb. Il s&rsquo;agirait ni plus ni moins\u00a0au fond que de convaincre des personnes qui auraient renonc\u00e9 petit \u00e0 petit \u00e0 un pouvoir sur leur vie et sur leur environnement. Une telle pr\u00e9sentation implicite de la question d\u00e9mocratique a l&rsquo;immense avantage &hellip; <a href=\"https:\/\/recherche-action.fr\/intermedes\/2015\/10\/30\/service-contre-servitude\/\" class=\"more-link\">Continuer la lecture<span class=\"screen-reader-text\"> de &laquo;&nbsp;Le pouvoir qu&rsquo;on d\u00e9laisse&nbsp;&raquo;<\/span><\/a><\/p>\n","protected":false},"author":1,"featured_media":0,"comment_status":"open","ping_status":"open","sticky":false,"template":"","format":"standard","meta":{"footnotes":""},"categories":[1],"tags":[],"class_list":["post-5099","post","type-post","status-publish","format-standard","hentry","category-non-classe"],"jetpack_featured_media_url":"","_links":{"self":[{"href":"https:\/\/recherche-action.fr\/intermedes\/wp-json\/wp\/v2\/posts\/5099","targetHints":{"allow":["GET"]}}],"collection":[{"href":"https:\/\/recherche-action.fr\/intermedes\/wp-json\/wp\/v2\/posts"}],"about":[{"href":"https:\/\/recherche-action.fr\/intermedes\/wp-json\/wp\/v2\/types\/post"}],"author":[{"embeddable":true,"href":"https:\/\/recherche-action.fr\/intermedes\/wp-json\/wp\/v2\/users\/1"}],"replies":[{"embeddable":true,"href":"https:\/\/recherche-action.fr\/intermedes\/wp-json\/wp\/v2\/comments?post=5099"}],"version-history":[{"count":0,"href":"https:\/\/recherche-action.fr\/intermedes\/wp-json\/wp\/v2\/posts\/5099\/revisions"}],"wp:attachment":[{"href":"https:\/\/recherche-action.fr\/intermedes\/wp-json\/wp\/v2\/media?parent=5099"}],"wp:term":[{"taxonomy":"category","embeddable":true,"href":"https:\/\/recherche-action.fr\/intermedes\/wp-json\/wp\/v2\/categories?post=5099"},{"taxonomy":"post_tag","embeddable":true,"href":"https:\/\/recherche-action.fr\/intermedes\/wp-json\/wp\/v2\/tags?post=5099"}],"curies":[{"name":"wp","href":"https:\/\/api.w.org\/{rel}","templated":true}]}}