{"id":5209,"date":"2015-12-05T10:19:50","date_gmt":"2015-12-05T09:19:50","guid":{"rendered":"http:\/\/recherche-action.fr\/intermedes\/?p=5209"},"modified":"2015-12-05T10:19:50","modified_gmt":"2015-12-05T09:19:50","slug":"douleur-politique","status":"publish","type":"post","link":"https:\/\/recherche-action.fr\/intermedes\/2015\/12\/05\/douleur-politique\/","title":{"rendered":"Douleur politique"},"content":{"rendered":"<p><em><strong><span style=\"color: #ff00ff\">La v\u00e9ritable pr\u00e9carit\u00e9, la v\u00e9ritable souffrance sociale, ce n&rsquo;est\u00a0pas quand on manque; ce n&rsquo;est pas quand on a peu.<\/span><\/strong><\/em> Ce n&rsquo;est m\u00eame pas quand on est priv\u00e9s ou m\u00eame isol\u00e9s. Celle qui litt\u00e9ralement rend fou, disqualifie, embourbe est\u00a0d&rsquo;une autre nature. Elle r\u00e9side dans un double mouvement compl\u00e9mentaire; le premier nous enjoint de tout contr\u00f4ler, de contr\u00f4ler nos existences, de contr\u00f4ler nous m\u00eames et ce qui arrive. Le second nous d\u00e9poss\u00e8de de tout moyen pour y parvenir.<\/p>\n<p><a title=\"IMG_20151202_145236\" href=\"http:\/\/www.flickr.com\/photos\/100872287@N06\/22982810934\"><img decoding=\"async\" class=\"alignnone \" src=\"https:\/\/farm6.staticflickr.com\/5628\/22982810934_343bd14932.jpg\" alt=\"IMG_20151202_145236\" \/><\/a><\/p>\n<p>Ce double mouvement d&rsquo;obligation de contr\u00f4le sur ce\u00a0qu&rsquo;on nous a enlev\u00e9; d&rsquo;injonction d&rsquo;exercer un contr\u00f4le alors qu&rsquo;on est priv\u00e9s de tout pouvoir, envahit l&rsquo;ensemble de la vie personnelle, sociale et publique de ceux qui d\u00e8s lors deviennent des pr\u00e9caires.<\/p>\n<p><em><strong>Le ch\u00f4meur n&rsquo;est il pas tenu responsable d&rsquo;une employabilit\u00e9 qui lui a fait d\u00e9faut et\u00a0dont il est manifestement priv\u00e9?<\/strong><\/em><\/p>\n<p><em><strong>Le pauvre n&rsquo;est il pas contraint de tenir un budget impossible<\/strong> <\/em>s&rsquo;exposant \u00e0 la critique, au rejet et au risque d&rsquo;exclusions au premier choix budg\u00e9taire qu&rsquo;il fera?<\/p>\n<p><strong>De m\u00eame,\u00a0\u00a0l&rsquo;irruption, puis l&rsquo;\u00e9volution de la parentalit\u00e9 depuis la fin du XX\u00e8me si\u00e8cle<\/strong> \u00a0consiste en ceci qu&rsquo;une pressions de plus en plus forte, voire coercitive s&rsquo;amasse au dessus des parents pour contr\u00f4ler des enfants qui de plus en plus leur \u00e9chappent.<\/p>\n<p><span style=\"color: #ff0000\">Allons plus loin et regardons comment le travailleur social lui m\u00eame est pris dans la m\u00eame toile et tenu par la m\u00eame cha\u00eene.<\/span> N&rsquo;est il pas lui aussi devenu comptable du tout de son activit\u00e9? N&rsquo;est-il pas cens\u00e9 la contr\u00f4ler par le projet, par l&rsquo;\u00e9valuation, par des contrats et des objectifs? \u00a0Et au m\u00eame moment que voyons nous du point de vue de son pouvoir d&rsquo;agir? O\u00f9 sont ses moyens? O\u00f9 est sa libert\u00e9 qui lui permettrait d&rsquo;exercer une telle ma\u00eetrise? On la lui retire. Et c&rsquo;est ce double mouvement qui cause son d\u00e9sarroi et sa souffrance institutionnelle et professionnelle.<\/p>\n<p>Tous les espaces de la vie v\u00e9rifient malheureusement cette double contrainte. Le consommateur avis\u00e9, \u00ab\u00a0le consomm&rsquo;acteur\u00a0\u00bb tant \u00e0 la mode n&rsquo;est-il pas exhort\u00e9 \u00e0 contr\u00f4ler ce qui&rsquo;l mange, ce qu&rsquo;il consomme, ce qu&rsquo;il absorbe? \u00a0Et ce ph\u00e9nom\u00e8ne que nous vivons et qui tend \u00e0 devenir une norme, chacun se d\u00e9finissant et s&rsquo;\u00e9loignant des autres, par ses choix alimentaires n&rsquo; a t il pas trouv\u00e9 sa source dans l&rsquo;exclusion de tout moyen de produire, par soi m\u00eame, sa propre alimentation?<\/p>\n<p><em>Au fur et \u00e0 mesure que le consommateur perd le contr\u00f4le, le pouvoir de produire ce qu&rsquo;il consomme et m\u00eame et surtout le pouvoir de peser sur l&rsquo;\u00e9conomie qui l&rsquo;environne, le voici somm\u00e9 de se porter responsable et gestionnaire de ce qui lui \u00e9chappe.<\/em><\/p>\n<p><strong><span style=\"color: #ff0000\">La souffrance politique, la douleur sociale r\u00e9sident dans une impuissance non reconnue, non assum\u00e9e;<\/span> <\/strong>celle dont on ne peut pas \u00a0se plaindre puisqu&rsquo;on en serait \u00ab\u00a0responsables\u00a0\u00bb. Il ne faut pas s&rsquo;\u00e9tonner d\u00e8s lors que ce pouvoir d&rsquo;agir qui nous a \u00e9t\u00e9 retir\u00e9s ne nous revienne sous forme de d\u00e9sir de d\u00e9truire ce qui n&rsquo;a pas de solution.<\/p>\n<p><strong><span style=\"color: #3366ff\">Nous ne pouvons pas \u00eatre le Tout de nos vies<\/span><\/strong>; nous ne pouvons pas tout contr\u00f4ler. Le social commence toujours par une d\u00e9pendance accept\u00e9e, n\u00e9cessaire et heureuse. L&rsquo;injonction \u00e0 l&rsquo;entrepreneuriat de nous m\u00eame qui we termine toujours par cette \u00ab\u00a0responsabilisation\u00a0\u00bb vise toujours \u00e0 nous renfermer et \u00e0 nous faire perdre tout contr\u00f4le v\u00e9ritable, non pas\u00a0sur nos vies, mais seul le Social, le politique, l&rsquo;institution.<\/p>\n<p>En P\u00e9dagogie sociale, on explore une autre voie qui passe par l&rsquo;interd\u00e9pendance et la conqu\u00eate non pas du contr\u00f4le , mais de la puissance sur ce qui nous entoure. C&rsquo;est la voix du terrain, la reconqu\u00eate du pouvoir de produire du social.<\/p>\n<p>Jusqu&rsquo;ici on a tenu la souffrance g\u00e9n\u00e9r\u00e9e par ce processus de double contrainte (commandement au contr\u00f4le, privation de tout \u00a0pouvoir) pour n\u00e9gligeable. Aujourd&rsquo;hui elle est en passe de tout envahir et d\u00e9truire. Qu&rsquo;il y ait ou non un pilote pour appuyer sur le frein, le train s&rsquo;arr\u00eatera quand m\u00eame, mais il y aura du d\u00e9g\u00e2t.<\/p>\n<p><span style=\"color: #ff0000\"><strong>Samedi 5 d\u00e9cembre 2015 \u00e0 la Villa Saint Martin<\/strong><\/span><\/p>\n<p><strong>Le beau temps est avec nous aujourd&rsquo;hui, et malgr\u00e9 la fraicheur, nous d\u00e9cidons de ne pas sortir les tentes.<\/strong> Marie et Sebastien sont aux fourneaux, et avec un groupe d&rsquo;enfant, confectionne 2 g\u00e2teaux chocolat-speculos. On cherche diff\u00e9rentes techniques pour r\u00e9duire les speculos en poudre: on les \u00e9cras\u00e9s a la cuill\u00e9re, on tape dessus avec plusieurs ustensils. Finalement Sebastien les rassemble dans un torchon pour aller les frapper contre un pauvre arbre qui n&rsquo;avait rien demand\u00e9.<\/p>\n<p><a title=\"DSCN0020\" href=\"http:\/\/www.flickr.com\/photos\/100872287@N06\/23584462136\"><img decoding=\"async\" class=\"alignnone \" src=\"https:\/\/farm1.staticflickr.com\/578\/23584462136_5e008d24fa.jpg\" alt=\"DSCN0020\" \/><\/a><\/p>\n<p>Une fois la cuisson lanc\u00e9, ils rejoignent le groupe de sportifs qui jouent au foot de l&rsquo;autre cot\u00e9 du terrain. Pendant ce temps, sur les tables on colorie, et on r\u00e9sout des labyrinthe apport\u00e9 par Sana, et on en dessine m\u00eame d&rsquo;autre, Imene est consacr\u00e9 championne toute cat\u00e9gorie de labyrinthe. Elle r\u00e9ussi a tous les finir en moins de 10 minutes ! Sur les tapis on empile des Kapla, avec des projets digne des plus grands architecte, faire la plus grande tour possible, une tour Eiffel comme sur la boite ( mais on n&rsquo;avait pas assez de brique), ou m\u00eame un pont.<\/p>\n<p>&nbsp;<\/p>\n<p><a title=\"DSCN0042\" href=\"http:\/\/www.flickr.com\/photos\/100872287@N06\/23501926142\"><img decoding=\"async\" class=\"alignnone \" src=\"https:\/\/farm1.staticflickr.com\/631\/23501926142_622d19991b.jpg\" alt=\"DSCN0042\" \/><\/a><\/p>\n<p><strong>La cuisson des g\u00e2teaux se termine et l&rsquo;heure du go\u00fbter arrive,<\/strong> on se rassemble pour le conseil de quartier. On parle un peu de la f\u00eate de l&rsquo;hiver qui approche, et de l&rsquo;atelier foot, qu&rsquo;on veut am\u00e9liorer. On liste les chansons que les enfants aiment \u00e9couter en ce moment, pour pr\u00e9parer la playlist de la f\u00eate. C&rsquo;est d\u00e9j\u00e0 l&rsquo;heure de d\u00e9guster le g\u00e2teau, et apr\u00e8s avoir rang\u00e9 le gouter, on se dit au revoir, et \u00e0 la semaine prochaine!<\/p>\n<p><span style=\"color: #ff0000\"><strong>Samedi 5 d\u00e9cembre \u00e0 Champlan<\/strong><\/span><\/p>\n<p><a title=\"DSCN0048\" href=\"http:\/\/www.flickr.com\/photos\/100872287@N06\/23610700415\"><img decoding=\"async\" class=\"alignnone \" src=\"https:\/\/farm6.staticflickr.com\/5763\/23610700415_ffde329723.jpg\" alt=\"DSCN0048\" \/><\/a><\/p>\n<p>Aujourd&rsquo;hui, Laura, Ana, Elise, Estelle et moi (Le\u00efla), nous sommes all\u00e9es \u00e0 Champlan. Il faisait tr\u00e8s froid aujourd&rsquo;hui! Nous avons commenc\u00e9 par faire des coloriages No\u00ebl et des scoubidous. Les enfants \u00e9taient calmes et ont ador\u00e9 ces activit\u00e9s! Pour les scoubidous, nous leurs avons montrer comment faire, puis nous avons fait avec eux pour qu&rsquo;ensuite ils puissent continuer tout seuls. Certains ont m\u00eame dit qu&rsquo;ils allaient les ramener \u00e0 l&rsquo;\u00e9cole pour les montrer \u00e0 leurs copains. Nous avons pass\u00e9 un tr\u00e8s bon moment, qui nous a permis de nous rapprocher des enfants.<\/p>\n<p><span style=\"color: #3366ff\"><strong>De son c\u00f4t\u00e9, Estelle s&rsquo;est mise sur les tapis avec des petits,<\/strong><\/span> qui se sont amus\u00e9s \u00e0 lui sauter dessus, ce qui \u00e9tait tr\u00e8s dr\u00f4le! Ils ont aussi pu faire des coloriages! Ce fut un moment fort!<\/p>\n<p><a title=\"DSCN0065\" href=\"http:\/\/www.flickr.com\/photos\/100872287@N06\/22983648973\"><img decoding=\"async\" class=\"alignnone \" src=\"https:\/\/farm6.staticflickr.com\/5825\/22983648973_5a6a0a7acc.jpg\" alt=\"DSCN0065\" \/><\/a><\/p>\n<p><span style=\"color: #000000\"><a style=\"color: #000000\" title=\"DSCN0065\" href=\"http:\/\/www.flickr.com\/photos\/100872287@N06\/22983648973\">Puis il a commenc\u00e9 \u00e0 faire vraiment froid, nous avons donc d\u00e9cid\u00e9 de faire des jeux qui bougent pour nous r\u00e9chauffer! Les enfants ont vot\u00e9 \u00e0 l&rsquo;hunanimit\u00e9 pour un chat! Et c&rsquo;est parti! Chacun a pu \u00eatre le chat et courir apr\u00e8s tout le monde! Ensuite nous avons jou\u00e9 au facteur, les enfants aiment courir apr\u00e8s les adultes! Surtout Estelle :)!<\/a><\/span><\/p>\n<p><a title=\"DSCN0073\" href=\"http:\/\/www.flickr.com\/photos\/100872287@N06\/22982501014\"><img decoding=\"async\" class=\"alignnone \" src=\"https:\/\/farm6.staticflickr.com\/5803\/22982501014_6064167b4c.jpg\" alt=\"DSCN0073\" \/><\/a><br \/>\nNous avons termin\u00e9 cet apr\u00e8s-midi par un bon go\u00fbter avec du chocolat chaud bien m\u00e9rit\u00e9!<br \/>\nA bient\u00f4t!<\/p>\n<p><strong><span style=\"color: #ff0000\">Samedi 05 d\u00e9cembre 2015 \u00e0 l&rsquo;hotel Formule 1<\/span><\/strong><\/p>\n<p><strong>Aujourd\u2019hui nous avons commenc\u00e9 un nouvel atelier pour les gens qui vivent \u00e0 l\u2019h\u00f4tel social, Formule 1 de Chilly,<\/strong> Kenzy et Audrey de la MJC ainsi que Nicolae et Fatimata de Intermedes Robinson \u00e9tions au Formule 1 de Chilly Mazarin.<\/p>\n<p><img decoding=\"async\" class=\"alignnone \" src=\"https:\/\/farm1.staticflickr.com\/628\/23314706870_0d301d9dc9.jpg\" alt=\"20151205_153437\" \/><\/p>\n<p><span style=\"color: #ff0000\">Pour ce premier contact, nous \u00e9tions accompagn\u00e9 par Anick et son amie, q<\/span>ui venaient de la paroisse pour essayer de faire un bilan de la situation et tenter de savoir comment elles pourraient participer conjointement \u00e0 nos ateliers.<\/p>\n<p><strong>Nous avions pr\u00e9vu notre arriv\u00e9e avec le g\u00e9rant de l\u2019h\u00f4tel,<\/strong> et annonc\u00e9 l\u2019atelier aux r\u00e9sidents quelques jours auparavant. Nous avons install\u00e9 notre mat\u00e9riel, les tapis, les jeux, les jouets etc\u2026 sur le parking arri\u00e8re de l\u2019h\u00f4tel, afin d\u2019\u00eatre dans un espace r\u00e9serv\u00e9 et prot\u00e9g\u00e9 de la circulation.<\/p>\n<p><span style=\"color: #ff0000\"><strong>Cinq familles ont rejoint notre atelier,<\/strong><\/span> Mariam et ses deux enfants (Aminata et Barou-Oumar), Ir\u00e8ne et ses deux enfants (Michelle et Lenox), Oumou et deux de ses trois enfants (Famoussa et Aminata), Mod\u00e9dlie et son fils Nedved, ainsi que deux fr\u00e8res qui sont venus sans leurs parents, Glenis et Gersi Elvira.<\/p>\n<p><span style=\"color: #3366ff\">Le premier contact a \u00e9t\u00e9 facilit\u00e9 avec le ballon rond<\/span>, qui a occup\u00e9 les 30 premi\u00e8re minutes, o\u00f9 nous avons pu nous pr\u00e9senter et apprendre les pr\u00e9noms des enfants en m\u00eame temps que nous jouions, et proposant une construction d\u2019actions plus collectives apr\u00e8s une s\u00e9ance de tir au but, pour passer \u00e0 une dimension de groupe.<\/p>\n<p><span style=\"color: #ff00ff\">Ensuite nous avons \u00e9t\u00e9 rejoints par les mamans, les enfants plus jeunes et les filles, qui ont investis les tapis de jeu,<\/span> ont commenc\u00e9 a construire avec les Kapla et les dinettes. Tous les enfants se sont regroup\u00e9s ensuite sur les tapis pour dessiner, faire des constructions ou jouer \u00e0 Lali Gali.<\/p>\n<p>&nbsp;<\/p>\n<p><a title=\"20151205_153856\" href=\"http:\/\/www.flickr.com\/photos\/100872287@N06\/22983331893\"><img decoding=\"async\" class=\"alignnone \" src=\"https:\/\/farm6.staticflickr.com\/5764\/22983331893_bce26bbd27.jpg\" alt=\"20151205_153856\" \/><\/a><\/p>\n<p><em>Les mamans sont rest\u00e9es malgr\u00e9 le froid, pour participer \u00e0 l\u2019animation, donner des informations pour nous permettre de nous rendre compte de la situation des familles, tant alimentaire que vestimentaire, scolaire et de transport.<\/em><\/p>\n<p>Le th\u00e9 et le chocolat chaud nous a permis de lutter contre le froid, et de rendre le moment plus conviviale.<\/p>\n<p><a title=\"20151205_161646\" href=\"http:\/\/www.flickr.com\/photos\/100872287@N06\/22983306833\"><img decoding=\"async\" class=\"alignnone \" src=\"https:\/\/farm1.staticflickr.com\/594\/22983306833_ed7030f582.jpg\" alt=\"20151205_161646\" \/><\/a><\/p>\n<p>Le go\u00fbter \u00e9tait tr\u00e8s sympathique, les enfants ont pris en charge la distribution des tartines et des boissons chaudes, nous avons fait un point tous ensemble, et ils \u00e9taient tr\u00e8s emball\u00e9s par ce premier atelier et avaient de nombreuses id\u00e9es de jeux qu\u2019ils souhaiteraient faire ensemble lors de prochaines s\u00e9ances. Seul le froid et le vent ont \u00e9t\u00e9 les points \u00ab\u00a0n\u00e9gatifs\u00a0\u00bb.<\/p>\n<p><a title=\"20151205_162945\" href=\"http:\/\/www.flickr.com\/photos\/100872287@N06\/23501764312\"><img decoding=\"async\" class=\"alignnone \" src=\"https:\/\/farm6.staticflickr.com\/5663\/23501764312_0472e1d3f0.jpg\" alt=\"20151205_162945\" \/><\/a><\/p>\n<p><em>En tout cas, les mamans et les enfants ont promis de pr\u00e9venir les autres familles pour la prochaine rencontre, et un maximum d\u2019entre eux vont tenter de venir \u00e0 notre f\u00eate de fin d\u2019ann\u00e9e.<\/em> Nous avons appr\u00e9ci\u00e9 autant que les familles ce premier atelier\u00a0avec des jeunes enfants tr\u00e8s demandeurs.<\/p>\n<p><strong><span style=\"color: #ff0000\">Vendredi 04 d\u00e9cembre 2015, \u00e0 la rocade !<\/span><\/strong><\/p>\n<p>Personnes pr\u00e9sentes\u00a0: Abdel, Laura, S\u00e9bastian, Sana, Ana, Estelle, S\u00e9bastien, Badr et Elise.<\/p>\n<p><span style=\"color: #ff00ff\">Nous sommes arriv\u00e9s pour la permanence vers 14h30, une dizaine d\u2019enfants nous attendaient d\u00e9j\u00e0.<\/span><\/p>\n<p><a title=\"100_3739\" href=\"http:\/\/www.flickr.com\/photos\/100872287@N06\/22983684373\"><img decoding=\"async\" class=\"alignnone \" src=\"https:\/\/farm1.staticflickr.com\/762\/22983684373_9573a55fb4.jpg\" alt=\"100_3739\" \/><\/a><\/p>\n<p>Laura et Ana ont pu commencer leur atelier cuisine notamment gr\u00e2ce aux nombreuses mamans qui se sont investies. L\u2019atelier petite enfance, dirig\u00e9 par Fatimata, a \u00e9galement tr\u00e8s rapidement attir\u00e9 quelques enfants.<\/p>\n<p><a title=\"100_3762\" href=\"http:\/\/www.flickr.com\/photos\/100872287@N06\/23242813219\"><img decoding=\"async\" class=\"alignnone \" src=\"https:\/\/farm6.staticflickr.com\/5648\/23242813219_a54ffaae1e.jpg\" alt=\"100_3762\" \/><\/a><\/p>\n<p><a title=\"100_3779\" href=\"http:\/\/www.flickr.com\/photos\/100872287@N06\/23584649376\"><span style=\"color: #000000\">Aux alentours de 16h30, la deuxi\u00e8me partie de l\u2019\u00e9quipe a rejoint le site de la Rocade, tr\u00e8s vite Elise s\u2019est occup\u00e9e de l\u2019atelier petite enfance pendant que Badr, Sana et S\u00e9bastien ont anim\u00e9 l\u2019atelier peinture qui a attir\u00e9 une douzaine d\u2019enfants.<\/span><img decoding=\"async\" class=\"alignnone \" src=\"https:\/\/farm6.staticflickr.com\/5768\/23584649376_54d37036e3.jpg\" alt=\"100_3779\" \/><\/a><\/p>\n<p><a title=\"100_3790\" href=\"http:\/\/www.flickr.com\/photos\/100872287@N06\/23610716935\"><strong><span style=\"color: #ff00ff\">Une petite activit\u00e9 de boxe a \u00e9t\u00e9 mise en place par Sebastian et Estelle. Les enfants s\u2019y sont bien amus\u00e9s.<\/span><\/strong><img decoding=\"async\" class=\"alignnone \" src=\"https:\/\/farm6.staticflickr.com\/5709\/23610716935_1957a04871.jpg\" alt=\"100_3790\" \/><\/a><\/p>\n<p>Abdel, de son c\u00f4t\u00e9, faisait en sorte que les parents remplissent les questionnaires \u00e0 propos de l\u2019association dans le but de conserver l\u2019agr\u00e9ment Espace de Vie Sociale.<\/p>\n<p><strong>L\u2019heure du go\u00fbter est arriv\u00e9e avec un d\u00e9licieux beignet et un chocolat chaud que les enfants ont beaucoup appr\u00e9ci\u00e9\u00a0!!!!!!<\/strong><\/p>\n<p><a title=\"100_3804\" href=\"http:\/\/www.flickr.com\/photos\/100872287@N06\/23315034520\"><img decoding=\"async\" class=\"alignnone \" src=\"https:\/\/farm6.staticflickr.com\/5645\/23315034520_ce004fd526.jpg\" alt=\"100_3804\" \/><\/a><\/p>\n<p><strong><span style=\"color: #ff0000\">Jeudi 03 d\u00e9cembre 2015, au jardin <\/span><\/strong><\/p>\n<p>Une nouvelle journ\u00e9e commence, sous le ciel bleu de Saulx, o\u00f9 comme d\u2019habitude nous nous retrouvons tous avec le groupe des adultes au jardin. Un bel apr\u00e8s-midi \u00e0 l\u2019horizon car le soleil nous rend visite et il passe l\u2019apr\u00e8s-midi avec nous pour nous enchanter encore une fois avec ses rayons!<a title=\"WP_20151203_15_01_20_Pro\" href=\"http:\/\/www.flickr.com\/photos\/100872287@N06\/23528473701\"><img decoding=\"async\" class=\"alignnone \" src=\"https:\/\/farm6.staticflickr.com\/5635\/23528473701_1d27ebb413.jpg\" alt=\"WP_20151203_15_01_20_Pro\" \/><\/a><\/p>\n<p>Puis on essaye de d\u00e9marrer le motoculteur pour pouvoir retourner la terre et comme nous sommes des gens travailleurs, pendant qu\u2019on se donne du mal \u00e0 d\u00e9marrer le motoculteur, Jessica, \u00c9ric, Franck et Eddy\u00a0 retournent toute une parcelle avec les b\u00eaches .Alors l\u00e0 : Chapeau ! Vraiment !<\/p>\n<p><strong><span style=\"color: #ff0000\"> C\u2019est apr\u00e8s ce genre d&rsquo;\u00e9preuves qu\u2019on se rend compte que ceux qui sont avec nous ne sont pas l\u00e0 par hasard, de leur vraie implication au jardin ,<\/span><\/strong> dans la pr\u00e9parations des terrains , dans la pr\u00e9servation de l\u2019ambiance conviviale et surtout de leur int\u00e9r\u00eat pour la survie de l\u2019associations et enfin pour une bonne et belle r\u00e9colte comme celle de cet ann\u00e9e:\u00a0\u00a0<strong>2,625 tonnes des l\u00e9gumes, fruits, et miel, de nos jardin et ruches !!<\/strong><\/p>\n<p><a title=\"WP_20151203_16_11_00_Pro\" href=\"http:\/\/www.flickr.com\/photos\/100872287@N06\/22983807343\"><img decoding=\"async\" class=\"alignnone \" src=\"https:\/\/farm1.staticflickr.com\/655\/22983807343_fe51d0f105.jpg\" alt=\"WP_20151203_16_11_00_Pro\" \/><\/a><br \/>\nMerci a eux pour leur envie de s\u2019investir dans notre vie \u00e0 l\u2019association et au jardin car nous essayons de construire ensemble un endroit pour mieux vivre tous ensemble !<br \/>\nEnfin, une superbe journ\u00e9e s\u2019ach\u00e8ve avec plein d\u2019espoir, forte en \u00e9motions, et en humeur !<br \/>\nA bient\u00f4t !<\/p>\n<p><a title=\"WP_20151203_15_23_55_Pro\" href=\"http:\/\/www.flickr.com\/photos\/100872287@N06\/23528466491\"><img decoding=\"async\" class=\"alignnone \" src=\"https:\/\/farm6.staticflickr.com\/5695\/23528466491_d8c2851051.jpg\" alt=\"WP_20151203_15_23_55_Pro\" \/><\/a><\/p>\n<p><span style=\"color: #ff0000\"><strong>Jeudi 3 d\u00e9cembre 2015 \u00e0 Chilly Gare<\/strong><\/span><\/p>\n<p><a title=\"100_3713\" href=\"http:\/\/www.flickr.com\/photos\/100872287@N06\/23242970829\"><img decoding=\"async\" class=\"alignnone \" src=\"https:\/\/farm6.staticflickr.com\/5802\/23242970829_2c826008e1.jpg\" alt=\"100_3713\" \/><\/a><\/p>\n<p>Aujourd&rsquo;hui Laura, Victoria, Elise et Marie nous rendons au bidonville, les enfants sont \u00e0 l&rsquo;\u00e9cole dor\u00e9navant, et il ne reste les plus petits et leurs parents. <span style=\"color: #3366ff\">Nous d\u00e9cidons de cr\u00e9er un dazibao pour la grande f\u00eate d&rsquo;Intermedes (le Samedi 12 D\u00e9cembre) afin de pouvoir l&rsquo;afficher \u00e0 la Villa St Martin, les enfants et les parents nous aident<\/span>, nous profitons de ce moment pour parler avec eux, d&rsquo;entendre leurs \u00e9ventuelles demandes et de passer un moment autour d&rsquo;un caf\u00e9 chaud et de brioches faites maison.<\/p>\n<p><a title=\"100_3708\" href=\"http:\/\/www.flickr.com\/photos\/100872287@N06\/23315193930\"><img decoding=\"async\" class=\"alignnone \" src=\"https:\/\/farm6.staticflickr.com\/5694\/23315193930_84e5d428d1.jpg\" alt=\"100_3708\" \/><\/a><br \/>\nPour le dazibao, nous travaillons \u00e0 la bombe et au Posca pour avoir des couleurs vives et que notre affiche soit visible de tous. Nous sommes tous tr\u00e8s fiers du r\u00e9sultat !<\/p>\n<p><a title=\"100_3716\" href=\"http:\/\/www.flickr.com\/photos\/100872287@N06\/23528491661\"><img decoding=\"async\" class=\"alignnone \" src=\"https:\/\/farm1.staticflickr.com\/575\/23528491661_8950a2f301.jpg\" alt=\"100_3716\" \/><\/a><br \/>\n<strong>Ce temps sans atelier formel avec les enfants nous a permis de r\u00e9ellement discuter avec les parents,<\/strong> particuli\u00e8rement les mamans, et d&rsquo;identifier les besoins qu&rsquo;elles pourraient avoir, et surtout de partager du temps avec eux.<\/p>\n<p><a title=\"100_3723\" href=\"http:\/\/www.flickr.com\/photos\/100872287@N06\/23610875445\"><img decoding=\"async\" class=\"alignnone \" src=\"https:\/\/farm1.staticflickr.com\/729\/23610875445_648c156fbc.jpg\" alt=\"100_3723\" \/><\/a><br \/>\n<strong><span style=\"color: #ff00ff\">Nous racontons des histoires aux enfants, jouons avec eux avant de repartir au local.<\/span><\/strong><br \/>\n<strong><span style=\"color: #ff00ff\"> Nous faisons un petit d\u00e9tour \u00e0 Longjumeau afin d&rsquo;afficher notre \u0153uvre<\/span><\/strong>, et nous vous attendons tous, aussi nombreux \u00e0 la Salle Anne Franck le Samedi 12 D\u00e9cembre !<br \/>\nA bient\u00f4t !<\/p>\n<p><a title=\"100_3727\" href=\"http:\/\/www.flickr.com\/photos\/100872287@N06\/23528490641\"><img decoding=\"async\" class=\"alignnone \" src=\"https:\/\/farm6.staticflickr.com\/5656\/23528490641_e2984e585a.jpg\" alt=\"100_3727\" \/>*<\/a><\/p>\n<p><span style=\"color: #ff0000\"><strong>Jeudi 03 d\u00e9cembre 2015, au skate park,<\/strong> <\/span><\/p>\n<p>Personnes pr\u00e9sentes : Abdel (\u00e9ducateur sp\u00e9cialis\u00e9); Sebastien (stagiaire \u00e9ducateur sp\u00e9cialis\u00e9); Camille (stagiaire \u00e9ducateur sp\u00e9cialis\u00e9); Leila (stagiaire \u00e9ducateur sp\u00e9cialis\u00e9); Sana (service civique).<\/p>\n<p><a title=\"DSCN0014\" href=\"http:\/\/www.flickr.com\/photos\/100872287@N06\/23528434391\"><img decoding=\"async\" class=\"alignnone \" src=\"https:\/\/farm6.staticflickr.com\/5740\/23528434391_d44b5f060e.jpg\" alt=\"DSCN0014\" \/><\/a><\/p>\n<p><strong>Lorsque nous sommes arriv\u00e9s, les enfants sortaient des cours et nous avons install\u00e9 notre mat\u00e9riel et propos\u00e9 aux enfants les diff\u00e9rentes activit\u00e9s pr\u00e9par\u00e9es :<\/strong><\/p>\n<p>_ Leila a organis\u00e9 un atelier peinture, l&rsquo;atelier s&rsquo;est bien pass\u00e9, les enfants \u00e9taient investis et ont fait preuve d&rsquo;imagination<\/p>\n<p>_ Sebastien et Badr ont organis\u00e9 un atelier Foot, ils ont d&rsquo;abbord commenc\u00e9 avec deux enfants puis d&rsquo;autres (filles et gar\u00e7ons) les ont rejoinds au fur et \u00e0 mesure, au final c&rsquo;est une dizaine d&rsquo;enfants et le papa d&rsquo;un des enfants pr\u00e9sents qui les ont particip\u00e9. La pr\u00e9sence du p\u00e8re de famille s&rsquo;est av\u00e9r\u00e9e tr\u00e8s positive, elle a permis un meileur encadrement de l&rsquo;activit\u00e9. Les enfants se sont vraiment amus\u00e9s et ils ont m\u00eame demand\u00e9 que l&rsquo;on reffase l&rsquo;activit\u00e9 la prochaine fois,<\/p>\n<p><a title=\"DSCN0019\" href=\"http:\/\/www.flickr.com\/photos\/100872287@N06\/23315117660\"><img decoding=\"async\" class=\"alignnone \" src=\"https:\/\/farm1.staticflickr.com\/662\/23315117660_965b9fb13d.jpg\" alt=\"DSCN0019\" \/><\/a><\/p>\n<p>&nbsp;<\/p>\n<p>_ Camille et Sanna ont organis\u00e9 un atelier \u00ab\u00a0cr\u00e9ation de bijoux avec des perles\u00a0\u00bb, il y avait 5 enfants avec elles, l&rsquo;activit\u00e9 s&rsquo;est tr\u00e8s bien d\u00e9roul\u00e9e, les enfants ont pu exprimer leur esprit cr\u00e9atif et s&rsquo;amus\u00e9 en m\u00eame temps.<\/p>\n<p><a title=\"DSCN0021\" href=\"http:\/\/www.flickr.com\/photos\/100872287@N06\/22982616244\"><img decoding=\"async\" class=\"alignnone \" src=\"https:\/\/farm6.staticflickr.com\/5656\/22982616244_2a5f0ac497.jpg\" alt=\"DSCN0021\" \/><\/a><\/p>\n<p>Puis est venue l&rsquo;heure du go\u00fbter, une vingtaine d&rsquo;enfants plus des parents; un bon chocolat chaud et un gateau au chocolat ont \u00e9t\u00e9 distribu\u00e9s. Les enfants se sont r\u00e9gal\u00e9s et ils ont contribu\u00e9 au rangement.<\/p>\n<p><a title=\"DSCN0035\" href=\"http:\/\/www.flickr.com\/photos\/100872287@N06\/22982601054\"><img decoding=\"async\" class=\"alignnone \" src=\"https:\/\/farm6.staticflickr.com\/5788\/22982601054_dc647165ba.jpg\" alt=\"DSCN0035\" \/><\/a><\/p>\n<p><strong><span style=\"color: #ff0000\">Mercredi 2 d\u00e9cembre 2015 \u00e0 Saint Eloi<\/span><\/strong><\/p>\n<p>Aujourd&rsquo;hui, \u00c9lise, Sana, H\u00e9l\u00e8ne, Yann, Estelle et Camille (moi) sommes all\u00e9s \u00e0 St Eloi. Beaucoup d&rsquo;enfants \u00e9taient pr\u00e9sents, <span style=\"color: #3366ff\"><strong>nous \u00e9tions au moins 30 au go\u00fbter !<\/strong><\/span><\/p>\n<p><img decoding=\"async\" class=\"alignnone \" src=\"https:\/\/farm1.staticflickr.com\/569\/23315285140_af10e2d14c.jpg\" alt=\"IMG_20151202_152331\" \/><\/p>\n<p>Du coup on a pu faire pleins d&rsquo;activit\u00e9s :<br \/>\nLa peinture, avec le jeu de l&rsquo;oie, ou des dessins pour chez soi,<\/p>\n<p><a title=\"IMG_20151202_145625\" href=\"http:\/\/www.flickr.com\/photos\/100872287@N06\/23243070079\"><img decoding=\"async\" class=\"alignnone \" src=\"https:\/\/farm6.staticflickr.com\/5679\/23243070079_d4090e8ac8.jpg\" alt=\"IMG_20151202_145625\" \/><\/a><br \/>\nLes coloriages,<br \/>\nOn a fait un super match de foot,<br \/>\nDes m\u00e9gas tours en Kapplas,<\/p>\n<p><a title=\"IMG_20151202_145236\" href=\"http:\/\/www.flickr.com\/photos\/100872287@N06\/22982810934\"><img decoding=\"async\" class=\"alignnone \" src=\"https:\/\/farm6.staticflickr.com\/5628\/22982810934_343bd14932.jpg\" alt=\"IMG_20151202_145236\" \/><\/a><br \/>\nDu badminton,<br \/>\nLes grands jeux en bois comme le billard japonnais,<\/p>\n<p><a title=\"IMG_20151202_144838\" href=\"http:\/\/www.flickr.com\/photos\/100872287@N06\/23528599291\"><img decoding=\"async\" class=\"alignnone \" src=\"https:\/\/farm6.staticflickr.com\/5691\/23528599291_17a94347dd.jpg\" alt=\"IMG_20151202_144838\" \/><\/a><br \/>\nEt enfin, la petite enfance.<\/p>\n<p>Nous avons fini par un go\u00fbter bien mouvement\u00e9 au vu du nombre de personnes pr\u00e9sentes.<\/p>\n<p>C&rsquo;\u00e9tait super !!<\/p>\n<p>A la semaine prochaine !<\/p>\n<p><strong><span style=\"color: #ff0000\">Mercredi 02 d\u00e9cembre 2015, \u00e0 Wissous,<\/span> <\/strong><\/p>\n<p><strong>Abdel, Le\u00efla, Badr, Ana et moi-m\u00eame (S\u00e9bastien) sommes all\u00e9s au camp de Wissous. Comme d\u2019habitude, de nombreux enfants nous attendaient\u00a0!<\/strong> Ils \u00e9taient tr\u00e8s enthousiastes \u00e0 notre arriv\u00e9e et se sont tout de suite impliqu\u00e9s dans nos activit\u00e9s.<\/p>\n<p><a title=\"DSCN0004\" href=\"http:\/\/www.flickr.com\/photos\/100872287@N06\/23243041139\"><img decoding=\"async\" class=\"alignnone \" src=\"https:\/\/farm6.staticflickr.com\/5630\/23243041139_46f742a44c.jpg\" alt=\"DSCN0004\" \/><\/a><\/p>\n<p>Nous nous sommes r\u00e9partis en deux groupes\u00a0:<\/p>\n<p>Le premier, compos\u00e9 d\u2019Abdel et de Le\u00efla, a propos\u00e9 un atelier d\u2019\u00e9criture. Une dizaine d\u2019enfants \u00e9taient pr\u00e9sents, ils \u00e9taient tr\u00e8s motiv\u00e9s par l\u2019activit\u00e9 et ont pu continuer \u00e0 progresser au travers de leur cahier personnalis\u00e9.<strong><span style=\"color: #ff0000\"> De nouveaux enfants nous ont rejoints dans l\u2019activit\u00e9, preuve de l\u2019int\u00e9r\u00eat grandissant que celle-ci suscite<\/span><\/strong>. Cette activit\u00e9 permet aux enfants de s\u2019entre-aider et d\u00e9veloppe un esprit de coh\u00e9sion fort sympathique.<\/p>\n<p><a title=\"DSCN0008\" href=\"http:\/\/www.flickr.com\/photos\/100872287@N06\/23528544081\"><img decoding=\"async\" class=\"alignnone \" src=\"https:\/\/farm1.staticflickr.com\/625\/23528544081_381f44d54b.jpg\" alt=\"DSCN0008\" \/><\/a><\/p>\n<p>Le second groupe, compos\u00e9 cette fois-ci d\u2019 Ana, Badr et moi-m\u00eame, a emmen\u00e9 une partie des enfants (environ 10) faire un football sur le camp voisin, certains enfants et adultes du second camp ont particip\u00e9 et nous avons pass\u00e9 un super moment\u00a0! L\u2019ambiance \u00e9tait tr\u00e8s joviale\u00a0! Tout le camp s\u2019est impliqu\u00e9 que soit en tant que spectateur, joueur ou commentateur. Les personnes pr\u00e9sentes se sont impr\u00e9gn\u00e9es du moment et se le sont appropri\u00e9.<\/p>\n<p><a title=\"DSC_0196\" href=\"http:\/\/www.flickr.com\/photos\/100872287@N06\/23243047459\"><img decoding=\"async\" class=\"alignnone \" src=\"https:\/\/farm1.staticflickr.com\/655\/23243047459_ec728e6de6.jpg\" alt=\"DSC_0196\" \/><\/a><\/p>\n<p><a title=\"DSC_0199\" href=\"http:\/\/www.flickr.com\/photos\/100872287@N06\/23584879336\"><img decoding=\"async\" class=\"alignnone \" src=\"https:\/\/farm1.staticflickr.com\/654\/23584879336_9486d7dccb.jpg\" alt=\"DSC_0199\" \/><\/a><\/p>\n<p><strong><span style=\"color: #3366ff\">Nous sommes ensuite tous retourn\u00e9s au premier camp afin d\u2019y d\u00e9guster un d\u00e9licieux go\u00fbter confectionn\u00e9 par Laura\u00a0: un Cozonac et du chocolat chaud\u00a0!<\/span><\/strong><\/p>\n<p>Ce f\u00fbt un super apr\u00e8s-midi\u00a0!<\/p>\n<p><strong><span style=\"color: #ff0000\">Mercredi 2 d\u00e9cembre 2015 au jardin<\/span><\/strong><\/p>\n<p>Un peu froid, cet apr\u00e8s-midi mais rien nous emp\u00eache de venir avec les enfants au jardin pour une petite s\u00e9ance de jardinage !<\/p>\n<p><a title=\"100_3688\" href=\"http:\/\/www.flickr.com\/photos\/100872287@N06\/23528613041\"><img decoding=\"async\" class=\"alignnone \" src=\"https:\/\/farm6.staticflickr.com\/5781\/23528613041_0efc7d4da8.jpg\" alt=\"100_3688\" \/><\/a><br \/>\nAvec le camion rempli d&rsquo;enfants, nous partons \u00e0 l\u2019aventure avec les petits Robinson au jardin pour d\u00e9couvrir le jardin et ses secrets puis travailler un peu la terre, pr\u00e9parer le terrain pour les prochaines plantations de l\u2019ann\u00e9e \u00e0 venir.<\/p>\n<p><a title=\"100_3690\" href=\"http:\/\/www.flickr.com\/photos\/100872287@N06\/22983962443\"><img decoding=\"async\" class=\"alignnone \" src=\"https:\/\/farm1.staticflickr.com\/761\/22983962443_eda2f7401e.jpg\" alt=\"100_3690\" \/><\/a><\/p>\n<p><em><span style=\"color: #ff00ff\">Les enfants sont charg\u00e9s d\u2019\u00e9nergie , de force , d\u2019enthousiasme et puis comme \u00e7a fait un moment qu&rsquo;ils ne sont pas venus au jardin \u00e7a leur a fait du bien de revoir le jardin et surtout d\u2019\u00eatre l\u00e0 avec nous !<\/span><\/em><\/p>\n<p><em><span style=\"color: #ff00ff\"><a style=\"color: #ff00ff\" title=\"100_3698\" href=\"http:\/\/www.flickr.com\/photos\/100872287@N06\/23502438122\"><img decoding=\"async\" class=\"alignnone \" src=\"https:\/\/farm1.staticflickr.com\/737\/23502438122_8598308db1.jpg\" alt=\"100_3698\" \/><\/a><\/span><\/em><br \/>\n<em><span style=\"color: #ff00ff\"> Vite nous arrivons \u00e0 retourner une parcelle et \u00e0 commencer une deuxi\u00e8me car ils \u00e9taient trop fiers de leur travail.<\/span><\/em><\/p>\n<p><a title=\"100_3701\" href=\"http:\/\/www.flickr.com\/photos\/100872287@N06\/23315313930\"><img decoding=\"async\" class=\"alignnone \" src=\"https:\/\/farm6.staticflickr.com\/5798\/23315313930_23d461ce2b.jpg\" alt=\"100_3701\" \/><\/a><br \/>\n<strong>Enfin, nous les remercions pour leur force, et leur envie de s\u2019impliquer dans la vie au jardin pour le rendre plus beau avec leurs petits sourires, et nous partageons maintenant le go\u00fbter bien m\u00e9rit\u00e9 !<\/strong><\/p>\n<p><strong><a title=\"100_3703\" href=\"http:\/\/www.flickr.com\/photos\/100872287@N06\/23584927666\"><img decoding=\"async\" class=\"alignnone \" src=\"https:\/\/farm6.staticflickr.com\/5729\/23584927666_2503019ce0.jpg\" alt=\"100_3703\" \/><\/a><\/strong><br \/>\n<strong> A plus !<\/strong><\/p>\n","protected":false},"excerpt":{"rendered":"<p>La v\u00e9ritable pr\u00e9carit\u00e9, la v\u00e9ritable souffrance sociale, ce n&rsquo;est\u00a0pas quand on manque; ce n&rsquo;est pas quand on a peu. Ce n&rsquo;est m\u00eame pas quand on est priv\u00e9s ou m\u00eame isol\u00e9s. Celle qui litt\u00e9ralement rend fou, disqualifie, embourbe est\u00a0d&rsquo;une autre nature. Elle r\u00e9side dans un double mouvement compl\u00e9mentaire; le premier nous enjoint de tout contr\u00f4ler, de &hellip; <a href=\"https:\/\/recherche-action.fr\/intermedes\/2015\/12\/05\/douleur-politique\/\" class=\"more-link\">Continuer la lecture<span class=\"screen-reader-text\"> de &laquo;&nbsp;Douleur politique&nbsp;&raquo;<\/span><\/a><\/p>\n","protected":false},"author":1,"featured_media":0,"comment_status":"open","ping_status":"open","sticky":false,"template":"","format":"standard","meta":{"footnotes":""},"categories":[1],"tags":[],"class_list":["post-5209","post","type-post","status-publish","format-standard","hentry","category-non-classe"],"jetpack_featured_media_url":"","_links":{"self":[{"href":"https:\/\/recherche-action.fr\/intermedes\/wp-json\/wp\/v2\/posts\/5209","targetHints":{"allow":["GET"]}}],"collection":[{"href":"https:\/\/recherche-action.fr\/intermedes\/wp-json\/wp\/v2\/posts"}],"about":[{"href":"https:\/\/recherche-action.fr\/intermedes\/wp-json\/wp\/v2\/types\/post"}],"author":[{"embeddable":true,"href":"https:\/\/recherche-action.fr\/intermedes\/wp-json\/wp\/v2\/users\/1"}],"replies":[{"embeddable":true,"href":"https:\/\/recherche-action.fr\/intermedes\/wp-json\/wp\/v2\/comments?post=5209"}],"version-history":[{"count":0,"href":"https:\/\/recherche-action.fr\/intermedes\/wp-json\/wp\/v2\/posts\/5209\/revisions"}],"wp:attachment":[{"href":"https:\/\/recherche-action.fr\/intermedes\/wp-json\/wp\/v2\/media?parent=5209"}],"wp:term":[{"taxonomy":"category","embeddable":true,"href":"https:\/\/recherche-action.fr\/intermedes\/wp-json\/wp\/v2\/categories?post=5209"},{"taxonomy":"post_tag","embeddable":true,"href":"https:\/\/recherche-action.fr\/intermedes\/wp-json\/wp\/v2\/tags?post=5209"}],"curies":[{"name":"wp","href":"https:\/\/api.w.org\/{rel}","templated":true}]}}