{"id":5222,"date":"2015-12-12T12:23:43","date_gmt":"2015-12-12T11:23:43","guid":{"rendered":"http:\/\/recherche-action.fr\/intermedes\/?p=5222"},"modified":"2015-12-12T12:23:43","modified_gmt":"2015-12-12T11:23:43","slug":"avoir-ou-devenir-un-probleme-social","status":"publish","type":"post","link":"https:\/\/recherche-action.fr\/intermedes\/2015\/12\/12\/avoir-ou-devenir-un-probleme-social\/","title":{"rendered":"Avoir ou devenir un probl\u00e8me social"},"content":{"rendered":"<p><em><strong>Les pauvres, nos ennemis<\/strong><\/em><\/p>\n<p>Josiane Reymond, p\u00e9dagogue sociale, et fondatrice de l&rsquo;association Terrain d&rsquo;Entente (en P\u00e9dagogie Sociale, \u00e0 Saint &#8211; Etienne) a \u00e9crit une r\u00e9flexion forte sur le titre : <a href=\"http:\/\/www.reseauxcitoyens-st-etienne.org\/article.php3?id_article=3160\" target=\"_blank\">\u00a0\u00bb Ces pauvres qui deviennent peu \u00e0 peu les ennemis des services sociaux\u00a0\u00bb<\/a>.<\/p>\n<p>&nbsp;<\/p>\n<p><a title=\"DSCN0114\" href=\"http:\/\/www.flickr.com\/photos\/100872287@N06\/23808856045\"><img decoding=\"async\" class=\"alignnone \" src=\"https:\/\/farm6.staticflickr.com\/5676\/23808856045_48658229ff.jpg\" alt=\"DSCN0114\" \/><\/a><\/p>\n<p><strong>Elle y d\u00e9veloppe l&rsquo;id\u00e9e comment l&rsquo;impuissance du Travailleur Social actuel,<\/strong> pousse inexorablement\u00a0\u00a0ses acteurs \u00e0 s&rsquo;opposer \u00a0et \u00e0 prendre progressivement en grippe les pauvres et pr\u00e9caires\u00a0pour qui ils ne peuvent plus rien faire.<\/p>\n<p>Elle exprime \u00e0 ce sujet comment ce processus repose sur une inversion extraordinaire: le probl\u00e8me<strong>,<\/strong> <strong>les probl\u00e8mes amen\u00e9s par les personnes qui les subissent font que c&rsquo;est\u00a0la victime elle m\u00eame qui devient le probl\u00e8me.<\/strong><\/p>\n<p>Le secteur\u00a0Social \u00e9volue ainsi, au travers de ses pratiques, <strong><span style=\"color: #ff0000\">qu&rsquo;il identifie de plus en plus les pauvres comme des probl\u00e8mes<\/span><\/strong> au fur et \u00e0 mesure qu&rsquo;il s&rsquo;enfonce dans l&rsquo;impuissance \u00e0 agir sur les processus d&rsquo;exclusion, de discrimination et de pr\u00e9carisation;<\/p>\n<p><strong><span style=\"color: #3366ff\">Le manque d&rsquo;outillages, de possibilit\u00e9s d&rsquo;agir sur les racines et les causes<\/span><\/strong> des ph\u00e9nom\u00e8nes de destruction des liens sociaux , <strong>am\u00e8ne les acteurs du lien social \u00e0 identifier les publics aux probl\u00e8mes \u00e0 \u00e9liminer.<\/strong> D\u00e8s lors, la p\u00e9nalisation des victimes est en marche et prendra la forme de \u00ab\u00a0contrats rompus\u00a0\u00bb de \u00ab\u00a0conditions non remplies\u00a0\u00bb, d&rsquo;exclusion des dispositifs ou de simple renvoi vers un monde ext\u00e9rieur o\u00f9 on ne met plus les pieds.<\/p>\n<p>Il faut bien comprendre cette <span style=\"color: #ff0000\"><strong>sourde relation \u00a0entre l&rsquo;impuissance<\/strong><\/span> o\u00f9 sont rendus les professionnels sociaux par le cours de leurs propres institutions et la tendance \u00a0\u00e0 la mise en distance, au refus de prendre en compte <span style=\"color: #ff0000\"><strong>ou carr\u00e9ment au renvoi et \u00e0 la r\u00e9pression des publics qui signent cet \u00e9chec.<\/strong><\/span><\/p>\n<p><em><strong>Une machine \u00e0 produire les pr\u00e9caires<\/strong><\/em><\/p>\n<p>C&rsquo;est \u00e0 partir d&rsquo;un tel processus que ceux qui n&rsquo;\u00e9taient auparavant que des pauvres (au sens de manque de ressources ou d&rsquo;acc\u00e8s aux ressources) <em><strong>sont progressivement construits et produits par le traitement institutionnel lui m\u00eame comme des pr\u00e9caires<\/strong> <\/em>qui s&rsquo;isolent, se replient sur eux m\u00eames, se renferment \u00a0sous le coup d&rsquo;une telle exp\u00e9rience.<\/p>\n<p>Cr que l&rsquo;on d\u00e9nonce trop souvent comme des politiques ou pratiques d&rsquo;assistanat regroupe dans la r\u00e9alit\u00e9 des dispositifs qui fourmillent tellement de \u00a0trappes, d&rsquo;interruptions, de limitations et de fragilit\u00e9s <span style=\"color: #ff0000\">qu&rsquo;ils aboutissent \u00e0 cr\u00e9er une relation inqui\u00e8te avec les institutions<\/span>. \u00a0La d\u00e9fiance et la peur sont de mise dans la relation entre les publics marginalis\u00e9s et les structures qui devraient leur venir en aide. <span style=\"color: #ff0000\">Le soup\u00e7on du professionnel nourrit la m\u00e9fiance de l&rsquo;usager.<\/span><\/p>\n<p>La rupture de droits, d&rsquo;acc\u00e8s ou de dispositifs entretient l&rsquo;illusion que le enfants, jeunes, familles trouveraient par elles m\u00eames des ressources dans un ailleurs qu&rsquo;on se garde bien d&rsquo;aller voir.<\/p>\n<p>La multiplication de ces ruptures am\u00e8ne progressivement <span style=\"text-decoration: underline\">deux cons\u00e9quence diff\u00e9rentes chez les professionnels<\/span> et les usagers:<\/p>\n<ul>\n<li>les professionnels minimisent les probl\u00e9matiques sociales qu&rsquo;on leur pr\u00e9sente \u00e0 travers des postures acquises de d\u00e9fiance et d&rsquo;insensibilisation<\/li>\n<li>Les pr\u00e9caires \u00a0perdent confiance dans les instances et finissent par ne m\u00eame plus r\u00e9clamer. <strong>Ils s&rsquo;auto-excluent eux m\u00eames des possibilit\u00e9s de prise en compte de l&rsquo;\u00e9tendue et\u00a0de l&rsquo;aggravation de leur r\u00e9alit\u00e9.<\/strong> Telle m\u00e8re refuse de confier les papiers n\u00e9cessaires \u00e0 \u00a0une association qui se propose de faire pression sur la Mairie pour scolariser ses enfants, au motif qu&rsquo;un essai pr\u00e9c\u00e9dent infructueux \u00ab\u00a0l&rsquo;a d\u00e9gout\u00e9e\u00a0\u00bb. Tant d&rsquo;autres refusent de t\u00e9moigner et de se plaindre.<\/li>\n<\/ul>\n<p><em><strong>Destruction du lien social<\/strong><\/em><\/p>\n<p><span style=\"color: #ff0000\">Le prix \u00e0 payer pour la\u00a0soci\u00e9t\u00e9 d&rsquo;un tel processus est immense;<\/span> il est exorbitant. Il devient urgent de changer de cap\u00a0 Quelles institutions\u00a0peuvent en effet se permettre que ses\u00a0professionnels \u00e9ducatifs et sociaux se coupent de la compr\u00e9hension du Monde et de l&rsquo;actualit\u00e9 qu&rsquo;ils sont cens\u00e9s modifier?<\/p>\n<p>Quelle soci\u00e9t\u00e9 peut accepter sa propre atomisation, la\u00a0dissociation de groupe et\u00a0individus, \u00a0et m\u00eame les\u00a0ph\u00e9nom\u00e8nes de s\u00e9cession auxquels on assiste actuellement et qu&rsquo;on d\u00e9plore avec abondance, par ailleurs?<\/p>\n<p><em><strong>R\u00e9silience sociale<\/strong><\/em><\/p>\n<p><em><strong>\u00a0 <\/strong><\/em><span style=\"color: #ff0000\">La P\u00e9dagogie Sociale et cette voie qui se propose d&rsquo;agir depuis l&rsquo;int\u00e9rieur m\u00eame de la r\u00e9alit\u00e9 que l&rsquo;on pr\u00e9tend modifier<\/span>. Le p\u00e9dagogue social est DANS et non pas \u00e0 l&rsquo;ext\u00e9rieur du monde des pr\u00e9caires, des marginaux, des exclus et des pauvres.<\/p>\n<p><span style=\"color: #ff0000\"><strong>R\u00e9silient social et soci\u00e9tal, il inverse les processus de fragmentation<\/strong><\/span> qu&rsquo;il subit par ailleurs pour en faire b\u00e9n\u00e9ficier son groupe. Son action est beaucoup plus accept\u00e9e et efficace face aux probl\u00e9matiques\u00a0\u00e9conomiques, sociologiques , \u00e9ducatives li\u00e9es aux ph\u00e9nom\u00e8nes\u00a0d&rsquo;auto-enfermement, de pr\u00e9carisation, de fragmentation et d&rsquo;explosion sociale que nous connaissons.<\/p>\n<p><span style=\"color: #3366ff\"><strong>Dimanche 13 D\u00e9cembre: \u00a0LA F\u00caTE MONSTRE<\/strong><\/span><\/p>\n<p><a href=\"http:\/\/recherche-action.fr\/intermedes\/files\/2015\/12\/IMG_20151212_215051-1.jpg\"><img fetchpriority=\"high\" decoding=\"async\" class=\"aligncenter size-full wp-image-5231\" src=\"http:\/\/recherche-action.fr\/intermedes\/files\/2015\/12\/IMG_20151212_215051-1.jpg\" alt=\"IMG_20151212_215051-1\" width=\"653\" height=\"367\" \/><\/a><\/p>\n<p>Nos f\u00eates sont des institutions; des familles enti\u00e8res les attendent toute l&rsquo;ann\u00e9e. Nous les pr\u00e9parons pendant des jours et elles ne durent quelques\u00a0heures. Des enfants ont grandi avec elles comme rep\u00e8res de la suite des ann\u00e9es . Elles sont DISPROPORTIONNEES.<\/p>\n<p><a href=\"http:\/\/recherche-action.fr\/intermedes\/files\/2015\/12\/12375292_10206455885494461_4949185675625670494_o-2.jpg\" rel=\"attachment wp-att-5242\"><img decoding=\"async\" class=\"aligncenter size-full wp-image-5242\" src=\"http:\/\/recherche-action.fr\/intermedes\/files\/2015\/12\/12375292_10206455885494461_4949185675625670494_o-2.jpg\" alt=\"12375292_10206455885494461_4949185675625670494_o 2\" width=\"2048\" height=\"1536\" \/><\/a><\/p>\n<p>Fid\u00e8les aux principes de la P\u00e9dagogie sociale nos,f\u00eates se d\u00e9roulent dans un lieu ouvert au public, mais laiss\u00e9 en friche, neutre et inhospitalier. En quelques heures , nous faisons vivre ce lieu , le d\u00e9tournons, le transformons avant de le rendre \u00e0 lui m\u00eame. Il ne reste que ce qui a \u00e9t\u00e9 v\u00e9cu l\u00e0 et qui est emport\u00e9 par les convives.<\/p>\n<p class=\"p1\">\n<p class=\"p1\"><span class=\"s1\"><b><span class=\"Apple-converted-space\">\u00a0\u00a0 \u00a0 \u00a0 \u00a0 \u00a0 \u00a0 \u00a0 \u00a0 \u00a0 \u00a0 \u00a0 \u00a0 \u00a0 \u00a0 \u00a0 \u00a0 \u00a0 \u00a0 \u00a0 <\/span>Le Samedi 12-12-2015<\/b><\/span><\/p>\n<p class=\"p3\"><span class=\"s1\"><span style=\"color: #ff00ff\"><strong>Une nouvelle ann\u00e9e est en train de s&rsquo;achever, belle et grandiose\u00a0pour les Robinsons<\/strong><\/span>, mais pour f\u00eater \u00e7a nous avons organis\u00e9e comme dans tous les ans, une f\u00eate de l&rsquo;Hiver <span style=\"text-decoration: underline\"><strong>o\u00f9 nous avons invit\u00e9 tout nos adh\u00e9rents<\/strong><\/span>, toutes personnes avec lesquelles nous avons eu l&rsquo;occasions de travailler m\u00eame pour une courte dur\u00e9e, et de f\u00eater tous ensemble la fin de l&rsquo;ann\u00e9e un peu avant que pr\u00e9vu!<\/span><\/p>\n<p class=\"p3\"><span class=\"s1\">Notre f\u00eate de fin d&rsquo;ann\u00e9e commence \u00e0 \u00eatre tr\u00e8s connue dans le quartier et peu avant l&rsquo;heure pr\u00e9vu pour accueillir du monde, nous pouvions voir arriver \u00e0\u00a0l&rsquo;horizon des familles avec des enfants qui commen\u00e7aient a faire leur apparition et apporter des choses a partager comme c&rsquo;est l&rsquo;habitude chez \u00ab\u00a0les robinson\u00a0\u00bb.<\/span><\/p>\n<p class=\"p3\"><span class=\"s1\"><b>Avec un grand menu affich\u00e9 sur la table:(<\/b><\/span><span class=\"s2\"><b><i> Sarmale avec polenta, cuisine roumaine;<\/i><\/b><\/span><b><i> <\/i><\/b><span class=\"s3\"><b>Tiep, cuisine\u00a0malienne;<\/b><\/span><b> <\/b><span class=\"s4\"><b>Cousous avec agneau, cuisine maghr\u00e9bine<\/b><\/span><\/p>\n<p class=\"p3\"><span class=\"s1\">Avec un telmenu les gens qui \u00e9taient pr\u00e9sents ont fait la queue pour pouvoir \u00eatre servis car il y avait assez de nourrir pour nourrir une arm\u00e9e deux fois.<\/span><\/p>\n<p class=\"p3\"><span class=\"s1\">La plupart d&rsquo;entre nous avons servi les gens<strong> puis nous sommes all\u00e9s de table en table pourparler avec chacun.<\/strong><\/span><\/p>\n<p class=\"p3\"><span class=\"s1\">Nous avons pris notre temps pour un tel festin, mais \u00e0 la fin nous passons sur la piste de danse pour donner un peu plus de couleurs \u00e0\u00a0notre soir\u00e9e et nous invitons\u00a0les gens a danser ensemble sur toutes sortes de\u00a0musique . L&rsquo;atmosph\u00e8re de la soir\u00e9e change: rires,\u00a0\u00a0convivialit\u00e9, partage , et \u00a0danse ont retrouv\u00e9 leur place dans le coeur de la soir\u00e9e et des personnes!<\/span><\/p>\n<p class=\"p3\"><span class=\"s1\">Nous avons projet\u00e9 un\u00a0diaporama avec des photos des quatre saisons au jardin et dans le quartier et sur les bidonvilles. \u00a0Nous avons ainsi montrer notre travail de Robinson, de nos\u00a0b\u00e9n\u00e9voles et de nos\u00a0adh\u00e9rents aen 2015. C&rsquo;\u00e9tait\u00a0plein d&rsquo;\u00e9motion,\u00a0le rappel de nos r\u00e9coltes fructueuses et belles rencontres.<\/span><\/p>\n<p class=\"p3\"><span class=\"s1\">Une diaporama montrait\u00a0\u00a0l&rsquo;investissement des groupes d&rsquo;adultes et un autre, celui des enfants et \u00a0des familles qui<span class=\"Apple-converted-space\">\u00a0 trouvent\u00a0dans<\/span>\u00a0l&rsquo;association un espace\u00a0partag\u00e9e, convivial,<\/span><\/p>\n<p class=\"p3\"><span class=\"s1\">Nous avons partag\u00e9 avec \u00ab\u00a0Eux\u00a0\u00bb: \u00ab\u00a0ceux\u00a0\u00bb qui nous ont soutenu , qui ont \u00e9t\u00e9 de nos c\u00f4tes dans les pires moment comme dans les bons,. C&rsquo;est \u00e0\u00a0cause de ces personnes que nous continuons a vivre,\u00a0et \u00e0 produire \u00e0 tout moment.<\/span><\/p>\n<p class=\"p3\"><span class=\"s1\">Plus tard dans la soir\u00e9e Nicolae , a rev\u00eatu\u00a0le costume de P\u00e9re N\u00f6el pour faire une surprise \u00a0aux enfants en leur donnant des bombons. Au plaisir des enfants a succ\u00e9d\u00e9 celui de leurs parents qui ont pu profiter aussi des bonbons<span style=\"color: #ff00ff\"><strong> et bien s\u00fbr tout le monde a pu faire une ou plusieurs photos avec le P\u00e9re N\u00f6el( Papa Nicolae).<\/strong><\/span><\/span><\/p>\n<p class=\"p3\"><span class=\"s1\">Un moment magique \u00a0pass\u00e9e avec les parents et les enfants ensemble; un moment partag\u00e9 entre parents et enfant, et puis un moment convivial avec tout les autres car l&rsquo;\u00e9sprit de N\u00f6el enchante les coeurs de tout epersonne et redonne l&rsquo;espoir et le courage.<\/span><\/p>\n<p class=\"p3\"><span class=\"s1\">Mais comme tout chose a un fin , nous arrivons aussi a la fin de notre soir\u00e9e mais pas avant de prendre le dessert tous ensemble et puis se dire \u00ab\u00a0au revoir\u00a0\u00bb apr\u00e8s avoir pass\u00e9 une soir\u00e9e de laquelle on entendra parl\u00e9!Un tr\u00e8s joyeux No\u00ebl a vous tous!!!:<\/span><\/p>\n<p><strong>Samedi 12 d\u00e9cembre:<\/strong><\/p>\n<p><strong>Villa Saint Martin<\/strong><\/p>\n<p>Personnes pr\u00e9sentes : Abdel ( \u00e9ducateur sp\u00e9cialis\u00e9), Sebastien (stagiare \u00e9ducateur sp\u00e9cialis\u00e9) et Badr (stagiaire \u00e9ducateur sp\u00e9cialis\u00e9) et sept enfants.<\/p>\n<p>Nous sommes arriv\u00e9s et apr\u00e8s l\u2019installation du mat\u00e9riel nous avons commenc\u00e9 nos activit\u00e9s, Abdel \u00e0 l&rsquo;aide de l&rsquo;imagination d\u00e9bordante des enfants a fabriqu\u00e9 de magnifique d\u00e9corations pour la f\u00eate de l&rsquo;hiver.<a title=\"DSCN0140\" href=\"http:\/\/www.flickr.com\/photos\/100872287@N06\/23440963769\"><img decoding=\"async\" class=\"alignnone \" src=\"https:\/\/farm1.staticflickr.com\/599\/23440963769_0e7cb6d950.jpg\" alt=\"DSCN0140\" \/><\/a><\/p>\n<p>Sebastien et Badr ont commenc\u00e9 par une activit\u00e9 photo o\u00f9 tout le talent artistique des enfants a pu s&rsquo;exprimer.<a title=\"DSCN0153\" href=\"http:\/\/www.flickr.com\/photos\/100872287@N06\/23808916645\"><img decoding=\"async\" class=\"alignnone \" src=\"https:\/\/farm1.staticflickr.com\/757\/23808916645_4df2aae6b6.jpg\" alt=\"DSCN0153\" \/><\/a><\/p>\n<p>Par la suite leur esprit aventurier les a pouss\u00e9 \u00e0 jouer les funambules sur la Slackline. <a title=\"DSCN0141\" href=\"http:\/\/www.flickr.com\/photos\/100872287@N06\/23182113713\"><img decoding=\"async\" class=\"alignnone \" src=\"https:\/\/farm1.staticflickr.com\/782\/23182113713_998fc37938.jpg\" alt=\"DSCN0141\" \/><\/a><\/p>\n<p>Tout ce beau monde s&rsquo;est retrouv\u00e9 lors d&rsquo;une partie tr\u00e8s relev\u00e9e de balle au prisonnier et s&rsquo;est restaur\u00e9 autour d&rsquo;un bon go\u00fbter, chocolat chaud et tartines \u00e0 la confiture \u00e9tait au menu.<\/p>\n<p><a title=\"DSCN0126\" href=\"http:\/\/www.flickr.com\/photos\/100872287@N06\/23726478641\"><img decoding=\"async\" class=\"alignnone \" src=\"https:\/\/farm1.staticflickr.com\/633\/23726478641_3d4e65b466.jpg\" alt=\"DSCN0126\" \/><\/a><br \/>\nFin des aventures, les enfants sont heureux et ont h\u00e2te d&rsquo;\u00eatre \u00e0 la prochaine fois.<\/p>\n<p><span style=\"color: #ff0000\"><strong>Vendredi 11 d\u00e9cembre:<\/strong> <\/span><\/p>\n<p><strong>Atelier La Rocade: <\/strong><\/p>\n<p>Aujourd\u2019hui Mathilde, Tito et Badr sont partis faire la permanence. Pendant que Badr jouait au football avec un jeune, Mathilde et Tito prenait un caf\u00e9 avec Rachida en discutant de choses et d\u2019autres.<a title=\"DSCN0114\" href=\"http:\/\/www.flickr.com\/photos\/100872287@N06\/23808856045\"><img decoding=\"async\" class=\"alignnone \" src=\"https:\/\/farm6.staticflickr.com\/5676\/23808856045_48658229ff.jpg\" alt=\"DSCN0114\" \/><\/a><br \/>\nA 16 heures, S\u00e9bastien, Elise, Abdel, Pierre, Ana et moi (Le\u00efla) les avons rejoints. Nous avions aussi Timoth\u00e9e, qui \u00e9tait venu nous faire un coucou, avec nous. S\u00e9bastien et Ana se sont mis \u00e0 la cuisine. Avec deux jeunes, ils nous ont pr\u00e9par\u00e9s un bon chocolat chaud et des pop-corn. <a title=\"DSCN0096\" href=\"http:\/\/www.flickr.com\/photos\/100872287@N06\/23440898629\"><img decoding=\"async\" class=\"alignnone \" src=\"https:\/\/farm6.staticflickr.com\/5687\/23440898629_dfbc6b5270.jpg\" alt=\"DSCN0096\" \/><\/a><br \/>\nMathilde s\u2019est mis \u00e0 un jeu d\u2019\u00e9quilibre qui a beaucoup amus\u00e9 les enfants. Bien que difficile, cela ne les emp\u00eachait pas de recommencer encore et encore !<br \/>\nDe notre c\u00f4t\u00e9 avec Elise, nous avons de nouveau propos\u00e9 notre activit\u00e9 \u00ab collage papier cr\u00e9pon \u00bb, Rachida nous a fait un beau sapin ! Et nous avons enfin pu terminer nos bricolages avec Elise !^^<a title=\"DSCN0119\" href=\"http:\/\/www.flickr.com\/photos\/100872287@N06\/23513149370\"><img decoding=\"async\" class=\"alignnone \" src=\"https:\/\/farm1.staticflickr.com\/692\/23513149370_a9b8e194cf.jpg\" alt=\"DSCN0119\" \/><\/a><br \/>\nAbdel a continu\u00e9 sa mission avec les plans, et il a particip\u00e9 au jeu d\u2019\u00e9quilibre. Badr lui a continu\u00e9 le football, rejoint par S\u00e9bastien.<a title=\"DSCN0091\" href=\"http:\/\/www.flickr.com\/photos\/100872287@N06\/23700428622\"><img decoding=\"async\" class=\"alignnone \" src=\"https:\/\/farm6.staticflickr.com\/5833\/23700428622_b309f51a52.jpg\" alt=\"DSCN0091\" \/><\/a><br \/>\nNous avons cl\u00f4tur\u00e9 cet apr\u00e8s-midi vraiment top, par le bon go\u00fbter ! A bient\u00f4t<\/p>\n<p><strong><span style=\"color: #ff0000\">Jeudi 10 d\u00e9cembre<\/span> <span style=\"color: #ff0000\">:<\/span><\/strong><\/p>\n<p><strong>Skate Park<\/strong><\/p>\n<p>Aujourd\u2019hui, Sana, Badr, S\u00e9bastien, Elise, Abdel, Nicolae et moi (Le\u00efla) sommes all\u00e9s au skate parc. Il faisait tr\u00e8s froid aujourd\u2019hui ! Nous nous sommes install\u00e9s sur diff\u00e9rentes activit\u00e9s : football, atelier collage, atelier coloriage, questionnaire, et atelier mission sp\u00e9ciale !<\/p>\n<p><a title=\"SAM_7597\" href=\"http:\/\/www.flickr.com\/photos\/100872287@N06\/23808893605\"><img decoding=\"async\" class=\"alignnone \" src=\"https:\/\/farm6.staticflickr.com\/5743\/23808893605_7831792cf8.jpg\" alt=\"SAM_7597\" \/><\/a><br \/>\nAu football, Badr et S\u00e9bastien ont propos\u00e9 un match. Les jeunes ont pu se d\u00e9penser dans la joie et la bonne humeur ! Et il faut dire que \u00e7a leurs a permis de bien se r\u00e9chauffer ! <a title=\"SAM_7602\" href=\"http:\/\/www.flickr.com\/photos\/100872287@N06\/23513193600\"><img decoding=\"async\" class=\"alignnone \" src=\"https:\/\/farm6.staticflickr.com\/5830\/23513193600_a2a72785d1.jpg\" alt=\"SAM_7602\" \/><\/a><br \/>\nDe notre c\u00f4t\u00e9 avec Elise, nous avons propos\u00e9 un atelier collage. Cela consistait \u00e0 recouvrir de papier cr\u00e9pon des figurines de no\u00ebl (sapin, p\u00e8re-no\u00ebl\u2026). Les enfants ont pu faire de grande patience et ils ont ador\u00e9 cette activit\u00e9 ! <a title=\"SAM_7595\" href=\"http:\/\/www.flickr.com\/photos\/100872287@N06\/23180764824\"><img decoding=\"async\" class=\"alignnone \" src=\"https:\/\/farm1.staticflickr.com\/697\/23180764824_34169cdbcc.jpg\" alt=\"SAM_7595\" \/><\/a><br \/>\nSana s\u2019est lanc\u00e9e dans un atelier coloriage, qui a eu beaucoup de succ\u00e8s, notamment gr\u00e2ce aux jolies princesses qu\u2019il \u00e9tait possible de colorier.<br \/>\nNicolae, pour qui \u00e7a faisait un moment qu\u2019il n\u2019\u00e9tait pas venu au skate parc, a \u00e9t\u00e9 \u00e0 la rencontre des parents pour remplir un questionnaire sur les diff\u00e9rentes activit\u00e9s que propose l\u2019association. Il \u00e9tait tr\u00e8s content de revenir et de revoir des jeunes ! <a title=\"SAM_7605\" href=\"http:\/\/www.flickr.com\/photos\/100872287@N06\/23440929519\"><img decoding=\"async\" class=\"alignnone \" src=\"https:\/\/farm6.staticflickr.com\/5801\/23440929519_48aee20be9.jpg\" alt=\"SAM_7605\" \/><\/a><br \/>\nAbdel s\u2019est lanc\u00e9 dans une mission sp\u00e9ciale : colorier sur des plans tous les endroits fr\u00e9quent\u00e9s par les jeunes que nous accueillons sur nos ateliers ! Chaque enfant a pu dire s\u2019il \u00e9tait d\u00e9j\u00e0 venu sur la Rocade, s\u2019il avait \u00e9t\u00e9 \u00e0 la biblioth\u00e8que. .. <a title=\"SAM_7614\" href=\"http:\/\/www.flickr.com\/photos\/100872287@N06\/23726441181\"><img decoding=\"async\" class=\"alignnone \" src=\"https:\/\/farm1.staticflickr.com\/678\/23726441181_1ae8685223.jpg\" alt=\"SAM_7614\" \/><\/a><br \/>\nNous avons termin\u00e9 cet apr\u00e8s-midi par un go\u00fbter avec du bon chocolat chaud qui a fait grand bien et des tartines ! Nous avons pass\u00e9 un excellent apr\u00e8s-midi en compagnie des jeunes ! A bient\u00f4t !<\/p>\n<p><strong>Chilly Gare<\/strong><\/p>\n<p>Emmitoufl\u00e9 dans nos manteaux, des caisses de mat\u00e9riel dans les bras nous arrivons au camp de Chilly ou quelques enfants nous attendent d\u00e9j\u00e0.<br \/>\nAujourd&rsquo;hui c&rsquo;est un peu particulier car des journalistes viennent filmer une partie de l&rsquo;atelier mais tout le monde a tr\u00e8s vite oubli\u00e9 la cam\u00e9ra.<a title=\"100_3830\" href=\"http:\/\/www.flickr.com\/photos\/100872287@N06\/23698815512\"><img decoding=\"async\" class=\"alignnone \" src=\"https:\/\/farm1.staticflickr.com\/672\/23698815512_7c2a1253ba.jpg\" alt=\"100_3830\" \/><\/a><br \/>\nNous commen\u00e7ons par installer la cuisine de rue, les mamans et enfants en sont ravie et en quelques minutes tout le monde s&rsquo;activent pour pr\u00e9parer une grande soupe. Du potiron, des carottes, des pommes de terre, des oignons et quelques ingr\u00e9dients secret qui se m\u00e9langent dans une grande marmites ou la soupe va cuire tranquillement dans une cuisine improvis\u00e9 par les mamans. La soupe sera servie ce soir a l&rsquo;universit\u00e9 populaire des habitants ou les familles viendront partag\u00e9 un bon moment.<a title=\"100_3836\" href=\"http:\/\/www.flickr.com\/photos\/100872287@N06\/23698808262\"><img decoding=\"async\" class=\"alignnone \" src=\"https:\/\/farm1.staticflickr.com\/729\/23698808262_7fa8f0db02.jpg\" alt=\"100_3836\" \/><\/a><br \/>\nLes enfants ont aussi pu colorier de jolies \u00ab lettres animaux \u00bb pour former leurs pr\u00e9noms sur une grande affiche et surtout nous avons fait de la musique !\u00a0<a title=\"100_3840\" href=\"http:\/\/www.flickr.com\/photos\/100872287@N06\/23179100294\"><img decoding=\"async\" class=\"alignnone \" src=\"https:\/\/farm1.staticflickr.com\/652\/23179100294_d50f8f4179.jpg\" alt=\"100_3840\" \/><\/a><\/p>\n<p>Des b\u00e9n\u00e9voles de la MJC de Chilly sont venu avec un accord\u00e9on, un violon, des castagnettes&#8230; faire de la musique avec les familles et les enfants pendant que d&rsquo;autres enfants apprenaient \u00e0 filmer la musique et la danse. Nous avons fait un grand cercle ou nous avons jou\u00e9, chanter et danser \u00ab Jean petit qui danse \u00bb ainsi que la chanson \u00ab dracula \u00bb.<a title=\"100_3835\" href=\"http:\/\/www.flickr.com\/photos\/100872287@N06\/23698810252\"><img decoding=\"async\" class=\"alignnone \" src=\"https:\/\/farm1.staticflickr.com\/624\/23698810252_13786b188c.jpg\" alt=\"100_3835\" \/><\/a><br \/>\nTout le monde a bien profiter de cette apr\u00e8s-midi et nous pouvions voir des sourires sur le visage de chacun.<a title=\"100_3846\" href=\"http:\/\/www.flickr.com\/photos\/100872287@N06\/23698804422\"><img decoding=\"async\" class=\"alignnone \" src=\"https:\/\/farm1.staticflickr.com\/618\/23698804422_285ba92fb2.jpg\" alt=\"100_3846\" \/><\/a><br \/>\nNous terminons cette journ\u00e9e en partageant un bon gouter chocolat\u00e9 et en se faisant de gros c\u00e2lin !<\/p>\n<p><strong>Atelier de cuisine avec les familles de l\u2019h\u00f4tel Formule 1<\/strong><\/p>\n<p>Aujourd\u2019hui Audrey et moi (Fatimata) nous avons commenc\u00e9 un nouvel atelier de cuisine avec les famille de l\u2019h\u00f4tel Formule 1.<br \/>\nNous avons re\u00e7u la visite de 4 mamans (Mariam, Oumou, Liddy et xxxxx et 7 enfants de l\u2019h\u00f4tel, nous avons propos\u00e9 de faire un plat africain qui se mange souvent en go\u00fbter,<\/p>\n<p>Oumou \u00e0 fait la p\u00e2te de farine, liddy s\u2019est occup\u00e9 de la viande hach\u00e9 et ses ingr\u00e9dient, xxx elle s\u2019est occup\u00e9 de la m\u00e9lange et Mariam de la cuisson. Pendant ce temps Audrey \u00e9tait dans la salle de jeux avec les enfants. Les mamans tout en travaillant n\u2019arr\u00eataient pas de se taquiner et en m\u00eame temps on buvait du caf\u00e9 ou du th\u00e9 bien chaud, une ambiance exceptionnel qui a m\u00eame fait couler des larmes de joie.<span style=\"color: #ff00ff\"> Pour la premi\u00e8re fois ces familles se retrouvent hors de leur chambre d\u2019h\u00f4tel avec leurs enfants dans un lieu o\u00f9 les mamans et les enfants ont tous leurs petits coins \u00e0 eux.<\/span><br \/>\nIl ya eu m\u00eame des mamans qui sont all\u00e9es chercher les enfants \u00e0 l\u2019\u00e9cole et revenir au local ce qui veux dire que l\u2019ambiance \u00e9tait vraiment bonne, nous avons beaucoup rigol\u00e9 avec oumou qui nous racontais ses blagues de son arriv\u00e9 en France bref un moment de pure bonheur.<br \/>\nNous avons fait le gouter \u00e0 17h, les familles se sentaient tellement bien avec nous, qu\u2019elles sont rest\u00e9s jusqu\u2019\u00e0 19h. Nous vous donnons rv la semaine prochaine !<\/p>\n<p><span style=\"color: #ff0000\"><strong>Mercredi 9 d\u00e9cembre :<\/strong> <\/span><\/p>\n<p><strong>Jardin de Saulx: S\u00e9ance avec le groupe d\u2019adultes et enfants !<\/strong><\/p>\n<p>Nous d\u00e9butons en ce belle journ\u00e9e avec nos groupes d\u2019adultes et d\u2019enfants avec un rappel des t\u00e2ches de la journ\u00e9e pour mieux comprendre et s\u2019investir dans l\u2019entretien des parcelles \u00e0 retourner. <a title=\"DSCN0079\" href=\"http:\/\/www.flickr.com\/photos\/100872287@N06\/23179919474\"><img decoding=\"async\" class=\"alignnone \" src=\"https:\/\/farm1.staticflickr.com\/569\/23179919474_838ac8dd48.jpg\" alt=\"DSCN0079\" \/><\/a><br \/>\nNous sortons le motoculteur et puis quelques b\u00eaches pour que tout le monde a quoi faire et on met tous la main \u00e0 la patte et nous avan\u00e7ons dans le travail au jardin.<a title=\"DSCN0074\" href=\"http:\/\/www.flickr.com\/photos\/100872287@N06\/23440035329\"><img decoding=\"async\" class=\"alignnone \" src=\"https:\/\/farm1.staticflickr.com\/708\/23440035329_6119898953.jpg\" alt=\"DSCN0074\" \/><\/a><br \/>\nNous sommes nombreux et nous travaillons dur et puis le travail se fait aussi vite mais bien car ensuite nous allons tous se mettre \u00e0 table pour en profiter d\u2019un bon et chaud verre de chocolat !<a title=\"DSCN0083\" href=\"http:\/\/www.flickr.com\/photos\/100872287@N06\/23725439131\"><img decoding=\"async\" class=\"alignnone \" src=\"https:\/\/farm1.staticflickr.com\/752\/23725439131_4d8362fcf6.jpg\" alt=\"DSCN0083\" \/><\/a><br \/>\nCiaw !<\/p>\n<p><strong>Wissous<\/strong><\/p>\n<p>Avec Sebastien (stagiaire),Elise (stagiaire), Badr (stagiaire), Mathilde (stagiaire), Laura (p\u00e9dagogue sociale), Ana (service civique).<br \/>\nLorsque nous sommes arriv\u00e9s sur le camp des enfants nous attendaient (les plus grands), Laura est all\u00e9e chercher les autres enfants. Une fois tous les enfants r\u00e9unis nous avons propos\u00e9 les diff\u00e9rentes activit\u00e9s.<br \/>\nSebastien, Ana et Badr sont all\u00e9s faire un foot au camp de GrosJean avec une dizaine d&rsquo;enfants, trois enfants de GrosJean ont fait l&rsquo;activit\u00e9 avec eux, puis (pour ne pas d\u00e9ranger les habitants du camp) ils sont all\u00e9s jouer sur un terrain de foot pas loin du camp.<a title=\"DSC_0201\" href=\"http:\/\/www.flickr.com\/photos\/100872287@N06\/23726500441\"><img decoding=\"async\" class=\"alignnone \" src=\"https:\/\/farm6.staticflickr.com\/5676\/23726500441_ce4224f6d5.jpg\" alt=\"DSC_0201\" \/><\/a><br \/>\nLes enfants ont \u00e9t\u00e9 heureux de cette activit\u00e9 ils se sont bien amus\u00e9s , ont jou\u00e9 en \u00e9quipe et \u00e0 la fin ont demand\u00e9 \u00e0 refaire l&rsquo;activit\u00e9 la semaine suivante.<br \/>\nElise, Laura et Mathilde sont rest\u00e9es \u00e0 Wissous o\u00f9 elles ont anim\u00e9 trois activit\u00e9s:<br \/>\n_ la petite enfance, avec dinette, Kapla et L\u00e9go; les enfants ont jou\u00e9 aux architectes en herbe avec les kaplas et les L\u00e9gos et ont pu recevoir leurs convives au coin dinette.<a title=\"100_3825\" href=\"http:\/\/www.flickr.com\/photos\/100872287@N06\/23513254080\"><img decoding=\"async\" class=\"alignnone \" src=\"https:\/\/farm1.staticflickr.com\/707\/23513254080_30ae07f0ba.jpg\" alt=\"100_3825\" \/><\/a><br \/>\n_ Des artistes se sont exprim\u00e9s gr\u00e2ce aux dessins et aux coloriages, s&rsquo;amusant \u00e0 cr\u00e9er de v\u00e9ritables \u0153uvres d&rsquo;art.<a title=\"100_3809\" href=\"http:\/\/www.flickr.com\/photos\/100872287@N06\/23440991909\"><img decoding=\"async\" class=\"alignnone \" src=\"https:\/\/farm1.staticflickr.com\/599\/23440991909_008bb54e88.jpg\" alt=\"100_3809\" \/><\/a><br \/>\n_ A l&rsquo;\u00e9criture les enfants progressent toujours ils ont pu, dans le calme, apprendre \u00e0 \u00e9crire et \u00e0 reconna\u00eetre les lettres.<a title=\"100_3811\" href=\"http:\/\/www.flickr.com\/photos\/100872287@N06\/23700518852\"><img decoding=\"async\" class=\"alignnone \" src=\"https:\/\/farm6.staticflickr.com\/5639\/23700518852_11f3151c2c.jpg\" alt=\"100_3811\" \/><\/a><br \/>\n<span style=\"color: #3366ff\">Nous, nous sommes tous r\u00e9unis pour un merveilleux go\u00fbter, apr\u00e8s tant d&rsquo;efforts rien ne vaut un go\u00fbter pr\u00e9par\u00e9 <span style=\"text-decoration: underline\"><strong>avec amour.<\/strong><\/span><\/span><\/p>\n","protected":false},"excerpt":{"rendered":"<p>Les pauvres, nos ennemis Josiane Reymond, p\u00e9dagogue sociale, et fondatrice de l&rsquo;association Terrain d&rsquo;Entente (en P\u00e9dagogie Sociale, \u00e0 Saint &#8211; Etienne) a \u00e9crit une r\u00e9flexion forte sur le titre : \u00a0\u00bb Ces pauvres qui deviennent peu \u00e0 peu les ennemis des services sociaux\u00a0\u00bb. &nbsp; Elle y d\u00e9veloppe l&rsquo;id\u00e9e comment l&rsquo;impuissance du Travailleur Social actuel, pousse &hellip; <a href=\"https:\/\/recherche-action.fr\/intermedes\/2015\/12\/12\/avoir-ou-devenir-un-probleme-social\/\" class=\"more-link\">Continuer la lecture<span class=\"screen-reader-text\"> de &laquo;&nbsp;Avoir ou devenir un probl\u00e8me social&nbsp;&raquo;<\/span><\/a><\/p>\n","protected":false},"author":1,"featured_media":0,"comment_status":"open","ping_status":"open","sticky":false,"template":"","format":"standard","meta":{"footnotes":""},"categories":[1],"tags":[],"class_list":["post-5222","post","type-post","status-publish","format-standard","hentry","category-non-classe"],"jetpack_featured_media_url":"","_links":{"self":[{"href":"https:\/\/recherche-action.fr\/intermedes\/wp-json\/wp\/v2\/posts\/5222","targetHints":{"allow":["GET"]}}],"collection":[{"href":"https:\/\/recherche-action.fr\/intermedes\/wp-json\/wp\/v2\/posts"}],"about":[{"href":"https:\/\/recherche-action.fr\/intermedes\/wp-json\/wp\/v2\/types\/post"}],"author":[{"embeddable":true,"href":"https:\/\/recherche-action.fr\/intermedes\/wp-json\/wp\/v2\/users\/1"}],"replies":[{"embeddable":true,"href":"https:\/\/recherche-action.fr\/intermedes\/wp-json\/wp\/v2\/comments?post=5222"}],"version-history":[{"count":0,"href":"https:\/\/recherche-action.fr\/intermedes\/wp-json\/wp\/v2\/posts\/5222\/revisions"}],"wp:attachment":[{"href":"https:\/\/recherche-action.fr\/intermedes\/wp-json\/wp\/v2\/media?parent=5222"}],"wp:term":[{"taxonomy":"category","embeddable":true,"href":"https:\/\/recherche-action.fr\/intermedes\/wp-json\/wp\/v2\/categories?post=5222"},{"taxonomy":"post_tag","embeddable":true,"href":"https:\/\/recherche-action.fr\/intermedes\/wp-json\/wp\/v2\/tags?post=5222"}],"curies":[{"name":"wp","href":"https:\/\/api.w.org\/{rel}","templated":true}]}}