{"id":5320,"date":"2016-01-24T10:28:02","date_gmt":"2016-01-24T09:28:02","guid":{"rendered":"http:\/\/recherche-action.fr\/intermedes\/?p=5320"},"modified":"2016-01-24T10:28:02","modified_gmt":"2016-01-24T09:28:02","slug":"le-mythe-des-competences-individuelles","status":"publish","type":"post","link":"https:\/\/recherche-action.fr\/intermedes\/2016\/01\/24\/le-mythe-des-competences-individuelles\/","title":{"rendered":"Le mythe des comp\u00e9tences individuelles"},"content":{"rendered":"<p><span style=\"color: #3366ff\"><strong>Nos exp\u00e9riences de P\u00e9dagogie sociale nous mettent devant des r\u00e9alit\u00e9s qui \u00a0nous d\u00e9concertent<\/strong><\/span>. Comment se fait il que ,<strong><span style=\"text-decoration: underline\"> dans le cadre de nos actions,<\/span><\/strong> nous voyons \u00a0comment des professionnels, des groupes, et m\u00eame des personnes en tr\u00e8s grande fragilit\u00e9, d\u00e9montrent des comp\u00e9tences sociales et psychosociales \u00e9tonnantes?<\/p>\n<p><span style=\"color: #ff0000\">Alors que ces m\u00eames personnes, en dehors de ces pratiques et situations, ne semblent pas forc\u00e9ment en ma\u00eetriser\u00a0les conditions, et principes et sont souvent dans l&rsquo;incapacit\u00e9 de recr\u00e9er les situations qui ont permis ces m\u00eames comp\u00e9tences?<\/span><\/p>\n<p><a title=\"2016-01-20 14.52.21\" href=\"http:\/\/www.flickr.com\/photos\/100872287@N06\/24333373210\"><img decoding=\"async\" class=\"alignnone \" src=\"https:\/\/farm2.staticflickr.com\/1612\/24333373210_2e137361e3.jpg\" alt=\"2016-01-20 14.52.21\" \/><\/a><\/p>\n<p>En r\u00e9alit\u00e9 ces comp\u00e9tences semblent se produire dans les\u00a0\u00a0situations elles m\u00eames \u00a0ou plut\u00f4t dans l&rsquo;organisation que nous mettons en oeuvre autour de ces situations.<\/p>\n<p>En P\u00e9dagogie sociale, nous voyons souvent de tels effets d&rsquo;une intelligence sociale et collective qui repose sur une organisation. \u00a0<span style=\"color: #ff00ff\"><strong>Or qu&rsquo;est ce qui nous a pr\u00e9par\u00e9 \u00e0 cela? O\u00f9 avons nous \u00e9t\u00e9 form\u00e9s pour cette intelligence sociale et collective?<\/strong><\/span><\/p>\n<p><em><strong>Nous devons affirmer ici l&rsquo;impuissance et l&rsquo;inutilit\u00e9 des formations sociales qui toutes reposent sur le mythe des comp\u00e9tences individuelles.<\/strong><\/em> \u00a0Tout est fait pour nous faire croire que nos comp\u00e9tences professionnelles et sociales seraient produites et capitalis\u00e9es par des individu \u00ab\u00a0hors contexte\u00a0\u00bb, et qu&rsquo;elles seraient empilables et cumulables. <span style=\"color: #0000ff\">C&rsquo;est \u00ab\u00a0la vision bancaire\u00a0\u00bb de la formation que d\u00e9non\u00e7ait Paulo Freire.<\/span><\/p>\n<p><strong>Cette vision dans laquelle chacun serait l&rsquo;auteur et le propri\u00e9taire d\u00a0\u00bbun capital suppos\u00e9 de comp\u00e9tences est une fiction capitaliste<\/strong>. Elle permet d&rsquo;abord de rationaliser des in\u00e9galit\u00e9s et injustices dont la v\u00e9ritable nature est sociale et \u00e9conomique\u00a0d&rsquo;autre part cette vision\u00a0\u00e9gare et de d\u00e9tourne les individus des v\u00e9ritables <span style=\"text-decoration: underline\"><strong>pouvoirs<\/strong><\/span>\u00a0qui pourraient les \u00e9manciper et produire du changement.<\/p>\n<p><strong>Ce mensonge est triple:<\/strong><\/p>\n<ul>\n<li>les comp\u00e9tences sociales et \u00e9ducatives seraient individuelles,<\/li>\n<li>Elles seraient s\u00e9parables de leur contexte<\/li>\n<li>On pourrait le emmener avec soi et les accumuler sous forme \u00ab\u00a0d&rsquo;unit\u00e9s capitalisables\u00a0\u00bb.<\/li>\n<\/ul>\n<p><strong><span style=\"color: #ff0000\">Tout cela est faux<\/span><\/strong>. Sur nos ateliers, dans nos pratique,s nous voyons des enfants devenir de v\u00e9ritables experts en situations sociales et collectives; certains \u00a0de nos p\u00e9dagogues, rroms mettent en oeuvre des actions sociales collectives,\u00a0que\u00a0nombre de travailleurs sociaux ne sauraient m\u00eame pas initier. Et ils le font &#8230; naturellement.<\/p>\n<p><strong>Ce \u00ab\u00a0naturel\u00a0\u00bb l\u00e0, selon la th\u00e9orie de Freinet na rien de simple , ni de magique;<\/strong> il est le produit de ce qui \u00e9chappe \u00e0 l&rsquo;individu et en m\u00eame temps le construit et le permet: le collectif, la communaut\u00e9.<\/p>\n<p>Ce ne sont pas les individus qui emm\u00e8nent ailleurs l&rsquo;exp\u00e9rience, sous forme d&rsquo;acquis personnel; <span style=\"color: #0000ff\">c&rsquo;est plut\u00f4t l&rsquo;exp\u00e9rience elle m\u00eame qui d\u00e8s lors fait \u00ab\u00a0\u00e9cho\u00a0\u00bb, se r\u00e9pand et essaime par des voies et des chemins chaque fois nouveaux .<\/span><\/p>\n<p><strong>En P\u00e9dagogie sociale, nous nous formons collectivement et mutuellement par l&rsquo;exercice de pouvoirs, au sein d&rsquo;une organisation. \u00a0<\/strong>Ce que nous en retirons au niveau individuel est de l&rsquo;ordre de l&rsquo;exp\u00e9rience \u00ab\u00a0que c&rsquo;est possible\u00a0\u00bb. \u00a0Nous savons reproduire les conditions de cr\u00e9ation de liens sociaux, d&rsquo;une nouvelle organisation. Nous savons comment insuffler l&rsquo;\u00e9nergie indispensable \u00e0 de telles exp\u00e9riences. Nous avons appris \u00e0 nous \u00ab\u00a0autoriser\u00a0\u00bb.<\/p>\n<p><strong><span style=\"color: #ff0000\">Ce que nous avons, c&rsquo;est une pratique, une \u00ab\u00a0praxis\u00a0\u00bb<\/span><\/strong>, un commencement et un cap. C&rsquo;est bien assez pour se lancer dans un v\u00e9ritable travail social qui ouvre enfin quelques espoirs de transformation r\u00e9elle.<\/p>\n<p>Quand on est dans un monde, o\u00f9, comme l&rsquo;\u00e9crit Alain Bertho, dans \u00ab\u00a0les Enfants du chaos\u00a0\u00bb, la fin du monde para\u00eet plus concr\u00e8te et plus cr\u00e9dible que la fin du capitalisme ; il devient socialement urgent et n\u00e9cessaire de mettre en oeuvre un imm\u00e9diat et r\u00e9el travail de transformation sociale, qui commence l\u00e0 o\u00f9 nous nous sommes.<\/p>\n<p>Il devient urgent que nous devenions collectivement comp\u00e9tents sur nos vies, notre environnement, notre \u00e9conomie et nos relations.<\/p>\n<p><em><strong>La P\u00e9dagogie sociale\u00a0est\u00a0une \u00e9cole en ce sens.<\/strong><\/em><\/p>\n<p><span style=\"color: #ff00ff\"><strong>Jardin des palettes: dimanche<\/strong><\/span><\/p>\n<p>Nous \u00e9tions un beau groupe au jardin ce dimanche, profiter de la calme saison pou redimensionner nos parcelles, et poursuivre notre projet de cl\u00f4tures\u00a0de parcelles v\u00e9g\u00e9talis\u00e9es.<\/p>\n<p><a href=\"http:\/\/recherche-action.fr\/intermedes\/files\/2016\/01\/IMG_7491-e1453978518927.jpg\" rel=\"attachment wp-att-5334\"><img fetchpriority=\"high\" decoding=\"async\" class=\"aligncenter size-full wp-image-5334\" src=\"http:\/\/recherche-action.fr\/intermedes\/files\/2016\/01\/IMG_7491-e1453978518927.jpg\" alt=\"IMG_7491\" width=\"640\" height=\"480\" \/><\/a><\/p>\n<p>Mais gr\u00e2ce \u00e0 Dominik et Cassandra, notre jardin est\u00a0aussi devenu un jardin de musique et de danse o\u00f9 nous faisons de bonnes rencontres.<\/p>\n<p>Une ambiance tranquille o\u00f9 chacun trouve sa place , et ses marques; en route pour une nouvelle saisons de production !<\/p>\n<p><a href=\"http:\/\/recherche-action.fr\/intermedes\/files\/2016\/01\/IMG_7488-e1453978694935.jpg\" rel=\"attachment wp-att-5336\"><img decoding=\"async\" class=\"aligncenter size-full wp-image-5336\" src=\"http:\/\/recherche-action.fr\/intermedes\/files\/2016\/01\/IMG_7488-e1453978694935.jpg\" alt=\"IMG_7488\" width=\"640\" height=\"480\" \/><\/a><\/p>\n<p><span style=\"color: #ff00ff\"><strong>AFERIM: Vendredi soir<\/strong><\/span><\/p>\n<p>Nous \u00e9tions 18 en tout de l&rsquo;association et aussi des bidonvilles \u00e0 aller voir ensemble le film AFERIM, film roumain tragicomique , qui parle de l&rsquo;esclavage v\u00e9cu par les tziganes en Europe centrale&#8230; jusqu&rsquo;au \u00a0XIX \u00e8me si\u00e8cle.<\/p>\n<p><a href=\"http:\/\/recherche-action.fr\/intermedes\/files\/2016\/01\/Aferim.jpeg\" rel=\"attachment wp-att-5321\"><img decoding=\"async\" class=\"aligncenter wp-image-5321\" src=\"http:\/\/recherche-action.fr\/intermedes\/files\/2016\/01\/Aferim.jpeg\" alt=\"Aferim\" width=\"183\" height=\"267\" \/><\/a><\/p>\n<p><em><strong>Farce sociale o\u00f9 tout le monde est \u00e0 la fois victime et bourreau<\/strong><\/em>. Nous avons pris le temps de discuter ensuite avec le public dans un moment de rencontre et d&rsquo;\u00e9changes &#8230;. sur notre actualit\u00e9.<\/p>\n<p><span style=\"color: #ff0000\">Samedi, Atelier de la Villa Saint-Martin:<\/span><\/p>\n<p align=\"LEFT\">Apr\u00e8s l\u2019installation du mat\u00e9riel Nicolae et Ana sont all\u00e9s faire de magnifiques dessins sous la tente ils ont pour les accompagner cinq artistes en herbe, tandis qu&rsquo;avec l&rsquo;aide de quatre enfants Badr et Sana pr\u00e9paraient de succulent pains perdus.<\/p>\n<p align=\"LEFT\"><a title=\"2015-01-01 00.00.00-17\" href=\"http:\/\/www.flickr.com\/photos\/100872287@N06\/24001382554\"><img decoding=\"async\" class=\"alignnone \" src=\"https:\/\/farm2.staticflickr.com\/1637\/24001382554_ede9b7dbb8.jpg\" alt=\"2015-01-01 00.00.00-17\" \/><\/a><\/p>\n<p align=\"LEFT\"><span style=\"color: #ff0000\"><strong>Malgr\u00e9 le froid les enfants \u00e9taient pr\u00e9sents et curieux d&rsquo;en apprendre le plus possible en cuisine;<\/strong> <\/span>ainsi ils ont cass\u00e9 les \u0153ufs puis les ont m\u00e9lang\u00e9 avec du lait et du sucre. Pour la cuisson Badr et Sana se sont charg\u00e9s de dor\u00e9 le tout. Pendant ce temps Abdel faisait le rangement de la cave de l&rsquo;association \u00e0 la VSM.<\/p>\n<p align=\"LEFT\"><a title=\"2015-01-01 00.00.00-18\" href=\"http:\/\/www.flickr.com\/photos\/100872287@N06\/24001379114\"><img decoding=\"async\" class=\"alignnone \" src=\"https:\/\/farm2.staticflickr.com\/1546\/24001379114_9801510400.jpg\" alt=\"2015-01-01 00.00.00-18\" \/><\/a><\/p>\n<p align=\"LEFT\">Dans la tente, Nadjami et Ana s&rsquo;attelle \u00e0 l&rsquo;atelier perles, confectionnant bracelets et colliers.<\/p>\n<p align=\"LEFT\"><span style=\"color: #3366ff\">L&rsquo;heure du go\u00fbter venue, tout le monde s&rsquo;est install\u00e9 dans la tente et a pu go\u00fbter \u00e0 un succulent chocolat chaud accompagn\u00e9 de d\u00e9licieux pain perdu.<\/span><\/p>\n<p align=\"LEFT\"><a title=\"2015-01-01 00.00.00-20\" href=\"http:\/\/www.flickr.com\/photos\/100872287@N06\/24002707963\"><img decoding=\"async\" class=\"alignnone \" src=\"https:\/\/farm2.staticflickr.com\/1524\/24002707963_66e9d174c8.jpg\" alt=\"2015-01-01 00.00.00-20\" \/><\/a><\/p>\n<p align=\"LEFT\">Puis nous avons tous rang\u00e9 le mat\u00e9riel et sommes rentr\u00e9s \u00e0 l&rsquo;association Intermedes Robinson.<\/p>\n<p><strong><span style=\"color: #ff0000\">Samedi: Atelier de l&rsquo;H\u00f4tel F1<\/span><\/strong><\/p>\n<p>Aujourd\u2019hui, nous (Zo\u00e9, Fatimata, Audrey et Camille) allons aux h\u00f4tels F1 pour faire les activit\u00e9s. <strong>Nous avons pr\u00e9vus de bouger et de se d\u00e9penser pour combattre le froid\u00a0!<\/strong><\/p>\n<p>Au programme\u00a0: Badminton, foot, et puissance 4 g\u00e9ant.<\/p>\n<p><a title=\"IMG_20160123_161106\" href=\"http:\/\/www.flickr.com\/photos\/100872287@N06\/24333599700\"><img decoding=\"async\" class=\"alignnone \" src=\"https:\/\/farm2.staticflickr.com\/1465\/24333599700_094af0c8ff.jpg\" alt=\"IMG_20160123_161106\" \/><\/a><\/p>\n<p>Aussi nous avons rapport\u00e9 des boissons \u00e0 gogo histoire de r\u00e9chauffer tout le monde\u00a0!<\/p>\n<p><strong>On a pass\u00e9 un super apr\u00e8s-midi\u00a0! Tous les enfants ont particip\u00e9 avec plaisir aux activit\u00e9s que nous avons propos\u00e9.<\/strong><\/p>\n<p><a title=\"IMG_20160123_160354\" href=\"http:\/\/www.flickr.com\/photos\/100872287@N06\/24001029334\"><img decoding=\"async\" class=\"alignnone \" src=\"https:\/\/farm2.staticflickr.com\/1479\/24001029334_ee48dc378c.jpg\" alt=\"IMG_20160123_160354\" \/><\/a><\/p>\n<p>Vivement la semaine prochaine\u00a0! A bient\u00f4t\u00a0!<\/p>\n<p><strong><span style=\"color: #ff0000\">Samedi: Atelier du camp Chilly Gare<\/span><\/strong><\/p>\n<p><a title=\"DSCN0612\" href=\"http:\/\/www.flickr.com\/photos\/100872287@N06\/24333904590\"><img decoding=\"async\" class=\"alignnone \" src=\"https:\/\/farm2.staticflickr.com\/1531\/24333904590_f3005ba654.jpg\" alt=\"DSCN0612\" \/><\/a><\/p>\n<p><span style=\"color: #ff00ff\">Aujourd&rsquo;hui, journ\u00e9e danse et pr\u00e9paration d&rsquo;un petit spectacle avec Cassandra et Dominik \u00e0 l&rsquo;atelier de Chilly Gare\u00a0!<\/span><\/p>\n<p><span style=\"color: #ff0000\"><a style=\"color: #ff0000\" title=\"DSCN0604\" href=\"http:\/\/www.flickr.com\/photos\/100872287@N06\/24002648933\"><img decoding=\"async\" class=\"alignnone \" src=\"https:\/\/farm2.staticflickr.com\/1552\/24002648933_78a8c55c06.jpg\" alt=\"DSCN0604\" \/><\/a><\/span><br \/>\n<span style=\"color: #3366ff\"><strong> Laura, Leila, Kenzi, Yohan ainsi que nos deux danseurs de la troupe Kesaj Tchave proposons aux enfants et parents d&rsquo;apprendre quelques pas de danse, dans la joie et la bonne humeur\u00a0!<\/strong><\/span><br \/>\nTout le monde se prend tr\u00e8s vite au jeu, ce n&rsquo;est pas facile de suivre le rythme de Dominik mais chacun y met de la bonne volont\u00e9 et du plaisir.<\/p>\n<p><a title=\"DSCN0635\" href=\"http:\/\/www.flickr.com\/photos\/100872287@N06\/24603261226\"><img decoding=\"async\" class=\"alignnone \" src=\"https:\/\/farm2.staticflickr.com\/1684\/24603261226_2f2b95f842.jpg\" alt=\"DSCN0635\" \/><\/a><br \/>\n<strong>Les enfants, m\u00eame les plus petits s&rsquo;amusent en dansant, nous formons une ronde pour nous rassembler<\/strong>. Toujours sur la musique, nous r\u00e9alisons le jeu des statues musicales, il faut ne plus bouger lorsque la musique s&rsquo;arr\u00eate.<\/p>\n<p><a title=\"DSCN0619\" href=\"http:\/\/www.flickr.com\/photos\/100872287@N06\/24547236481\"><img decoding=\"async\" class=\"alignnone \" src=\"https:\/\/farm2.staticflickr.com\/1511\/24547236481_027a447f76.jpg\" alt=\"DSCN0619\" \/><\/a><br \/>\nLe temps du go\u00fbter arrive, c&rsquo;est dans la convivialit\u00e9, tous ensemble, les plus grands, les ados, les enfants sont r\u00e9unis par, pour et autour de la musique.<br \/>\nNous avons pass\u00e9 un bel apr\u00e8s midi\u00a0!! A bient\u00f4t\u00a0!<\/p>\n<p><span style=\"color: #ff0000\"><strong>Vendredi: Atelier de cuisine au local<\/strong><\/span><\/p>\n<p><strong>Nous \u00e9tions 4 sur l&rsquo;atelier de cuisine<\/strong> (Camille, Sana, H\u00e9l\u00e8ne et moi Fatimata)<\/p>\n<p>Aujourd&rsquo;hui comme d\u2019habitude, nous avons fait l&rsquo;atelier de cuisine avec les familles de l&rsquo;h\u00f4tel F1. <span style=\"color: #0000ff\">C&rsquo;est le tour de Abidemie de nous faire la cuisine Nig\u00e9rienne.<\/span> Nous avons comme ingr\u00e9dients, du Riz, la carotte, des petits poids, de l&rsquo;oignon, de Z\u00e9zi\u00e9 de poulet, et de la viande de poulet etc&#8230;.<br \/>\nA 13h30 Abidemie \u00e9tait la premi\u00e8re \u00e0 venir. Nous avons commenc\u00e9 \u00e0 couper les ingr\u00e9dients; \u00a0quelques minutes plus tard, Oumou, Youma, Claudine et son mari accompagn\u00e9s de leurs enfants, arrivent et l&rsquo;ambiance a\u00a0commenc\u00e9.<br \/>\n<em><strong>H\u00e9l\u00e8ne notre grande danseuse \u00e0 mis de la musique, elle s&rsquo;est retrouv\u00e9e avec les enfants pour l\u2019entrainement de la danse c&rsquo;\u00e9tait vraiment du show!!!!<\/strong><\/em><\/p>\n<p><a title=\"100_4220\" href=\"http:\/\/www.flickr.com\/photos\/100872287@N06\/24520845922\"><img decoding=\"async\" class=\"alignnone \" src=\"https:\/\/farm2.staticflickr.com\/1686\/24520845922_d42df2b8b2.jpg\" alt=\"100_4220\" \/><\/a><br \/>\nOumou a commenc\u00e9 \u00e0 nous raconter ses blagues c&rsquo;\u00e9tait le d\u00e9but de la rigolade et tous le monde s&rsquo;est mis \u00e0 raconter ses difficult\u00e9s du de-payement, c&rsquo;est vrai que c&rsquo;\u00e9tait des moments dure mais aujourd&rsquo;hui on en parle et on rigole c&rsquo;est ce qui arrive quand on se sent bien dans un groupe.<br \/>\nCette chaque semaine nous invitons un partenaire, ou tout simplement des amis, cette fois-ci notre invit\u00e9 c&rsquo;est No\u00eal l&rsquo;\u00e9pouse de Pascal.<\/p>\n<p><a title=\"100_4230\" href=\"http:\/\/www.flickr.com\/photos\/100872287@N06\/24002392623\"><img decoding=\"async\" class=\"alignnone \" src=\"https:\/\/farm2.staticflickr.com\/1579\/24002392623_5da9dbbaf5.jpg\" alt=\"100_4230\" \/><\/a><br \/>\nLe\u00a0repas \u00e9tait d\u00e9j\u00e0 pr\u00eat et tout le monde s&rsquo;est mis sur la table \u00e0 manger, o\u00f9 nous avons servi, je ne vous rien, deviner le bon go\u00fbt ! Pascale de la MJC.<br \/>\nA 17h30 No\u00ebl est arriv\u00e9e, elle \u00e9tait surpris de voir le nombre de personnes qui \u00e9taient l\u00e0 avec les enfants qui courraient partout, ben dites donc! Vous avez du boulot!!!<br \/>\nle repas \u00e9tait d\u00e9j\u00e0 pr\u00eat et tout le monde s&rsquo;est mis sur la table \u00e0 manger, Oumou nous avons servi, je ne vous rien, deviner le bon go\u00fbt !<\/p>\n<p><a title=\"100_4218\" href=\"http:\/\/www.flickr.com\/photos\/100872287@N06\/24002394373\"><img decoding=\"async\" class=\"alignnone \" src=\"https:\/\/farm2.staticflickr.com\/1578\/24002394373_634210ea87.jpg\" alt=\"100_4218\" \/><\/a><\/p>\n<p><span style=\"color: #ff0000\">Vendredi atelier de Champlan<\/span><\/p>\n<p>Aujourd&rsquo;hui c&rsquo;est sous la pluie que nous partons pour l&rsquo;atelier de Champlan, Dominik \u00e0 pr\u00e9par\u00e9 quelques chanson tziganes pour enseigner des pas de danse au gens du camps. Lorsque nous arrivons, le camps nous parait desert. Tout le monde est \u00e0 l&rsquo;abri dans sa cabane. Mais petit \u00e0 petit, alors que nous faisons le tour du camps des t\u00eates apparaissent, et se risquent dans le froid pour venir \u00e0 notre suite.<\/p>\n<p><a title=\"IMG_20160122_163633\" href=\"http:\/\/www.flickr.com\/photos\/100872287@N06\/24623072056\"><img decoding=\"async\" class=\"alignnone \" src=\"https:\/\/farm2.staticflickr.com\/1461\/24623072056_0059488bfa.jpg\" alt=\"IMG_20160122_163633\" \/><\/a><\/p>\n<p><strong><span style=\"color: #3366ff\">La plupart des enfants sont encore en train de revenir de l&rsquo;\u00e9cole. Aussi nous discutons en cercle en les attendant.<\/span><\/strong> Lorsque nous sommes suffisamment nombreux, je lance la musique, et Dominik se met a danser sous les yeux \u00e9bahie et parfois perplexe des enfants.<\/p>\n<p>Il enchaine les pas, d&rsquo;abords simple, puis de plus en plus complexes et nous tentons de le suivre. Certains connaissent d\u00e9j\u00e0 quelques pas mais la plus part n&rsquo;arrive pas \u00e0 le suivre et partent dans de grand \u00e9clats de rire. <span style=\"color: #ff0000\">Une fois cet \u00e9chauffement termin\u00e9, nous invitons tout le monde \u00e0 former un cercle et nous enchainons les chor\u00e9graphies alors que de plus en plus de monde nous rejoins.<\/span><\/p>\n<p><a title=\"IMG_20160122_165456\" href=\"http:\/\/www.flickr.com\/photos\/100872287@N06\/24353721080\"><img decoding=\"async\" class=\"alignnone \" src=\"https:\/\/farm2.staticflickr.com\/1447\/24353721080_a009714b7e.jpg\" alt=\"IMG_20160122_165456\" \/><\/a><\/p>\n<p>Les pas de danse se succ\u00e8de et chacun y va de sa touche personnelle. La pluie tombe toujours et tout le monde commence \u00e0 fatiguer.<\/p>\n<p><a title=\"IMG_20160122_170403\" href=\"http:\/\/www.flickr.com\/photos\/100872287@N06\/24021131714\"><img decoding=\"async\" class=\"alignnone \" src=\"https:\/\/farm2.staticflickr.com\/1587\/24021131714_5893f01ca3.jpg\" alt=\"IMG_20160122_170403\" \/><\/a><\/p>\n<p>On d\u00e9cide donc de changer d&rsquo;activit\u00e9, mais pour rester sur le m\u00eame th\u00e8me on d\u00e9cide de faire une \u00ab\u00a0Pause-musical\u00a0\u00bb. Sur le principe des chaises du m\u00eames nom, il s&rsquo;agit de danser tant que la musique r\u00e9sonne, et de se figer lorsqu&rsquo;elle cesse.<\/p>\n<p>On enchaine 2 et c&rsquo;est sans \u00e9quivoque Cosmin le meilleur. Le froid nous gagne et l&rsquo;on d\u00e9cide de prendre la gouter un peu en avance histoire de se r\u00e9chauffer. <span style=\"color: #0000ff\"><strong>Apr\u00e8s avoir partag\u00e9 tartines et chocolat chaud, on se dit au revoir et \u00e0 la semaine prochaine.<\/strong><\/span><\/p>\n<p><strong><span style=\"color: #ff0000\">Vendredi, atelier de la Rocade<\/span><\/strong><\/p>\n<p align=\"JUSTIFY\"><a title=\"DSCN0557\" href=\"http:\/\/www.flickr.com\/photos\/100872287@N06\/24546896301\"><img decoding=\"async\" class=\"alignnone \" src=\"https:\/\/farm2.staticflickr.com\/1714\/24546896301_6d7b068f62.jpg\" alt=\"DSCN0557\" \/><\/a><\/p>\n<p align=\"JUSTIFY\">Aujourd&rsquo;hui, nous allons \u00e0 la rocade malgr\u00e9 la pluie !<\/p>\n<p align=\"JUSTIFY\">Nous arrivons \u00e0 14h30, Laura, Ana, Tito et moi-m\u00eame (S\u00e9bastien) pour la permanence. Nous installons les tentes accompagn\u00e9s d&rsquo;Eric, Frank et Jessica.<\/p>\n<p align=\"JUSTIFY\"><a title=\"DSCN0567\" href=\"http:\/\/www.flickr.com\/photos\/100872287@N06\/24000977074\"><img decoding=\"async\" class=\"alignnone \" src=\"https:\/\/farm2.staticflickr.com\/1509\/24000977074_9b46b2a359.jpg\" alt=\"DSCN0567\" \/><\/a><\/p>\n<p align=\"JUSTIFY\">Tr\u00e8s vite, nous nous mettons \u00e0 la cuisine car Laura veut faire des g\u00e2teaux pour le go\u00fbter ! Des enfants nous rejoignent et partent faire du foot et un puissance 4 g\u00e9ant.<\/p>\n<p align=\"JUSTIFY\"><a title=\"DSCN0578\" href=\"http:\/\/www.flickr.com\/photos\/100872287@N06\/24333568020\"><img decoding=\"async\" class=\"alignnone \" src=\"https:\/\/farm2.staticflickr.com\/1566\/24333568020_24d1135b4b.jpg\" alt=\"DSCN0578\" \/><\/a><\/p>\n<p align=\"JUSTIFY\">Nous prenons avec plaisir le temps de discuter avec les parents, ce fut un moment tr\u00e8s agr\u00e9able.<\/p>\n<p align=\"JUSTIFY\">Entre 16h et 16h30, d&rsquo;autres enfants nous rejoignent et le reste de l&rsquo;\u00e9quipe arrive (Nicolae et Badr).<\/p>\n<p align=\"JUSTIFY\"><em><strong>Malheureusement, \u00e0 cause de la pluie les ateliers sont compromis et seuls les courageux continuent \u00e0 faire du foot pendant que les autres continuent la cuisine<\/strong><\/em> (le chocolat chaud) et discutent tranquillement tout en faisant un jeu avec les enfants venus sous la tente.<\/p>\n<p align=\"JUSTIFY\"><a title=\"DSCN0587\" href=\"http:\/\/www.flickr.com\/photos\/100872287@N06\/24333563850\"><img decoding=\"async\" class=\"alignnone \" src=\"https:\/\/farm2.staticflickr.com\/1494\/24333563850_fabed5470d.jpg\" alt=\"DSCN0587\" \/><\/a><\/p>\n<p align=\"JUSTIFY\">Nous prenons ensuite le go\u00fbter tous ensemble, tout se passe plut\u00f4t bien et nous rangeons rapidement pour ne pas \u00eatre trop mouill\u00e9s !<\/p>\n<p align=\"JUSTIFY\"><a title=\"DSCN0579\" href=\"http:\/\/www.flickr.com\/photos\/100872287@N06\/24520761112\"><img decoding=\"async\" class=\"alignnone \" src=\"https:\/\/farm2.staticflickr.com\/1605\/24520761112_d0d98da1dd.jpg\" alt=\"DSCN0579\" \/><\/a><\/p>\n<p><strong><span style=\"color: #ff0000\">Jeudi, Atelier du Skate-parc<\/span><\/strong><\/p>\n<p>Zo\u00e9, Sana, Ana, Nicolae, Dominik (kesay Chavey), yvan, duchko, genica et sebastian<\/p>\n<p><a title=\"100_4189\" href=\"http:\/\/www.flickr.com\/photos\/100872287@N06\/24333524290\"><img decoding=\"async\" class=\"alignnone \" src=\"https:\/\/farm2.staticflickr.com\/1473\/24333524290_a3723b5474.jpg\" alt=\"100_4189\" \/><\/a><\/p>\n<p>Nous somme arriv\u00e9s au Skate-parc au moment ou les enfants sortaient, donc nous avons commenc\u00e9 \u00e0 nous installer pendant que les Kesay Tchav\u00e9 faisaient de la musique et chantaient. <em><strong>\u00c7a a intrigu\u00e9 les enfants et les parents qui se sont approch\u00e9s pour les regarder.<\/strong><\/em><\/p>\n<p><a title=\"100_4204\" href=\"http:\/\/www.flickr.com\/photos\/100872287@N06\/24546854791\"><img decoding=\"async\" class=\"alignnone \" src=\"https:\/\/farm2.staticflickr.com\/1530\/24546854791_860dc5e365.jpg\" alt=\"100_4204\" \/><\/a><br \/>\nAna et Sana s&rsquo;occupaient de la petite enfance et de l&rsquo;atelier coloriage, ainsi que la fabrication de colliers et bracelets de perles, elles \u00e9taient entour\u00e9es de beaucoup de petites filles.<\/p>\n<p><a title=\"100_4205\" href=\"http:\/\/www.flickr.com\/photos\/100872287@N06\/24546852581\"><img decoding=\"async\" class=\"alignnone \" src=\"https:\/\/farm2.staticflickr.com\/1583\/24546852581_fee25af276.jpg\" alt=\"100_4205\" \/><\/a><br \/>\nZo\u00e9 s&rsquo;occupait de l&rsquo;atelier badminton qui a int\u00e9ress\u00e9 beaucoup d&rsquo;enfants, il a fallu faire un roulement parce qu&rsquo;il n&rsquo;y avait que 2 raquettes et que tout le monde voulait jouer en m\u00eame temps\u00a0!<\/p>\n<p><a title=\"100_4180\" href=\"http:\/\/www.flickr.com\/photos\/100872287@N06\/24333526940\"><img decoding=\"async\" class=\"alignnone \" src=\"https:\/\/farm2.staticflickr.com\/1599\/24333526940_85d5c2cf1e.jpg\" alt=\"100_4180\" \/><\/a><\/p>\n<p>Les Kesay Tchav\u00e9 ont dans\u00e9 et jou\u00e9 de la musique tout le long, et ont essay\u00e9 de faire danser les petits, \u00e7a a vraiment donn\u00e9 beaucoup d&rsquo;ambiance \u00e0 l&rsquo;atelier\u00a0!<br \/>\nUne fois les ateliers rang\u00e9s nous avons demand\u00e9 aux enfants de s&rsquo;asseoir en rond et chacun leur tour ils ont pu dire ce qu&rsquo;ils avaient aim\u00e9 faire aujourd&rsquo;hui et qu&rsquo;est ce qu&rsquo;ils aimeraient pour la prochaine fois\u00a0! Puis distribution du gouter pour tout le monde avant de rentrer\u00a0!<\/p>\n<p><a title=\"100_4206\" href=\"http:\/\/www.flickr.com\/photos\/100872287@N06\/24520713112\"><img decoding=\"async\" class=\"alignnone \" src=\"https:\/\/farm2.staticflickr.com\/1499\/24520713112_124621d436.jpg\" alt=\"100_4206\" \/><\/a><\/p>\n<p><strong><span style=\"color: #ff0000\">Mercredi, atelier de Wissous\u00a0:<\/span><\/strong><\/p>\n<p><a title=\"DSCN0514\" href=\"http:\/\/www.flickr.com\/photos\/100872287@N06\/24546806731\"><img decoding=\"async\" class=\"alignnone \" src=\"https:\/\/farm2.staticflickr.com\/1571\/24546806731_dcd94977e8.jpg\" alt=\"DSCN0514\" \/><\/a><\/p>\n<p>Nous (Laura, Dominik, Ana, Fatimata, Zo\u00e9 une nouvelle stagiaire \u00e9ducatrice et Le\u00efla) sommes all\u00e9s sur le camp de Wissous. Comme il faisait tr\u00e8s froid, nous avons d\u00e9cid\u00e9 de faire des activit\u00e9s qui bougent. Apr\u00e8s avoir r\u00e9unis tous les enfants, nous sommes partis jusqu\u2019au terrain de foot. Nous avons constitu\u00e9 deux \u00e9quipes pour le football, pendant qu\u2019un autre groupe est all\u00e9 se balader dans Wissous.<\/p>\n<p><a title=\"DSCN0536\" href=\"http:\/\/www.flickr.com\/photos\/100872287@N06\/24520657752\"><img decoding=\"async\" class=\"alignnone \" src=\"https:\/\/farm2.staticflickr.com\/1497\/24520657752_4ff439fa31.jpg\" alt=\"DSCN0536\" \/><\/a><\/p>\n<p><strong>Pendant le match, les jeunes se sont bien d\u00e9pens\u00e9s et malgr\u00e9 tous leurs efforts, l\u2019\u00e9quipe des rouges a perdu\u00a0!<\/strong><\/p>\n<p><a title=\"DSCN0539\" href=\"http:\/\/www.flickr.com\/photos\/100872287@N06\/24333458640\"><img decoding=\"async\" class=\"alignnone \" src=\"https:\/\/farm2.staticflickr.com\/1492\/24333458640_39cbc2bc07.jpg\" alt=\"DSCN0539\" \/><\/a><\/p>\n<p>Nous sommes ensuite rentr\u00e9s au camp pour d\u00e9guster un bon go\u00fbter\u00a0: beignets et chocolat chaud\u00a0! Miam\u00a0! Et Laura s\u2019est occup\u00e9e de faire quelques adh\u00e9sions.<\/p>\n<p><a title=\"DSCN0527\" href=\"http:\/\/www.flickr.com\/photos\/100872287@N06\/24628999325\"><img decoding=\"async\" class=\"alignnone \" src=\"https:\/\/farm2.staticflickr.com\/1517\/24628999325_40d8aa4c28.jpg\" alt=\"DSCN0527\" \/><\/a><\/p>\n<p>Nous avons pass\u00e9s un tr\u00e8s bon apr\u00e8s-midi et sommes repartis avec le sourire\u00a0!<\/p>\n<p>A bient\u00f4t!<\/p>\n<p><span style=\"color: #ff0000\"><strong>Mercredi, Jardin de Saulx-les-Chartreux\u00a0:<\/strong><\/span><\/p>\n<p>Ouffff\u00a0\u2026\u2026..Il fait tr\u00e8s froid aujourd\u2019hui et nous, on est pr\u00eat et nous avons embarqu\u00e9 un camion plein comme un \u0153uf d\u2019enfants et d\u2019adultes pour une nouvelle s\u00e9ance au jardin, mais plus exactement nous sommes en train de mettre en place une cl\u00f4ture en palettes des parcelles et au-dessous des palettes voir aussi \u00e0 l\u2019int\u00e9rieur faire un beau m\u00fbr floral mais aussi mettre des plants aromatiques sur les bords des palettes.<\/p>\n<p><a title=\"2016-01-20 15.26.31\" href=\"http:\/\/www.flickr.com\/photos\/100872287@N06\/24000773724\"><img decoding=\"async\" class=\"alignnone \" src=\"https:\/\/farm2.staticflickr.com\/1501\/24000773724_b712091fdc.jpg\" alt=\"2016-01-20 15.26.31\" \/><\/a><\/p>\n<p>Une bonne \u00e9nergie, et beaucoup d\u2019envie nous entoure, les enfants sont contents ils jouent mais aussi veulent donner un coup de main \u00e0 la mise en place de la cl\u00f4ture.<\/p>\n<p><a title=\"2016-01-20 15.07.11\" href=\"http:\/\/www.flickr.com\/photos\/100872287@N06\/24333372580\"><img decoding=\"async\" class=\"alignnone \" src=\"https:\/\/farm2.staticflickr.com\/1623\/24333372580_b4ac504ccc.jpg\" alt=\"2016-01-20 15.07.11\" \/><\/a><\/p>\n<p>Le froid veut nous emp\u00eacher \u00e0 aller au bout de notre travail mais nous sommes beaucoup plus forts que lui et nous arrivions quand m\u00eame \u00e0 finir un bonne partie de la cl\u00f4ture.<\/p>\n<p><strong>Tout le monde a mis la main \u00e0 la patte et nous sommes toujours plus contents par le travail bien fait, car nous regardons avec plaisir et fiert\u00e9 notre d\u00e9but de \u00ab\u00a0chef d\u2019\u0153uvre\u00a0\u00bb \u00e9cologique\u00a0!<\/strong><\/p>\n<p><a title=\"2016-01-20 14.52.21\" href=\"http:\/\/www.flickr.com\/photos\/100872287@N06\/24333373210\"><img decoding=\"async\" class=\"alignnone \" src=\"https:\/\/farm2.staticflickr.com\/1612\/24333373210_2e137361e3.jpg\" alt=\"2016-01-20 14.52.21\" \/><\/a><\/p>\n<p><span style=\"color: #ff0000\">On passe maintenant tous a la table et nous nous r\u00e9jouissons d\u2019un bon et bienvenue verre de chocolat chaud et une beignet aux pommes\u00a0!<\/span><\/p>\n<blockquote><p>Ciaw\u00a0!<\/p><\/blockquote>\n<p><strong><span style=\"color: #ff0000\">Mardi, atelier Cuisine 19-01-2016<\/span><\/strong><\/p>\n<p><a title=\"DSCN0494\" href=\"http:\/\/www.flickr.com\/photos\/100872287@N06\/24261149879\"><img decoding=\"async\" class=\"alignnone \" src=\"https:\/\/farm2.staticflickr.com\/1715\/24261149879_5b7a5504fd.jpg\" alt=\"DSCN0494\" \/><\/a><\/p>\n<p>Laura et moi (Zo\u00e9 stagiaire)<\/p>\n<p><a title=\"DSCN0502 - Copie\" href=\"http:\/\/www.flickr.com\/photos\/100872287@N06\/24000725224\"><img decoding=\"async\" class=\"alignnone \" src=\"https:\/\/farm2.staticflickr.com\/1443\/24000725224_82dbc28c68.jpg\" alt=\"DSCN0502 - Copie\" \/><\/a><\/p>\n<p>Aujourd&rsquo;hui nous sommes all\u00e9s\u00a0faire les courses pour l&rsquo;atelier cuisine avec des famille. Nous avons re\u00e7u beaucoup de monde pour l&rsquo;atelier d&rsquo;aujourd&rsquo;hui, il y avait des adh\u00e9rents de notre association et aussi des adh\u00e9rents de la MJC.<\/p>\n<p><a title=\"DSCN0505\" href=\"http:\/\/www.flickr.com\/photos\/100872287@N06\/24261145699\"><img decoding=\"async\" class=\"alignnone \" src=\"https:\/\/farm2.staticflickr.com\/1504\/24261145699_643af91156.jpg\" alt=\"DSCN0505\" \/><\/a><\/p>\n<p>Nous avons d\u00e9cid\u00e9 de faire des beignets \u00e0 la compote de pomme, et un g\u00e2teau pour le d\u00e9part de Pascal (permanent \u00e0 MJC). Tout le monde a particip\u00e9 \u00e0 la pr\u00e9paration de la p\u00e2te, de la compote, etc&#8230; L&rsquo;ambiance entre tout le monde \u00e9tait nickel ! A la fin de la pr\u00e9paration nous avons pris ensemble un petit gouter avec th\u00e9 chaud. Et pour finir nous avons tout rang\u00e9 ensemble.<\/p>\n<p>&nbsp;<\/p>\n<p><a title=\"DSCN0495\" href=\"http:\/\/www.flickr.com\/photos\/100872287@N06\/24628853615\"><img decoding=\"async\" class=\"alignnone \" src=\"https:\/\/farm2.staticflickr.com\/1557\/24628853615_d1c3098e6a.jpg\" alt=\"DSCN0495\" \/><\/a><\/p>\n","protected":false},"excerpt":{"rendered":"<p>Nos exp\u00e9riences de P\u00e9dagogie sociale nous mettent devant des r\u00e9alit\u00e9s qui \u00a0nous d\u00e9concertent. Comment se fait il que , dans le cadre de nos actions, nous voyons \u00a0comment des professionnels, des groupes, et m\u00eame des personnes en tr\u00e8s grande fragilit\u00e9, d\u00e9montrent des comp\u00e9tences sociales et psychosociales \u00e9tonnantes? Alors que ces m\u00eames personnes, en dehors de &hellip; <a href=\"https:\/\/recherche-action.fr\/intermedes\/2016\/01\/24\/le-mythe-des-competences-individuelles\/\" class=\"more-link\">Continuer la lecture<span class=\"screen-reader-text\"> de &laquo;&nbsp;Le mythe des comp\u00e9tences individuelles&nbsp;&raquo;<\/span><\/a><\/p>\n","protected":false},"author":1,"featured_media":0,"comment_status":"open","ping_status":"open","sticky":false,"template":"","format":"standard","meta":{"footnotes":""},"categories":[1],"tags":[],"class_list":["post-5320","post","type-post","status-publish","format-standard","hentry","category-non-classe"],"jetpack_featured_media_url":"","_links":{"self":[{"href":"https:\/\/recherche-action.fr\/intermedes\/wp-json\/wp\/v2\/posts\/5320","targetHints":{"allow":["GET"]}}],"collection":[{"href":"https:\/\/recherche-action.fr\/intermedes\/wp-json\/wp\/v2\/posts"}],"about":[{"href":"https:\/\/recherche-action.fr\/intermedes\/wp-json\/wp\/v2\/types\/post"}],"author":[{"embeddable":true,"href":"https:\/\/recherche-action.fr\/intermedes\/wp-json\/wp\/v2\/users\/1"}],"replies":[{"embeddable":true,"href":"https:\/\/recherche-action.fr\/intermedes\/wp-json\/wp\/v2\/comments?post=5320"}],"version-history":[{"count":0,"href":"https:\/\/recherche-action.fr\/intermedes\/wp-json\/wp\/v2\/posts\/5320\/revisions"}],"wp:attachment":[{"href":"https:\/\/recherche-action.fr\/intermedes\/wp-json\/wp\/v2\/media?parent=5320"}],"wp:term":[{"taxonomy":"category","embeddable":true,"href":"https:\/\/recherche-action.fr\/intermedes\/wp-json\/wp\/v2\/categories?post=5320"},{"taxonomy":"post_tag","embeddable":true,"href":"https:\/\/recherche-action.fr\/intermedes\/wp-json\/wp\/v2\/tags?post=5320"}],"curies":[{"name":"wp","href":"https:\/\/api.w.org\/{rel}","templated":true}]}}