{"id":5328,"date":"2016-01-31T11:21:44","date_gmt":"2016-01-31T10:21:44","guid":{"rendered":"http:\/\/recherche-action.fr\/intermedes\/?p=5328"},"modified":"2016-01-31T11:21:44","modified_gmt":"2016-01-31T10:21:44","slug":"misere-de-la-politique-politique-de-la-misere","status":"publish","type":"post","link":"https:\/\/recherche-action.fr\/intermedes\/2016\/01\/31\/misere-de-la-politique-politique-de-la-misere\/","title":{"rendered":"Mis\u00e8re de la politique &#8211; Politique de la mis\u00e8re"},"content":{"rendered":"<p><span style=\"color: #ff0000\"><strong>Mis\u00e9rable politique \u00a0<\/strong><\/span><\/p>\n<p>L&rsquo;\u00e9tat de mis\u00e8re de notre syst\u00e8me politique n&rsquo;est\u00a0plus \u00e0 d\u00e9montr\u00e9. Il est exsangue de toute part et nous assistons, sid\u00e9r\u00e9s \u00e0 son pourrissement progressif en nous demandant comment cela pourra bien finir.<\/p>\n<p>Mais il est un lien qui passe plus inaper\u00e7u entre l&rsquo;instauration, la g\u00e9n\u00e9ralisation, la production de la mis\u00e8re de masse dans notre soci\u00e9t\u00e9 et la mis\u00e8re elle m\u00eame de la politique qu&rsquo;on nous inflige et qui nous est donn\u00e9e en spectacle par des dirigeants qui naviguent \u00e0 vue.<\/p>\n<p><a title=\"DSCN2282\" href=\"http:\/\/www.flickr.com\/photos\/139937904@N08\/24747286436\"><img decoding=\"async\" class=\"alignnone \" src=\"https:\/\/farm2.staticflickr.com\/1709\/24747286436_3a332f73dc.jpg\" alt=\"DSCN2282\" \/><\/a><\/p>\n<p><span style=\"color: #ff0000\"><strong>Politique de production de la mis\u00e8re<\/strong><\/span><\/p>\n<p>Politique de production de Cette mis\u00e8re politique que nous vivons , qui engendre d\u00e9couragement, abandon, refuge et repli dans l&rsquo;individualisme est aussi une usine \u00e0 produire la mis\u00e8re. La production de la mis\u00e8re assure en effet les dirigeants et tous ceux qui trouvent int\u00e9r\u00eat au fonctionnement actuel de notre soci\u00e9t\u00e9, de l&rsquo;anesth\u00e9sie du corps social, en proie \u00e0 toutes les divisions, les \u00ab\u00a0sauve qui peut\u00a0\u00bb , et les peurs qui arrangent. Produire un corps social pr\u00e9caire et d\u00e9sorganis\u00e9, augmente la demande de protection, de s\u00e9curit\u00e9, la recherche d&rsquo;un pouvoir fort et rassurant \u00e0 d\u00e9faut d&rsquo;\u00eatre protecteur.<\/p>\n<p>L&rsquo;administration des mis\u00e9reux est en marche. ceux ci ont le m\u00eame rapport avec la politique que les anciens indig\u00e8nes pouvaient avoir avec les administrations colonisatrices. le mod\u00e8le est\u00a0le m\u00eame : inf\u00e9riorit\u00e9 de statut et de droits, d\u00e9pendance, d\u00e9possession de soi, ill\u00e9gitimit\u00e9 de toute action ou initiative locale non command\u00e9e de puis le \u00ab\u00a0haut\u00a0\u00bb, \u00a0et identit\u00e9 exclusivement d\u00e9finie de l&rsquo;ext\u00e9rieur, selon des crit\u00e8res de plus en plus ouvertement ethniques.<\/p>\n<p>L&rsquo;instauration de la mis\u00e8re produit \u00e9galement bien entendu des sources d&rsquo;\u00e9conomie et de profits qui nourrissent encore plus la partition et les in\u00e9galit\u00e9s dans notre soci\u00e9t\u00e9 et qui en constituent la motivation profonde, comme le danger le plus imm\u00e9diat pour la simple coh\u00e9sion sociale.<\/p>\n<p><span style=\"color: #ff0000\"><strong>Qu&rsquo;est ce qu&rsquo;\u00eatre mis\u00e9rable?<\/strong><\/span><\/p>\n<p>Qui sont les nouveaux mis\u00e9rables du XXI\u00e8me si\u00e8cle? Autrement dit quels mis\u00e9rables allons nous devenir ou pouvons nous \u00eatre? Etre mis\u00e9rable est un m\u00e9lange de stigmates li\u00e9s au statut de non reconnaissance et d&rsquo;inf\u00e9riorit\u00e9 qu&rsquo;on subit et que l&rsquo;on porte sur soi, et des violences sociales que l&rsquo;on subit de l&rsquo;ext\u00e9rieur.<\/p>\n<p>Etre mis\u00e9rable c&rsquo;est subir et souffrir une double violence, \u00e0 la fois inscrite sur soi et en soi et re\u00e7ue de l&rsquo;ext\u00e9rieur, sous forme de pr\u00e9carit\u00e9 envahissant tous les aspects de la vie personnelle et collective.<\/p>\n<p><span style=\"color: #ff0000\"><strong>Etre mis\u00e9rable c&rsquo;est conna\u00eetre l&rsquo;exp\u00e9rience\u00a0d&rsquo;une double punition:\u00a0<\/strong><\/span><\/p>\n<ul>\n<li>Etre moins prot\u00e9g\u00e9 que les autres<\/li>\n<li>Subir plus de violences que les autres.<\/li>\n<\/ul>\n<p>L&rsquo;un sans l&rsquo;autre , ne suffirait pas \u00e0 conna\u00eetre la mis\u00e8re; il y faut les deux. C&rsquo;est \u00e0 dire la rencontre entre une mis\u00e8re initiale, programm\u00e9e, collective et historique, avec une histoire individuelle de d\u00e9liaison, d&rsquo;\u00e9checs et de ruptures.<\/p>\n<p><span style=\"color: #ff0000\"><strong>Etat d&rsquo;urgence sociale<\/strong><\/span><\/p>\n<p>Comme l&rsquo;ont exprim\u00e9 r\u00e9cemment de nombreuses grandes associations du social soucieuses de jouer un r\u00f4le de lanceur d&rsquo;alerte, nous vivons aujourd&rsquo;hui dans les quartiers, les villes et bidonvilles, un v\u00e9ritable Etat d&rsquo;urgence sociale. Nul doute que l&rsquo;autre Etat d&rsquo;urgence , militaire et policier, n&rsquo; a pas d&rsquo;autre fonction que de pallier et neutraliser cet \u00e9tat d&rsquo;urgence premier , en perp\u00e9tuelle expansion.<\/p>\n<p><span style=\"color: #ff0000\"><strong>Produire la r\u00e9silience sociale et collective<\/strong><\/span><\/p>\n<p>Dans un tel contexte que peut le travail \u00e9ducatif et social? De quel Etat d&rsquo;urgence allons nous \u00eatre partie prenante? Il est possible que le clivage dans le secteur social devienne\u00a0\u00a0rapidement plus abrupt qu&rsquo;ailleurs, obligeant chacun \u00e0 prendre des positions claires.<\/p>\n<p>La P\u00e9dagogie sociale est action sociale \u00a0pour une \u00e9poque de mis\u00e8re; de ce fait, elle est intrins\u00e8quement politique.<\/p>\n<p>Ses ressorts sont doubles: produire partout o\u00f9 il est besoin et o\u00f9 pleut la violence sociale, institutionnelle, politique, \u00e9conomique et administrative:<\/p>\n<ul>\n<li>des s\u00e9curit\u00e9s affectives, sociales, personnelles\u00a0et\u00a0collectives ,<\/li>\n<li>de l&rsquo;organisation , du travail, de l&rsquo;expression et de la manifestation publique et personnelle.<\/li>\n<\/ul>\n<p>Partout, il s&rsquo;agit de remplacer l&rsquo;enfermement par la f\u00eate, la d\u00e9possession par l&rsquo;appropriation, le silence par l&rsquo;expression.<\/p>\n<p>&nbsp;<\/p>\n<p><span style=\"color: #ff0000\"><strong>Dimanche : Assembl\u00e9e G\u00e9n\u00e9rale de l&rsquo;Association<\/strong><\/span><\/p>\n<p>Ce dimanche , c&rsquo;\u00e9tait notre assembl\u00e9e g\u00e9n\u00e9rale. L&rsquo;occasion de faire un point d&rsquo;\u00e9tape, de reprendre l&rsquo;histoire des Robinsons, d&rsquo;envisager l&rsquo;avenir.<\/p>\n<p><a href=\"http:\/\/recherche-action.fr\/intermedes\/files\/2016\/01\/IMG_7576-e1454606421777.jpg\" rel=\"attachment wp-att-5349\"><img fetchpriority=\"high\" decoding=\"async\" class=\"aligncenter size-full wp-image-5349\" src=\"http:\/\/recherche-action.fr\/intermedes\/files\/2016\/01\/IMG_7576-e1454606421777.jpg\" alt=\"IMG_7576\" width=\"640\" height=\"480\" \/><\/a><\/p>\n<p>A l&rsquo;issue des d\u00e9bats , nos bilans tant financiers que d&rsquo;activit\u00e9 ont \u00e9t\u00e9 approuv\u00e9s \u00e0 l&rsquo;unanimit\u00e9.<\/p>\n<p>Nous \u00e9tions nombreux dans le local . A l&rsquo;issue des d\u00e9bats, nous avons d\u00e9sign\u00e9 un CA renforc\u00e9 \u00e0 13 membres et un Bureau consolid\u00e9 \u00e0 8 membres, \u00e0 l&rsquo;image de notre association qui se renforce.<\/p>\n<p><span style=\"color: #ff0000\">Samedi: Atelier de Chilly Gare<\/span><\/p>\n<p><a title=\"WP_20160130_15_43_17_Pro\" href=\"http:\/\/www.flickr.com\/photos\/139937904@N08\/24773362015\"><img decoding=\"async\" class=\"alignnone \" src=\"https:\/\/farm2.staticflickr.com\/1657\/24773362015_3e14e34caa.jpg\" alt=\"WP_20160130_15_43_17_Pro\" \/><\/a><\/p>\n<p>Nous partons sous un vent \u00e0 d\u00e9corner les b\u0153ufs au camp de Chilly afin d&rsquo;aller chercher la joyeuse compagnie\u00a0! Au vue du temps, nous d\u00e9cidons de ramener les personnes en ayant envie venir faire de la musique et de la danse au local.<\/p>\n<p>Des adultes et quelques jeunes se joignent a nous super motiv\u00e9\u00a0!<\/p>\n<p>Nous jouons de la guitare, de la batterie, des percussions et beaucoup nous interpr\u00e8tes des chansons roumaines.<\/p>\n<p><a title=\"WP_20160130_16_15_24_Pro\" href=\"http:\/\/www.flickr.com\/photos\/139937904@N08\/24747129206\"><img decoding=\"async\" class=\"alignnone \" src=\"https:\/\/farm2.staticflickr.com\/1458\/24747129206_7b40a01b00.jpg\" alt=\"WP_20160130_16_15_24_Pro\" \/><\/a><\/p>\n<p>Pendant ce temps, trois jeunes femme viennent \u00e9couter de la musique et souhaite surtout pr\u00e9parer des cr\u00eapes pour le go\u00fbter.<\/p>\n<p><em><strong>Un autre groupe de jeunes est pr\u00e9sent pour faire de la musique et tous ensemble ils jouent du rock, du hip-hop des musiques traditionnelles&#8230;<\/strong><\/em><\/p>\n<p><a title=\"WP_20160130_15_57_34_Pro\" href=\"http:\/\/www.flickr.com\/photos\/139937904@N08\/24405705939\"><img decoding=\"async\" class=\"alignnone \" src=\"https:\/\/farm2.staticflickr.com\/1541\/24405705939_8e0203e935.jpg\" alt=\"WP_20160130_15_57_34_Pro\" \/><\/a><\/p>\n<p style=\"text-align: left\" align=\"CENTER\">Nous avons tous profiter de cette super apr\u00e8s-midi ensemble et l&rsquo;a terminons en d\u00e9gustant de bonnes cr\u00eapes.<\/p>\n<p><strong><span style=\"color: #ff0000\">Samedi: Atelier de la Villa Saint Martin<\/span><\/strong><\/p>\n<p>Ouf\u2026. Quelle pluvieuse journ\u00e9e, le vent bat tr\u00e8s fort, il fait tr\u00e8s froid, mais les Robinson sont pr\u00e9sent \u00e0 l\u2019heure de rendez-vous, et la a l\u2019horizon 2 et puis trois gamins qui sont venus nous aider \u00e0 installer la tente sous la pluie et puis avec Sana les filles ont commenc\u00e9 \u00e0 faire un peu de rangement dans les jouets et jeux et plus tard ont commenc\u00e9 les perles et les bracelets br\u00e9siliens .<a title=\"IMAG0056\" href=\"http:\/\/www.flickr.com\/photos\/139937904@N08\/24679833871\"><img decoding=\"async\" class=\"alignnone \" src=\"https:\/\/farm2.staticflickr.com\/1614\/24679833871_e5c66b47de.jpg\" alt=\"IMAG0056\" \/><\/a><\/p>\n<p><strong>Cependant Abdel a fait un grand nettoyage dans la cave de l\u2019association.<\/strong><\/p>\n<p>Nicolae et Sebastian avec Anna ,Tim\u00e9o, Mathis et Ayoub ont fait un grand foot sous la pluie et puis \u00ab\u00a0le chat \u00ab\u00a0 pour ne pas avoir trop froid\u00a0!<\/p>\n<p><a title=\"IMAG0059\" href=\"http:\/\/www.flickr.com\/photos\/139937904@N08\/24477805050\"><img decoding=\"async\" class=\"alignnone \" src=\"https:\/\/farm2.staticflickr.com\/1667\/24477805050_dda98219f4.jpg\" alt=\"IMAG0059\" \/><\/a><\/p>\n<p>L\u2019heure du go\u00fbter arrive et nous restons assises pour en profiter\u00a0!<\/p>\n<p><a title=\"IMAG0071\" href=\"http:\/\/www.flickr.com\/photos\/139937904@N08\/24477802520\"><img decoding=\"async\" class=\"alignnone \" src=\"https:\/\/farm2.staticflickr.com\/1595\/24477802520_9744e324ba.jpg\" alt=\"IMAG0071\" \/><\/a><\/p>\n<p>Ciaw<\/p>\n<p style=\"text-align: left\" align=\"CENTER\"><strong><span style=\"color: #ff0000\">Samedi: Atelier de l&rsquo;h\u00f4tel Formule 1<\/span><\/strong><\/p>\n<p style=\"text-align: left\" align=\"CENTER\"><a title=\"100_4292\" href=\"http:\/\/www.flickr.com\/photos\/139937904@N08\/24146530833\"><img decoding=\"async\" class=\"alignnone \" src=\"https:\/\/farm2.staticflickr.com\/1707\/24146530833_a37e3582f1.jpg\" alt=\"100_4292\" \/><\/a><\/p>\n<p align=\"LEFT\">Personnes pr\u00e9sentes: Audrey (service civique); Kenzy (animateur socio-culturel); Fatimata (p\u00e9dagogue social); Badr (stagiaire en \u00e9ducation sp\u00e9cialis\u00e9e)<\/p>\n<p align=\"LEFT\">La m\u00e9t\u00e9o ne permettant pas de faire notre atelier \u00e0 l&rsquo;h\u00f4tel, nous avons donc ramen\u00e9 les enfants ainsi qu&rsquo;une m\u00e8re de famille au local de l&rsquo;association. Si l&rsquo;association ne peut pas aller \u00e0 l&rsquo;h\u00f4tel alors l&rsquo;h\u00f4tel viendra \u00e0 l&rsquo;association.<\/p>\n<p align=\"LEFT\"><a title=\"100_4296\" href=\"http:\/\/www.flickr.com\/photos\/139937904@N08\/24477858700\"><img decoding=\"async\" class=\"alignnone \" src=\"https:\/\/farm2.staticflickr.com\/1453\/24477858700_5b0de56e5f.jpg\" alt=\"100_4296\" \/><\/a><\/p>\n<p align=\"LEFT\">Au local une partie soutenue de \u00ab\u00a0Qui est ce?\u00a0\u00bb oppos\u00e9 Audrey \u00e0 un enfant, sur une autre table Kenzy et Badr jouaient \u00e0 tous les jeux de cartes possibles et imaginables avec trois enfants. Suspens garanti&#8230; <strong>Fatimata jouait au Wembele avec la m\u00e8re de famille, le jeu n&rsquo;a jamais \u00e9t\u00e9 aussi passionnant.<\/strong><\/p>\n<p align=\"LEFT\"><a title=\"100_4288\" href=\"http:\/\/www.flickr.com\/photos\/139937904@N08\/24146531693\"><img decoding=\"async\" class=\"alignnone \" src=\"https:\/\/farm2.staticflickr.com\/1580\/24146531693_7d44a61ee6.jpg\" alt=\"100_4288\" \/><\/a><\/p>\n<p align=\"LEFT\">Apr\u00e8s les activit\u00e9s le go\u00fbter! Tartine de confiture (fraise et abricot) accompagn\u00e9 d&rsquo;un bon chocolat chaud; s&rsquo;ensuit pour les enfants du dessin et des jeux de voitures. D&rsquo;ailleurs en parlant de voiture Kenzy a raccompagn\u00e9 tout le monde \u00e0 l\u2019h\u00f4tel lorsque la journ\u00e9e fut finie.<\/p>\n<p align=\"LEFT\"><a title=\"100_4285\" href=\"http:\/\/www.flickr.com\/photos\/139937904@N08\/24773387625\"><img decoding=\"async\" class=\"alignnone \" src=\"https:\/\/farm2.staticflickr.com\/1472\/24773387625_e489a47e85.jpg\" alt=\"100_4285\" \/><\/a><\/p>\n<p><span style=\"color: #ff0000\">Vendredi: Atelier de La Rocade<\/span><\/p>\n<p>Arriv\u00e9 \u00e0 la rocade, le mat\u00e9riel install\u00e9, quelques adultes viennent nous rejoindre. Nous, nous asseyons autour d\u2019une table pour discuter et boire un th\u00e9. Nous cherchons des musiques que nous connaissons pour chanter et nous nous disons que la prochaine fois on aimerait bien faire un karaok\u00e9. Des enfants arrivent et s\u2019installent sous une tente pour faire des scoubidous et plein de desseins\u00a0!<\/p>\n<p><a title=\"DSCN2291\" href=\"http:\/\/www.flickr.com\/photos\/139937904@N08\/24428729769\"><img decoding=\"async\" class=\"alignnone \" src=\"https:\/\/farm2.staticflickr.com\/1480\/24428729769_d964a82eab.jpg\" alt=\"DSCN2291\" \/><\/a><\/p>\n<p>Pendant ce temps, d\u2019autres enfants nous rejoignent Nous faisons une grande partie de chat perch\u00e9 et nous avons bien couru\u00a0! Les enfants sont aussi tr\u00e8s int\u00e9ress\u00e9 par la Slack-Line La grande corde plate est tendu entre deux poteaux et les enfants font les \u00e9quilibristes et tente de la travers\u00e9. Chacun leur tour, ils se concentrent et arrivent \u00e0 trouver leur \u00e9quilibre pour marcher dessus.<\/p>\n<p><a title=\"DSCN2310\" href=\"http:\/\/www.flickr.com\/photos\/139937904@N08\/24168235504\"><img decoding=\"async\" class=\"alignnone \" src=\"https:\/\/farm2.staticflickr.com\/1580\/24168235504_8d80b3b11f.jpg\" alt=\"DSCN2310\" \/><\/a><\/p>\n<p><strong><span style=\"color: #0000ff\">Tout le monde nous aide \u00e0\u00a0ranger le mat\u00e9riel et nous nous asseyons en cercle pour prendre le gouter tous ensemble.<\/span><\/strong> C\u2019est le moment o\u00f9 chacun peut dire ce qu\u2019il aime ou n\u2019aime pas faire et bien sur ce qu\u2019il souhaitera que l\u2019on fasse ensemble.<\/p>\n<p><a title=\"DSCN2312\" href=\"http:\/\/www.flickr.com\/photos\/139937904@N08\/24500866350\"><img decoding=\"async\" class=\"alignnone \" src=\"https:\/\/farm2.staticflickr.com\/1545\/24500866350_7a4b8a80a9.jpg\" alt=\"DSCN2312\" \/><\/a><\/p>\n<p>Nous nous disons \u00ab\u00a0au revoir et a la semaine prochaine\u00a0\u00bb ou \u00ab\u00a0 a ce soir\u00a0\u00bb pour ceux qui viennent profiter de la soir\u00e9e conviviale avec nous.<\/p>\n<p><strong><span style=\"color: #ff0000\">Vendredi : Atelier du camps de Champlan<\/span><\/strong><\/p>\n<p><a title=\"100_4240\" href=\"http:\/\/www.flickr.com\/photos\/139937904@N08\/24679964621\"><img decoding=\"async\" class=\"alignnone \" src=\"https:\/\/farm2.staticflickr.com\/1558\/24679964621_93b5178267.jpg\" alt=\"100_4240\" \/><\/a><\/p>\n<p><em><span style=\"color: #0000ff\">Aujourd&rsquo;hui nous c&rsquo;est en bonne compagnie que nous arrivons \u00e0 l&rsquo;atelier. En effet, en plus de Dominik, qui est en service civique, Douchko, musicien membre des Kesa\u00ef, et Yohan, musicien ,\u00a0nous accompagnent, pour rythmer l&rsquo;atelier de danse.<\/span><\/em> Comme les derni\u00e8res fois, les enfants ne sont pas tous revenues de l&rsquo;\u00e9cole, mais cela ne nous emp\u00eache pas de commencer l&rsquo;atelier, car de nombreux enfants sont tout m\u00eame d\u00e9j\u00e0 l\u00e0 et attendent de pied ferme l&rsquo;atelier de danse. Dominik lance la musique sur l&rsquo;enceinte portable, et nous apprenons de nouveaux pas de danse, a l&rsquo;aide de Douchko, qui peut nous les expliquer en fran\u00e7ais.<\/p>\n<p><a title=\"100_4237\" href=\"http:\/\/www.flickr.com\/photos\/139937904@N08\/24405815579\"><img decoding=\"async\" class=\"alignnone \" src=\"https:\/\/farm2.staticflickr.com\/1690\/24405815579_d10a68a5f4.jpg\" alt=\"100_4237\" \/><\/a><\/p>\n<p>Au bout d&rsquo;un moment, l&rsquo;enceinte se coupe, \u00e0 court de batterie. Qu&rsquo;a cela ne tienne, les musiciens enchaines, et entonnes p\u00e8le m\u00eale des air tsigane, roumain, italien&#8230; Chacun \u00e0 l&rsquo;occasion de mettre en pratique ce qu&rsquo;il a appris en d\u00e9but d&rsquo;atelier, et c&rsquo;est une vrai qui finalement s&rsquo;improvise sur la place centrale du camp.<\/p>\n<p><a title=\"100_4273\" href=\"http:\/\/www.flickr.com\/photos\/139937904@N08\/24146610223\"><img decoding=\"async\" class=\"alignnone \" src=\"https:\/\/farm2.staticflickr.com\/1487\/24146610223_b7b401874c.jpg\" alt=\"100_4273\" \/><\/a><\/p>\n<p><strong>Les voisins qui nous regardaient de loin ne tardent pas \u00e0 nous rejoindre et tous ensemble nous dansons et chantons. Vient d\u00e9j\u00e0 l&rsquo;heure du gouter, et nous nous r\u00e9unissons sur les tapis pour partager pains au lait et chocolat chaud.<\/strong> Nous faisons ensuite le tour du camps pour distribuer des denr\u00e9e offertes par l&rsquo;association REVIVRE avec laquelle nous avons r\u00e9cemment entam\u00e9 un partenariat. Il est d\u00e9j\u00e0 l&rsquo;heure de partir, et chacun se dit au revoir, au son de l&rsquo;accord\u00e9on et de la guitare qui r\u00e9sonnent encore dans nos oreilles sur le chemin du retour.<\/p>\n<p><strong><span style=\"color: #ff0000\">Jeudi: Atelier du\u00a0 Skate-Park<\/span><\/strong><\/p>\n<p><a title=\"DSCN2261\" href=\"http:\/\/www.flickr.com\/photos\/139937904@N08\/24477981750\"><img decoding=\"async\" class=\"alignnone \" src=\"https:\/\/farm2.staticflickr.com\/1551\/24477981750_66c789dea0.jpg\" alt=\"DSCN2261\" \/><\/a><\/p>\n<p>Aujourd&rsquo;hui l&rsquo;atelier est plein \u00e0 craqu\u00e9! Entre l&rsquo;atelier de p\u00e2te \u00e0 modeler, les perles et la petites enfance, on est \u00e0 l&rsquo;\u00e9troit sur les tapis, du coup un petit groupe part jouer au basket sur le terrain \u00e0 cot\u00e9. De nombreux parents sont \u00e9galement pr\u00e9sent et discute en buvant un th\u00e9 autour de l&rsquo;atelier. Une maman anime l&rsquo;atelier de badminton.<\/p>\n<p><a title=\"DSCN2264\" href=\"http:\/\/www.flickr.com\/photos\/139937904@N08\/24680004701\"><img decoding=\"async\" class=\"alignnone \" src=\"https:\/\/farm2.staticflickr.com\/1520\/24680004701_5c435e88f4.jpg\" alt=\"DSCN2264\" \/><\/a><\/p>\n<p>Une fois l&rsquo;atelier sur son rythme de croisi\u00e8re, Dominik entre en sc\u00e8ne et nous entamons quelques pas de danse. Quelques t\u00e9m\u00e9raires se joignent \u00e0 nous, mais la plus part nous observe timidement.<\/p>\n<p>Dominik nous apprend 3 pas de danse diff\u00e9rent, du plus simple au plus compliqu\u00e9.<\/p>\n<p><a title=\"DSCN2282\" href=\"http:\/\/www.flickr.com\/photos\/139937904@N08\/24747286436\"><img decoding=\"async\" class=\"alignnone \" src=\"https:\/\/farm2.staticflickr.com\/1709\/24747286436_3a332f73dc.jpg\" alt=\"DSCN2282\" \/><\/a><\/p>\n<p>C&rsquo;est la fin de l&rsquo;atelier, et nous nous r\u00e9unissons pour faire le gouter ainsi qu&rsquo;un tour de tapis des avis sur l&rsquo;atelier d&rsquo;aujourd&rsquo;hui, ainsi que sur ce que les enfants veulent faire la semaine suivante.<\/p>\n<p><a title=\"DSCN2286\" href=\"http:\/\/www.flickr.com\/photos\/139937904@N08\/24405853449\"><img decoding=\"async\" class=\"alignnone \" src=\"https:\/\/farm2.staticflickr.com\/1682\/24405853449_4c4048d5ff.jpg\" alt=\"DSCN2286\" \/><\/a><\/p>\n<p><strong><span style=\"color: #ff0000\">Mercredi: Atelier de Wissous<\/span><\/strong><\/p>\n<p>Les tapis color\u00e9s et les caisses de jeux et d\u2019instruments de musique dans les bras nous arrivons au bidonville de Balloche. Il n\u2019y a personne dehors quand nous arrivons, nous faisons le tour du camp et lorsqu\u2019ils nous voient les enfants se pr\u00e9cipitent pour venir jouer. Il y a de moins en moins de famille sur le terrain.<\/p>\n<p>Un groupe d\u2019enfants s\u2019installent sur les tapis, vident les caisses de Kapla et on peut voir de grandes tour de kapla se construire. Elles sont m\u00eame plus grandes que les enfants\u00a0! De plus en plus d\u2019enfants viennent jouer au kapla et essayer de faire de grande tour et comprendre comment les faire tenir le plus possible.<\/p>\n<p><a title=\"DSCN2183\" href=\"http:\/\/www.flickr.com\/photos\/139937904@N08\/24146799793\"><img decoding=\"async\" class=\"alignnone \" src=\"https:\/\/farm2.staticflickr.com\/1702\/24146799793_c665b70ff1.jpg\" alt=\"DSCN2183\" \/><\/a><\/p>\n<p>Pendant ce temps, un autre groupe d\u2019enfants et de jeunes se mettent \u00e0 faire de la musique. Cela commence par des rythmes de tambourin Ensuite, tout le monde se met \u00e0 chanter des chansons en roumains et \u00e9videmment \u00ab\u00a0Jean petit qui danse\u00a0\u00bb\u00a0! <strong><span style=\"color: #0000ff\">Dominique (notre service civique du groupe des Kesaj Tchave) invite les enfants \u00e0 apprendre des danses et ils y arrivent bien\u00a0!<\/span><\/strong><\/p>\n<p><strong><span style=\"color: #0000ff\"><a style=\"color: #0000ff\" title=\"DSCN2178\" href=\"http:\/\/www.flickr.com\/photos\/139937904@N08\/24146802303\"><img decoding=\"async\" class=\"alignnone \" src=\"https:\/\/farm2.staticflickr.com\/1448\/24146802303_32c6f69431.jpg\" alt=\"DSCN2178\" \/><\/a><a style=\"color: #0000ff\" title=\"DSCN2224\" href=\"http:\/\/www.flickr.com\/photos\/139937904@N08\/24655843312\"><img decoding=\"async\" class=\"alignnone \" src=\"https:\/\/farm2.staticflickr.com\/1608\/24655843312_8e461af3ca.jpg\" alt=\"DSCN2224\" \/><\/a><a style=\"color: #0000ff\" title=\"DSCN2247\" href=\"http:\/\/www.flickr.com\/photos\/139937904@N08\/24146794823\"><img decoding=\"async\" class=\"alignnone \" src=\"https:\/\/farm2.staticflickr.com\/1514\/24146794823_f0b6a498a4.jpg\" alt=\"DSCN2247\" \/><\/a><\/span><\/strong><\/p>\n<p>C\u2019est d\u00e9j\u00e0 le temps de ranger le mat\u00e9riel, et nous nous installons dehors, en cercle, pour partager le gouter\u00a0: un verre de chocolat chaud, un bon cookie maison et une orange.<\/p>\n<p><span style=\"color: #ff0000\"><strong>Mercredi: Jardin de Saulx\u00a0:<\/strong><\/span><\/p>\n<p><a title=\"SAM_7826\" href=\"http:\/\/www.flickr.com\/photos\/139937904@N08\/24773677195\"><img decoding=\"async\" class=\"alignnone \" src=\"https:\/\/farm2.staticflickr.com\/1590\/24773677195_1e7c139e8b.jpg\" alt=\"SAM_7826\" \/><\/a><\/p>\n<p>On se pr\u00e9pare pour une nouvelle s\u00e9ance de jardinage au potager des Robinson et cette fois-ci nous allons de nouveau continuer la mise en place du mur des palettes que nous sommes en train de le construire avec l\u2019aide des enfants de Champlan qui sont plein d\u2019\u00e9nergie et d\u2019envie de creuser des trous bien profonds pour qu\u2019on enterre les palettes. <strong>Un gros boulot est en train de se faire est je suis tr\u00e8s content de voir tous ce monde-l\u00e0 se r\u00e9unir et travailler ensemble pour construire quelque chose de bien\u00a0!<\/strong><\/p>\n<p><a title=\"SAM_7835\" href=\"http:\/\/www.flickr.com\/photos\/139937904@N08\/24655869362\"><img decoding=\"async\" class=\"alignnone \" src=\"https:\/\/farm2.staticflickr.com\/1494\/24655869362_1a220831d8.jpg\" alt=\"SAM_7835\" \/><\/a><\/p>\n<p>Petits et grands, on se met en place pour pouvoir avancer plus vite et pour aboutir toujours ensemble pour se relayer et construire des relations tant que ce mur en faisant mieux ensemble.<\/p>\n<p><a title=\"SAM_7840\" href=\"http:\/\/www.flickr.com\/photos\/139937904@N08\/24655867852\"><img decoding=\"async\" class=\"alignnone \" src=\"https:\/\/farm2.staticflickr.com\/1580\/24655867852_47ca3f65cb.jpg\" alt=\"SAM_7840\" \/><\/a><\/p>\n<p>Mais le cloche sonne et l\u2019heure du go\u00fbter s\u2019annonce et nous nous installons autour des tables bien contentes des moments pass\u00e9s ensemble\u00a0!<\/p>\n<p>Ciaw<\/p>\n<p><span style=\"color: #ff0000\"><strong>Mardi: Atelier de cuisine au local<\/strong><\/span><\/p>\n<p><a title=\"DSCN0636\" href=\"http:\/\/www.flickr.com\/photos\/139937904@N08\/24406073249\"><img decoding=\"async\" class=\"alignnone \" src=\"https:\/\/farm2.staticflickr.com\/1597\/24406073249_4ce605850c.jpg\" alt=\"DSCN0636\" \/><\/a><\/p>\n<p><strong>Aujourd\u2019hui, des familles nous rejoignent au local afin de pr\u00e9parer des g\u00e2teaux pour les go\u00fbter de la semaine.<\/strong> \u00c9tant donn\u00e9 qu\u2019il y a des gr\u00e8ves, quelques coll\u00e9giens se joignent \u00e0 nous.<\/p>\n<p><a title=\"DSCN0639\" href=\"http:\/\/www.flickr.com\/photos\/139937904@N08\/24655913542\"><img decoding=\"async\" class=\"alignnone \" src=\"https:\/\/farm2.staticflickr.com\/1693\/24655913542_811505c977.jpg\" alt=\"DSCN0639\" \/><\/a><\/p>\n<p>Nous d\u00e9cidons ensemble de pr\u00e9parer des cookies au chocolat pour les go\u00fbter des ateliers et de faire une grande charlotte au chocolat que nous partagerons ensemble \u00e0 la fin de la journ\u00e9e.<\/p>\n<p><a title=\"DSCN0644\" href=\"http:\/\/www.flickr.com\/photos\/139937904@N08\/24406070989\"><img decoding=\"async\" class=\"alignnone \" src=\"https:\/\/farm2.staticflickr.com\/1690\/24406070989_efd4ac6b04.jpg\" alt=\"DSCN0644\" \/><\/a><\/p>\n<p>Des \u00e9quipes m\u00e9lang\u00e9es d\u2019adultes et de jeunes se forment pour pr\u00e9parer les g\u00e2teaux et nous rions bien\u00a0! \u00c7a sent bon dans le local et nous profitons du temps de cuisons pour discuter ensemble. Deux \u00e9normes saladiers se remplissent de cookies et notre charlotte est maintenant pr\u00eate.<\/p>\n<p><a title=\"DSCN0646\" href=\"http:\/\/www.flickr.com\/photos\/139937904@N08\/24655911042\"><img decoding=\"async\" class=\"alignnone \" src=\"https:\/\/farm2.staticflickr.com\/1470\/24655911042_bc82d81aaf.jpg\" alt=\"DSCN0646\" \/><\/a><\/p>\n<p><span style=\"color: #0000ff\">Nous la d\u00e9gustons ensemble avec un th\u00e9 et un peu de musique. Nous avons tous bien profiter de cette apr\u00e8s-midi et esp\u00e9rons se retrouver pour de nouvelles recettes la semaine prochaine.<\/span><\/p>\n<p>&nbsp;<\/p>\n","protected":false},"excerpt":{"rendered":"<p>Mis\u00e9rable politique \u00a0 L&rsquo;\u00e9tat de mis\u00e8re de notre syst\u00e8me politique n&rsquo;est\u00a0plus \u00e0 d\u00e9montr\u00e9. Il est exsangue de toute part et nous assistons, sid\u00e9r\u00e9s \u00e0 son pourrissement progressif en nous demandant comment cela pourra bien finir. Mais il est un lien qui passe plus inaper\u00e7u entre l&rsquo;instauration, la g\u00e9n\u00e9ralisation, la production de la mis\u00e8re de masse &hellip; <a href=\"https:\/\/recherche-action.fr\/intermedes\/2016\/01\/31\/misere-de-la-politique-politique-de-la-misere\/\" class=\"more-link\">Continuer la lecture<span class=\"screen-reader-text\"> de &laquo;&nbsp;Mis\u00e8re de la politique &#8211; Politique de la mis\u00e8re&nbsp;&raquo;<\/span><\/a><\/p>\n","protected":false},"author":1,"featured_media":0,"comment_status":"open","ping_status":"open","sticky":false,"template":"","format":"standard","meta":{"footnotes":""},"categories":[1],"tags":[],"class_list":["post-5328","post","type-post","status-publish","format-standard","hentry","category-non-classe"],"jetpack_featured_media_url":"","_links":{"self":[{"href":"https:\/\/recherche-action.fr\/intermedes\/wp-json\/wp\/v2\/posts\/5328","targetHints":{"allow":["GET"]}}],"collection":[{"href":"https:\/\/recherche-action.fr\/intermedes\/wp-json\/wp\/v2\/posts"}],"about":[{"href":"https:\/\/recherche-action.fr\/intermedes\/wp-json\/wp\/v2\/types\/post"}],"author":[{"embeddable":true,"href":"https:\/\/recherche-action.fr\/intermedes\/wp-json\/wp\/v2\/users\/1"}],"replies":[{"embeddable":true,"href":"https:\/\/recherche-action.fr\/intermedes\/wp-json\/wp\/v2\/comments?post=5328"}],"version-history":[{"count":0,"href":"https:\/\/recherche-action.fr\/intermedes\/wp-json\/wp\/v2\/posts\/5328\/revisions"}],"wp:attachment":[{"href":"https:\/\/recherche-action.fr\/intermedes\/wp-json\/wp\/v2\/media?parent=5328"}],"wp:term":[{"taxonomy":"category","embeddable":true,"href":"https:\/\/recherche-action.fr\/intermedes\/wp-json\/wp\/v2\/categories?post=5328"},{"taxonomy":"post_tag","embeddable":true,"href":"https:\/\/recherche-action.fr\/intermedes\/wp-json\/wp\/v2\/tags?post=5328"}],"curies":[{"name":"wp","href":"https:\/\/api.w.org\/{rel}","templated":true}]}}