{"id":5535,"date":"2016-05-22T08:46:17","date_gmt":"2016-05-22T06:46:17","guid":{"rendered":"http:\/\/recherche-action.fr\/intermedes\/?p=5535"},"modified":"2016-05-26T20:16:27","modified_gmt":"2016-05-26T18:16:27","slug":"les-faux-paradoxes-de-la-pedagogie-sociale","status":"publish","type":"post","link":"https:\/\/recherche-action.fr\/intermedes\/2016\/05\/22\/les-faux-paradoxes-de-la-pedagogie-sociale\/","title":{"rendered":"Les paradoxes de la P\u00e9dagogie sociale"},"content":{"rendered":"<p><em>Il n&rsquo;y a rien d&rsquo;\u00e9vident dans la P\u00e9dagogie sociale et la voie qu&rsquo;elle propose en termes d&rsquo;intervention culturelle, sociale ou \u00e9ducative ne vient jamais en premier.<\/em><\/p>\n<p>En effet , un peu comme l&rsquo;hom\u00e9opathie qui propose de soigner un mal par le m\u00eame mal , la d\u00e9marche en P\u00e9dagogie sociale postule des modes d&rsquo;intervention qui , dans un premier temps paraissent contradictoires.<\/p>\n<p><span style=\"color: #ff00ff\"><strong>Soigner le pr\u00e9caire par du fragile<\/strong><\/span><\/p>\n<p><a title=\"WP_20160519_17_15_11_Pro\" href=\"http:\/\/www.flickr.com\/photos\/139937904@N08\/27120681132\"><img decoding=\"async\" class=\"aligncenter\" src=\"https:\/\/farm8.staticflickr.com\/7335\/27120681132_925a1d7832.jpg\" alt=\"WP_20160519_17_15_11_Pro\" \/><\/a><\/p>\n<p>Nous avons peu de moyens, aucune certitude de durer et voil\u00e0 que nous entreprenons des actions p\u00e9rennes, cycliques et r\u00e9guli\u00e8res, qui se donnent le luxe infini de s&rsquo;affirmer permanentes et de viser la s\u00e9curit\u00e9 relationnelle et sociale.<\/p>\n<p>Et, au fur et \u00e0 mesure que nous travaillons, nous observons de curieux r\u00e9sultats:<\/p>\n<p><em><span style=\"color: #ff0000\"><strong>Nos actions si fragiles durent et se d\u00e9veloppent l\u00e0 o\u00f9 les interventions \u00a0institutionnelles buttent sur mille obstacles<\/strong><\/span><\/em>: les emp\u00eachements institutionnels, la r\u00e9organisation des \u00e9quipes, les red\u00e9ploiements, les coupes budg\u00e9taires, les interruptions due au d\u00e9part des gens et aux crises personnelles ou institutionnelles. Nous, nous durons, c&rsquo;est\u00a0d\u00e9j\u00e0 un acquis. Ce n&rsquo;est\u00a0pas un r\u00e9sultat, c&rsquo;est\u00a0une condition. C&rsquo;est ainsi que se r\u00e9sout cet \u00e9trange paradoxe.<\/p>\n<p><strong><span style=\"color: #ff00ff\">S&rsquo;adapter \u00e0 toutes les situations sans jamais se sp\u00e9cialiser<\/span><\/strong><\/p>\n<p><em><span style=\"color: #3366ff\"><strong>En P\u00e9dagogie sociale, l&rsquo;\u00e9ducation n&rsquo;est\u00a0pas sp\u00e9ciale; elle est globale<\/strong><\/span><\/em>, elle est g\u00e9n\u00e9rale. Elle a m\u00eame une vision holistique de son cadre d&rsquo;intervention et concerne toutes les dimensions de la vie.<\/p>\n<p>Et pourtant nos actions s&rsquo;adaptent \u00e0 des probl\u00e9matiques sociales nouvelles et saillantes qui n\u00e9cessiteraient ailleurs beaucoup de sp\u00e9cialit\u00e9: \u00e9quipe pluridisciplinaire , qualifications extraordinaires.<\/p>\n<p><strong>Notre \u00e9quipe n&rsquo;est sp\u00e9cialis\u00e9e que dans son propre mode d&rsquo;intervention.<\/strong> C&rsquo;est pour cela qu&rsquo;elle arrive \u00e0 s&rsquo;adapter, qu&rsquo;elle arrive \u00e0 contacter , \u00e0 suivre et \u00e0 retrouver toutes les situations incasables, qui mettent les institutions en \u00e9chec.<\/p>\n<p><span style=\"color: #ff00ff\"><strong>Se sentir partout chez soi sans espace l\u00e9gitime<\/strong><\/span><\/p>\n<p>Nos actions n&rsquo;ont aucun territoire qui leur serait propre d\u00e9di\u00e9. <span style=\"color: #3366ff\"><em><strong>Nous ne nous affirmons nulle part en sp\u00e9cialistes , ou en propri\u00e9taires des terrains o\u00f9 nous travaillons.<\/strong> <\/em><\/span>Nous sommes des jardiniers ordinaires, des voisins parmi d&rsquo;autres, des apiculteurs amateurs, des chanteurs et des danseurs de la vie quotidienne.<\/p>\n<p>Mais partout nous faisons de ces terrains, du commun, du n\u00f4tre, c&rsquo;est\u00a0\u00e0 dire du \u00ab\u00a0pas \u00e0 nous\u00a0\u00bb; en tout cas du \u00ab\u00a0pas \u00e0 nous seul\u00a0\u00bb; mais plut\u00f4t du \u00ab\u00a0\u00e0 nous tous:\u00a0<em><strong>\u00ab\u00a0AVEN SAVORE ! \u00ab\u00a0<\/strong><\/em><\/p>\n<p>L&rsquo;effet de cette particularit\u00e9 est notre adaptabilit\u00e9, notre mobilit\u00e9 dans le mobile, mais <span style=\"color: #3366ff\"><strong>aussi notre capacit\u00e9 \u00e0 faire rep\u00e8re directement dans tout lieu de vie.<\/strong><\/span> \u00a0D\u00e8s lors , nous pouvons \u00ab\u00a0habiter\u00a0\u00bb et non pas \u00ab\u00a0utiliser\u00a0\u00bb les espaces qui nous accueillent.<\/p>\n<p><span style=\"color: #ff00ff\"><strong>Affronter les d\u00e9parts, les ruptures avec la certitude\u00a0d&rsquo;une suite<\/strong><\/span><\/p>\n<p>Avec le temps , nous avons fini par percevoir cette \u00e9trange r\u00e9alit\u00e9: en P\u00e9dagogie sociale, ceux qui partent font de la place \u00e0 ceux qui arrivent. <span style=\"color: #3366ff\"><em><strong>L&rsquo;aventure se poursuit, y compris pour ceux qui sont partis et que l&rsquo;on re-croise sans arr\u00eat avec des statuts diff\u00e9rents<\/strong><\/em><\/span>.<\/p>\n<p>Tel qu&rsquo;on avait connu enfant sur nos tapis revient jeune adulte, stagiaire en formation, b\u00e9n\u00e9vole, service civique; ou bien nous l&#8217;employons.<\/p>\n<p>Tel autre que nous avions crois\u00e9 fugitivement avec la certitude que nos chemins devaient se croiser. Et cela ne manquera pas. \u00a0Car l&rsquo;action de l&rsquo;association, l&rsquo;effet de ce travail si particulier \u00a0qui s&rsquo;adresse au cr\u00e9ateur et \u00e0 l&rsquo;auteur en chaque personne, donnent\u00a0des r\u00e9sultats \u00e0 long terme, ouvrent des espaces et des perspectives de vie, qui laissent \u00e0 jamais un effet de manque ou d&rsquo;appel.<\/p>\n<p>Nous rep\u00e9rons ainsi comment la suite des histoires et des relations avec tel ou tel a du sens, de la logique, et que cette logique se d\u00e9ploie dans un temps long et certain.<\/p>\n<p>Ainsi , pour ce dernier paradoxe, les d\u00e9parts, loin de signer des fins de quelque chose, ouvrent souvent d&rsquo;autres perspectives:<\/p>\n<ul>\n<li>imm\u00e9diates, car le d\u00e9part des uns \u00a0modifie l&rsquo;investissement des autres et cr\u00e9e de nouveaux commencements,<\/li>\n<li>lointaines, car ces d\u00e9parts ont toujours &#8230; une suite.<\/li>\n<\/ul>\n<p><strong><span style=\"color: #ff0000\">Dimanche 22 mai: Jardin<\/span><\/strong><\/p>\n<p>&nbsp;<\/p>\n<p>Ah! Que d&rsquo;eau, que d&rsquo;eau ! Se serait \u00e9cri\u00e9 Mac Mahon si il nous avait accompagn\u00e9 ce dimanche au Jardin. Et nous de lui r\u00e9pondre: \u00ab\u00a0Allez Patoche, arr\u00eate de r\u00e2ler et viens nous aider \u00e0 d\u00e9sherber les patates !\u00a0\u00bb.<\/p>\n<p>Certes ce n&rsquo;\u00e9tait pas les crues de la Garonne aujourd&rsquo;hui mais quand m\u00eame! \u00c7a n&rsquo;a pas emp\u00eacher la famille de Corinne, ainsi qu&rsquo;Eddy de venir nous filer un coup de main pour d\u00e9sherber, arroser ( la serre hein !), allumer le feu,<\/p>\n<p><a title=\"WP_20160522_11_56_46_Pro\" href=\"http:\/\/www.flickr.com\/photos\/139937904@N08\/26964468840\"><img decoding=\"async\" class=\"alignnone\" src=\"https:\/\/farm8.staticflickr.com\/7741\/26964468840_fce793c0b9.jpg\" alt=\"WP_20160522_11_56_46_Pro\" \/><\/a><\/p>\n<p>faire cuire les merguez,et bien sur les manger !<\/p>\n<p><a title=\"WP_20160522_12_39_27_Pro\" href=\"http:\/\/www.flickr.com\/photos\/139937904@N08\/26964467470\"><img decoding=\"async\" class=\"alignnone\" src=\"https:\/\/farm8.staticflickr.com\/7157\/26964467470_dcf926ef0f.jpg\" alt=\"WP_20160522_12_39_27_Pro\" \/><\/a><\/p>\n<p>On s&rsquo;abrite donc sous la serre, pour d\u00e9guster notre repas , accompagn\u00e9 d&rsquo;un g\u00e2teau aimablement cuisin\u00e9 par Corinne, et d&rsquo;une tarte achet\u00e9 par Abdel. Car aujourd&rsquo;hui ce n&rsquo;est pas un mais 2 anniversaires que nous f\u00eatons, celui de Floriane la veille, et celui d&rsquo;Abdel le lendemain.<\/p>\n<p>La pluie ne nous laisse que tr\u00e8s peu de r\u00e9pits, mais juste assez pour que Laurent, H\u00e9l\u00e8ne et Cassandra nous rejoigne avec quelques cuisses de poulet. On sort la d\u00e9broussailleuse histoire de d\u00e9capiter quelques mauvaises herbes, mais le temps empire \u00e0 vue d\u2019\u0153il, et l&rsquo;on d\u00e9cide de remettre a plus tard nos \u00e9lans botanico-r\u00e9volutionnaires pour se rentrer au chaud !<\/p>\n<p><strong><span style=\"color: #ff0000\">Samedi 21 mai 2016: Ballainvilliers<\/span><\/strong><\/p>\n<p>Nous sommes arriv\u00e9s au camp, jour de f\u00eate des pr\u00e9noms, nous avons \u00e9t\u00e9 tr\u00e8s bien accueillis avec la bonne humeur qui r\u00e9gnait sur le camp. Nous avons commenc\u00e9 par des jeux collectifs\u00a0: un propos\u00e9 par l\u2019\u00e9quipe (Jacques a dit) et un par les enfants (pays\/pays on veut des prisonniers).<\/p>\n<p><a title=\"2016-05-21 14.51.47\" href=\"http:\/\/www.flickr.com\/photos\/139937904@N08\/26939400730\"><img decoding=\"async\" class=\"alignnone\" src=\"https:\/\/farm8.staticflickr.com\/7579\/26939400730_e643bfc8cd.jpg\" alt=\"2016-05-21 14.51.47\" \/><\/a><\/p>\n<p><a title=\"2016-05-21 14.53.13\" href=\"http:\/\/www.flickr.com\/photos\/139937904@N08\/26609217853\"><img decoding=\"async\" class=\"alignnone\" src=\"https:\/\/farm8.staticflickr.com\/7642\/26609217853_44571f15d0.jpg\" alt=\"2016-05-21 14.53.13\" \/><\/a><\/p>\n<p><a title=\"2016-05-21 14.53.46\" href=\"http:\/\/www.flickr.com\/photos\/139937904@N08\/27214842865\"><img decoding=\"async\" class=\"alignnone\" src=\"https:\/\/farm8.staticflickr.com\/7731\/27214842865_d7d7aec40b.jpg\" alt=\"2016-05-21 14.53.46\" \/><\/a><\/p>\n<p><a title=\"2016-05-21 14.55.28\" href=\"http:\/\/www.flickr.com\/photos\/139937904@N08\/27214831295\"><img decoding=\"async\" class=\"alignnone\" src=\"https:\/\/farm8.staticflickr.com\/7602\/27214831295_4d5fb91608.jpg\" alt=\"2016-05-21 14.55.28\" \/><\/a><\/p>\n<p>Apr\u00e8s nous avons bu un verre avec les familles pr\u00e9sente sur le camp, puis nous avons install\u00e9 les ateliers, avec le coin petite enfance, le coin peinture et le nettoyage du camion (qui s\u2019est termin\u00e9 en bataille d\u2019eau).<\/p>\n<p><a title=\"WP_20160521_15_15_49_Pro\" href=\"http:\/\/www.flickr.com\/photos\/139937904@N08\/26939420760\"><img decoding=\"async\" class=\"alignnone\" src=\"https:\/\/farm8.staticflickr.com\/7591\/26939420760_e3be9810af.jpg\" alt=\"WP_20160521_15_15_49_Pro\" \/><\/a><\/p>\n<p><a title=\"WP_20160521_15_22_30_Pro\" href=\"http:\/\/www.flickr.com\/photos\/139937904@N08\/27118040172\"><img decoding=\"async\" class=\"alignnone\" src=\"https:\/\/farm8.staticflickr.com\/7795\/27118040172_991726188f.jpg\" alt=\"WP_20160521_15_22_30_Pro\" \/><\/a><\/p>\n<p><a title=\"WP_20160521_15_25_06_Pro\" href=\"http:\/\/www.flickr.com\/photos\/139937904@N08\/27118037542\"><img decoding=\"async\" class=\"alignnone\" src=\"https:\/\/farm8.staticflickr.com\/7034\/27118037542_6bff6924d5.jpg\" alt=\"WP_20160521_15_25_06_Pro\" \/><\/a><\/p>\n<p>Nous avons remarqu\u00e9 des diff\u00e9rences d\u2019\u00e2ge entre les ateliers, ainsi tout le monde a pu participer. En effet les adolescents ont aim\u00e9 participer au nettoyage du camion et les parents avaient l\u2019air heureux de participer aux ateliers avec leurs enfants. Apr\u00e8s les ateliers nous avons fait un petit temps calme allong\u00e9s au soleil.<\/p>\n<p><a title=\"WP_20160521_15_52_04_Pro\" href=\"http:\/\/www.flickr.com\/photos\/139937904@N08\/27214802615\"><img decoding=\"async\" class=\"alignnone\" src=\"https:\/\/farm8.staticflickr.com\/7375\/27214802615_df0bb90a13.jpg\" alt=\"WP_20160521_15_52_04_Pro\" \/><\/a><\/p>\n<p>Puis les enfants ont servi le go\u00fbter et une maman a partag\u00e9 avec nous un g\u00e2teau. A la fin beaucoup d\u2019enfants nous ont aid\u00e9 \u00e0 ranger et \u00e0 tout t&rsquo;amener au camion.<\/p>\n<p><span style=\"color: #ff0000\"><strong>Vendredi 20 mai 2016: Champlan<\/strong><\/span><\/p>\n<p>Sous un beau soleil nous partons sous le camp, avec <span style=\"color: #000080\">Floriane, Elena, Laura Dusko, Domino et H\u00e9lo\u00efse.<\/span> Lorsque nous sommes arriv\u00e9s, une f\u00eate \u00e9tait en pr\u00e9paration c\u2019\u00e9tait un bapt\u00eame, il y avait de la musique. <a title=\"WP_20160520_16_22_58_Pro\" href=\"http:\/\/www.flickr.com\/photos\/139937904@N08\/27120023152\"><img decoding=\"async\" class=\"alignnone\" src=\"https:\/\/farm8.staticflickr.com\/7771\/27120023152_abfa75574d.jpg\" alt=\"WP_20160520_16_22_58_Pro\" \/><\/a><\/p>\n<p>Nous avons commenc\u00e9 l\u2019atelier par une r\u00e9p\u00e9tition d\u2019Aven Savoren et nous avons fini par le go\u00fbter, un bon marbr\u00e9.<\/p>\n<p><a title=\"WP_20160520_16_27_51_Pro\" href=\"http:\/\/www.flickr.com\/photos\/139937904@N08\/26941365540\"><img decoding=\"async\" class=\"alignnone\" src=\"https:\/\/farm8.staticflickr.com\/7596\/26941365540_5d094126d2.jpg\" alt=\"WP_20160520_16_27_51_Pro\" \/><\/a><\/p>\n<p><a title=\"WP_20160520_17_00_59_Pro\" href=\"http:\/\/www.flickr.com\/photos\/139937904@N08\/27120027892\"><img decoding=\"async\" class=\"alignnone\" src=\"https:\/\/farm8.staticflickr.com\/7623\/27120027892_9be1a707b9.jpg\" alt=\"WP_20160520_17_00_59_Pro\" \/><\/a><\/p>\n<p><span style=\"color: #ff0000\"><strong>Jeudi 19 mai 2016: Massy<\/strong><\/span><\/p>\n<p>Avec <span style=\"color: #000080\">Dusko, Domino, H\u00e9lo\u00efse, Lorele\u00ef, Laura et Floriane.<\/span><\/p>\n<p>On commence cette journ\u00e9e en chassant les nuages et le soleil arrive quand on installe le barnum. On lance alors un foot avec Dusko et Domino et plusieurs gar\u00e7ons les rejoignent pour faire un match.<\/p>\n<p>Sous le barnum, des mamans et des enfants sont tr\u00e8s int\u00e9ress\u00e9s pour faire de la peinture avec Laura et H\u00e9lo\u00efse, puis on installe des jeux de soci\u00e9t\u00e9s et Lorele\u00ef des boites de perles pour faire des bracelets.<\/p>\n<p><a title=\"20160519_172601\" href=\"http:\/\/www.flickr.com\/photos\/139937904@N08\/27148902531\"><img decoding=\"async\" class=\"alignnone\" src=\"https:\/\/farm8.staticflickr.com\/7664\/27148902531_27d2f5f941.jpg\" alt=\"20160519_172601\" \/><\/a><\/p>\n<p>Les enfants se sont bien d\u00e9foul\u00e9s sur le terrain et d\u2019autres s\u2019amusaient \u00e0 bien faire des animaux avec leurs mains en mettant de la peinture dessus. Deux jeunes filles ont commenc\u00e9 le Dazibao en inscrivant \u00ab\u00a0 Interm\u00e8des- Robinson\u00a0\u00bb sur les pancartes avec de jolies couleurs rose et violet.<\/p>\n<p><a title=\"20160519_170954\" href=\"http:\/\/www.flickr.com\/photos\/139937904@N08\/27217953655\"><img decoding=\"async\" class=\"alignnone\" src=\"https:\/\/farm8.staticflickr.com\/7128\/27217953655_947e8aa752.jpg\" alt=\"20160519_170954\" \/><\/a><\/p>\n<p><a title=\"20160519_172618\" href=\"http:\/\/www.flickr.com\/photos\/139937904@N08\/27183849986\"><img decoding=\"async\" class=\"alignnone\" src=\"https:\/\/farm8.staticflickr.com\/7175\/27183849986_2c311ff4d8.jpg\" alt=\"20160519_172618\" \/><\/a>Beaucoup d\u2019enfants \u00e9taient pr\u00e9sents aujourd\u2019hui et le temps est pass\u00e9 tr\u00e8s vite en s\u2019amusant\u00a0!<\/p>\n<p>On a tout rang\u00e9 pour passer au go\u00fbter qui s\u2019est tr\u00e8s bien pass\u00e9. Pour la prochaine fois, les enfants souhaitent faire eux-m\u00eames le go\u00fbter et qu\u2019on puisse faire un plus grand match de foot avec des dossards et des cages de foot. Les filles voudraient faire de la p\u00e2te \u00e0 modeler aussi.<\/p>\n<p>On finit de ranger et on dit \u00e0 la prochaine fois aux enfants\u00a0!<\/p>\n<p>&nbsp;<\/p>\n<p><strong><span style=\"color: #ff0000\">Jeudi 19 mai 2016: Skate park<\/span><\/strong><\/p>\n<p>Aujourd&rsquo;hui pour la r\u00e9alisation de l&rsquo;atelier SkatePark, \u00e9tait pr\u00e9sent <span style=\"color: #0000ff\">Abdel, Sana, Sandra, Juliette et Pr\u00e9cilia.<\/span><\/p>\n<p><a title=\"WP_20160519_16_46_11_Pro\" href=\"http:\/\/www.flickr.com\/photos\/139937904@N08\/26942029980\"><img decoding=\"async\" class=\"alignnone\" src=\"https:\/\/farm8.staticflickr.com\/7642\/26942029980_4decd6f50c.jpg\" alt=\"WP_20160519_16_46_11_Pro\" \/><\/a>Nous avons propos\u00e9 aux jeunes divers activit\u00e9s, au programme, il y avait un atelier petite enfance men\u00e9 par Juliette, des jeux de construction accompagn\u00e9s par Abdel, un atelier de confection de bijoux r\u00e9alis\u00e9 par Sana et des jeux collectifs propos\u00e9s par Sandra et Pr\u00e9cilia.<\/p>\n<p><a title=\"WP_20160519_17_11_32_Pro\" href=\"http:\/\/www.flickr.com\/photos\/139937904@N08\/27217537955\"><img decoding=\"async\" class=\"alignnone\" src=\"https:\/\/farm8.staticflickr.com\/7018\/27217537955_1cf584a4e7.jpg\" alt=\"WP_20160519_17_11_32_Pro\" \/><\/a><\/p>\n<p>A cet atelier, il y avait une vingtaine d&rsquo;enfants, tous \u00e9taient tr\u00e8s heureux de participer aux activit\u00e9s propos\u00e9s.<\/p>\n<p><a title=\"WP_20160519_17_33_45_Pro\" href=\"http:\/\/www.flickr.com\/photos\/139937904@N08\/27148514771\"><img decoding=\"async\" class=\"alignnone\" src=\"https:\/\/farm8.staticflickr.com\/7320\/27148514771_d3978f31a9.jpg\" alt=\"WP_20160519_17_33_45_Pro\" \/><\/a><\/p>\n<p>Le go\u00fbter s&rsquo;est tr\u00e8s bien pass\u00e9, et les ateliers aussi.<\/p>\n<p><a title=\"WP_20160519_17_15_11_Pro\" href=\"http:\/\/www.flickr.com\/photos\/139937904@N08\/27120681132\"><img decoding=\"async\" class=\"alignnone\" src=\"https:\/\/farm8.staticflickr.com\/7335\/27120681132_925a1d7832.jpg\" alt=\"WP_20160519_17_15_11_Pro\" \/><\/a><\/p>\n<p><strong><span style=\"color: #ff0000\">Jeudi 19 mai 2016: Jardin<\/span><\/strong><\/p>\n<p>Aujourd&rsquo;hui \u00e9tait pr\u00e9sent au Jardin <span style=\"color: #0000ff\">Sana, Pr\u00e9cilia, Sandra, Juliette, Abdel, Jessica et Franck.<\/span><\/p>\n<p>Pour commencer, nous avons plant\u00e9 des pieds de tomate. Par la suite, nous avons arros\u00e9 les pieds de tomate et les plantations de la serre.<\/p>\n<p>Abdel a d\u00e9broussaill\u00e9 la moiti\u00e9 du terrain, puis a laiss\u00e9 Franck et Juliette faire le reste.<\/p>\n<p><a title=\"WP_20160519_14_53_35_Pro\" href=\"http:\/\/www.flickr.com\/photos\/139937904@N08\/26610788044\"><img decoding=\"async\" class=\"alignnone\" src=\"https:\/\/farm8.staticflickr.com\/7697\/26610788044_643dd27b3a.jpg\" alt=\"WP_20160519_14_53_35_Pro\" \/><\/a><\/p>\n<p>Sandra, Sana, Juliette, Jessica et Pr\u00e9cilia ont plant\u00e9 le reste des pieds de tomate et ont arrach\u00e9 les mauvaises herbes.<\/p>\n<p><a title=\"WP_20160519_14_53_44_Pro\" href=\"http:\/\/www.flickr.com\/photos\/139937904@N08\/27183666766\"><img decoding=\"async\" class=\"alignnone\" src=\"https:\/\/farm8.staticflickr.com\/7090\/27183666766_0fe75b9966.jpg\" alt=\"WP_20160519_14_53_44_Pro\" \/><\/a><a title=\"WP_20160519_14_53_52_Pro\" href=\"http:\/\/www.flickr.com\/photos\/139937904@N08\/27183685316\"><img decoding=\"async\" class=\"alignnone\" src=\"https:\/\/farm8.staticflickr.com\/7164\/27183685316_85f8779362.jpg\" alt=\"WP_20160519_14_53_52_Pro\" \/><\/a><\/p>\n<p><strong><span style=\"color: #ff0000\">Mercredi 18 mai: R\u00e9p\u00e9tition g\u00e9n\u00e9rale.<\/span><\/strong><\/p>\n<p>Ce mercredi, nous nous sommes donn\u00e9 rendez-vous \u00e0 la maison Collucci pour la r\u00e9p\u00e9tition de notre groupe de danse Aven Savore.<\/p>\n<p><a title=\"WP_20160518_15_28_20_Pro\" href=\"http:\/\/www.flickr.com\/photos\/139937904@N08\/26611088504\"><img decoding=\"async\" class=\"alignnone\" src=\"https:\/\/farm8.staticflickr.com\/7619\/26611088504_0a2fba8190.jpg\" alt=\"WP_20160518_15_28_20_Pro\" \/><\/a>Nous nous retrouvons tous apr\u00e8s avoir emmen\u00e9 les enfants des camps de Ballainvilliers et Bondoufle dans une petite salle pr\u00eat\u00e9e par la mairie, et accompagn\u00e9s de Dousko, Genica et Dominik, qui m\u00e8nent la danse (au sens propre !), nous commen\u00e7ons le spectacle.<\/p>\n<p><a title=\"WP_20160518_15_37_27_Pro\" href=\"http:\/\/www.flickr.com\/photos\/139937904@N08\/26942564140\"><img decoding=\"async\" class=\"alignnone\" src=\"https:\/\/farm8.staticflickr.com\/7221\/26942564140_86b2164446.jpg\" alt=\"WP_20160518_15_37_27_Pro\" \/><\/a><\/p>\n<p><a title=\"WP_20160518_16_17_56_Pro\" href=\"http:\/\/www.flickr.com\/photos\/139937904@N08\/27149059741\"><img decoding=\"async\" class=\"alignnone\" src=\"https:\/\/farm8.staticflickr.com\/7569\/27149059741_40551eff96.jpg\" alt=\"WP_20160518_16_17_56_Pro\" \/><\/a>Nous avons ramen\u00e9 pour l&rsquo;occasion les foulards du spectacle, et les filles sont ravies de s&rsquo;en parer pour danser. Nous enchainons les danses qui nous sont d\u00e9sormais famili\u00e8re, reprenons les quelques pas qui sont encore \u00e0 travailler, et apr\u00e8s un tonitruant final sur la chanson \u00ab\u00a0Aven Savore\u00a0\u00bb, nous prenons une pause, ainsi qu&rsquo;un gouter bien m\u00e9rit\u00e9.<\/p>\n<p><a title=\"WP_20160518_15_54_16_Pro\" href=\"http:\/\/www.flickr.com\/photos\/139937904@N08\/26612452893\"><img decoding=\"async\" class=\"alignnone\" src=\"https:\/\/farm8.staticflickr.com\/7338\/26612452893_1002c6474f.jpg\" alt=\"WP_20160518_15_54_16_Pro\" \/><\/a><\/p>\n<p>Apr\u00e8s la pause, nous chantons \u00ab\u00a0Jean petit qui danse\u00a0\u00bb dont les enfants de Ballainvillers et Bondoufle sont familiers, puis Dominik Douchko et Madalin nous font une ambiance musicale orientale, pour permettre aux enfants de danser et se d\u00e9fouler avant le retour en camion.<\/p>\n<p>&nbsp;<\/p>\n<p>&nbsp;<\/p>\n<p>&nbsp;<\/p>\n<p>&nbsp;<\/p>\n<p>&nbsp;<\/p>\n<p>&nbsp;<\/p>\n<p>&nbsp;<\/p>\n<p>&nbsp;<\/p>\n","protected":false},"excerpt":{"rendered":"<p>Il n&rsquo;y a rien d&rsquo;\u00e9vident dans la P\u00e9dagogie sociale et la voie qu&rsquo;elle propose en termes d&rsquo;intervention culturelle, sociale ou \u00e9ducative ne vient jamais en premier. En effet , un peu comme l&rsquo;hom\u00e9opathie qui propose de soigner un mal par le m\u00eame mal , la d\u00e9marche en P\u00e9dagogie sociale postule des modes d&rsquo;intervention qui , &hellip; <a href=\"https:\/\/recherche-action.fr\/intermedes\/2016\/05\/22\/les-faux-paradoxes-de-la-pedagogie-sociale\/\" class=\"more-link\">Continuer la lecture<span class=\"screen-reader-text\"> de &laquo;&nbsp;Les paradoxes de la P\u00e9dagogie sociale&nbsp;&raquo;<\/span><\/a><\/p>\n","protected":false},"author":1,"featured_media":0,"comment_status":"open","ping_status":"open","sticky":false,"template":"","format":"standard","meta":{"footnotes":""},"categories":[1],"tags":[],"class_list":["post-5535","post","type-post","status-publish","format-standard","hentry","category-non-classe"],"jetpack_featured_media_url":"","_links":{"self":[{"href":"https:\/\/recherche-action.fr\/intermedes\/wp-json\/wp\/v2\/posts\/5535","targetHints":{"allow":["GET"]}}],"collection":[{"href":"https:\/\/recherche-action.fr\/intermedes\/wp-json\/wp\/v2\/posts"}],"about":[{"href":"https:\/\/recherche-action.fr\/intermedes\/wp-json\/wp\/v2\/types\/post"}],"author":[{"embeddable":true,"href":"https:\/\/recherche-action.fr\/intermedes\/wp-json\/wp\/v2\/users\/1"}],"replies":[{"embeddable":true,"href":"https:\/\/recherche-action.fr\/intermedes\/wp-json\/wp\/v2\/comments?post=5535"}],"version-history":[{"count":11,"href":"https:\/\/recherche-action.fr\/intermedes\/wp-json\/wp\/v2\/posts\/5535\/revisions"}],"predecessor-version":[{"id":5573,"href":"https:\/\/recherche-action.fr\/intermedes\/wp-json\/wp\/v2\/posts\/5535\/revisions\/5573"}],"wp:attachment":[{"href":"https:\/\/recherche-action.fr\/intermedes\/wp-json\/wp\/v2\/media?parent=5535"}],"wp:term":[{"taxonomy":"category","embeddable":true,"href":"https:\/\/recherche-action.fr\/intermedes\/wp-json\/wp\/v2\/categories?post=5535"},{"taxonomy":"post_tag","embeddable":true,"href":"https:\/\/recherche-action.fr\/intermedes\/wp-json\/wp\/v2\/tags?post=5535"}],"curies":[{"name":"wp","href":"https:\/\/api.w.org\/{rel}","templated":true}]}}