{"id":756,"date":"2013-01-12T19:00:59","date_gmt":"2013-01-12T18:00:59","guid":{"rendered":"http:\/\/recherche-action.fr\/intermedes\/?p=756"},"modified":"2013-01-12T19:00:59","modified_gmt":"2013-01-12T18:00:59","slug":"rendre-constamment-des-comptes-et-netre-responsable-de-rien","status":"publish","type":"post","link":"https:\/\/recherche-action.fr\/intermedes\/2013\/01\/12\/rendre-constamment-des-comptes-et-netre-responsable-de-rien\/","title":{"rendered":"Rendre constamment des comptes et n\u2019\u00eatre responsable de rien"},"content":{"rendered":"<p>&nbsp;<\/p>\n<p><img fetchpriority=\"high\" decoding=\"async\" class=\"aligncenter\" alt=\"P1000298\" src=\"http:\/\/recherche-action.fr\/intermedes\/files\/2013\/01\/P1000298.jpg\" width=\"448\" height=\"336\" \/><\/p>\n<p>Jamais nous n&rsquo;avons \u00e9t\u00e9 tant somm\u00e9s de rendre, pour tout et \u00e0 tout propos, des comptes dans le cadre de notre travail.<\/p>\n<p>Nous devons d&rsquo;abord rendre quantit\u00e9 de comptes sous une forme pr\u00e9ventive, comme des garanties ou des pr\u00e9cautions. Il s&rsquo;agit l\u00e0 de la litanie interminable de nos pr\u00e9cautions \u00e0 agir, de nos renoncements \u00e0 entreprendre, de nos doutes \u00e0 parler ou communiquer.<\/p>\n<p>Puis viennent le comptes que nous rendons dans le cours m\u00eame de nos actions: indicateurs, compteurs divers,\u00a0attestations, contrats, documents en tout genre; ce sont des traces que nous empilons et accumulons. L&rsquo;action \u00a0ne semble plus valoir que pour la trace qu&rsquo;on peut en retirer. Elle seule semble en effet compter. Un peu comme ces familles qui faute de v\u00e9ritables loisirs ou activit\u00e9s \u00e0 faire ensemble, se fabriquent des souvenirs, des photos et des vid\u00e9os lors d&rsquo;un \u00e9v\u00e9nement ponctuel&#8230; Ainsi dans le social il semble parfois que le pr\u00e9sent ne vaille que pour le pass\u00e9 qu&rsquo;il repr\u00e9sente que dans un apr\u00e8s coup d&rsquo;o\u00f9 on l&rsquo;\u00e9valuera.<\/p>\n<p>Enfin viendra le temps de rendre des comptes , de fournir des bilans, des statistiques, des rapports et des comptes rendus \u00e0 n&rsquo;en plus finir; ces \u00e9l\u00e9ments on les produit rarement parce qu&rsquo;on se questionne; on les \u00e9crit rarement pour comprendre et pour conna\u00eetre les myst\u00e8res de notre travail encours. Non , nous les \u00e9crivons seulement pour avoir un avenir , ou encore moins: un pr\u00e9sent qui continue. Nous ne remplissons pas ces compte srendus avec la joie de celui qui exprime quelque chose qui n&rsquo;a pas \u00e9t\u00e9 dit, qui \u00e9criot quelque chose qui n&rsquo;a pas encore \u00e9t\u00e9 lu. Non nous l&rsquo;\u00e9crivons pour que notre interlocuteur lointain, notre tutelle n&rsquo;y trouve que ce qu&rsquo;il recherche, que ce qu&rsquo;il veut y voir.<\/p>\n<p>Mieux nous \u00e9crivons non pas ce qui manque mais ce qui ne doit pas manquer; nous y \u00e9crivons le smots obligatoires. Nous devons faire un sans faute. Tous le stermes, tous les chiffres attendus doivent y\u00a0figurer, sinon, il n&rsquo;y aura aucune suite.<\/p>\n<p>Ainsi faisons nous dans le social, ainsi faisons nous dans l&rsquo;\u00e9ducation en g\u00e9n\u00e9ral, nous rendons de plus en plus de comptes sur ce que nous faisons de moins en moins.<\/p>\n<p>Ainsi dans l&rsquo;enseignement, o\u00f9 le temps des\u00a0apprentissages\u00a0et des d\u00e9couvertes est de plus en plus remplac\u00e9 par celui de la pr\u00e9paration \u00e0 l&rsquo;\u00e9valuation. L&rsquo;\u00e9valuation , le rendre compte sont totalitaires.<\/p>\n<p>Mais pourquoi alors avec tout ce contr\u00f4le, toutes ces \u00e9valuations, tout ce rendre compte , nous d\u00e9couvrons toujours et immanquablement qu&rsquo;il n&rsquo;ya \u00a0jamais de responsable? Jamais de responsables \u00e0 rien; chacun fait son boulot, sa proc\u00e9dure, mais les situations retent insolubles. On se plaint, on se r\u00e9volte, on se rebelle, mais &#8230; il n&rsquo;y a \u00a0pas de responsable.<\/p>\n<p>Les responsables ont fui au tempos du rendre compte; curieusement, il est m\u00eame pr\u00e9vu non pas qu&rsquo;un responsable\u00a0garantisse\u00a0un droit ou un projet mais directement qu&rsquo;on trouve une compensation.<\/p>\n<p>C&rsquo;est l&rsquo;\u00e8re des droits opposables ; vous n&rsquo;aurez pas votre droit mais peut \u00eatre et pourquoi pas , sa compensation.<\/p>\n<p>A Robinson, nous cherchons \u00e0 \u00eatre responsables de ce que nous faisons. Faut il \u00eatre fou! \u00a0Nous visons le faire, l&rsquo;agir, nous visons la r\u00e9alisation, sans perdre toute notre \u00e9nergie \u00e0 d\u00e9finir les cons\u00e9quences du non agir.<\/p>\n<p><strong>Dimanche: Nous avons des amis<\/strong><\/p>\n<p><img decoding=\"async\" class=\"alignnone size-medium wp-image-763\" alt=\"BRFdim\" src=\"http:\/\/recherche-action.fr\/intermedes\/files\/2013\/01\/BRFdim-e1358098193437-300x225.jpg\" width=\"300\" height=\"225\" \/><\/p>\n<p>Une belle journ\u00e9e d&rsquo;hiver, s\u00e8che et froide, au terrain pour notre troupe. \u00a0En ce moment, \u00a0le ,plus simple, le plus facile est de r\u00e9pandre le BRF qui nous a \u00e9t\u00e9 livr\u00e9 et qui nous aide \u00e0 lutter contre les herbes folles et \u00e0 am\u00e9nager notre terrain. Il est beau en hiver! Le feu nous a donn\u00e9 du fil \u00e0 retordre mais les merguez furent cuites.<\/p>\n<p><img decoding=\"async\" alt=\"TablFeu\" src=\"http:\/\/recherche-action.fr\/intermedes\/files\/2013\/01\/TablFeu1-1024x576.jpg\" width=\"584\" height=\"328\" \/><\/p>\n<p>Puis nous avons rejoint \u00e0 Palaiseau, nos amis de l&rsquo;ASFR et tant de familles et d&rsquo;enfants des campements Rroms que nous connaissons! Un beau moment avec nos amis de cette association, si pr\u00e9sente, si constante, si efficace.<\/p>\n<p><strong>SAMEDI :<\/strong><\/p>\n<p><strong>Au verger de Chilly\u00a0:<\/strong><\/p>\n<p><img loading=\"lazy\" decoding=\"async\" class=\"alignleft size-thumbnail wp-image-766\" alt=\"IMG_0516\" src=\"http:\/\/recherche-action.fr\/intermedes\/files\/2013\/01\/IMG_0516-150x150.jpg\" width=\"150\" height=\"150\" \/>Aujourd&rsquo;hui nous sommes all\u00e9s au verger de Chilly Mazarin\u00a0pour la premi\u00e8re fois depuis son inauguration . Pour cette occasion nous avons mis en place plusieurs ateliers.<\/p>\n<p>Pour commencer, la confection de mangeoires pour les oiseaux. A l&rsquo;aide de bouteilles en plastiques et d&rsquo;une maquette, les enfants ont cr\u00e9\u00e9 et peint leur propre mangeoire. Ensuite, nous avons \u00e9tal\u00e9 du BRF sur l&rsquo;entr\u00e9e du jardin ainsi que sur les arbres fruitiers et les plantations r\u00e9centes. 2 familles de Chilly sont venues nous pr\u00eater main forte pendant l&rsquo;atelier. Nous avons ensuite pris le go\u00fbter ensemble.<\/p>\n<p>3 membres des ateliers de rue de Paris XVIII sont venus nous voir au travail!<\/p>\n<p><img loading=\"lazy\" decoding=\"async\" class=\"alignleft size-thumbnail wp-image-767\" alt=\"IMG_0531\" src=\"http:\/\/recherche-action.fr\/intermedes\/files\/2013\/01\/IMG_0531-150x150.jpg\" width=\"150\" height=\"150\" \/> <img loading=\"lazy\" decoding=\"async\" class=\"alignnone size-thumbnail wp-image-768\" alt=\"IMG_0535\" src=\"http:\/\/recherche-action.fr\/intermedes\/files\/2013\/01\/IMG_0535-150x150.jpg\" width=\"150\" height=\"150\" \/><\/p>\n<p><strong>A la Villa St Martin\u00a0:<\/strong><\/p>\n<p><img loading=\"lazy\" decoding=\"async\" class=\"alignleft size-thumbnail wp-image-769\" alt=\"P1000382\" src=\"http:\/\/recherche-action.fr\/intermedes\/files\/2013\/01\/P1000382-150x150.jpg\" width=\"150\" height=\"150\" \/>Ce samedi, un atelier capoe\u00efra est propos\u00e9 aux enfants par Aline. De la cuisine de rue aussi\u00a0: un petit groupe nous pr\u00e9pare donc des petits sabl\u00e9s que nous avons d\u00e9gust\u00e9s au go\u00fbter.<\/p>\n<p>Pendant ce temps, d&rsquo;autres font des jeux de soci\u00e9t\u00e9 sur le tapis tel que \u00ab\u00a0haly gali\u00a0\u00bb, \u00ab\u00a0triominos\u00a0\u00bb. Les enfants vont et viennent sur les diff\u00e9rents ateliers. Des jeux de ballon sont organis\u00e9s par les enfants.<\/p>\n<p><img loading=\"lazy\" decoding=\"async\" class=\"alignnone size-thumbnail wp-image-770\" alt=\"P1000368\" src=\"http:\/\/recherche-action.fr\/intermedes\/files\/2013\/01\/P1000368-150x150.jpg\" width=\"150\" height=\"150\" \/>\u00a0\u00a0<img loading=\"lazy\" decoding=\"async\" class=\"alignnone size-thumbnail wp-image-771\" alt=\"P1000376\" src=\"http:\/\/recherche-action.fr\/intermedes\/files\/2013\/01\/P1000376-150x150.jpg\" width=\"150\" height=\"150\" \/><\/p>\n<p>Nous \u00e9tions exceptionnellement tr\u00e8s nombreux : 10 membres des ateliers de rue de Paris Porte Montmartre sont venus voir comment nous travaillions ensemble au quartier.<\/p>\n<p><strong>VENDREDI:<\/strong><\/p>\n<p><strong>Au jardin de Chilly:<\/strong><\/p>\n<p>Plusieurs activit\u00e9s sont au programme cet apr\u00e8s-midi.<\/p>\n<p><img loading=\"lazy\" decoding=\"async\" class=\"alignleft size-thumbnail wp-image-800\" alt=\"IMG_0494\" src=\"http:\/\/recherche-action.fr\/intermedes\/files\/2013\/01\/IMG_0494-150x150.jpg\" width=\"150\" height=\"150\" \/><\/p>\n<p>&nbsp;<\/p>\n<p>On commence par scier quelques longues b\u00fbches de bois qui nous serviront \u00e0 entretenir le feu lors des froids dimanches d&rsquo;hiver.<\/p>\n<p>&nbsp;<\/p>\n<p>&nbsp;<\/p>\n<p>Les haies de buis ont besoin d&rsquo;un peu de taille \u00e0 l&rsquo;aide de cisailles. Quelques fleurs et plantes s\u00e8ches sont coup\u00e9es au s\u00e9cateur et les\u00a0feuilles\u00a0sont balay\u00e9es.<\/p>\n<p><img loading=\"lazy\" decoding=\"async\" class=\"aligncenter size-medium wp-image-801\" alt=\"IMG_0495\" src=\"http:\/\/recherche-action.fr\/intermedes\/files\/2013\/01\/IMG_0495-300x224.jpg\" width=\"300\" height=\"224\" \/><\/p>\n<p>Enfin, notre\u00a0parcelle\u00a0r\u00e9serv\u00e9e aux l\u00e9gumes est b\u00each\u00e9e et soigneusement retourn\u00e9e. Enfin nous terminons la journ\u00e9e autour d&rsquo;un th\u00e9 qui nous r\u00e9chauffe.<\/p>\n<p><img loading=\"lazy\" decoding=\"async\" class=\"alignnone size-thumbnail wp-image-802\" alt=\"IMG_0500\" src=\"http:\/\/recherche-action.fr\/intermedes\/files\/2013\/01\/IMG_0500-150x150.jpg\" width=\"150\" height=\"150\" \/>\u00a0 \u00a0 \u00a0 \u00a0 \u00a0 \u00a0 \u00a0 \u00a0 \u00a0 \u00a0 \u00a0 \u00a0 \u00a0 \u00a0 \u00a0 \u00a0 \u00a0 \u00a0 \u00a0 \u00a0 \u00a0 \u00a0 \u00a0 \u00a0 \u00a0 \u00a0\u00a0<img loading=\"lazy\" decoding=\"async\" class=\"alignnone size-thumbnail wp-image-799\" alt=\"IMG_0491\" src=\"http:\/\/recherche-action.fr\/intermedes\/files\/2013\/01\/IMG_0491-150x150.jpg\" width=\"150\" height=\"150\" \/><\/p>\n<p><strong>JEUDI :<\/strong><\/p>\n<p><strong>Wissous\u00a0:\u00a0 <\/strong><\/p>\n<p><img loading=\"lazy\" decoding=\"async\" class=\"alignnone size-full wp-image-773\" alt=\"P1000320\" src=\"http:\/\/recherche-action.fr\/intermedes\/files\/2013\/01\/P1000320.jpg\" width=\"336\" height=\"448\" \/><\/p>\n<p><img loading=\"lazy\" decoding=\"async\" class=\"alignleft size-medium wp-image-775\" alt=\"P1000322\" src=\"http:\/\/recherche-action.fr\/intermedes\/files\/2013\/01\/P1000322-300x224.jpg\" width=\"300\" height=\"224\" \/>On est revenu tremp\u00e9 mais on s\u2019est bien amus\u00e9\u00a0! Et puis, on a ramen\u00e9 Madalin avec nous\u00a0; <em><strong>c\u2019est son premier jour de service civique aujourd\u2019hui\u00a0!<\/strong><\/em><\/p>\n<p>Le petit Samuel s\u2019est assis avec la dinette et a go\u00fbt\u00e9 tous les fruits, l\u00e9gumes ou objets \u00e0 sa port\u00e9e. Avant la pluie, quelques gar\u00e7ons ont griffonn\u00e9 des coloriages apr\u00e8s s\u2019\u00eatre d\u00e9pens\u00e9 \u00e0 courir apr\u00e8s le ballon avec Souad. Roberto, avec son bras dans le pl\u00e2tre, attendait Aline avec impatience pour qu\u2019elle joue \u00e0 Croque-Carotte avec lui. On s\u2019est d\u00e9p\u00each\u00e9 de prendre le go\u00fbter\u00a0 pour que chacun rentre se mettre au chaud.<\/p>\n<p><img loading=\"lazy\" decoding=\"async\" class=\"alignleft size-medium wp-image-776\" alt=\"P1000335\" src=\"http:\/\/recherche-action.fr\/intermedes\/files\/2013\/01\/P1000335-300x224.jpg\" width=\"300\" height=\"224\" \/> <img loading=\"lazy\" decoding=\"async\" class=\"alignnone size-thumbnail wp-image-774\" alt=\"P1000321\" src=\"http:\/\/recherche-action.fr\/intermedes\/files\/2013\/01\/P1000321-150x150.jpg\" width=\"150\" height=\"150\" \/><\/p>\n<p>&nbsp;<\/p>\n<p>&nbsp;<\/p>\n<p><strong>Jardin de Saulx\u00a0:<\/strong><\/p>\n<p><img loading=\"lazy\" decoding=\"async\" class=\"alignright size-medium wp-image-777\" alt=\"P1000355\" src=\"http:\/\/recherche-action.fr\/intermedes\/files\/2013\/01\/P1000355-300x224.jpg\" width=\"300\" height=\"224\" \/>Cet apr\u00e8s-midi nous nous rendons en petit comit\u00e9 \u00e0 l\u2019\u00e9querre, mais nous sommes efficaces. La serre est retendue et quelques trous sont bouch\u00e9s. Le BRF continue \u00e0 \u00eatre \u00e9tal\u00e9, cette fois-ci sur les fraisiers, il faut dire que nous commen\u00e7ons \u00e0 \u00eatre rod\u00e9s en ce qui concerne cette activit\u00e9. Nous continuons par un nettoyage du buisson de lavande \u00e0 l\u2019aide d\u2019un s\u00e9cateur et on d\u00e9limite une parcelle avec quelques piquets de ch\u00e2taigner. L\u2019apr\u00e8s-midi ce termine dans le bonheur et nous b\u00e9n\u00e9ficions m\u00eame de quelques \u00e9claircies.<\/p>\n<p><img loading=\"lazy\" decoding=\"async\" class=\"alignright size-medium wp-image-779\" alt=\"P1000360\" src=\"http:\/\/recherche-action.fr\/intermedes\/files\/2013\/01\/P1000360-300x224.jpg\" width=\"300\" height=\"224\" \/> <img loading=\"lazy\" decoding=\"async\" class=\"alignnone size-thumbnail wp-image-778\" alt=\"P1000358\" src=\"http:\/\/recherche-action.fr\/intermedes\/files\/2013\/01\/P1000358-150x150.jpg\" width=\"150\" height=\"150\" \/><\/p>\n<p><b>\u00a0<\/b><\/p>\n<p><strong>Skatepark\u00a0:<\/strong><\/p>\n<p>Notre b\u00e9n\u00e9vole Ramona \u00e9tait de retour ! \u00a0Nous avons jou\u00e9 au foot sur le terrain \u00e0 c\u00f4t\u00e9 pendant tout l&rsquo;atelier ! Corinne, une maman s&rsquo;est assise pour discuter avec Aline. Aujourd&rsquo;hui, elle n&rsquo;avait pas envie de jouer, mais elle a quand m\u00eame accompagn\u00e9 ses enfants.<\/p>\n<p>&nbsp;<\/p>\n<p><strong>Croix-Breton\u00a0:<\/strong><\/p>\n<p><img loading=\"lazy\" decoding=\"async\" class=\"alignright size-medium wp-image-782\" style=\"color: #333333;font-style: normal;line-height: 24px;margin-top: 0.4em\" alt=\"Photo0137\" src=\"http:\/\/recherche-action.fr\/intermedes\/files\/2013\/01\/Photo0137-300x224.jpg\" width=\"300\" height=\"224\" \/>Aujourd\u2019hui \u00e0 la Croix Breton,\u00a0 un petit groupe a fait connaissance. Nous nous sommes retrouv\u00e9s autour de plusieurs jeux. Uno,Halli galli \u00e9taient de la partie tandis que certains faisaient des coloriages. Nous avons ensuite, chass\u00e9 le crocodile gr\u00e2ce aux enfants qui \u00e9taient tr\u00e8s motiv\u00e9s \u00e0 l\u2019id\u00e9e de l\u2019attraper. Nous avons ensuite d\u00e9gust\u00e9 un bon chocolat chaud qui nous a bien r\u00e9chauff\u00e9s\u00a0!<\/p>\n<p><img loading=\"lazy\" decoding=\"async\" class=\"aligncenter size-full wp-image-780\" alt=\"Photo0135\" src=\"http:\/\/recherche-action.fr\/intermedes\/files\/2013\/01\/Photo0135.jpg\" width=\"448\" height=\"336\" \/><\/p>\n<p>&nbsp;<\/p>\n<p><strong>MERCREDI :<\/strong><\/p>\n<p><strong>Moulin Galant\u00a0: <\/strong><\/p>\n<p><img loading=\"lazy\" decoding=\"async\" class=\"alignleft size-medium wp-image-784\" alt=\"IMG_0448\" src=\"http:\/\/recherche-action.fr\/intermedes\/files\/2013\/01\/IMG_0448-225x300.jpg\" width=\"225\" height=\"300\" \/>Aujourd\u2019hui \u00e0 l\u2019atelier de Moulin Galant, nous avons commenc\u00e9 par faire des dessins et des jeux de soci\u00e9t\u00e9 (le jeu de l\u2019arbre). La\u00a0d\u00eenette\u00a0et les l\u00e9gos sont aussi pr\u00e9sents. Nous avons pass\u00e9 une demi-heure, une heure sur ces jeux et ensuite nous avons fait de la motricit\u00e9. <strong>Contine de la ronde de l\u2019ours en romi,<\/strong> la brouette, et autres chansons.<\/p>\n<p>&nbsp;<\/p>\n<p>&nbsp;<\/p>\n<p>&nbsp;<\/p>\n<p><img loading=\"lazy\" decoding=\"async\" class=\"aligncenter size-full wp-image-785\" alt=\"IMG_0444\" src=\"http:\/\/recherche-action.fr\/intermedes\/files\/2013\/01\/IMG_0444.jpg\" width=\"640\" height=\"480\" \/><\/p>\n<p>Parall\u00e8lement un atelier foot \u00e0 \u00e9t\u00e9 organis\u00e9 sur un terrain pr\u00e8s du camp. Une partie s\u2019est adonn\u00e9 \u00e0 un match de foot tandis que d\u2019autres (les tous petits) ont fait des petits jeux (tomate, dauphin dauphine, chat, petit foot) avant de tous se rejoindre sur le go\u00fbt\u00e9.<br \/>\n<img loading=\"lazy\" decoding=\"async\" class=\"alignnone size-thumbnail wp-image-786\" alt=\"IMG_0461\" src=\"http:\/\/recherche-action.fr\/intermedes\/files\/2013\/01\/IMG_0461-150x150.jpg\" width=\"150\" height=\"150\" \/>\u00a0<img loading=\"lazy\" decoding=\"async\" class=\"alignnone size-thumbnail wp-image-788\" alt=\"IMG_20130109_151640\" src=\"http:\/\/recherche-action.fr\/intermedes\/files\/2013\/01\/IMG_20130109_151640-150x150.jpg\" width=\"150\" height=\"150\" \/> <img loading=\"lazy\" decoding=\"async\" class=\"alignnone size-thumbnail wp-image-787\" alt=\"IMG_20130109_151119\" src=\"http:\/\/recherche-action.fr\/intermedes\/files\/2013\/01\/IMG_20130109_151119-150x150.jpg\" width=\"150\" height=\"150\" \/><\/p>\n<p><strong>Jardin de Saulx\u00a0:<\/strong><\/p>\n<p><img loading=\"lazy\" decoding=\"async\" class=\"aligncenter size-full wp-image-790\" alt=\"P1000298\" src=\"http:\/\/recherche-action.fr\/intermedes\/files\/2013\/01\/P1000298.jpg\" width=\"448\" height=\"336\" \/>Arriv\u00e9s au jardin, nous avons fait deux groupes afin de se r\u00e9partir le travail. Un premier groupe s\u2019est occup\u00e9 de ranger la serre en utilisant les \u00e9tag\u00e8res m\u00e9talliques que nous avons apport\u00e9es\u00a0; pendant ce temps, l\u2019autre groupe a mis du BRF dans une brouette pour en mettre aux pieds des arbres. Le groupe de la serre a ensuite rejoint le groupe BRF pour lui pr\u00eater main forte.<img loading=\"lazy\" decoding=\"async\" class=\"alignright size-medium wp-image-793\" alt=\"P1000314\" src=\"http:\/\/recherche-action.fr\/intermedes\/files\/2013\/01\/P1000314-300x224.jpg\" width=\"300\" height=\"224\" \/><\/p>\n<p>Un petit temps de repos bien m\u00e9rit\u00e9 pour faire de la balan\u00e7oire\u00a0!\u00a0Puis nous avons pris le go\u00fbter tous ensemble autour de la grande table avant de repartir.<\/p>\n<p>&nbsp;<\/p>\n<p>&nbsp;<\/p>\n<p><img loading=\"lazy\" decoding=\"async\" class=\"alignright size-medium wp-image-792\" alt=\"P1000309\" src=\"http:\/\/recherche-action.fr\/intermedes\/files\/2013\/01\/P1000309-300x224.jpg\" width=\"300\" height=\"224\" \/> <img loading=\"lazy\" decoding=\"async\" class=\"alignnone size-thumbnail wp-image-791\" alt=\"P1000304\" src=\"http:\/\/recherche-action.fr\/intermedes\/files\/2013\/01\/P1000304-150x150.jpg\" width=\"150\" height=\"150\" \/><\/p>\n<p>&nbsp;<\/p>\n<p>&nbsp;<\/p>\n<p><em><b>\u00ab\u00a0Il y a quelque temps<\/b>, certains docteurs et sociologues promulgu\u00e8rent un ordre d\u2019apr\u00e8s lequel toutes les petites filles devaient avoir les cheveux coup\u00e9s court. Je veux dire, bien entendu, toutes les petites filles dont les parents \u00e9taient pauvres. Les petites filles riches ont bien des habitudes insalubres, mais ce n\u2019est pas de sit\u00f4t que les docteurs s\u2019y opposeront par la force. Or le motif de cette intervention \u00e9tait que les pauvres sont empil\u00e9s dans des r\u00e9duits crasseux, si naus\u00e9abonds et \u00e9touffants qu\u2019on ne peut leur permettre d\u2019avoir des cheveux, parce que ces cheveux abriteraient des poux. Donc les docteurs proposent de supprimer les cheveux. Ils ne semblent pas avoir jamais song\u00e9 \u00e0 supprimer les poux.\u00a0<\/em><\/p>\n<p><em>Quand une tyrannie crapuleuse \u00e9crase les hommes dans la crasse, si bien que leurs cheveux m\u00eames sont sales, il serait long et p\u00e9nible de couper les t\u00eates des tyrans\u00a0; il est plus facile de couper les cheveux des esclaves. De m\u00eame, s\u2019il arrive un jour que des enfants pauvres soient tourment\u00e9s par des maux de dents, il sera facile d\u2019arracher toutes les dents des pauvres. Si leurs ongles sont d\u2019une salet\u00e9 r\u00e9pugnante, on leur arrachera les ongles. Si leur nez sont ind\u00e9cemment morveux, on leur coupera le nez.<br \/>\n<b>Je pars des cheveux d\u2019une petite fille<\/b>. Cela, je sais que c\u2019est bon dans l\u2019absolu. Quelque mal qu\u2019il y ait ailleurs, la fiert\u00e9 qu\u2019\u00e9prouve une m\u00e8re de la beaut\u00e9 de sa fille est une chose bonne. C\u2019est une de ces tendresses imp\u00e9rissables qui sont les pierres de touche de toutes les \u00e9poques et de toutes les cultures. Si d\u2019autres choses sont contraires cela, qu\u2019elles disparaissent.\u00a0Si les propri\u00e9taires et les lois sont contre cela, que les propri\u00e9taires et les lois disparaissent. Avec la chevelure rousse d\u2019une gamine des rues, mettons le feu toute la civilisation moderne. Puisqu\u2019une fille doit avoir les cheveux longs, il faut qu\u2019elle les ait propres\u00a0; puisqu\u2019elle doit avoir les cheveux propres, il ne faut pas qu\u2019elle ait une maison sale\u00a0; puisqu\u2019elle ne doit pas avoir une maison sale, il faut que sa m\u00e8re soit libre et qu\u2019elle ait des loisirs\u00a0; puisque sa m\u00e8re doit \u00eatre libre, il ne faut pas qu\u2019elle ait un propri\u00e9taire usurier\u00a0; puisqu\u2019elle ne doit pas avoir un propri\u00e9taire usurier, il faut redistribuer la propri\u00e9t\u00e9\u00a0; puisqu\u2019il faut redistribuer la propri\u00e9t\u00e9 nous ferons une r\u00e9volution.\u00a0\u00bb<\/em><\/p>\n<p><em><b>Gilbert Keith\u00a0Chersterton.\u00a0(1874-1936).<\/b><\/em><\/p>\n","protected":false},"excerpt":{"rendered":"<p>&nbsp; Jamais nous n&rsquo;avons \u00e9t\u00e9 tant somm\u00e9s de rendre, pour tout et \u00e0 tout propos, des comptes dans le cadre de notre travail. Nous devons d&rsquo;abord rendre quantit\u00e9 de comptes sous une forme pr\u00e9ventive, comme des garanties ou des pr\u00e9cautions. Il s&rsquo;agit l\u00e0 de la litanie interminable de nos pr\u00e9cautions \u00e0 agir, de nos renoncements &hellip; <a href=\"https:\/\/recherche-action.fr\/intermedes\/2013\/01\/12\/rendre-constamment-des-comptes-et-netre-responsable-de-rien\/\" class=\"more-link\">Continuer la lecture<span class=\"screen-reader-text\"> de &laquo;&nbsp;Rendre constamment des comptes et n\u2019\u00eatre responsable de rien&nbsp;&raquo;<\/span><\/a><\/p>\n","protected":false},"author":1,"featured_media":0,"comment_status":"open","ping_status":"open","sticky":false,"template":"","format":"standard","meta":{"footnotes":""},"categories":[1],"tags":[],"class_list":["post-756","post","type-post","status-publish","format-standard","hentry","category-non-classe"],"jetpack_featured_media_url":"","_links":{"self":[{"href":"https:\/\/recherche-action.fr\/intermedes\/wp-json\/wp\/v2\/posts\/756","targetHints":{"allow":["GET"]}}],"collection":[{"href":"https:\/\/recherche-action.fr\/intermedes\/wp-json\/wp\/v2\/posts"}],"about":[{"href":"https:\/\/recherche-action.fr\/intermedes\/wp-json\/wp\/v2\/types\/post"}],"author":[{"embeddable":true,"href":"https:\/\/recherche-action.fr\/intermedes\/wp-json\/wp\/v2\/users\/1"}],"replies":[{"embeddable":true,"href":"https:\/\/recherche-action.fr\/intermedes\/wp-json\/wp\/v2\/comments?post=756"}],"version-history":[{"count":0,"href":"https:\/\/recherche-action.fr\/intermedes\/wp-json\/wp\/v2\/posts\/756\/revisions"}],"wp:attachment":[{"href":"https:\/\/recherche-action.fr\/intermedes\/wp-json\/wp\/v2\/media?parent=756"}],"wp:term":[{"taxonomy":"category","embeddable":true,"href":"https:\/\/recherche-action.fr\/intermedes\/wp-json\/wp\/v2\/categories?post=756"},{"taxonomy":"post_tag","embeddable":true,"href":"https:\/\/recherche-action.fr\/intermedes\/wp-json\/wp\/v2\/tags?post=756"}],"curies":[{"name":"wp","href":"https:\/\/api.w.org\/{rel}","templated":true}]}}