{"id":807,"date":"2013-01-18T11:10:08","date_gmt":"2013-01-18T10:10:08","guid":{"rendered":"http:\/\/recherche-action.fr\/intermedes\/?p=807"},"modified":"2013-01-18T11:10:08","modified_gmt":"2013-01-18T10:10:08","slug":"la-poesie-est-une-arme-chargee-de-futur-paco-ibanez","status":"publish","type":"post","link":"https:\/\/recherche-action.fr\/intermedes\/2013\/01\/18\/la-poesie-est-une-arme-chargee-de-futur-paco-ibanez\/","title":{"rendered":"La po\u00e9sie est une arme charg\u00e9e de futur (Paco Ibanez)"},"content":{"rendered":"<p><span style=\"color: #0000ff\"><strong>Nous OFFRONS L&rsquo;ASILE POETIQUE<\/strong><\/span><\/p>\n<p><span style=\"color: #ff0000\"><strong>A l&rsquo;\u00e8re du politiquement difficile, la po\u00e9sie est l&rsquo;issue qui s&rsquo;offre \u00e0 nous<\/strong><\/span>. Elle nous r\u00e9v\u00e8le son intime richesse, des bribes de r\u00e9alit\u00e9s soigneusement ensevelies; elle nous lib\u00e8re des conventions, des pr\u00e9ventions, des autocensures; elle lib\u00e8re la capacit\u00e9 de penser et d&rsquo;imaginer du possible.<\/p>\n<p><img fetchpriority=\"high\" decoding=\"async\" class=\"aligncenter\" alt=\"P1000497\" src=\"http:\/\/recherche-action.fr\/intermedes\/files\/2013\/01\/P1000497.jpg\" width=\"286\" height=\"215\" \/><\/p>\n<p>La Po\u00e9sie est partout dans la P\u00e9dagogie Sociale ; dans les cr\u00e9ations langagi\u00e8res que nous\u00a0avons\u00a0avec les enfants, dans les mots qui n&rsquo;existent pas et que nous inventons pour qualifier ce que nous faisons: <span style=\"color: #0000ff\">dans la Michto Skol<\/span>, dans le DAEV, la nourriture de Masse, les groupes Abeilles, etc.<\/p>\n<p><span style=\"color: #0000ff\">Nous invoquons L&rsquo;ASILE POETIQUE<\/span> pour toutes les pratiques qu&rsquo;on ne laisse pas \u00e9merger dans les institutions; nous invoquons une parole po\u00e9tique, pour toutes les v\u00e9rit\u00e9s qu&rsquo;on ne plus y dire.<\/p>\n<p><strong><span style=\"color: #ff0000\">Nous soutenons l&rsquo;asile po\u00e9tique:<\/span><\/strong><\/p>\n<p>&#8211; pour les enfants des ateliers \u00e9ducatifs des bidonvilles habit\u00e9s par les familles RRoms pour lesquels nous redoutons les cons\u00e9quences dramatiques des expulsions<\/p>\n<p>&#8211; pour les enfants et familles des quartiers \u00e0 qui on ne promet que s\u00e9curit\u00e9 et r\u00e9pression, et qui ne trouvent plus de place aupr\u00e8s des rares \u00e9quipements existants<\/p>\n<p>-pour les\u00a0parents\u00a0pr\u00e9caires, oblig\u00e9s de r\u00e9inventer chaque jour une vie quotidienne supportable<\/p>\n<p>&#8211; pour les adultes isol\u00e9s et pr\u00e9caires eux aussi, en risque perp\u00e9tuel d&rsquo;enfermement et d&rsquo;autoenfermement<\/p>\n<p><strong><span style=\"color: #0000ff\"><em>La Po\u00e9sie a en effet ce m\u00e9rite de nous parler \u00e0 la fois d&rsquo;intime et de politique<\/em><\/span><\/strong>, un peu comme la P\u00e9dagogie Freinet dont ce sont les deux terrains d&rsquo;action.<\/p>\n<p>Pens\u00e9e en mouvement, pens\u00e9e en action, la po\u00e9sie recouvre les petits dessins des enfants des bidonvilles, \u00a0les danses improvis\u00e9es, les rencontres insolites, les situations absurdes de notre quotidien (et qui sont le point commun entre tous les acteurs que\u00a0nous\u00a0sommes: b\u00e9n\u00e9voles, volontaires, professionnels, b\u00e9n\u00e9ficiaires, etc.)<\/p>\n<p>Rem\u00e8de contre l&rsquo;inamovible, ce qui n&rsquo;a aucun sens, la po\u00e9sie lib\u00e8re permet de conserver intacte notre comp\u00e9tence \u00e0 subvertir ce qui voulait nous\u00a0assujettir.<\/p>\n<p><span style=\"color: #0000ff;font-size: 12px\"><strong>KroniKs du Camion<\/strong><\/span><\/p>\n<p>En direct d&rsquo;Antoine qui \u00e9quipe le camion \u00ab\u00a0DAEV\u00a0\u00bb (Dispositif d&rsquo;Acc\u00e8s \u00e0 l&rsquo;EVeil ),<\/p>\n<p style=\"text-align: center\">\u00a0<strong><a href=\"http:\/\/assoc.intermedes.free.fr\/index.php?option=com_content&amp;view=article&amp;id=10&amp;Itemid=15\">LA MICHTO SKOL<\/a><\/strong><\/p>\n<p>\u00ab\u00a0Malgr\u00e9 la neige, la gr\u00eale, la pluie et le froid les travaux avancent.<br \/>\nAvec l&rsquo;aide de Gilbert, la cuisine prend forme :<\/p>\n<p><img decoding=\"async\" class=\"alignnone size-medium wp-image-814\" alt=\"photo 4-2\" src=\"http:\/\/recherche-action.fr\/intermedes\/files\/2013\/01\/photo-4-2-300x224.jpg\" width=\"300\" height=\"224\" \/><\/p>\n<p style=\"text-align: center\"><strong>FEVRIER: \u00a0 \u00a0Arriv\u00e9e du camion: 20 ; entra\u00eenement 21; mise enservice: 22\u00a0<\/strong><\/p>\n<p>&nbsp;<\/p>\n<p><strong>SAMEDI \u00e0 la Villa St Martin\u00a0:<\/strong><\/p>\n<p><img decoding=\"async\" class=\"alignleft size-medium wp-image-816\" alt=\"IMG_0808\" src=\"http:\/\/recherche-action.fr\/intermedes\/files\/2013\/01\/IMG_0808-300x224.jpg\" width=\"300\" height=\"224\" \/>Apr\u00e8s une nuit de neige, la Villa Saint Martin est recouverte d\u2019un \u00e9pais manteau blanc. D\u00e8s que nous arrivons sur les lieux, les enfants sont en train de faire de la luge et des batailles de\u00a0boule\u00a0de neige. L\u2019atelier cuisine du jour est une recette Rrom \u00e0 base de biscuits. En parall\u00e8le Garance et Pierre se lancent dans la construction d\u2019un bonhomme de neige (tr\u00e8s r\u00e9ussi). Une partie de football en folie s\u2019organise, les enfants ont eu le dessus sur nous. L\u2019atelier luge est un grand\u00a0succ\u00e8s\u00a0et les enfants redoublent d\u2019imagination (planches de bois et tremplin improvis\u00e9).<\/p>\n<p><img loading=\"lazy\" decoding=\"async\" class=\"alignleft size-medium wp-image-818\" style=\"color: #333333;font-style: normal;line-height: 24px;margin-top: 0.4em\" alt=\"IMG_0747\" src=\"http:\/\/recherche-action.fr\/intermedes\/files\/2013\/01\/IMG_0747-300x224.jpg\" width=\"300\" height=\"224\" \/><\/p>\n<p style=\"color: #333333;font-style: normal;line-height: 24px\"><img loading=\"lazy\" decoding=\"async\" class=\"alignleft size-thumbnail wp-image-819\" style=\"color: #333333;font-style: normal;line-height: 24px\" alt=\"IMG_0756\" src=\"http:\/\/recherche-action.fr\/intermedes\/files\/2013\/01\/IMG_0756-150x150.jpg\" width=\"150\" height=\"150\" \/><\/p>\n<p>&nbsp;<\/p>\n<p>&nbsp;<\/p>\n<p>&nbsp;<\/p>\n<p>&nbsp;<\/p>\n<p>&nbsp;<\/p>\n<p>&nbsp;<\/p>\n<p>Pour finir, nous faisons le conseil de quartier, et d\u00e9gustons un bon chocolat chaud ainsi que les \u00ab\u00a0g\u00e2teaux maison\u00a0\u00bb.<\/p>\n<p><img loading=\"lazy\" decoding=\"async\" class=\"alignleft size-thumbnail wp-image-821\" alt=\"IMG_0797\" src=\"http:\/\/recherche-action.fr\/intermedes\/files\/2013\/01\/IMG_0797-150x150.jpg\" width=\"150\" height=\"150\" \/> <img loading=\"lazy\" decoding=\"async\" class=\"alignnone size-thumbnail wp-image-820\" alt=\"IMG_0764\" src=\"http:\/\/recherche-action.fr\/intermedes\/files\/2013\/01\/IMG_0764-150x150.jpg\" width=\"150\" height=\"150\" \/>\u00a0\u00a0<img loading=\"lazy\" decoding=\"async\" class=\"alignnone size-thumbnail wp-image-817\" alt=\"IMG_0706\" src=\"http:\/\/recherche-action.fr\/intermedes\/files\/2013\/01\/IMG_0706-150x150.jpg\" width=\"150\" height=\"150\" \/><\/p>\n<p><strong>VENDREDI :<\/strong><\/p>\n<p><strong>Jardin de Chilly-Mazarin\u00a0:<\/strong><\/p>\n<p><img loading=\"lazy\" decoding=\"async\" class=\"alignleft  wp-image-825\" alt=\"P1000497\" src=\"http:\/\/recherche-action.fr\/intermedes\/files\/2013\/01\/P1000497.jpg\" width=\"286\" height=\"215\" \/>\u00ab\u00a0The garden under the snow\u201d nous dit Eric en arrivant au jardin de Chilly. Et oui, malgr\u00e9 le terrain recouvert de neige et cette derni\u00e8re tombant en m\u00eame temps il y a avait quand m\u00eame des motiv\u00e9s pour affronter le froid. Nous nous mettons \u00e0 la taille des arbustes en se passant les paires de gants pour ne pas trop subir le froid. Et apr\u00e8s quelques inscriptions sur la neige, nous profitons d\u2019un bon th\u00e9 chaud revigorant.<\/p>\n<p><img loading=\"lazy\" decoding=\"async\" class=\"alignleft  wp-image-824\" alt=\"P1000493\" src=\"http:\/\/recherche-action.fr\/intermedes\/files\/2013\/01\/P1000493.jpg\" width=\"188\" height=\"141\" \/><\/p>\n<p><img loading=\"lazy\" decoding=\"async\" class=\"alignnone  wp-image-826\" style=\"color: #333333;font-style: normal;line-height: 24px\" alt=\"P1000499\" src=\"http:\/\/recherche-action.fr\/intermedes\/files\/2013\/01\/P1000499-300x224.jpg\" width=\"180\" height=\"134\" \/><\/p>\n<p><strong>La Rocade\u00a0:<\/strong><\/p>\n<p style=\"text-align: center\"><img loading=\"lazy\" decoding=\"async\" class=\"size-thumbnail wp-image-829 aligncenter\" alt=\"IMG_0577\" src=\"http:\/\/recherche-action.fr\/intermedes\/files\/2013\/01\/IMG_0577-150x150.jpg\" width=\"150\" height=\"150\" \/><img loading=\"lazy\" decoding=\"async\" class=\"size-thumbnail wp-image-830 aligncenter\" alt=\"IMG_0587\" src=\"http:\/\/recherche-action.fr\/intermedes\/files\/2013\/01\/IMG_0587-150x150.jpg\" width=\"150\" height=\"150\" \/><\/p>\n<p>Nous sommes all\u00e9s \u00e0 La Rocade sous quelques flocons de neige. Plusieurs ateliers ont \u00e9t\u00e9 mis en place. Tout d\u2019abord un petit jeu de passes avec une balle de foot pour ne pas prendre froid, puis les mamans ont jou\u00e9 au puissance 4 g\u00e9ant et quelques enfants ont fait un hockey. Le petit groupe qui se faisait des passes s\u2019est dispers\u00e9 entre le hockey et des tirs au but. Enfin nous avons pris un bon chocolat ou th\u00e9 chaud pour bien se r\u00e9chauffer avant de tous rentrer bien au chaud\u00a0!<\/p>\n<p><img loading=\"lazy\" decoding=\"async\" class=\"alignnone size-thumbnail wp-image-827\" alt=\"IMG_0571\" src=\"http:\/\/recherche-action.fr\/intermedes\/files\/2013\/01\/IMG_0571-150x150.jpg\" width=\"150\" height=\"150\" \/> <img loading=\"lazy\" decoding=\"async\" class=\"alignnone size-thumbnail wp-image-828\" alt=\"IMG_0575\" src=\"http:\/\/recherche-action.fr\/intermedes\/files\/2013\/01\/IMG_0575-150x150.jpg\" width=\"150\" height=\"150\" \/><\/p>\n<p><strong>JEUDI :<\/strong><\/p>\n<p><strong>Wissous\u00a0: <\/strong><\/p>\n<p><img loading=\"lazy\" decoding=\"async\" class=\"aligncenter size-full wp-image-833\" alt=\"P1000465\" src=\"http:\/\/recherche-action.fr\/intermedes\/files\/2013\/01\/P1000465.jpg\" width=\"448\" height=\"336\" \/><\/p>\n<p><img loading=\"lazy\" decoding=\"async\" class=\"size-thumbnail wp-image-831 alignleft\" style=\"color: #333333;font-style: normal;line-height: 24px;margin-top: 0.4em\" alt=\"P1000396\" src=\"http:\/\/recherche-action.fr\/intermedes\/files\/2013\/01\/P1000396-150x150.jpg\" width=\"150\" height=\"150\" \/><\/p>\n<p>Aujourd&rsquo;hui, c&rsquo;est sport de glisse\u00a0! C&rsquo;est une patinoire g\u00e9ante qui nous attendait a Wissous. Quelques enfants ont brav\u00e9 le froid et sont venus nous accueillir afin de\u00a0 participer \u00e0 l&rsquo;atelier. Les enfants se sont bien amus\u00e9s sur le Puissance 4 g\u00e9ant. Nous nous nous sommes r\u00e9chauff\u00e9s en tentant quelques \u00e9changes de balle glissant,et un nouveau sport est n\u00e9\u00a0: le Slide-Football\u00a0! Nous nous sommes r\u00e9unis ensuite pour d\u00e9guster un chocolat chaud avec des c\u00e9r\u00e9ales,sous un soleil glac\u00e9.<br \/>\n<img loading=\"lazy\" decoding=\"async\" class=\"aligncenter size-full wp-image-832\" alt=\"P1000424\" src=\"http:\/\/recherche-action.fr\/intermedes\/files\/2013\/01\/P1000424.jpg\" width=\"448\" height=\"336\" \/><\/p>\n<p><strong>Jardin de Saulx\u00a0:<\/strong><\/p>\n<p><img loading=\"lazy\" decoding=\"async\" class=\"alignright size-medium wp-image-835\" alt=\"IMG_0560\" src=\"http:\/\/recherche-action.fr\/intermedes\/files\/2013\/01\/IMG_0560-300x224.jpg\" width=\"300\" height=\"224\" \/>La neige n\u2019a pas fondu \u00e0 l\u2019\u00e9querre, le terrain brille, mais le sol est gel\u00e9. Nous d\u00e9cidons alors de d\u00e9fricher une partie du jardin o\u00f9 nous avons coup\u00e9 du lierre qui envahissait un poirier. DE nombreuses ronces furent coup\u00e9es et nous aurons quelques \u00e9gratignures. Enfin la neige permet aussi d\u2019observer des traces d\u2019animaux, peut-\u00eatre un chevreuil, un li\u00e8vre\u00a0??<\/p>\n<p><img loading=\"lazy\" decoding=\"async\" class=\"alignright size-medium wp-image-836\" alt=\"IMG_0566\" src=\"http:\/\/recherche-action.fr\/intermedes\/files\/2013\/01\/IMG_0566-224x300.jpg\" width=\"224\" height=\"300\" \/> <img loading=\"lazy\" decoding=\"async\" class=\"alignnone size-medium wp-image-834\" alt=\"IMG_0554\" src=\"http:\/\/recherche-action.fr\/intermedes\/files\/2013\/01\/IMG_0554-300x224.jpg\" width=\"300\" height=\"224\" \/><\/p>\n<p>&nbsp;<\/p>\n<p><strong>Skatepark\u00a0: <\/strong><\/p>\n<p><img loading=\"lazy\" decoding=\"async\" class=\"alignleft size-medium wp-image-837\" alt=\"P1000486\" src=\"http:\/\/recherche-action.fr\/intermedes\/files\/2013\/01\/P1000486-300x224.jpg\" width=\"300\" height=\"224\" \/>Aujourd&rsquo;hui au skatepark, nous avons sorti l&rsquo;artillerie lourde\u00a0: Le Puissance 4 G\u00e9ant\u00a0!!! Nous ne sommes pas pass\u00e9s inaper\u00e7us \u00e0 l&rsquo;atelier. Des adultes comme des enfants sont venus participer et s&rsquo;affronter dans un duel d&rsquo;esprit.<\/p>\n<p>&nbsp;<\/p>\n<p>&nbsp;<\/p>\n<p><img loading=\"lazy\" decoding=\"async\" class=\"alignright size-medium wp-image-838\" alt=\"P1000489\" src=\"http:\/\/recherche-action.fr\/intermedes\/files\/2013\/01\/P1000489-300x224.jpg\" width=\"300\" height=\"224\" \/>Un football \u00ab\u00a0patinoire\u00a0\u00bb s&rsquo;est organis\u00e9 sur le City-stade, ainsi qu&rsquo;une partie de corde \u00e0 sauter pour nous r\u00e9chauffer. Nous avons ensuite d\u00e9gust\u00e9 un bon chocolat chaud pr\u00e9par\u00e9 avec amour.<\/p>\n<p>&nbsp;<\/p>\n<p>&nbsp;<\/p>\n<p><strong>Croix-Breton\u00a0:<\/strong><\/p>\n<p><img loading=\"lazy\" decoding=\"async\" class=\"alignright size-medium wp-image-841\" alt=\"Photo0167\" src=\"http:\/\/recherche-action.fr\/intermedes\/files\/2013\/01\/Photo0167-300x224.jpg\" width=\"300\" height=\"224\" \/>Oh !! de la neige rose ! \u00a0\ud83d\ude42<\/p>\n<p>Nous sommes all\u00e9s doucement en marchant dans la neige \u00e0 la Croix Breton. Nous avons commenc\u00e9 par des jeux de soci\u00e9t\u00e9 \u00a0et les enfants sont venus les uns apr\u00e8s les autres. Nous avons poursuivi par des jeux qui nous ont fait courir tous ensembles afin de nous r\u00e9chauffer. Nous avons fini par un bon chocolat chaud avant de se quitter avec le sourire.<\/p>\n<p><img loading=\"lazy\" decoding=\"async\" class=\"alignnone size-medium wp-image-839\" alt=\"Photo0161\" src=\"http:\/\/recherche-action.fr\/intermedes\/files\/2013\/01\/Photo0161-300x224.jpg\" width=\"300\" height=\"224\" \/>\u00a0<img loading=\"lazy\" decoding=\"async\" class=\"alignnone size-thumbnail wp-image-842\" alt=\"Photo0173\" src=\"http:\/\/recherche-action.fr\/intermedes\/files\/2013\/01\/Photo0173-150x150.jpg\" width=\"150\" height=\"150\" \/><\/p>\n<p style=\"text-align: center\"><img loading=\"lazy\" decoding=\"async\" class=\"aligncenter  wp-image-840\" alt=\"Photo0165\" src=\"http:\/\/recherche-action.fr\/intermedes\/files\/2013\/01\/Photo0165.jpg\" width=\"314\" height=\"235\" \/><\/p>\n<p><strong>MERCREDI :<\/strong><\/p>\n<p><strong>Moulin Galant\u00a0: <\/strong><\/p>\n<p><img loading=\"lazy\" decoding=\"async\" class=\"aligncenter size-full wp-image-845\" alt=\"P1000388\" src=\"http:\/\/recherche-action.fr\/intermedes\/files\/2013\/01\/P1000388.jpg\" width=\"448\" height=\"336\" \/>Aujourd&rsquo;hui au camp de Moulin Galant, nous avons constitu\u00e9 un groupe d&rsquo;enfants pour aller au terrain de foot. Les enfants se sont organis\u00e9s entre eux pour cr\u00e9er les \u00e9quipes. 2 enfants du quartier nous ont rejoint pour participer au match. Sur le chemin du retour, boules de neige et chahut sont de la partie.<\/p>\n<p>Pendant ce temps sur les tapis, nous avons bien essay\u00e9 de faire quelques jeux et des coloriages mais, transis de froid, nous nous sommes mis \u00e0 faire de la gym sur les tapis. On court sur place, on saute, on monte les genoux, on l\u00e8ve les jambes devant et on fini par des galipettes\u00a0!<br \/>\n<img loading=\"lazy\" decoding=\"async\" class=\"alignnone size-thumbnail wp-image-846\" alt=\"P1000389\" src=\"http:\/\/recherche-action.fr\/intermedes\/files\/2013\/01\/P1000389-150x150.jpg\" width=\"150\" height=\"150\" \/>\u00a0<img loading=\"lazy\" decoding=\"async\" class=\"alignnone size-thumbnail wp-image-847\" alt=\"P1000391\" src=\"http:\/\/recherche-action.fr\/intermedes\/files\/2013\/01\/P1000391-150x150.jpg\" width=\"150\" height=\"150\" \/><\/p>\n<p><strong>Jardin de Saulx\u00a0:<\/strong><\/p>\n<p><img loading=\"lazy\" decoding=\"async\" class=\"alignnone size-thumbnail wp-image-848\" alt=\"IMG_0540\" src=\"http:\/\/recherche-action.fr\/intermedes\/files\/2013\/01\/IMG_0540-150x150.jpg\" width=\"150\" height=\"150\" \/>\u00a0Aujourd&rsquo;hui nous \u00e9tions accompagn\u00e9 de Th\u00e9o. Bien \u00e9quip\u00e9 contre le froid, nous commen\u00e7ons par nous s\u00e9parer en deux petites \u00e9quipes. L&rsquo;une s&rsquo;est occup\u00e9e de r\u00e9parer la serre, et l&rsquo;autre s&rsquo;est charg\u00e9e de d\u00e9limiter une parcelle.\u00a0 Nous nous sommes r\u00e9unis ensuite pour s&rsquo;occuper du BRF et du lierre entra\u00een\u00e9s par le dynamisme et les conseils de Th\u00e9o. Nous avons pris le go\u00fbt\u00e9 pour finir cette apr\u00e8s-midi avec une petite \u00e9claircie.<\/p>\n<p><img loading=\"lazy\" decoding=\"async\" class=\"alignnone size-thumbnail wp-image-850\" alt=\"IMG_0544\" src=\"http:\/\/recherche-action.fr\/intermedes\/files\/2013\/01\/IMG_0544-150x150.jpg\" width=\"150\" height=\"150\" \/> <img loading=\"lazy\" decoding=\"async\" class=\"alignnone size-thumbnail wp-image-849\" alt=\"IMG_0542\" src=\"http:\/\/recherche-action.fr\/intermedes\/files\/2013\/01\/IMG_0542-150x150.jpg\" width=\"150\" height=\"150\" \/> <img loading=\"lazy\" decoding=\"async\" class=\"alignnone size-thumbnail wp-image-848\" alt=\"IMG_0540\" src=\"http:\/\/recherche-action.fr\/intermedes\/files\/2013\/01\/IMG_0540-150x150.jpg\" width=\"150\" height=\"150\" \/><\/p>\n<p><strong>Ludoth\u00e8que :<\/strong><\/p>\n<p><img loading=\"lazy\" decoding=\"async\" class=\"alignnone size-full wp-image-853\" alt=\"IMG_20130116_153134\" src=\"http:\/\/recherche-action.fr\/intermedes\/files\/2013\/01\/IMG_20130116_153134.jpg\" width=\"448\" height=\"336\" \/><\/p>\n<p>Nous nous sommes rendus \u00e0 la ludoth\u00e8que sous la neige, avec un chemin bien glissant. Arriv\u00e9 \u00e0 destination le groupe se dirige vers la salle des jeux, 3 petits groupes se sont form\u00e9s en fonction des envies de chacun, jeux de soci\u00e9t\u00e9s,\u00a0 jeux de r\u00e9flexions, de hasards, la d\u00eenette \u00e9galement. Suite \u00e0 cela nous avons pris le go\u00fbter au parc calmement, avant une bonne bataille de boule de neige.<\/p>\n<p><img loading=\"lazy\" decoding=\"async\" class=\"alignnone size-thumbnail wp-image-855\" alt=\"IMG_20130116_160304\" src=\"http:\/\/recherche-action.fr\/intermedes\/files\/2013\/01\/IMG_20130116_160304-150x150.jpg\" width=\"150\" height=\"150\" \/><img loading=\"lazy\" decoding=\"async\" class=\"alignnone size-thumbnail wp-image-854\" alt=\"IMG_20130116_154325\" src=\"http:\/\/recherche-action.fr\/intermedes\/files\/2013\/01\/IMG_20130116_154325-150x150.jpg\" width=\"150\" height=\"150\" \/> <img loading=\"lazy\" decoding=\"async\" class=\"alignnone size-thumbnail wp-image-852\" alt=\"IMG_20130116_152533\" src=\"http:\/\/recherche-action.fr\/intermedes\/files\/2013\/01\/IMG_20130116_152533-150x150.jpg\" width=\"150\" height=\"150\" \/><\/p>\n<p><span style=\"color: #ff00ff\"><em><strong>\u00ab\u00a0L&rsquo;ordre pour l&rsquo;ordre ch\u00e2tre l&rsquo;homme de son pouvoir essentiel, qui est de transformer le monde et soi-m\u00eame. La vie cr\u00e9e l&rsquo;ordre, mais l&rsquo;ordre ne cr\u00e9e pas la vie. Il nous semble, \u00e0 nous, bien au contraire, que notre ascension n&rsquo;est pas achev\u00e9e, que la v\u00e9rit\u00e9 de demain se nourrit de l&rsquo;erreur d&rsquo;hier, et que les contradictions \u00e0 surmonter sont le terreau m\u00eame de notre croissance.\u00a0\u00bb<\/strong><\/em><\/span><br \/>\n<span style=\"color: #ff00ff\"><em><strong>Antoine de Saint-Exup\u00e9ry- \u00ab\u00a0Lettre \u00e0 un otage\u00a0\u00bb- 1943<\/strong><\/em><\/span><\/p>\n","protected":false},"excerpt":{"rendered":"<p>Nous OFFRONS L&rsquo;ASILE POETIQUE A l&rsquo;\u00e8re du politiquement difficile, la po\u00e9sie est l&rsquo;issue qui s&rsquo;offre \u00e0 nous. Elle nous r\u00e9v\u00e8le son intime richesse, des bribes de r\u00e9alit\u00e9s soigneusement ensevelies; elle nous lib\u00e8re des conventions, des pr\u00e9ventions, des autocensures; elle lib\u00e8re la capacit\u00e9 de penser et d&rsquo;imaginer du possible. La Po\u00e9sie est partout dans la P\u00e9dagogie &hellip; <a href=\"https:\/\/recherche-action.fr\/intermedes\/2013\/01\/18\/la-poesie-est-une-arme-chargee-de-futur-paco-ibanez\/\" class=\"more-link\">Continuer la lecture<span class=\"screen-reader-text\"> de &laquo;&nbsp;La po\u00e9sie est une arme charg\u00e9e de futur (Paco Ibanez)&nbsp;&raquo;<\/span><\/a><\/p>\n","protected":false},"author":1,"featured_media":0,"comment_status":"open","ping_status":"open","sticky":false,"template":"","format":"standard","meta":{"footnotes":""},"categories":[1],"tags":[],"class_list":["post-807","post","type-post","status-publish","format-standard","hentry","category-non-classe"],"jetpack_featured_media_url":"","_links":{"self":[{"href":"https:\/\/recherche-action.fr\/intermedes\/wp-json\/wp\/v2\/posts\/807","targetHints":{"allow":["GET"]}}],"collection":[{"href":"https:\/\/recherche-action.fr\/intermedes\/wp-json\/wp\/v2\/posts"}],"about":[{"href":"https:\/\/recherche-action.fr\/intermedes\/wp-json\/wp\/v2\/types\/post"}],"author":[{"embeddable":true,"href":"https:\/\/recherche-action.fr\/intermedes\/wp-json\/wp\/v2\/users\/1"}],"replies":[{"embeddable":true,"href":"https:\/\/recherche-action.fr\/intermedes\/wp-json\/wp\/v2\/comments?post=807"}],"version-history":[{"count":0,"href":"https:\/\/recherche-action.fr\/intermedes\/wp-json\/wp\/v2\/posts\/807\/revisions"}],"wp:attachment":[{"href":"https:\/\/recherche-action.fr\/intermedes\/wp-json\/wp\/v2\/media?parent=807"}],"wp:term":[{"taxonomy":"category","embeddable":true,"href":"https:\/\/recherche-action.fr\/intermedes\/wp-json\/wp\/v2\/categories?post=807"},{"taxonomy":"post_tag","embeddable":true,"href":"https:\/\/recherche-action.fr\/intermedes\/wp-json\/wp\/v2\/tags?post=807"}],"curies":[{"name":"wp","href":"https:\/\/api.w.org\/{rel}","templated":true}]}}