{"id":98,"date":"2017-08-10T18:39:54","date_gmt":"2017-08-10T16:39:54","guid":{"rendered":"http:\/\/recherche-action.fr\/parcours-bruts\/?p=98"},"modified":"2017-08-10T19:05:28","modified_gmt":"2017-08-10T17:05:28","slug":"mikail-cabane-de-lenfance-ou-la-fabrique-des-souvenirs","status":"publish","type":"post","link":"https:\/\/recherche-action.fr\/parcours-bruts\/2017\/08\/10\/mikail-cabane-de-lenfance-ou-la-fabrique-des-souvenirs\/","title":{"rendered":"Mikail &#8211; Cabane de l&rsquo;enfance ou la fabrique des souvenirs"},"content":{"rendered":"<p>Retour aux sources.<\/p>\n<p>Ou du moins, \u00e0 la source d&rsquo;une rivi\u00e8re malemortoise fra\u00eechement vaseuse de joies commerciales, construites depuis peu, sur le terrain de l&rsquo;enfance, de l&rsquo;espoir et des projections oniriques.<br \/>\nAujourd&rsquo;hui, Mikail se retrouve face \u00e0 des murs de t\u00f4les ondul\u00e9es, plaquardants des \u00ab\u00a0-650% de r\u00e9duction\u00a0\u00bb aguicheurs sur la derni\u00e8re pelleteuse de Merlin l&rsquo;enchanteur.<\/p>\n<p>L&rsquo;image d&rsquo;un \u00ab\u00a0monde qui bouge\u00a0\u00bb.<\/p>\n<p>Le Roy triomphe : \u00ab\u00a0Oui \u00e0 l&rsquo;avenir fleurissant d&#8217;emplois, de m\u00e9dailles d&rsquo;argent et de blouses s\u00e9duisantes et ensemble, cr\u00e9ons l&rsquo;ordre nouveau, faisons de la France une entreprise qui tourne et qui donne (un souffle, au c\u0153ur) de nos soci\u00e9t\u00e9s.\u00a0\u00bb. Sous cette lumi\u00e8re blanch\u00e2tre, le destin semble si simple. Il suffit de faire un pas en avant et les portes \u00e9lectriques s&rsquo;ouvrent d&rsquo;elles-m\u00eames.<\/p>\n<p>De l&rsquo;eau a coul\u00e9 sous le pont rouill\u00e9.<\/p>\n<p>Aujourd&rsquo;hui,<br \/>\nMikail est jeune adulte et se confronte \u00e0 l&#8217;emploi.<\/p>\n<p>Comme beaucoup d&rsquo;entre nous, il est satisfait des bienfaits de l&rsquo;\u00e9conomie et des coupes \u00e9claires \u00e9tablies par l\u2019ex\u00e9cutif pour tenir son objectif de 3% de d\u00e9ficit public en 2018. L&rsquo;histoire est en marche et semble patiner sur une glace lisse et sereine, parfum vanille-chocolat, tout au fond d&rsquo;un bac d\u00e9congel\u00e9.<\/p>\n<p>Derri\u00e8re<br \/>\nles magasins neufs et saillants<br \/>\nde la nouvelle ZAC du Moulin<br \/>\nde la municipalit\u00e9 de Malemort-sur-Corr\u00e8ze,<br \/>\nnous sommes partis retrouver nos traces d&rsquo;enfance,<br \/>\nnos soup\u00e7ons de l\u00e9g\u00e8ret\u00e9<br \/>\net de d\u00e9sirs<br \/>\nd&rsquo;un monde \u00e0 construire,<br \/>\nun univers \u00e0 nous,<br \/>\nauquel nous pouvons nous accrocher,<br \/>\ntenir bon,<br \/>\no\u00f9 rien nous rattrape.<\/p>\n<p>Nous parlons de souvenirs de construction de cabane, nous parlons de l&rsquo;envie de quitter le territoire pour d&rsquo;autres possibilit\u00e9s outre-manche, de fantasmes d&rsquo;un ailleurs meilleur. Nous parlons du travail, de nous, dans notre cr\u00e9dulit\u00e9, dans nos aspirations, dans nos fictions que nous tentons de rendre possible. Nous donnons \u00e0 voir et entendre des paroles politiques en gestation, pour rendre compte que sous le vernie rose des \u00e9crans t\u00e9l\u00e9visuels, sous la d\u00e9lirante hypnose du spectacle m\u00e9diatique quotidien, \u00ab\u00a0demain nous appartient\u00a0\u00bb.<\/p>\n<p>\u00ab\u00a0Contre-fictionnons\u00a0\u00bb les d\u00e9bilit\u00e9s qui nous gouvernent de leur implacable r\u00e9alit\u00e9. D\u00e9sintoxiquons-nous. \u00c7a urge.<\/p>\n<p>L&rsquo;\u00e8re est cendre. Le vent se l\u00e8ve.<\/p>\n<span class=\"embed-youtube\" style=\"text-align:center; display: block;\"><iframe class=\"youtube-player\" width=\"1280\" height=\"720\" src=\"https:\/\/www.youtube.com\/embed\/nV-mf-0wlII?version=3&#038;rel=1&#038;showsearch=0&#038;showinfo=1&#038;iv_load_policy=1&#038;fs=1&#038;hl=fr-FR&#038;autohide=2&#038;wmode=transparent\" allowfullscreen=\"true\" style=\"border:0;\" sandbox=\"allow-scripts allow-same-origin allow-popups allow-presentation allow-popups-to-escape-sandbox\"><\/iframe><\/span>\n","protected":false},"excerpt":{"rendered":"<p>Retour aux sources. Ou du moins, \u00e0 la source d&rsquo;une rivi\u00e8re malemortoise fra\u00eechement vaseuse de joies commerciales, construites depuis peu, sur le terrain de l&rsquo;enfance, de l&rsquo;espoir et des projections [&hellip;]<\/p>\n","protected":false},"author":3,"featured_media":101,"comment_status":"open","ping_status":"open","sticky":false,"template":"","format":"standard","meta":{"jetpack_post_was_ever_published":false,"footnotes":""},"categories":[2],"tags":[],"class_list":["post-98","post","type-post","status-publish","format-standard","has-post-thumbnail","hentry","category-entretiens"],"jetpack_featured_media_url":"https:\/\/recherche-action.fr\/parcours-bruts\/wp-content\/uploads\/sites\/4\/2017\/08\/Mikail-et-titre.png","jetpack_sharing_enabled":true,"jetpack_shortlink":"https:\/\/wp.me\/p7Azv0-1A","_links":{"self":[{"href":"https:\/\/recherche-action.fr\/parcours-bruts\/wp-json\/wp\/v2\/posts\/98","targetHints":{"allow":["GET"]}}],"collection":[{"href":"https:\/\/recherche-action.fr\/parcours-bruts\/wp-json\/wp\/v2\/posts"}],"about":[{"href":"https:\/\/recherche-action.fr\/parcours-bruts\/wp-json\/wp\/v2\/types\/post"}],"author":[{"embeddable":true,"href":"https:\/\/recherche-action.fr\/parcours-bruts\/wp-json\/wp\/v2\/users\/3"}],"replies":[{"embeddable":true,"href":"https:\/\/recherche-action.fr\/parcours-bruts\/wp-json\/wp\/v2\/comments?post=98"}],"version-history":[{"count":5,"href":"https:\/\/recherche-action.fr\/parcours-bruts\/wp-json\/wp\/v2\/posts\/98\/revisions"}],"predecessor-version":[{"id":104,"href":"https:\/\/recherche-action.fr\/parcours-bruts\/wp-json\/wp\/v2\/posts\/98\/revisions\/104"}],"wp:featuredmedia":[{"embeddable":true,"href":"https:\/\/recherche-action.fr\/parcours-bruts\/wp-json\/wp\/v2\/media\/101"}],"wp:attachment":[{"href":"https:\/\/recherche-action.fr\/parcours-bruts\/wp-json\/wp\/v2\/media?parent=98"}],"wp:term":[{"taxonomy":"category","embeddable":true,"href":"https:\/\/recherche-action.fr\/parcours-bruts\/wp-json\/wp\/v2\/categories?post=98"},{"taxonomy":"post_tag","embeddable":true,"href":"https:\/\/recherche-action.fr\/parcours-bruts\/wp-json\/wp\/v2\/tags?post=98"}],"curies":[{"name":"wp","href":"https:\/\/api.w.org\/{rel}","templated":true}]}}