{"id":522,"date":"1984-11-01T08:20:00","date_gmt":"1984-11-01T07:20:00","guid":{"rendered":"http:\/\/recherche-action.fr\/revue-peps\/?p=522"},"modified":"2020-05-03T08:20:43","modified_gmt":"2020-05-03T06:20:43","slug":"no-10-sommaire-edito","status":"publish","type":"post","link":"https:\/\/recherche-action.fr\/revue-peps\/1984\/11\/01\/no-10-sommaire-edito\/","title":{"rendered":"No 10 &#8211; Sommaire \/ Edito"},"content":{"rendered":"\n<p>L&rsquo;avenir du social<\/p>\n\n\n\n<h2 class=\"wp-block-heading\">Sommaire<\/h2>\n\n\n\n<p>LA DECENTRANIMATION ou \u00ab LA PROFESSION D&rsquo;ANIMATEUR AUJOURD&rsquo;HUI\u00bb<br>Profession relativement r\u00e9cente, peu organis\u00e9e et \u00e0 statut pr\u00e9caris\u00e9, l&rsquo;animateur socio-culturel et sa fonction vont-ils devenir de plus en plus d\u00e9valoris\u00e9s et d\u00e9pendants des d\u00e9cideurs politiques ?<\/p>\n\n\n\n<p>FRAGMENTS D&rsquo;UN DISCOURS\u2026 SUR LES NOUVEAUX R.C.E. (RATIONALISATION DES CHOIX \u00c9DUCATIFS)<br>Quels seront les bons \u00e9ducateurs sp\u00e9cialis\u00e9s de demain ? Face aux demandes multivari\u00e9es des nouveaux d\u00e9cideurs, la solution est-elle dans l&rsquo;\u00e9ducatif \u00ab en kit. ?<\/p>\n\n\n\n<p>UNE OCCASION MANQU\u00c9E DANS L&rsquo;\u00c9DUCATION SURVEILL\u00c9E Cette institution est absente de la loi qui institue la d\u00e9centralisation\u2026 dommage ! Pourtant l&rsquo;esprit dans lequel est faite cette loi\u00a0\u00bb peut lui ouvrir des perspectives.<\/p>\n\n\n\n<p>TRAVAILLEUSES FAMILIALES ET CONSEILLERES EN \u00c9CONOMIE SOCIALE ET FAMILIALE : PROFESSIONS \u00ab EN VOIE DE RECONNAISSANCE ? \u00bb.<br>Le point sur deux professions qui exercent dans un champ socio-\u00e9ducatif tr\u00e8s proche.<\/p>\n\n\n\n<p>SERVICES SOCIAUX SP\u00c9CIALIS\u00c9S : HISTOIRE D&rsquo;UNE PEAU DE CHAGRIN !<br>Eh oui, la S\u00e9cu est malade de son Service Social\u2026<br>Quant \u00e0 celui de la Caisse d&rsquo;Allocations Familiales, \u00e7a CAFouille !<\/p>\n\n\n\n<p>R\u00c9USSIR LE CHANGEMENT EN POLYVALENCE DE SECTEUR D\u00e9centralisation, restrictions budg\u00e9taires, nouvelles politiques de trai\u00actement des zones de turbulence fracturent le champ social. Dans ces conditions, quels sont les axes de red\u00e9finition en polyvalence de secteur ?<\/p>\n\n\n\n<p>UNE AVANC\u00c9E DANS LA D\u00c9MOCRATIE ET LA JUSTICE SOCIALE D\u00e9sormais, c&rsquo;est selon la r\u00e9alit\u00e9 politique, \u00e9conomique et sociale de<br>chaque d\u00e9partement que la mis\u00e8re sera canalis\u00e9e et organis\u00e9e.<\/p>\n\n\n\n<p>PUBLICITE \u2014 REVUE DES REVUES &#8212; RUBRIQUE INFOS<\/p>\n\n\n\n<h2 class=\"wp-block-heading\">Edito<\/h2>\n\n\n\n<p>L&rsquo;AVENIR DU SOCIAL, C&rsquo;EST LE NOTRE !<br>Ce num\u00e9ro sp\u00e9cial r\u00e9alis\u00e9 par des Travailleurs Sociaux de professions diff\u00e9rentes est enti\u00e8rement consacr\u00e9 aux r\u00e9formes et mutations qui aujourd&rsquo;hui mettent en crise le champ du social et prolonge la r\u00e9flexion entam\u00e9e dans le n\u00b0 9 sur la circonscription et la coordination.<br>Nous n&rsquo;avons pas cherch\u00e9 l&rsquo;harmonie des discours mais un kal\u00e9idoscope d&rsquo;analyses, d&rsquo;exp\u00e9riences et de propositions qui sont autant de pistes pour comprendre et avoir prise sur nos avenirs. A chacun(e) de s&rsquo;en saisir pour aller plus loin.<br>Le prochain num\u00e9ro de PEPS comportera un dossier consacr\u00e9 aux \u00e9lus, syndicats et associations professionnelles et \u00e0 la fa\u00e7on dont chacun s&rsquo;inscrit dans cette grande redistribution des cartes qui se met en place.<br>Mais au del\u00e0 d&rsquo;un expos\u00e9 d&rsquo;ana-lyses, le groupe de travail souhaite impulser, avec vous, une dynamique.<br>\u2014 Nous faisons appel \u00e0 vos r\u00e9actions, t\u00e9moignages et r\u00e9flexions, sous quelque forme que ce soit (\u00e9crits, photos, dessins\u2026) et d&rsquo;o\u00f9 qu&rsquo;ils viennent, pour rassembler davantage d&rsquo;\u00e9l\u00e9ments.<br>\u2014 Et surtout, nous voulons organiser en Mars 85 un ou des rassemblements de Travailleurs Sociaux \u00ab acteurs de leur changement \u00bb pour d\u00e9battre et prendre des initiatives collectives qui rompent avec les corportatismes et l&rsquo;isolement.<br>Si vous \u00eates int\u00e9ress\u00e9s par ces propositions ou souhaitez vous associer \u00e0 la pr\u00e9paration de ces rassemblements, o\u00f9 que vous soyez, contactez <br>PEPS en mentionnant : Rassemblement des Travailleurs Sociaux<\/p>\n","protected":false},"excerpt":{"rendered":"<p>L&rsquo;avenir du social Sommaire LA DECENTRANIMATION ou \u00ab LA PROFESSION D&rsquo;ANIMATEUR AUJOURD&rsquo;HUI\u00bbProfession relativement r\u00e9cente, peu organis\u00e9e et \u00e0 statut pr\u00e9caris\u00e9, l&rsquo;animateur socio-culturel et sa fonction vont-ils devenir de plus en plus d\u00e9valoris\u00e9s et d\u00e9pendants des d\u00e9cideurs politiques ? FRAGMENTS D&rsquo;UN DISCOURS\u2026 SUR LES NOUVEAUX R.C.E. (RATIONALISATION DES CHOIX \u00c9DUCATIFS)Quels seront les bons \u00e9ducateurs sp\u00e9cialis\u00e9s de &#8230; <a title=\"No 10 &#8211; Sommaire \/ Edito\" class=\"read-more\" href=\"https:\/\/recherche-action.fr\/revue-peps\/1984\/11\/01\/no-10-sommaire-edito\/\" aria-label=\"En savoir plus sur No 10 &#8211; Sommaire \/ Edito\">Lire la suite<\/a><\/p>\n","protected":false},"author":1,"featured_media":495,"comment_status":"open","ping_status":"open","sticky":false,"template":"","format":"standard","meta":{"_jetpack_memberships_contains_paid_content":false,"footnotes":""},"categories":[80],"tags":[12],"ppma_author":[9],"class_list":["post-522","post","type-post","status-publish","format-standard","has-post-thumbnail","hentry","category-lavenir-du-social","tag-travail-social"],"jetpack_featured_media_url":"https:\/\/recherche-action.fr\/revue-peps\/wp-content\/uploads\/sites\/21\/2020\/04\/10-scaled.jpg","jetpack_sharing_enabled":true,"authors":[{"term_id":9,"user_id":0,"is_guest":1,"slug":"collectif","display_name":"Collectif","avatar_url":"https:\/\/secure.gravatar.com\/avatar\/?s=96&d=mm&r=g","1":"","2":"","3":"","4":"","5":"","6":"","7":"","8":""}],"post_mailing_queue_ids":[],"_links":{"self":[{"href":"https:\/\/recherche-action.fr\/revue-peps\/wp-json\/wp\/v2\/posts\/522","targetHints":{"allow":["GET"]}}],"collection":[{"href":"https:\/\/recherche-action.fr\/revue-peps\/wp-json\/wp\/v2\/posts"}],"about":[{"href":"https:\/\/recherche-action.fr\/revue-peps\/wp-json\/wp\/v2\/types\/post"}],"author":[{"embeddable":true,"href":"https:\/\/recherche-action.fr\/revue-peps\/wp-json\/wp\/v2\/users\/1"}],"replies":[{"embeddable":true,"href":"https:\/\/recherche-action.fr\/revue-peps\/wp-json\/wp\/v2\/comments?post=522"}],"version-history":[{"count":1,"href":"https:\/\/recherche-action.fr\/revue-peps\/wp-json\/wp\/v2\/posts\/522\/revisions"}],"predecessor-version":[{"id":523,"href":"https:\/\/recherche-action.fr\/revue-peps\/wp-json\/wp\/v2\/posts\/522\/revisions\/523"}],"wp:featuredmedia":[{"embeddable":true,"href":"https:\/\/recherche-action.fr\/revue-peps\/wp-json\/wp\/v2\/media\/495"}],"wp:attachment":[{"href":"https:\/\/recherche-action.fr\/revue-peps\/wp-json\/wp\/v2\/media?parent=522"}],"wp:term":[{"taxonomy":"category","embeddable":true,"href":"https:\/\/recherche-action.fr\/revue-peps\/wp-json\/wp\/v2\/categories?post=522"},{"taxonomy":"post_tag","embeddable":true,"href":"https:\/\/recherche-action.fr\/revue-peps\/wp-json\/wp\/v2\/tags?post=522"},{"taxonomy":"author","embeddable":true,"href":"https:\/\/recherche-action.fr\/revue-peps\/wp-json\/wp\/v2\/ppma_author?post=522"}],"curies":[{"name":"wp","href":"https:\/\/api.w.org\/{rel}","templated":true}]}}