{"id":1135,"date":"2019-02-27T16:51:07","date_gmt":"2019-02-27T15:51:07","guid":{"rendered":"http:\/\/recherche-action.fr\/ruesmarchandes\/?p=1135"},"modified":"2019-02-27T17:07:37","modified_gmt":"2019-02-27T16:07:37","slug":"marche-solidaire","status":"publish","type":"post","link":"https:\/\/recherche-action.fr\/ruesmarchandes\/2019\/02\/27\/marche-solidaire\/","title":{"rendered":"March\u00e9 solidaire"},"content":{"rendered":"\n<p style=\"text-align:center\"><em>Le satellite et le collectif de recherche-action Rues Marchandes <br> vous invitent au <\/em><\/p>\n\n\n\n<p style=\"text-align:center\"> <strong>MARCHE SOLIDAIRE<br> Brocante\/vide grenier\/artisanat\/r\u00e9cup\/diy<\/strong><\/p>\n\n\n\n<p style=\"text-align:center\"> le samedi 2 mars de 10h \u00e0 17h<br> 108 Rue des Cit\u00e9s \u2013 93300 Aubervilliers <br> M\u00b0 Aubervilliers-Quatre Chemin<\/p>\n\n\n\n<div class=\"wp-block-image\"><figure class=\"aligncenter\"><img fetchpriority=\"high\" decoding=\"async\" width=\"600\" height=\"436\" src=\"http:\/\/recherche-action.fr\/ruesmarchandes\/wp-content\/uploads\/sites\/5\/2019\/02\/marchesolidaire_web.jpg\" alt=\"\" class=\"wp-image-1136\" srcset=\"https:\/\/recherche-action.fr\/ruesmarchandes\/wp-content\/uploads\/sites\/5\/2019\/02\/marchesolidaire_web.jpg 600w, https:\/\/recherche-action.fr\/ruesmarchandes\/wp-content\/uploads\/sites\/5\/2019\/02\/marchesolidaire_web-300x218.jpg 300w, https:\/\/recherche-action.fr\/ruesmarchandes\/wp-content\/uploads\/sites\/5\/2019\/02\/marchesolidaire_web-400x291.jpg 400w\" sizes=\"(max-width: 600px) 100vw, 600px\" \/><\/figure><\/div>\n\n\n\n<p> R\u00e9cup, biffe, brocante, seconde main, vide-grenier, occaze, drouille, tr\u00e9sors\u2026  Venez faire des bonnes affaires et partager un moment tou.te.s ensemble ! Le march\u00e9 solidaire r\u00e9unit biffin.e.s, cr\u00e9ateur.rice.s et toute personne ayant besoin de vendre sa r\u00e9cup ou ses cr\u00e9ations pour une journ\u00e9e d&rsquo;\u00e9changes conviviaux et solidaires au Satellite, lieu occup\u00e9 \u00e0 Aubervilliers. <\/p>\n\n\n\n<p>Nous vous invitons \u00e0 rencontrer des acteur.rice.s de la r\u00e9cup\u00e9ration-revente, du squat en milieu urbain, de la recherche-action, de l\u2019artisanat DIY, de la bouffe collective, de la musique inclusive\u2026 Et \u00e0 en \u00eatre vous-m\u00eames acteurs et actrices!<\/p>\n\n\n\n<ul class=\"wp-block-list\"><li><em><strong>Rues marchandes <\/strong><\/em>est un collectif qui r\u00e9unit chercheurs et acteurs autour de l\u2019\u00e9conomie populaire, marchande et non marchande, sur les territoires franciliens (&#x63;&#x6f;&#x6e;&#x74;&#x61;&#x63;&#x74;&#64;&#114;&#101;cherch&#x65;&#x2d;&#x61;&#x63;&#x74;&#x69;&#x6f;&#x6e;&#46;&#102;r &#8211; http:\/\/recherche-action.fr\/ruesmarchandes\/ ).<\/li><li><em><strong>Le Satellite<\/strong><\/em> est un lieu occup\u00e9 et autog\u00e9r\u00e9 ouvert \u00e0 Aubervilliers depuis huit mois. Il est port\u00e9 par un collectif pluridisciplinaire r\u00e9unissant des artistes, des \u00e9tudiant.e.s, et des travailleur.se.s sociaux qui cherchent \u00e0 faire vivre un espace d\u2019entraide, de cr\u00e9ation et de convivialit\u00e9, gratuit et ouvert \u00e0 tous.<\/li><\/ul>\n\n\n\n<p>NB Le 16 avril \u00e0 17h le collectif Rues Marchandes avec le LISRA interviendra au s\u00e9minaire d\u00e9di\u00e9 \u00e0 la recherche-action \u00e0 la Maison des Sciences de l&rsquo;Homme Paris Nord (pr\u00e9cisions \u00e0 suivre)<\/p>\n","protected":false},"excerpt":{"rendered":"<p>Le satellite et le collectif de recherche-action Rues Marchandes vous invitent au MARCHE SOLIDAIRE Brocante\/vide grenier\/artisanat\/r\u00e9cup\/diy le samedi 2 mars de 10h \u00e0 17h 108 Rue des Cit\u00e9s \u2013 93300 [&hellip;]<\/p>\n","protected":false},"author":1,"featured_media":1136,"comment_status":"open","ping_status":"open","sticky":false,"template":"","format":"standard","meta":{"jetpack_post_was_ever_published":false,"footnotes":""},"categories":[2],"tags":[],"class_list":["post-1135","post","type-post","status-publish","format-standard","has-post-thumbnail","hentry","category-actualite"],"jetpack_featured_media_url":"https:\/\/recherche-action.fr\/ruesmarchandes\/wp-content\/uploads\/sites\/5\/2019\/02\/marchesolidaire_web.jpg","jetpack_sharing_enabled":true,"jetpack_shortlink":"https:\/\/wp.me\/p7xknf-ij","post_mailing_queue_ids":[],"_links":{"self":[{"href":"https:\/\/recherche-action.fr\/ruesmarchandes\/wp-json\/wp\/v2\/posts\/1135","targetHints":{"allow":["GET"]}}],"collection":[{"href":"https:\/\/recherche-action.fr\/ruesmarchandes\/wp-json\/wp\/v2\/posts"}],"about":[{"href":"https:\/\/recherche-action.fr\/ruesmarchandes\/wp-json\/wp\/v2\/types\/post"}],"author":[{"embeddable":true,"href":"https:\/\/recherche-action.fr\/ruesmarchandes\/wp-json\/wp\/v2\/users\/1"}],"replies":[{"embeddable":true,"href":"https:\/\/recherche-action.fr\/ruesmarchandes\/wp-json\/wp\/v2\/comments?post=1135"}],"version-history":[{"count":4,"href":"https:\/\/recherche-action.fr\/ruesmarchandes\/wp-json\/wp\/v2\/posts\/1135\/revisions"}],"predecessor-version":[{"id":1141,"href":"https:\/\/recherche-action.fr\/ruesmarchandes\/wp-json\/wp\/v2\/posts\/1135\/revisions\/1141"}],"wp:featuredmedia":[{"embeddable":true,"href":"https:\/\/recherche-action.fr\/ruesmarchandes\/wp-json\/wp\/v2\/media\/1136"}],"wp:attachment":[{"href":"https:\/\/recherche-action.fr\/ruesmarchandes\/wp-json\/wp\/v2\/media?parent=1135"}],"wp:term":[{"taxonomy":"category","embeddable":true,"href":"https:\/\/recherche-action.fr\/ruesmarchandes\/wp-json\/wp\/v2\/categories?post=1135"},{"taxonomy":"post_tag","embeddable":true,"href":"https:\/\/recherche-action.fr\/ruesmarchandes\/wp-json\/wp\/v2\/tags?post=1135"}],"curies":[{"name":"wp","href":"https:\/\/api.w.org\/{rel}","templated":true}]}}