{"id":338,"date":"2015-07-01T14:03:19","date_gmt":"2015-07-01T13:03:19","guid":{"rendered":"http:\/\/recherche-action.fr\/ruesmarchandes\/?p=338"},"modified":"2016-05-11T22:34:51","modified_gmt":"2016-05-11T20:34:51","slug":"workshop-rues-marchandes-montreuil-93","status":"publish","type":"post","link":"https:\/\/recherche-action.fr\/ruesmarchandes\/2015\/07\/01\/workshop-rues-marchandes-montreuil-93\/","title":{"rendered":"Workshop \u00ab Rues Marchandes \u00bb (Montreuil \u2013 93)"},"content":{"rendered":"<p>Dans le cadre du s\u00e9minaire international <a href=\"http:\/\/civic-city.org\/\" target=\"_blank\">Civic city<\/a> (Institute for critical research in design) dirig\u00e9 par <a href=\"http:\/\/www.ruedi-baur.eu\/\" target=\"_blank\">Vera Baur<\/a> \u00ab Entre travail de terrain et Institution, le dessin au service des causes sociales \u00bb<\/p>\n<p>Jeudi 2 juillet 14h -18h \u00e0 Civic city France &#8211; 39 rue marceau &#8211; 93100 Montreuil<\/p>\n<p>avec Claire Dehove, Fondatrice du collectif WOS, l&rsquo;agence des Hypoth\u00e8ses, agr\u00e9g\u00e9e d&rsquo;Arts Plastiques et docteur en esth\u00e9tique et science de l&rsquo;art, ex-directrice du d\u00e9partement sc\u00e9nographie \u00e0 ENSATT\/Lyon 190-2010, ex-charg\u00e9e du module <a href=\"https:\/\/ wosagencedeshypotheses.files.wordpress. com\/2012\/10\/cv_c-dehove_28_10_2014.pdf\" target=\"_blank\">\u00ab\u00a0art et espace\u00a0\u00bb \u00e0 l&rsquo;Institut d&rsquo;Etudes Politique de Paris<\/a>.<\/p>\n<p>et Hugues Bazin, chercheur en sciences sociales &#8211; <a href=\"http:\/\/recherche-action.fr\/labo-social\/\" target=\"_blank\">Laboratoire d&rsquo;Innovation Sosciales par la Recherche-Action<\/a> sur leur projet <a href=\"http:\/\/recherche-action.fr\/ ruesmarchandes\/charte-collaborative\/\" target=\"_blank\">Rues Marchandes<\/a>.<\/p>\n<p>Le projet de Civic City s\u2019inscrit dans le Programme Europ\u00e9en Leader Midi-Quercy qui soutient des initiatives d\u2019innovations sociales et environnementales pour d\u00e9velopper une attractivit\u00e9 durable du territoire. Le projet de Civic City est de repenser l\u2019\u00e9crit dans l\u2019enceinte de l\u2019espace public afin qu\u2019il puisse provoquer des modes relationnels fond\u00e9s sur le civisme, la responsabilit\u00e9, la conscience et l\u2019alt\u00e9rit\u00e9. Les messages des citoyens se voient cultiv\u00e9s comme des communications visuelles et verbales m\u00e9ritant le m\u00eame soin que l\u2019entretien des espaces verts.<\/p>\n<p>Contact : Vera Kockot : +33 (0) 6 85 51 18 30 &#8211; &#x73;&#x76;&#x62;&#x40;&#x63;&#x69;&#118;&#105;c-city&#x2e;&#x6f;&#x72;&#x67; &#8211; skype: verakockot<\/p>\n<p>Information sur les <a href=\"http:\/\/www.hesge.ch\/head\/formations-et-recherche\/formation-continue\/visible-invisible-cas\" target=\"_blank\">s\u00e9minaires \u00ab Visible \/ invisible \u00bb<\/a> du culturel Certificate of Advanced Studies \u2013 Haute \u00e9cole d&rsquo;art et de design \u2013 Gen\u00e8ve<\/p>\n<p>Programme complet du s\u00e9minaire 1-3 juillet :<\/p>\n\n<p>En compl\u00e9ment, voici quelques liens de t\u00e9l\u00e9chargement des articles et rapports en lien avec l&rsquo;espace public, la mobilit\u00e9 et le mobilier urbain:<\/p>\n<ul>\n<li>Etudes qualitatives r\u00e9gionales Ile de France sur les r\u00e9cup\u00e9rateurs vendeurs : <a href=\"http:\/\/recherche-action.fr\/ruesmarchandes\/download\/etude_sur_les_biffins_en_ile_de_france\/Synthese_biffins_lot_2_4_juin_2012-2.pdf\" target=\"_blank\">Hugues Bazin, St\u00e9phane rullac, Etude qualitative portant sur les conditions de vie des biffins en Ile-de-France, association Aurore, R\u00e9gion Ile de France, 2011, 126p<\/a>.<\/li>\n<li>Sur le design agressif anti-pauvres: <a href=\"http:\/\/recherche-action.fr\/ruesmarchandes\/download\/espace_public_et_ma%C3%AEtrise_d%27usage\/Le%20mobilier%20urbain%20anti-pauvre.pdf\" target=\"_blank\">Hugues Bazin, Mobilier urbain anti-pauvre, document \u00e9lectronique, biblio.recherche-action.fr, 2015<\/a><\/li>\n<li>Sur la marchabilit\u00e9: <a href=\"http:\/\/biblio.recherche-action.fr\/docannexe.php?id=686\" target=\"_blank\">Hugues Bazin, La \u00ab marchabilit\u00e9 \u00bb du citoyen arpenteur acteur chercheur, revue Arpentages, 2, Lyon: La fosse aux ours, 2015<\/a><\/li>\n<li>Sur le parcours en milieu urbain: <a href=\"http:\/\/biblio.recherche-action.fr\/docannexe.php?id=635\" target=\"_blank\">Hugues Bazin, Na\u00efm Bornaz, \u00ab Les arpenteurs ouvreurs d\u2019espaces \u00bb revue Arpentages, 2, Lyon : La fosse aux ours, 2014, pp.113-123<\/a><\/li>\n<li>Sur les tiers espaces: <a href=\"http:\/\/biblio.recherche-action.fr\/docannexe.php?id=637\" target=\"_blank\">Hugues Bazin, \u00ab Les figures du tiers espace : contre-espace, tiers paysage, tiers lieu \u00bb, document \u00e9lectronique in http:\/\/biblio.recherche-action.fr, 2013.<\/a><\/li>\n<\/ul>\n","protected":false},"excerpt":{"rendered":"<p>Dans le cadre du s\u00e9minaire international Civic city (Institute for critical research in design) dirig\u00e9 par Vera Baur \u00ab Entre travail de terrain et Institution, le dessin au service des [&hellip;]<\/p>\n","protected":false},"author":1,"featured_media":583,"comment_status":"open","ping_status":"open","sticky":false,"template":"","format":"standard","meta":{"jetpack_post_was_ever_published":false,"footnotes":""},"categories":[8],"tags":[],"class_list":["post-338","post","type-post","status-publish","format-standard","has-post-thumbnail","hentry","category-seminaire"],"jetpack_featured_media_url":"https:\/\/recherche-action.fr\/ruesmarchandes\/wp-content\/uploads\/sites\/5\/2016\/05\/civic-city.jpg","jetpack_sharing_enabled":true,"jetpack_shortlink":"https:\/\/wp.me\/p7xknf-5s","post_mailing_queue_ids":[],"_links":{"self":[{"href":"https:\/\/recherche-action.fr\/ruesmarchandes\/wp-json\/wp\/v2\/posts\/338","targetHints":{"allow":["GET"]}}],"collection":[{"href":"https:\/\/recherche-action.fr\/ruesmarchandes\/wp-json\/wp\/v2\/posts"}],"about":[{"href":"https:\/\/recherche-action.fr\/ruesmarchandes\/wp-json\/wp\/v2\/types\/post"}],"author":[{"embeddable":true,"href":"https:\/\/recherche-action.fr\/ruesmarchandes\/wp-json\/wp\/v2\/users\/1"}],"replies":[{"embeddable":true,"href":"https:\/\/recherche-action.fr\/ruesmarchandes\/wp-json\/wp\/v2\/comments?post=338"}],"version-history":[{"count":1,"href":"https:\/\/recherche-action.fr\/ruesmarchandes\/wp-json\/wp\/v2\/posts\/338\/revisions"}],"predecessor-version":[{"id":642,"href":"https:\/\/recherche-action.fr\/ruesmarchandes\/wp-json\/wp\/v2\/posts\/338\/revisions\/642"}],"wp:featuredmedia":[{"embeddable":true,"href":"https:\/\/recherche-action.fr\/ruesmarchandes\/wp-json\/wp\/v2\/media\/583"}],"wp:attachment":[{"href":"https:\/\/recherche-action.fr\/ruesmarchandes\/wp-json\/wp\/v2\/media?parent=338"}],"wp:term":[{"taxonomy":"category","embeddable":true,"href":"https:\/\/recherche-action.fr\/ruesmarchandes\/wp-json\/wp\/v2\/categories?post=338"},{"taxonomy":"post_tag","embeddable":true,"href":"https:\/\/recherche-action.fr\/ruesmarchandes\/wp-json\/wp\/v2\/tags?post=338"}],"curies":[{"name":"wp","href":"https:\/\/api.w.org\/{rel}","templated":true}]}}