{"id":701,"date":"2016-09-01T17:31:31","date_gmt":"2016-09-01T15:31:31","guid":{"rendered":"http:\/\/recherche-action.fr\/ruesmarchandes\/?p=701"},"modified":"2016-09-08T17:05:53","modified_gmt":"2016-09-08T15:05:53","slug":"comment-mesurer-limpact-des-biffins-dile-de-france","status":"publish","type":"post","link":"https:\/\/recherche-action.fr\/ruesmarchandes\/2016\/09\/01\/comment-mesurer-limpact-des-biffins-dile-de-france\/","title":{"rendered":"Comment mesurer l\u2019impact des biffins d\u2019Ile de France ?"},"content":{"rendered":"<p><span style=\"font-weight: 400\">Comme le dit Mudano de Pimp My carro\u00e7a \u00ab\u00a0les collecteurs de rues sont des \u00a0super h\u00e9ros de l\u2019\u00e9cologie qui ont le pire des super pouvoirs\u00a0: l\u2019invisibilit\u00e9\u00a0\u00bb. Les ordures sont des choses que l\u2019on emm\u00e8ne loin de la vue le plus vite possible, \u00a0et ceux qui vivent de la collecte sont d\u00e9consid\u00e9r\u00e9s socialement ou ignor\u00e9s malgr\u00e9 le service essentiel qu\u2019ils pourvoient. <\/span><\/p>\n<p><span style=\"font-weight: 400\">Face \u00e0 l\u2019\u00e9vidence des d\u00e9fis \u00e9cologiques et socio-\u00e9conomiques, la soci\u00e9t\u00e9 a commenc\u00e9 \u00e0 valoriser les entrepreneurs de l\u2019\u00e9conomie circulaire qui sont mis \u00e0 l\u2019honneur dans les m\u00e9dias et les conf\u00e9rences. Mais les collecteurs qui par choix ou par manque d\u2019alternatives se sont tourn\u00e9s vers la collecte informelle et qui sont un maillon essentiel du recyclage et du r\u00e9emploi sont au mieux tol\u00e9r\u00e9s, au pire combattus au nom de d\u00e9bordements possibles et \u00a0faute de la visibilit\u00e9 d\u2019un impact positif pass\u00e9 sous silence.<\/span><\/p>\n<p><iframe src=\"https:\/\/embed.ted.com\/talks\/lang\/fr\/mundano_pimp_my_trash_cart\" sandbox=\"allow-popups allow-scripts allow-same-origin\" width=\"1280\" height=\"720\" frameborder=\"0\" scrolling=\"no\" webkitAllowFullScreen mozallowfullscreen allowFullScreen><\/iframe><\/p>\n<p>&nbsp;<\/p>\n<p><b>Pourquoi mesurer l\u2019impact\u00a0?<\/b><\/p>\n<ul>\n<li style=\"font-weight: 400\"><span style=\"font-weight: 400\">Les collecteurs informels de Bogota font \u00e9conomiser \u00e0 la collectivit\u00e9 plus de 60 millions de dollars annuels de co\u00fbts de traitement<\/span><\/li>\n<li style=\"font-weight: 400\"><span style=\"font-weight: 400\">Des lieux parmi les plus embl\u00e9matiques de Paris comme les puces de Saint-Ouen et les Bouquinistes des bords de seine ont \u00e9t\u00e9 cr\u00e9\u00e9 par les biffins<\/span><\/li>\n<li style=\"font-weight: 400\"><span style=\"font-weight: 400\">Au Br\u00e9sil, 90 % des mat\u00e9riaux qui sont recycl\u00e9s ont \u00e9t\u00e9 collect\u00e9s par des biffins et auraient finis en d\u00e9charge<\/span><\/li>\n<\/ul>\n<p><span style=\"font-weight: 400\">Il est des \u00e9l\u00e9ments chiffr\u00e9s et tangibles que l\u2019on peut lister en traversant les \u00e9poques et les pays qui permettent d\u2019attester de l\u2019impact r\u00e9el apport\u00e9 par une profession, de d\u00e9construire des mythes \u00a0et de trouver des pistes de progr\u00e8s. Suite \u00e0 l\u2019\u00e9laboration d\u2019une <\/span><a href=\"https:\/\/storify.com\/FOWaste\/how-to-estimate-the-impact-of-waste-social-entrepr\"><span style=\"font-weight: 400\">m\u00e9thodologie d\u2019impact environnemental<\/span><\/a><span style=\"font-weight: 400\">, Future of Waste a d\u00e9cid\u00e9 d\u2019aider l\u2019association Amelior \u00e0 lister, localiser, mesurer ce qui fait le quotidien de la biffe Francilienne\u00a0: les biffins, les lieux de collecte, de stockage, de vente, de r\u00e9pression, les co\u00fbts g\u00e9n\u00e9r\u00e9s ou \u00e9vit\u00e9s, les impacts sociaux \u00e9conomiques, culturels et \u00e9cologiques . Ce travail s\u2019inscrit dans une d\u00e9marche de long terme soutenu par le <\/span><a href=\"http:\/\/recherche-action.fr\/ruesmarchandes\/\"><span style=\"font-weight: 400\">collectif rue marchande<\/span><\/a><span style=\"font-weight: 400\"> qui vise \u00e0 mieux faire comprendre cette activit\u00e9 ancestrale aupr\u00e8s des collectivit\u00e9s et du grand public.<\/span><\/p>\n<p><span class=\"embed-youtube\" style=\"text-align:center; display: block;\"><iframe class=\"youtube-player\" width=\"1280\" height=\"720\" src=\"https:\/\/www.youtube.com\/embed\/314J2GkrDZE?version=3&#038;rel=1&#038;showsearch=0&#038;showinfo=1&#038;iv_load_policy=1&#038;fs=1&#038;hl=fr-FR&#038;autohide=2&#038;wmode=transparent\" allowfullscreen=\"true\" style=\"border:0;\" sandbox=\"allow-scripts allow-same-origin allow-popups allow-presentation allow-popups-to-escape-sandbox\"><\/iframe><\/span><\/p>\n<p>&nbsp;<\/p>\n<p><b>Quel est le p\u00e9rim\u00e8tre\u00a0?<\/b><\/p>\n<p><span style=\"font-weight: 400\">On peut retenir comme d\u00e9finition des biffins\u00a0: les personnes ayants une activit\u00e9 marchande de revente d\u2019objets usagers qui proviennent de la r\u00e9cup\u00e9ration suite \u00e0 un abandon, un don ou un \u00e9change, vendus en l\u2019\u00e9tat ou revaloris\u00e9s. Du mot \u00ab\u00a0biffe\u00bb, crochet avec lequel le chiffonnier fouillait les d\u00e9tritus. D\u2019o\u00f9 \u00ab\u00a0biffins\u00a0\u00bb qui d\u00e9signe les r\u00e9cup\u00e9rateurs vendeurs. La r\u00e9alit\u00e9 est beaucoup plus complexe et recouvre de tr\u00e8s nombreux param\u00e8tres qui sont d\u00e9taill\u00e9s dans cette <\/span><a href=\"http:\/\/recherche-action.fr\/ruesmarchandes\/download\/etude_sur_les_biffins_en_ile_de_france\/Les-biffins-etude-qualitative.pdf\"><span style=\"font-weight: 400\">\u00e9tude<\/span><\/a><span style=\"font-weight: 400\">. Dans le cadre de l\u2019\u00e9tude de mesure d\u2019impact on s\u2019attachera \u00e0 \u00e9tudier <\/span><\/p>\n<ul>\n<li style=\"font-weight: 400\"><span style=\"font-weight: 400\">Les biffins qui r\u00e9cup\u00e8rent \u00a0dans les encombrants, de main \u00e0 main, dans \u00a0les ordures m\u00e9nag\u00e8res, les fins de brocantes ou de vide greniers puis qui revendent sur le march\u00e9 des biffins de Montreuil <\/span><\/li>\n<li style=\"font-weight: 400\"><span style=\"font-weight: 400\">On exclura de l\u2019\u00e9tude les r\u00e9cup\u00e9rateurs de mati\u00e8res comme les ferrailleurs pour s\u2019attacher aux objets que l\u2019on peut classer dans les 5 cat\u00e9gories suivantes (Textiles, \u00e9lectronique et \u00e9lectrom\u00e9nager, Jouets, culture, maison)<\/span><\/li>\n<\/ul>\n<p><img fetchpriority=\"high\" decoding=\"async\" class=\"alignnone size-medium wp-image-702 aligncenter\" src=\"http:\/\/recherche-action.fr\/ruesmarchandes\/wp-content\/uploads\/sites\/5\/2016\/09\/chavaux-300x225.jpg\" alt=\"chavaux\" width=\"300\" height=\"225\" srcset=\"https:\/\/recherche-action.fr\/ruesmarchandes\/wp-content\/uploads\/sites\/5\/2016\/09\/chavaux-300x225.jpg 300w, https:\/\/recherche-action.fr\/ruesmarchandes\/wp-content\/uploads\/sites\/5\/2016\/09\/chavaux-768x576.jpg 768w, https:\/\/recherche-action.fr\/ruesmarchandes\/wp-content\/uploads\/sites\/5\/2016\/09\/chavaux-1024x768.jpg 1024w, https:\/\/recherche-action.fr\/ruesmarchandes\/wp-content\/uploads\/sites\/5\/2016\/09\/chavaux-400x300.jpg 400w, https:\/\/recherche-action.fr\/ruesmarchandes\/wp-content\/uploads\/sites\/5\/2016\/09\/chavaux.jpg 1200w\" sizes=\"(max-width: 300px) 100vw, 300px\" \/><\/p>\n<p><b>Que va-t-on mesurer\u00a0?<\/b><\/p>\n<p><span style=\"font-weight: 400\">Apr\u00e8s quelques heures d\u2019ateliers, nous nous sommes accord\u00e9s sur une m\u00e9thodologie de terrain. Nous recherchons des b\u00e9n\u00e9voles qui seraient pr\u00eats \u00e0 venir nous aider \u00e0 mener cette enqu\u00eate sur diff\u00e9rents march\u00e9s, a diff\u00e9rents moments. N\u2019h\u00e9sitez pas \u00e0 prendre part \u00e0 l\u2019enqu\u00eate tant sur le terrain ( en t\u00e9l\u00e9chargeant le <\/span><a href=\"https:\/\/drive.google.com\/file\/d\/0B-f1OvHH5rI4WGRsVzN4T1N3Vjg\/view?usp=sharing\"><span style=\"font-weight: 400\">questionnaire <\/span><\/a><span style=\"font-weight: 400\">) que sur le terrain que sur les outils utilis\u00e9s pour collecter et compiler les donn\u00e9es. Merci de nous indiquer par mail (contactez antoine&#64;makes&#101;&#110;&#115;&#101;&#46;&#x6f;&#x72;&#x67;) si vous seriez int\u00e9ress\u00e9s pour participer lors des prochains march\u00e9 le 7 et 18 Septembre, ainsi que le 12 Octobre.<\/span><\/p>\n<p><span style=\"font-weight: 400\">Au del\u00e0 des aspects quantitatif, nous aimerions aussi \u00a0collecter des t\u00e9moignages et des donn\u00e9es qui nous serviront \u00e0 cr\u00e9er une carte participative et un guide culturel pour faire connaitre l\u2019historique de l\u2019activit\u00e9, les parcours de vie \u00a0des gens qui font cette activit\u00e9<\/span><\/p>\n<p><img decoding=\"async\" class=\"size-medium wp-image-703 aligncenter\" src=\"http:\/\/recherche-action.fr\/ruesmarchandes\/wp-content\/uploads\/sites\/5\/2016\/09\/Patrick-300x169.jpg\" alt=\"Patrick\" width=\"300\" height=\"169\" srcset=\"https:\/\/recherche-action.fr\/ruesmarchandes\/wp-content\/uploads\/sites\/5\/2016\/09\/Patrick-300x169.jpg 300w, https:\/\/recherche-action.fr\/ruesmarchandes\/wp-content\/uploads\/sites\/5\/2016\/09\/Patrick-768x432.jpg 768w, https:\/\/recherche-action.fr\/ruesmarchandes\/wp-content\/uploads\/sites\/5\/2016\/09\/Patrick-1024x576.jpg 1024w, https:\/\/recherche-action.fr\/ruesmarchandes\/wp-content\/uploads\/sites\/5\/2016\/09\/Patrick-400x225.jpg 400w, https:\/\/recherche-action.fr\/ruesmarchandes\/wp-content\/uploads\/sites\/5\/2016\/09\/Patrick.jpg 1385w\" sizes=\"(max-width: 300px) 100vw, 300px\" \/><\/p>\n<p><span style=\"font-weight: 400\">Les donn\u00e9es relev\u00e9es sur le terrain et extrapol\u00e9es en tenant compte des diff\u00e9rents biais seront mis en regards des donn\u00e9es parisiennes, franciliennes ou nationales collect\u00e9s aupr\u00e8s de collectivit\u00e9s, d\u2019organismes, d\u2019associations, ou de laboratoires de recherches<\/span><\/p>\n<p><span style=\"font-weight: 400\">Concernant l\u2019aspect socio\u00e9conomique, on fera des corr\u00e9lations entre le temps de vente et le chiffre d\u2019affaire, les moyens de transport et de stockage et le tonnage\u00a0; on pourra faire des \u00e9tudes sur la saisonnalit\u00e9 et se r\u00e9f\u00e9rer aux publications pr\u00e9c\u00e9dentes du collectif rue marchande pour \u00e9tayer ce qui a trait au niveau de vie.<\/span><\/p>\n<p><span style=\"font-weight: 400\">Pour l\u2019aspect co\u00fbt pour la collectivit\u00e9, on estimera le co\u00fbt du nettoyage support\u00e9 par l\u2019association Amelior, et ceux support\u00e9s par la municipalit\u00e9 li\u00e9s \u00e0 l\u2019\u00e9parpillement des sacs, au nettoyage des espaces de vente, \u00e0 la r\u00e9pression de la vente \u00e0 la sauvette ainsi que les co\u00fbts de collecte et de traitements \u00e9vit\u00e9s \u00e0 la collectivit\u00e9<\/span><\/p>\n<p><span style=\"font-weight: 400\">Enfin, pour l\u2019aspect environnemental, on mettra en perspective les empreintes \u00e9cologiques des diff\u00e9rents objets types qui sont d\u00e9tourn\u00e9s des ordures par les biffins en affichant pour chacun une analyse de cycle de vie qui permettra de se faire une id\u00e9e des avantages \u00e9cologiques \u00e0 ne pas acheter neufs et \u00e0 privil\u00e9gier le r\u00e9emploi plut\u00f4t que les ordures.<\/span><\/p>\n<p><span style=\"font-weight: 400\">Sur le <\/span><a href=\"http:\/\/www3.ademe.fr\/internet\/eco-jean\/\"><span style=\"font-weight: 400\">comparateur en ligne de l\u2019Ademe<\/span><\/a><span style=\"font-weight: 400\">, on observe par exemple que plus du tiers de l\u2019impact environnemental sur tout le cycle de vie d\u2019un Jean d\u00e9pend de s\u2019il finit aux ordures m\u00e9nag\u00e8re ou s\u2019il est r\u00e9employ\u00e9<\/span><\/p>\n<p><img decoding=\"async\" class=\"size-medium wp-image-704 aligncenter\" src=\"http:\/\/recherche-action.fr\/ruesmarchandes\/wp-content\/uploads\/sites\/5\/2016\/09\/ADEME-300x218.png\" alt=\"ADEME\" width=\"300\" height=\"218\" srcset=\"https:\/\/recherche-action.fr\/ruesmarchandes\/wp-content\/uploads\/sites\/5\/2016\/09\/ADEME-300x218.png 300w, https:\/\/recherche-action.fr\/ruesmarchandes\/wp-content\/uploads\/sites\/5\/2016\/09\/ADEME-400x290.png 400w, https:\/\/recherche-action.fr\/ruesmarchandes\/wp-content\/uploads\/sites\/5\/2016\/09\/ADEME.png 405w\" sizes=\"(max-width: 300px) 100vw, 300px\" \/><\/p>\n<p>&nbsp;<\/p>\n<p>Antoine Delaunay coordonne le programme \u201cFuture of Waste\u201d chez MakeSense dont la mission est de mobiliser des\u00a0citoyens autour des entrepreneurs sociaux qui inventent et impl\u00e9mentent des solutions qui pr\u00e9viennent et transforment les d\u00e9chets<\/p>\n","protected":false},"excerpt":{"rendered":"<p>Comme le dit Mudano de Pimp My carro\u00e7a \u00ab\u00a0les collecteurs de rues sont des \u00a0super h\u00e9ros de l\u2019\u00e9cologie qui ont le pire des super pouvoirs\u00a0: l\u2019invisibilit\u00e9\u00a0\u00bb. Les ordures sont des [&hellip;]<\/p>\n","protected":false},"author":1,"featured_media":703,"comment_status":"open","ping_status":"open","sticky":false,"template":"","format":"standard","meta":{"jetpack_post_was_ever_published":false,"footnotes":""},"categories":[4],"tags":[19,20,18],"class_list":["post-701","post","type-post","status-publish","format-standard","has-post-thumbnail","hentry","category-fiches-methodologiques","tag-biffins","tag-enquete","tag-impact"],"jetpack_featured_media_url":"https:\/\/recherche-action.fr\/ruesmarchandes\/wp-content\/uploads\/sites\/5\/2016\/09\/Patrick.jpg","jetpack_sharing_enabled":true,"jetpack_shortlink":"https:\/\/wp.me\/p7xknf-bj","post_mailing_queue_ids":[],"_links":{"self":[{"href":"https:\/\/recherche-action.fr\/ruesmarchandes\/wp-json\/wp\/v2\/posts\/701","targetHints":{"allow":["GET"]}}],"collection":[{"href":"https:\/\/recherche-action.fr\/ruesmarchandes\/wp-json\/wp\/v2\/posts"}],"about":[{"href":"https:\/\/recherche-action.fr\/ruesmarchandes\/wp-json\/wp\/v2\/types\/post"}],"author":[{"embeddable":true,"href":"https:\/\/recherche-action.fr\/ruesmarchandes\/wp-json\/wp\/v2\/users\/1"}],"replies":[{"embeddable":true,"href":"https:\/\/recherche-action.fr\/ruesmarchandes\/wp-json\/wp\/v2\/comments?post=701"}],"version-history":[{"count":4,"href":"https:\/\/recherche-action.fr\/ruesmarchandes\/wp-json\/wp\/v2\/posts\/701\/revisions"}],"predecessor-version":[{"id":709,"href":"https:\/\/recherche-action.fr\/ruesmarchandes\/wp-json\/wp\/v2\/posts\/701\/revisions\/709"}],"wp:featuredmedia":[{"embeddable":true,"href":"https:\/\/recherche-action.fr\/ruesmarchandes\/wp-json\/wp\/v2\/media\/703"}],"wp:attachment":[{"href":"https:\/\/recherche-action.fr\/ruesmarchandes\/wp-json\/wp\/v2\/media?parent=701"}],"wp:term":[{"taxonomy":"category","embeddable":true,"href":"https:\/\/recherche-action.fr\/ruesmarchandes\/wp-json\/wp\/v2\/categories?post=701"},{"taxonomy":"post_tag","embeddable":true,"href":"https:\/\/recherche-action.fr\/ruesmarchandes\/wp-json\/wp\/v2\/tags?post=701"}],"curies":[{"name":"wp","href":"https:\/\/api.w.org\/{rel}","templated":true}]}}