{"id":857,"date":"2017-02-28T10:24:56","date_gmt":"2017-02-28T09:24:56","guid":{"rendered":"http:\/\/recherche-action.fr\/ruesmarchandes\/?p=857"},"modified":"2017-11-11T19:45:25","modified_gmt":"2017-11-11T18:45:25","slug":"journee-mondiale-des-recuperateurs-de-dechets-1er-mars","status":"publish","type":"post","link":"https:\/\/recherche-action.fr\/ruesmarchandes\/2017\/02\/28\/journee-mondiale-des-recuperateurs-de-dechets-1er-mars\/","title":{"rendered":"Journ\u00e9e mondiale des r\u00e9cup\u00e9rateurs de \u00abd\u00e9chets\u00bb 1er Mars"},"content":{"rendered":"<p>\u00ab\u00a0Le r\u00e9emploi et le recyclage sont entre nos mains!\u00a0\u00bb<\/p>\n<p><a href=\"http:\/\/recherche-action.fr\/ruesmarchandes\/wp-content\/uploads\/sites\/5\/2017\/02\/amelior-2017-1-500x301.jpg\"><img fetchpriority=\"high\" decoding=\"async\" class=\"aligncenter size-full wp-image-858\" src=\"http:\/\/recherche-action.fr\/ruesmarchandes\/wp-content\/uploads\/sites\/5\/2017\/02\/amelior-2017-1-500x301.jpg\" alt=\"\" width=\"500\" height=\"301\" srcset=\"https:\/\/recherche-action.fr\/ruesmarchandes\/wp-content\/uploads\/sites\/5\/2017\/02\/amelior-2017-1-500x301.jpg 500w, https:\/\/recherche-action.fr\/ruesmarchandes\/wp-content\/uploads\/sites\/5\/2017\/02\/amelior-2017-1-500x301-300x181.jpg 300w, https:\/\/recherche-action.fr\/ruesmarchandes\/wp-content\/uploads\/sites\/5\/2017\/02\/amelior-2017-1-500x301-400x241.jpg 400w\" sizes=\"(max-width: 500px) 100vw, 500px\" \/><\/a><\/p>\n<p>A l\u2019appel de l\u2019<a href=\"http:\/\/globalrec.org\/fr\/\">Alliance Mondiale des R\u00e9cup\u00e9rateurs de \u00ab\u00a0D\u00e9chets\u00a0\u00bb<\/a>, des biffinEs des associations Sauve Qui Peut ( biffinEs de la porte Montmartre) et <a href=\"http:\/\/amelior.canalblog.com\">AMELIOR<\/a> ( biffinEs de Paris, Montreuil, Bagnolet et d\u2019Ile de France), associations de travailleurs excluEs de l\u2019\u00e9conomie circulaire du r\u00e9emploi et du recyclage populaires<\/p>\n<p>Rassemblement sur la Place de l\u2019Hotel de Ville de Paris le mercredi 1er mars 2017 de 8h \u00e0 18h \u00e0 l\u2019occasion de la Journ\u00e9e Mondiale des r\u00e9cup\u00e9rateurs de \u00ab\u00a0d\u00e9chets\u00a0\u00bb<\/p>\n<p>Solidaires de nos camarades des mouvements populaires des recycleurs et r\u00e9cup\u00e9rateurs du monde entier en lutte contre l\u2019exclusion, la pauvret\u00e9 et le r\u00e9chauffement climatique, nous nous rassemblerons pour r\u00e9clamer aux \u00e9luEs du conseil de Paris la reconnaissance de nos m\u00e9tiers et l\u2019arr\u00eat des politiques r\u00e9pressives criminelles et scandaleuses conduites depuis 10 ans \u00e0 Paris<\/p>\n<p>Nous ne sommes pas des d\u00e9linquantEs! Nous sommes des travailleurs!<br \/>\nla pauvret\u00e9 n\u2019est pas un crime! la r\u00e9pression est un scandale !<br \/>\nPour une ville sans excluEs, aucun travailleur sans droit!<\/p>\n<p>Nous r\u00e9clamons :<\/p>\n<ul>\n<li>Le droit au travail pour touTEs les biffinEs.<\/li>\n<li>Une place et un march\u00e9 pour touTEs.<\/li>\n<li>la cr\u00e9ation d\u2019espaces marchands organis\u00e9s d\u00e9di\u00e9s aux biffinEs et \u00e0 leurs acheteurs, soit 6 march\u00e9s de 100 places chacun r\u00e9parties sur 6 arrondissements aux portes de paris, 3 jours par semaine.<\/li>\n<li>10% des places pour les biffinEs sur les vides greniers, brocantes et march\u00e9s alimentaires d\u00e9couverts parisiens.<\/li>\n<li>le soutien aux organisations des biffinEs.<\/li>\n<li>la reconnaissance et le d\u00e9veloppement des m\u00e9tiers verts des biffinEs (collecte tri valorisation r\u00e9paration r\u00e9emploi recyclage vente).<\/li>\n<li>l\u2019octroi de locaux pour les associations de biffinEs!<\/li>\n<li>La prise en compte par les pouvoirs publics dans le droit commun des march\u00e9s biffins actuels et des exp\u00e9rimentations qui les accompagnent.<\/li>\n<li>Pour le d\u00e9veloppement d\u2019une \u00e9conomie populaire et des recherches-actions.<\/li>\n<li>Pour une \u00e9conomie circulaire et populaire qui r\u00e9siste!<\/li>\n<li>Arr\u00eat des confiscations et des destructions des biens de recup\u2019 des biffinEs.<\/li>\n<li>Non aux bennes et \u00e0 l\u2019incin\u00e9ration.<\/li>\n<\/ul>\n","protected":false},"excerpt":{"rendered":"<p>\u00ab\u00a0Le r\u00e9emploi et le recyclage sont entre nos mains!\u00a0\u00bb A l\u2019appel de l\u2019Alliance Mondiale des R\u00e9cup\u00e9rateurs de \u00ab\u00a0D\u00e9chets\u00a0\u00bb, des biffinEs des associations Sauve Qui Peut ( biffinEs de la porte [&hellip;]<\/p>\n","protected":false},"author":1,"featured_media":858,"comment_status":"open","ping_status":"open","sticky":false,"template":"","format":"standard","meta":{"jetpack_post_was_ever_published":false,"footnotes":""},"categories":[1],"tags":[],"class_list":["post-857","post","type-post","status-publish","format-standard","has-post-thumbnail","hentry","category-non-classe"],"jetpack_featured_media_url":"https:\/\/recherche-action.fr\/ruesmarchandes\/wp-content\/uploads\/sites\/5\/2017\/02\/amelior-2017-1-500x301.jpg","jetpack_sharing_enabled":true,"jetpack_shortlink":"https:\/\/wp.me\/p7xknf-dP","post_mailing_queue_ids":[],"_links":{"self":[{"href":"https:\/\/recherche-action.fr\/ruesmarchandes\/wp-json\/wp\/v2\/posts\/857","targetHints":{"allow":["GET"]}}],"collection":[{"href":"https:\/\/recherche-action.fr\/ruesmarchandes\/wp-json\/wp\/v2\/posts"}],"about":[{"href":"https:\/\/recherche-action.fr\/ruesmarchandes\/wp-json\/wp\/v2\/types\/post"}],"author":[{"embeddable":true,"href":"https:\/\/recherche-action.fr\/ruesmarchandes\/wp-json\/wp\/v2\/users\/1"}],"replies":[{"embeddable":true,"href":"https:\/\/recherche-action.fr\/ruesmarchandes\/wp-json\/wp\/v2\/comments?post=857"}],"version-history":[{"count":2,"href":"https:\/\/recherche-action.fr\/ruesmarchandes\/wp-json\/wp\/v2\/posts\/857\/revisions"}],"predecessor-version":[{"id":860,"href":"https:\/\/recherche-action.fr\/ruesmarchandes\/wp-json\/wp\/v2\/posts\/857\/revisions\/860"}],"wp:featuredmedia":[{"embeddable":true,"href":"https:\/\/recherche-action.fr\/ruesmarchandes\/wp-json\/wp\/v2\/media\/858"}],"wp:attachment":[{"href":"https:\/\/recherche-action.fr\/ruesmarchandes\/wp-json\/wp\/v2\/media?parent=857"}],"wp:term":[{"taxonomy":"category","embeddable":true,"href":"https:\/\/recherche-action.fr\/ruesmarchandes\/wp-json\/wp\/v2\/categories?post=857"},{"taxonomy":"post_tag","embeddable":true,"href":"https:\/\/recherche-action.fr\/ruesmarchandes\/wp-json\/wp\/v2\/tags?post=857"}],"curies":[{"name":"wp","href":"https:\/\/api.w.org\/{rel}","templated":true}]}}